{"id":122865,"date":"2016-08-29T11:37:03","date_gmt":"2016-08-29T09:37:03","guid":{"rendered":"http:\/\/hudo.com\/si\/2016\/08\/29\/marjan-podobnik-odletel-iz-sls-zaradi-krsitev-statuta-in-eticnega-kodeksa\/"},"modified":"2016-08-30T16:36:23","modified_gmt":"2016-08-30T14:36:23","slug":"marjan-podobnik-odletel-iz-sls-zaradi-krsitev-statuta-in-eticnega-kodeksa","status":"publish","type":"post","link":"https:\/\/hudo.com\/si\/aktualno\/marjan-podobnik-odletel-iz-sls-zaradi-krsitev-statuta-in-eticnega-kodeksa\/","title":{"rendered":"Marjan Podobnik odletel iz SLS zaradi kr\u0161itev statuta in eti\u010dnega kodeksa"},"content":{"rendered":"<p>Marjan Podobnik ni ve\u010d \u010dlan stranke SLS, saj ga je \u010dastno razsodi\u0161\u010de izklju\u010dilo. Predsednik SLS Marko Zidan\u0161ek dana\u0161njo odlo\u010ditev vidi kot prilo\u017enost za pozicioniranje stranke na desnem politi\u010dnem polu.\u00a0 Kot pravi predsednik Zidan\u0161ek, ima znotraj stranke dovolj podpore, dana\u0161nja\u00a0izklju\u010ditev pa je sporo\u010dilo\u00a0\u010dlanov, &#8220;naj se ne gredo zakulisnih igric.&#8221; \u00a0Zdaj je po njegovem napo\u010dil \u010das, da<\/p>\n","protected":false},"excerpt":{"rendered":"<p>Marjan Podobnik ni ve\u010d \u010dlan stranke SLS, saj ga je \u010dastno razsodi\u0161\u010de izklju\u010dilo. Predsednik SLS Marko Zidan\u0161ek dana\u0161njo odlo\u010ditev vidi kot prilo\u017enost za pozicioniranje stranke na desnem politi\u010dnem polu.\u00a0 Kot pravi predsednik Zidan\u0161ek, ima znotraj stranke dovolj podpore, dana\u0161nja\u00a0izklju\u010ditev pa je sporo\u010dilo\u00a0\u010dlanov, &#8220;naj se ne gredo zakulisnih igric.&#8221; \u00a0Zdaj je po njegovem napo\u010dil \u010das, da<\/p>\n","protected":false},"author":1,"featured_media":0,"comment_status":"closed","ping_status":"closed","sticky":false,"template":"","format":"standard","meta":{"footnotes":""},"categories":[1179],"tags":[],"source":[1710],"supertag":[],"acf":[],"yoast_head":"<!-- This site is optimized with the Yoast SEO plugin v21.3 - https:\/\/yoast.com\/wordpress\/plugins\/seo\/ -->\n<title>Marjan Podobnik odletel iz SLS zaradi kr\u0161itev statuta in eti\u010dnega kodeksa - Hudo Slovenija<\/title>\n<meta name=\"robots\" content=\"index, follow, max-snippet:-1, max-image-preview:large, max-video-preview:-1\" \/>\n<link rel=\"canonical\" href=\"https:\/\/hudo.com\/si\/aktualno\/marjan-podobnik-odletel-iz-sls-zaradi-krsitev-statuta-in-eticnega-kodeksa\/\" \/>\n<meta property=\"og:locale\" content=\"sl_SI\" \/>\n<meta property=\"og:type\" content=\"article\" \/>\n<meta property=\"og:title\" content=\"Marjan Podobnik odletel iz SLS zaradi kr\u0161itev statuta in eti\u010dnega kodeksa - Hudo Slovenija\" \/>\n<meta property=\"og:description\" content=\"Marjan Podobnik ni ve\u010d \u010dlan stranke SLS, saj ga je \u010dastno razsodi\u0161\u010de izklju\u010dilo. Predsednik SLS Marko Zidan\u0161ek dana\u0161njo odlo\u010ditev vidi kot prilo\u017enost za pozicioniranje stranke na desnem politi\u010dnem polu.\u00a0 Kot pravi predsednik Zidan\u0161ek, ima znotraj stranke dovolj podpore, dana\u0161nja\u00a0izklju\u010ditev pa je sporo\u010dilo\u00a0\u010dlanov, &#8220;naj se ne gredo zakulisnih igric.&#8221; \u00a0Zdaj je po njegovem napo\u010dil \u010das, da\" \/>\n<meta property=\"og:url\" content=\"https:\/\/hudo.com\/si\/aktualno\/marjan-podobnik-odletel-iz-sls-zaradi-krsitev-statuta-in-eticnega-kodeksa\/\" \/>\n<meta property=\"og:site_name\" content=\"Hudo Slovenija\" \/>\n<meta property=\"article:publisher\" content=\"https:\/\/www.facebook.com\/hudo.si\" \/>\n<meta property=\"article:published_time\" content=\"2016-08-29T09:37:03+00:00\" \/>\n<meta property=\"article:modified_time\" content=\"2016-08-30T14:36:23+00:00\" \/>\n<meta property=\"og:image\" content=\"https:\/\/hudo.com\/si\/wp-content\/uploads\/sites\/2\/2016\/08\/marjan-podobnik-zidanska-sem-samo-malce-pobozal-01-1.jpg\" \/>\n\t<meta property=\"og:image:width\" content=\"1170\" \/>\n\t<meta property=\"og:image:height\" content=\"939\" \/>\n\t<meta property=\"og:image:type\" content=\"image\/jpeg\" \/>\n<meta name=\"author\" content=\"hudo\" \/>\n<meta name=\"twitter:card\" content=\"summary_large_image\" \/>\n<meta name=\"twitter:creator\" content=\"@hudo_si\" \/>\n<meta name=\"twitter:site\" content=\"@hudo_si\" \/>\n<meta name=\"twitter:label1\" content=\"Written by\" \/>\n\t<meta name=\"twitter:data1\" content=\"hudo\" \/>\n<script type=\"application\/ld+json\" class=\"yoast-schema-graph\">{\"@context\":\"https:\/\/schema.org\",\"@graph\":[{\"@type\":\"Article\",\"@id\":\"https:\/\/hudo.com\/si\/aktualno\/marjan-podobnik-odletel-iz-sls-zaradi-krsitev-statuta-in-eticnega-kodeksa\/#article\",\"isPartOf\":{\"@id\":\"https:\/\/hudo.com\/si\/aktualno\/marjan-podobnik-odletel-iz-sls-zaradi-krsitev-statuta-in-eticnega-kodeksa\/\"},\"author\":{\"name\":\"hudo\",\"@id\":\"https:\/\/hudo.com\/si\/#\/schema\/person\/601cf3379633985b20f7e50f2bb47707\"},\"headline\":\"Marjan Podobnik odletel iz SLS zaradi kr\u0161itev statuta in eti\u010dnega kodeksa\",\"datePublished\":\"2016-08-29T09:37:03+00:00\",\"dateModified\":\"2016-08-30T14:36:23+00:00\",\"mainEntityOfPage\":{\"@id\":\"https:\/\/hudo.com\/si\/aktualno\/marjan-podobnik-odletel-iz-sls-zaradi-krsitev-statuta-in-eticnega-kodeksa\/\"},\"wordCount\":82,\"publisher\":{\"@id\":\"https:\/\/hudo.com\/si\/#organization\"},\"articleSection\":[\"Aktualno\"],\"inLanguage\":\"sl-SI\"},{\"@type\":\"WebPage\",\"@id\":\"https:\/\/hudo.com\/si\/aktualno\/marjan-podobnik-odletel-iz-sls-zaradi-krsitev-statuta-in-eticnega-kodeksa\/\",\"url\":\"https:\/\/hudo.com\/si\/aktualno\/marjan-podobnik-odletel-iz-sls-zaradi-krsitev-statuta-in-eticnega-kodeksa\/\",\"name\":\"Marjan Podobnik odletel iz SLS zaradi kr\u0161itev statuta in eti\u010dnega kodeksa - Hudo Slovenija\",\"isPartOf\":{\"@id\":\"https:\/\/hudo.com\/si\/#website\"},\"datePublished\":\"2016-08-29T09:37:03+00:00\",\"dateModified\":\"2016-08-30T14:36:23+00:00\",\"breadcrumb\":{\"@id\":\"https:\/\/hudo.com\/si\/aktualno\/marjan-podobnik-odletel-iz-sls-zaradi-krsitev-statuta-in-eticnega-kodeksa\/#breadcrumb\"},\"inLanguage\":\"sl-SI\",\"potentialAction\":[{\"@type\":\"ReadAction\",\"target\":[\"https:\/\/hudo.com\/si\/aktualno\/marjan-podobnik-odletel-iz-sls-zaradi-krsitev-statuta-in-eticnega-kodeksa\/\"]}]},{\"@type\":\"BreadcrumbList\",\"@id\":\"https:\/\/hudo.com\/si\/aktualno\/marjan-podobnik-odletel-iz-sls-zaradi-krsitev-statuta-in-eticnega-kodeksa\/#breadcrumb\",\"itemListElement\":[{\"@type\":\"ListItem\",\"position\":1,\"name\":\"Home\",\"item\":\"https:\/\/hudo.com\/si\/\"},{\"@type\":\"ListItem\",\"position\":2,\"name\":\"Marjan Podobnik odletel iz SLS zaradi kr\u0161itev statuta in eti\u010dnega kodeksa\"}]},{\"@type\":\"WebSite\",\"@id\":\"https:\/\/hudo.com\/si\/#website\",\"url\":\"https:\/\/hudo.com\/si\/\",\"name\":\"Hudo Slovenija\",\"description\":\"Vse novice iz Slovenije in sveta\",\"publisher\":{\"@id\":\"https:\/\/hudo.com\/si\/#organization\"},\"potentialAction\":[{\"@type\":\"SearchAction\",\"target\":{\"@type\":\"EntryPoint\",\"urlTemplate\":\"https:\/\/hudo.com\/si\/?s={search_term_string}\"},\"query-input\":\"required name=search_term_string\"}],\"inLanguage\":\"sl-SI\"},{\"@type\":\"Organization\",\"@id\":\"https:\/\/hudo.com\/si\/#organization\",\"name\":\"VSN Media\",\"url\":\"https:\/\/hudo.com\/si\/\",\"logo\":{\"@type\":\"ImageObject\",\"inLanguage\":\"sl-SI\",\"@id\":\"https:\/\/hudo.com\/si\/#\/schema\/logo\/image\/\",\"url\":\"https:\/\/hudo.com\/si\/wp-content\/uploads\/sites\/2\/2021\/03\/hudo-app-2.png\",\"contentUrl\":\"https:\/\/hudo.com\/si\/wp-content\/uploads\/sites\/2\/2021\/03\/hudo-app-2.png\",\"width\":2185,\"height\":2167,\"caption\":\"VSN Media\"},\"image\":{\"@id\":\"https:\/\/hudo.com\/si\/#\/schema\/logo\/image\/\"},\"sameAs\":[\"https:\/\/www.facebook.com\/hudo.si\",\"https:\/\/twitter.com\/hudo_si\"]},{\"@type\":\"Person\",\"@id\":\"https:\/\/hudo.com\/si\/#\/schema\/person\/601cf3379633985b20f7e50f2bb47707\",\"name\":\"hudo\",\"image\":{\"@type\":\"ImageObject\",\"inLanguage\":\"sl-SI\",\"@id\":\"https:\/\/hudo.com\/si\/#\/schema\/person\/image\/\",\"url\":\"https:\/\/secure.gravatar.com\/avatar\/c4ca25fa72cace7a696b52ff5db9e095?s=96&d=mm&r=g\",\"contentUrl\":\"https:\/\/secure.gravatar.com\/avatar\/c4ca25fa72cace7a696b52ff5db9e095?s=96&d=mm&r=g\",\"caption\":\"hudo\"},\"url\":\"https:\/\/hudo.com\/si\/author\/hudo\/\"}]}<\/script>\n<!-- \/ Yoast SEO plugin. -->","yoast_head_json":{"title":"Marjan Podobnik odletel iz SLS zaradi kr\u0161itev statuta in eti\u010dnega kodeksa - Hudo Slovenija","robots":{"index":"index","follow":"follow","max-snippet":"max-snippet:-1","max-image-preview":"max-image-preview:large","max-video-preview":"max-video-preview:-1"},"canonical":"https:\/\/hudo.com\/si\/aktualno\/marjan-podobnik-odletel-iz-sls-zaradi-krsitev-statuta-in-eticnega-kodeksa\/","og_locale":"sl_SI","og_type":"article","og_title":"Marjan Podobnik odletel iz SLS zaradi kr\u0161itev statuta in eti\u010dnega kodeksa - Hudo Slovenija","og_description":"Marjan Podobnik ni ve\u010d \u010dlan stranke SLS, saj ga je \u010dastno razsodi\u0161\u010de izklju\u010dilo. Predsednik SLS Marko Zidan\u0161ek dana\u0161njo odlo\u010ditev vidi kot prilo\u017enost za pozicioniranje stranke na desnem politi\u010dnem polu.\u00a0 Kot pravi predsednik Zidan\u0161ek, ima znotraj stranke dovolj podpore, dana\u0161nja\u00a0izklju\u010ditev pa je sporo\u010dilo\u00a0\u010dlanov, &#8220;naj se ne gredo zakulisnih igric.&#8221; \u00a0Zdaj je po njegovem napo\u010dil \u010das, da","og_url":"https:\/\/hudo.com\/si\/aktualno\/marjan-podobnik-odletel-iz-sls-zaradi-krsitev-statuta-in-eticnega-kodeksa\/","og_site_name":"Hudo Slovenija","article_publisher":"https:\/\/www.facebook.com\/hudo.si","article_published_time":"2016-08-29T09:37:03+00:00","article_modified_time":"2016-08-30T14:36:23+00:00","og_image":[{"width":1170,"height":939,"url":"https:\/\/hudo.com\/si\/wp-content\/uploads\/sites\/2\/2016\/08\/marjan-podobnik-zidanska-sem-samo-malce-pobozal-01-1.jpg","type":"image\/jpeg"}],"author":"hudo","twitter_card":"summary_large_image","twitter_creator":"@hudo_si","twitter_site":"@hudo_si","twitter_misc":{"Written by":"hudo"},"schema":{"@context":"https:\/\/schema.org","@graph":[{"@type":"Article","@id":"https:\/\/hudo.com\/si\/aktualno\/marjan-podobnik-odletel-iz-sls-zaradi-krsitev-statuta-in-eticnega-kodeksa\/#article","isPartOf":{"@id":"https:\/\/hudo.com\/si\/aktualno\/marjan-podobnik-odletel-iz-sls-zaradi-krsitev-statuta-in-eticnega-kodeksa\/"},"author":{"name":"hudo","@id":"https:\/\/hudo.com\/si\/#\/schema\/person\/601cf3379633985b20f7e50f2bb47707"},"headline":"Marjan Podobnik odletel iz SLS zaradi kr\u0161itev statuta in eti\u010dnega kodeksa","datePublished":"2016-08-29T09:37:03+00:00","dateModified":"2016-08-30T14:36:23+00:00","mainEntityOfPage":{"@id":"https:\/\/hudo.com\/si\/aktualno\/marjan-podobnik-odletel-iz-sls-zaradi-krsitev-statuta-in-eticnega-kodeksa\/"},"wordCount":82,"publisher":{"@id":"https:\/\/hudo.com\/si\/#organization"},"articleSection":["Aktualno"],"inLanguage":"sl-SI"},{"@type":"WebPage","@id":"https:\/\/hudo.com\/si\/aktualno\/marjan-podobnik-odletel-iz-sls-zaradi-krsitev-statuta-in-eticnega-kodeksa\/","url":"https:\/\/hudo.com\/si\/aktualno\/marjan-podobnik-odletel-iz-sls-zaradi-krsitev-statuta-in-eticnega-kodeksa\/","name":"Marjan Podobnik odletel iz SLS zaradi kr\u0161itev statuta in eti\u010dnega kodeksa - Hudo Slovenija","isPartOf":{"@id":"https:\/\/hudo.com\/si\/#website"},"datePublished":"2016-08-29T09:37:03+00:00","dateModified":"2016-08-30T14:36:23+00:00","breadcrumb":{"@id":"https:\/\/hudo.com\/si\/aktualno\/marjan-podobnik-odletel-iz-sls-zaradi-krsitev-statuta-in-eticnega-kodeksa\/#breadcrumb"},"inLanguage":"sl-SI","potentialAction":[{"@type":"ReadAction","target":["https:\/\/hudo.com\/si\/aktualno\/marjan-podobnik-odletel-iz-sls-zaradi-krsitev-statuta-in-eticnega-kodeksa\/"]}]},{"@type":"BreadcrumbList","@id":"https:\/\/hudo.com\/si\/aktualno\/marjan-podobnik-odletel-iz-sls-zaradi-krsitev-statuta-in-eticnega-kodeksa\/#breadcrumb","itemListElement":[{"@type":"ListItem","position":1,"name":"Home","item":"https:\/\/hudo.com\/si\/"},{"@type":"ListItem","position":2,"name":"Marjan Podobnik odletel iz SLS zaradi kr\u0161itev statuta in eti\u010dnega kodeksa"}]},{"@type":"WebSite","@id":"https:\/\/hudo.com\/si\/#website","url":"https:\/\/hudo.com\/si\/","name":"Hudo Slovenija","description":"Vse novice iz Slovenije in sveta","publisher":{"@id":"https:\/\/hudo.com\/si\/#organization"},"potentialAction":[{"@type":"SearchAction","target":{"@type":"EntryPoint","urlTemplate":"https:\/\/hudo.com\/si\/?s={search_term_string}"},"query-input":"required name=search_term_string"}],"inLanguage":"sl-SI"},{"@type":"Organization","@id":"https:\/\/hudo.com\/si\/#organization","name":"VSN Media","url":"https:\/\/hudo.com\/si\/","logo":{"@type":"ImageObject","inLanguage":"sl-SI","@id":"https:\/\/hudo.com\/si\/#\/schema\/logo\/image\/","url":"https:\/\/hudo.com\/si\/wp-content\/uploads\/sites\/2\/2021\/03\/hudo-app-2.png","contentUrl":"https:\/\/hudo.com\/si\/wp-content\/uploads\/sites\/2\/2021\/03\/hudo-app-2.png","width":2185,"height":2167,"caption":"VSN Media"},"image":{"@id":"https:\/\/hudo.com\/si\/#\/schema\/logo\/image\/"},"sameAs":["https:\/\/www.facebook.com\/hudo.si","https:\/\/twitter.com\/hudo_si"]},{"@type":"Person","@id":"https:\/\/hudo.com\/si\/#\/schema\/person\/601cf3379633985b20f7e50f2bb47707","name":"hudo","image":{"@type":"ImageObject","inLanguage":"sl-SI","@id":"https:\/\/hudo.com\/si\/#\/schema\/person\/image\/","url":"https:\/\/secure.gravatar.com\/avatar\/c4ca25fa72cace7a696b52ff5db9e095?s=96&d=mm&r=g","contentUrl":"https:\/\/secure.gravatar.com\/avatar\/c4ca25fa72cace7a696b52ff5db9e095?s=96&d=mm&r=g","caption":"hudo"},"url":"https:\/\/hudo.com\/si\/author\/hudo\/"}]}},"amp_enabled":true,"_links":{"self":[{"href":"https:\/\/hudo.com\/si\/wp-json\/wp\/v2\/posts\/122865"}],"collection":[{"href":"https:\/\/hudo.com\/si\/wp-json\/wp\/v2\/posts"}],"about":[{"href":"https:\/\/hudo.com\/si\/wp-json\/wp\/v2\/types\/post"}],"author":[{"embeddable":true,"href":"https:\/\/hudo.com\/si\/wp-json\/wp\/v2\/users\/1"}],"replies":[{"embeddable":true,"href":"https:\/\/hudo.com\/si\/wp-json\/wp\/v2\/comments?post=122865"}],"version-history":[{"count":1,"href":"https:\/\/hudo.com\/si\/wp-json\/wp\/v2\/posts\/122865\/revisions"}],"predecessor-version":[{"id":123168,"href":"https:\/\/hudo.com\/si\/wp-json\/wp\/v2\/posts\/122865\/revisions\/123168"}],"wp:attachment":[{"href":"https:\/\/hudo.com\/si\/wp-json\/wp\/v2\/media?parent=122865"}],"wp:term":[{"taxonomy":"category","embeddable":true,"href":"https:\/\/hudo.com\/si\/wp-json\/wp\/v2\/categories?post=122865"},{"taxonomy":"post_tag","embeddable":true,"href":"https:\/\/hudo.com\/si\/wp-json\/wp\/v2\/tags?post=122865"},{"taxonomy":"source","embeddable":true,"href":"https:\/\/hudo.com\/si\/wp-json\/wp\/v2\/source?post=122865"},{"taxonomy":"supertag","embeddable":true,"href":"https:\/\/hudo.com\/si\/wp-json\/wp\/v2\/supertag?post=122865"}],"curies":[{"name":"wp","href":"https:\/\/api.w.org\/{rel}","templated":true}]}}