{"id":123863,"date":"2016-08-31T10:30:00","date_gmt":"2016-08-31T08:30:00","guid":{"rendered":"http:\/\/hudo.com\/si\/2016\/08\/31\/nsi-bo-verjetno-uspelo-zbrati-podpise-pod-interpelacijo-kolar-celarceve\/"},"modified":"2016-09-01T09:26:31","modified_gmt":"2016-09-01T07:26:31","slug":"nsi-bo-verjetno-uspelo-zbrati-podpise-pod-interpelacijo-kolar-celarceve","status":"publish","type":"post","link":"https:\/\/hudo.com\/si\/aktualno\/nsi-bo-verjetno-uspelo-zbrati-podpise-pod-interpelacijo-kolar-celarceve\/","title":{"rendered":"NSi bo verjetno uspelo zbrati podpise pod interpelacijo Kolar Celar\u010deve"},"content":{"rendered":"<p>Odzivi opozicije ka\u017eejo na to, da bo poslancem NSi uspelo zbrati potrebnih 10 poslanskih podpisov pod interpelacijo zoper ministrico za zdravje Milojko Kolar Celarc. Doslej so podpise pod interpelacijo napovedali nekateri nepovezani poslanci, vendar pa so do njenega dela kriti\u010dni tudi v nekaterih drugih poslanskih skupinah, celo koalicijskih. Predlog besedila interpelacije o delu ministrice za zdravje v NSi \u017ee pripravljajo in ga bodo v kratkem poslali poslanskim skupinam s povabilom k podpori. V NSi so prepri\u010dani, da bodo zbrali potrebnih 10 podpisov za vlo\u017eitev interpelacije. Kot so pojasnili za STA, bodo interpelacijo vlo\u017eili v za\u010detku prihodnjega tedna, kon\u010dno besedilo pa bodo pred tem uskladili s podpisniki. Poslanec NSi Jernej Vrtovec je v torek za POP TV ponovil oceno, da je stanje v slovenskem zdravstvenem sistemu izredno kriti\u010dno. Ministrica po njegovih besedah v dveh letih svojega mandata ni spreminjala stvari in zato so se v NSi odlo\u010dili za interpelacijo. &#8220;\u010cakalne vrste se v njenem mandatu ne skraj\u0161ujejo, ampak se podalj\u0161ujejo in ljudje zaradi tega izgubljajo potrpljenje,&#8221; je dejal poudaril Vrtovec. Med razlogi za interpelacijo pa je navedel tudi pomanjkanje dialoga s socialnimi partnerji in drugimi dele\u017eniki. Zelo so do ministri\u010dinega dela kriti\u010dni tudi v SDS. Kot je za STA povedal predstavnik stranke za stike z javnostjo Miro Petek, so pri\u010dakovali in \u0161e vedno pri\u010dakujejo, da bo odstopila sama oz. da jo bo odstavil premier Miro Cerar. V tem \u010dasu je bilo po njihovi oceni z njene strani in s strani njenega ministrstva narejenih toliko napak, da je nezadovoljna vsa strokovna javnost, pa tudi sindikati ter dr\u017eavljanke in dr\u017eavljani. Ali bodo prispevali podpise pod interpelacijo, Petek \u0161e ni razkril, je pa namignil, da se bo v naslednjem tednu na seji se\u0161la poslanska skupina. Da bosta prispevala podpise pod interpelacijo, sta poleg poslancev NSi doslej zatrdila \u0161e nepovezani poslanec Andrej \u010cu\u0161 in vodja poslanske skupine nepovezanih poslancev Bojan Dobov\u0161ek. P<\/p>\n","protected":false},"excerpt":{"rendered":"<p>Odzivi opozicije ka\u017eejo na to, da bo poslancem NSi uspelo zbrati potrebnih 10 poslanskih podpisov pod interpelacijo zoper ministrico za zdravje Milojko Kolar Celarc. Doslej so podpise pod interpelacijo napovedali nekateri nepovezani poslanci, vendar pa so do njenega dela kriti\u010dni tudi v nekaterih drugih poslanskih skupinah, celo koalicijskih. Predlog besedila interpelacije o delu ministrice za zdravje v NSi \u017ee pripravljajo in ga bodo v kratkem poslali poslanskim skupinam s povabilom k podpori. V NSi so prepri\u010dani, da bodo zbrali potrebnih 10 podpisov za vlo\u017eitev interpelacije. Kot so pojasnili za STA, bodo interpelacijo vlo\u017eili v za\u010detku prihodnjega tedna, kon\u010dno besedilo pa bodo pred tem uskladili s podpisniki. Poslanec NSi Jernej Vrtovec je v torek za POP TV ponovil oceno, da je stanje v slovenskem zdravstvenem sistemu izredno kriti\u010dno. Ministrica po njegovih besedah v dveh letih svojega mandata ni spreminjala stvari in zato so se v NSi odlo\u010dili za interpelacijo. &#8220;\u010cakalne vrste se v njenem mandatu ne skraj\u0161ujejo, ampak se podalj\u0161ujejo in ljudje zaradi tega izgubljajo potrpljenje,&#8221; je dejal poudaril Vrtovec. Med razlogi za interpelacijo pa je navedel tudi pomanjkanje dialoga s socialnimi partnerji in drugimi dele\u017eniki. Zelo so do ministri\u010dinega dela kriti\u010dni tudi v SDS. Kot je za STA povedal predstavnik stranke za stike z javnostjo Miro Petek, so pri\u010dakovali in \u0161e vedno pri\u010dakujejo, da bo odstopila sama oz. da jo bo odstavil premier Miro Cerar. V tem \u010dasu je bilo po njihovi oceni z njene strani in s strani njenega ministrstva narejenih toliko napak, da je nezadovoljna vsa strokovna javnost, pa tudi sindikati ter dr\u017eavljanke in dr\u017eavljani. Ali bodo prispevali podpise pod interpelacijo, Petek \u0161e ni razkril, je pa namignil, da se bo v naslednjem tednu na seji se\u0161la poslanska skupina. Da bosta prispevala podpise pod interpelacijo, sta poleg poslancev NSi doslej zatrdila \u0161e nepovezani poslanec Andrej \u010cu\u0161 in vodja poslanske skupine nepovezanih poslancev Bojan Dobov\u0161ek. P<\/p>\n","protected":false},"author":1,"featured_media":0,"comment_status":"closed","ping_status":"closed","sticky":false,"template":"","format":"standard","meta":{"footnotes":""},"categories":[1179],"tags":[],"source":[1711],"supertag":[],"acf":[],"yoast_head":"<!-- This site is optimized with the Yoast SEO plugin v21.3 - https:\/\/yoast.com\/wordpress\/plugins\/seo\/ -->\n<title>NSi bo verjetno uspelo zbrati podpise pod interpelacijo Kolar Celar\u010deve - Hudo Slovenija<\/title>\n<meta name=\"robots\" content=\"index, follow, max-snippet:-1, max-image-preview:large, max-video-preview:-1\" \/>\n<link rel=\"canonical\" href=\"https:\/\/hudo.com\/si\/aktualno\/nsi-bo-verjetno-uspelo-zbrati-podpise-pod-interpelacijo-kolar-celarceve\/\" \/>\n<meta property=\"og:locale\" content=\"sl_SI\" \/>\n<meta property=\"og:type\" content=\"article\" \/>\n<meta property=\"og:title\" content=\"NSi bo verjetno uspelo zbrati podpise pod interpelacijo Kolar Celar\u010deve - Hudo Slovenija\" \/>\n<meta property=\"og:description\" content=\"Odzivi opozicije ka\u017eejo na to, da bo poslancem NSi uspelo zbrati potrebnih 10 poslanskih podpisov pod interpelacijo zoper ministrico za zdravje Milojko Kolar Celarc. Doslej so podpise pod interpelacijo napovedali nekateri nepovezani poslanci, vendar pa so do njenega dela kriti\u010dni tudi v nekaterih drugih poslanskih skupinah, celo koalicijskih. Predlog besedila interpelacije o delu ministrice za zdravje v NSi \u017ee pripravljajo in ga bodo v kratkem poslali poslanskim skupinam s povabilom k podpori. V NSi so prepri\u010dani, da bodo zbrali potrebnih 10 podpisov za vlo\u017eitev interpelacije. Kot so pojasnili za STA, bodo interpelacijo vlo\u017eili v za\u010detku prihodnjega tedna, kon\u010dno besedilo pa bodo pred tem uskladili s podpisniki. Poslanec NSi Jernej Vrtovec je v torek za POP TV ponovil oceno, da je stanje v slovenskem zdravstvenem sistemu izredno kriti\u010dno. Ministrica po njegovih besedah v dveh letih svojega mandata ni spreminjala stvari in zato so se v NSi odlo\u010dili za interpelacijo. &quot;\u010cakalne vrste se v njenem mandatu ne skraj\u0161ujejo, ampak se podalj\u0161ujejo in ljudje zaradi tega izgubljajo potrpljenje,&quot; je dejal poudaril Vrtovec. Med razlogi za interpelacijo pa je navedel tudi pomanjkanje dialoga s socialnimi partnerji in drugimi dele\u017eniki. Zelo so do ministri\u010dinega dela kriti\u010dni tudi v SDS. Kot je za STA povedal predstavnik stranke za stike z javnostjo Miro Petek, so pri\u010dakovali in \u0161e vedno pri\u010dakujejo, da bo odstopila sama oz. da jo bo odstavil premier Miro Cerar. V tem \u010dasu je bilo po njihovi oceni z njene strani in s strani njenega ministrstva narejenih toliko napak, da je nezadovoljna vsa strokovna javnost, pa tudi sindikati ter dr\u017eavljanke in dr\u017eavljani. Ali bodo prispevali podpise pod interpelacijo, Petek \u0161e ni razkril, je pa namignil, da se bo v naslednjem tednu na seji se\u0161la poslanska skupina. Da bosta prispevala podpise pod interpelacijo, sta poleg poslancev NSi doslej zatrdila \u0161e nepovezani poslanec Andrej \u010cu\u0161 in vodja poslanske skupine nepovezanih poslancev Bojan Dobov\u0161ek. P\" \/>\n<meta property=\"og:url\" content=\"https:\/\/hudo.com\/si\/aktualno\/nsi-bo-verjetno-uspelo-zbrati-podpise-pod-interpelacijo-kolar-celarceve\/\" \/>\n<meta property=\"og:site_name\" content=\"Hudo Slovenija\" \/>\n<meta property=\"article:publisher\" content=\"https:\/\/www.facebook.com\/hudo.si\" \/>\n<meta property=\"article:published_time\" content=\"2016-08-31T08:30:00+00:00\" \/>\n<meta property=\"article:modified_time\" content=\"2016-09-01T07:26:31+00:00\" \/>\n<meta property=\"og:image\" content=\"https:\/\/hudo.com\/si\/wp-content\/uploads\/sites\/2\/2016\/08\/0823M149-300-2.jpg\" \/>\n\t<meta property=\"og:image:width\" content=\"450\" \/>\n\t<meta property=\"og:image:height\" content=\"590\" \/>\n\t<meta property=\"og:image:type\" content=\"image\/jpeg\" \/>\n<meta name=\"author\" content=\"hudo\" \/>\n<meta name=\"twitter:card\" content=\"summary_large_image\" \/>\n<meta name=\"twitter:creator\" content=\"@hudo_si\" \/>\n<meta name=\"twitter:site\" content=\"@hudo_si\" \/>\n<meta name=\"twitter:label1\" content=\"Written by\" \/>\n\t<meta name=\"twitter:data1\" content=\"hudo\" \/>\n\t<meta name=\"twitter:label2\" content=\"Est. reading time\" \/>\n\t<meta name=\"twitter:data2\" content=\"2 minuti\" \/>\n<script type=\"application\/ld+json\" class=\"yoast-schema-graph\">{\"@context\":\"https:\/\/schema.org\",\"@graph\":[{\"@type\":\"Article\",\"@id\":\"https:\/\/hudo.com\/si\/aktualno\/nsi-bo-verjetno-uspelo-zbrati-podpise-pod-interpelacijo-kolar-celarceve\/#article\",\"isPartOf\":{\"@id\":\"https:\/\/hudo.com\/si\/aktualno\/nsi-bo-verjetno-uspelo-zbrati-podpise-pod-interpelacijo-kolar-celarceve\/\"},\"author\":{\"name\":\"hudo\",\"@id\":\"https:\/\/hudo.com\/si\/#\/schema\/person\/601cf3379633985b20f7e50f2bb47707\"},\"headline\":\"NSi bo verjetno uspelo zbrati podpise pod interpelacijo Kolar Celar\u010deve\",\"datePublished\":\"2016-08-31T08:30:00+00:00\",\"dateModified\":\"2016-09-01T07:26:31+00:00\",\"mainEntityOfPage\":{\"@id\":\"https:\/\/hudo.com\/si\/aktualno\/nsi-bo-verjetno-uspelo-zbrati-podpise-pod-interpelacijo-kolar-celarceve\/\"},\"wordCount\":336,\"publisher\":{\"@id\":\"https:\/\/hudo.com\/si\/#organization\"},\"articleSection\":[\"Aktualno\"],\"inLanguage\":\"sl-SI\"},{\"@type\":\"WebPage\",\"@id\":\"https:\/\/hudo.com\/si\/aktualno\/nsi-bo-verjetno-uspelo-zbrati-podpise-pod-interpelacijo-kolar-celarceve\/\",\"url\":\"https:\/\/hudo.com\/si\/aktualno\/nsi-bo-verjetno-uspelo-zbrati-podpise-pod-interpelacijo-kolar-celarceve\/\",\"name\":\"NSi bo verjetno uspelo zbrati podpise pod interpelacijo Kolar Celar\u010deve - Hudo Slovenija\",\"isPartOf\":{\"@id\":\"https:\/\/hudo.com\/si\/#website\"},\"datePublished\":\"2016-08-31T08:30:00+00:00\",\"dateModified\":\"2016-09-01T07:26:31+00:00\",\"breadcrumb\":{\"@id\":\"https:\/\/hudo.com\/si\/aktualno\/nsi-bo-verjetno-uspelo-zbrati-podpise-pod-interpelacijo-kolar-celarceve\/#breadcrumb\"},\"inLanguage\":\"sl-SI\",\"potentialAction\":[{\"@type\":\"ReadAction\",\"target\":[\"https:\/\/hudo.com\/si\/aktualno\/nsi-bo-verjetno-uspelo-zbrati-podpise-pod-interpelacijo-kolar-celarceve\/\"]}]},{\"@type\":\"BreadcrumbList\",\"@id\":\"https:\/\/hudo.com\/si\/aktualno\/nsi-bo-verjetno-uspelo-zbrati-podpise-pod-interpelacijo-kolar-celarceve\/#breadcrumb\",\"itemListElement\":[{\"@type\":\"ListItem\",\"position\":1,\"name\":\"Home\",\"item\":\"https:\/\/hudo.com\/si\/\"},{\"@type\":\"ListItem\",\"position\":2,\"name\":\"NSi bo verjetno uspelo zbrati podpise pod interpelacijo Kolar Celar\u010deve\"}]},{\"@type\":\"WebSite\",\"@id\":\"https:\/\/hudo.com\/si\/#website\",\"url\":\"https:\/\/hudo.com\/si\/\",\"name\":\"Hudo Slovenija\",\"description\":\"Vse novice iz Slovenije in sveta\",\"publisher\":{\"@id\":\"https:\/\/hudo.com\/si\/#organization\"},\"potentialAction\":[{\"@type\":\"SearchAction\",\"target\":{\"@type\":\"EntryPoint\",\"urlTemplate\":\"https:\/\/hudo.com\/si\/?s={search_term_string}\"},\"query-input\":\"required name=search_term_string\"}],\"inLanguage\":\"sl-SI\"},{\"@type\":\"Organization\",\"@id\":\"https:\/\/hudo.com\/si\/#organization\",\"name\":\"VSN Media\",\"url\":\"https:\/\/hudo.com\/si\/\",\"logo\":{\"@type\":\"ImageObject\",\"inLanguage\":\"sl-SI\",\"@id\":\"https:\/\/hudo.com\/si\/#\/schema\/logo\/image\/\",\"url\":\"https:\/\/hudo.com\/si\/wp-content\/uploads\/sites\/2\/2021\/03\/hudo-app-2.png\",\"contentUrl\":\"https:\/\/hudo.com\/si\/wp-content\/uploads\/sites\/2\/2021\/03\/hudo-app-2.png\",\"width\":2185,\"height\":2167,\"caption\":\"VSN Media\"},\"image\":{\"@id\":\"https:\/\/hudo.com\/si\/#\/schema\/logo\/image\/\"},\"sameAs\":[\"https:\/\/www.facebook.com\/hudo.si\",\"https:\/\/twitter.com\/hudo_si\"]},{\"@type\":\"Person\",\"@id\":\"https:\/\/hudo.com\/si\/#\/schema\/person\/601cf3379633985b20f7e50f2bb47707\",\"name\":\"hudo\",\"image\":{\"@type\":\"ImageObject\",\"inLanguage\":\"sl-SI\",\"@id\":\"https:\/\/hudo.com\/si\/#\/schema\/person\/image\/\",\"url\":\"https:\/\/secure.gravatar.com\/avatar\/c4ca25fa72cace7a696b52ff5db9e095?s=96&d=mm&r=g\",\"contentUrl\":\"https:\/\/secure.gravatar.com\/avatar\/c4ca25fa72cace7a696b52ff5db9e095?s=96&d=mm&r=g\",\"caption\":\"hudo\"},\"url\":\"https:\/\/hudo.com\/si\/author\/hudo\/\"}]}<\/script>\n<!-- \/ Yoast SEO plugin. -->","yoast_head_json":{"title":"NSi bo verjetno uspelo zbrati podpise pod interpelacijo Kolar Celar\u010deve - Hudo Slovenija","robots":{"index":"index","follow":"follow","max-snippet":"max-snippet:-1","max-image-preview":"max-image-preview:large","max-video-preview":"max-video-preview:-1"},"canonical":"https:\/\/hudo.com\/si\/aktualno\/nsi-bo-verjetno-uspelo-zbrati-podpise-pod-interpelacijo-kolar-celarceve\/","og_locale":"sl_SI","og_type":"article","og_title":"NSi bo verjetno uspelo zbrati podpise pod interpelacijo Kolar Celar\u010deve - Hudo Slovenija","og_description":"Odzivi opozicije ka\u017eejo na to, da bo poslancem NSi uspelo zbrati potrebnih 10 poslanskih podpisov pod interpelacijo zoper ministrico za zdravje Milojko Kolar Celarc. Doslej so podpise pod interpelacijo napovedali nekateri nepovezani poslanci, vendar pa so do njenega dela kriti\u010dni tudi v nekaterih drugih poslanskih skupinah, celo koalicijskih. Predlog besedila interpelacije o delu ministrice za zdravje v NSi \u017ee pripravljajo in ga bodo v kratkem poslali poslanskim skupinam s povabilom k podpori. V NSi so prepri\u010dani, da bodo zbrali potrebnih 10 podpisov za vlo\u017eitev interpelacije. Kot so pojasnili za STA, bodo interpelacijo vlo\u017eili v za\u010detku prihodnjega tedna, kon\u010dno besedilo pa bodo pred tem uskladili s podpisniki. Poslanec NSi Jernej Vrtovec je v torek za POP TV ponovil oceno, da je stanje v slovenskem zdravstvenem sistemu izredno kriti\u010dno. Ministrica po njegovih besedah v dveh letih svojega mandata ni spreminjala stvari in zato so se v NSi odlo\u010dili za interpelacijo. \"\u010cakalne vrste se v njenem mandatu ne skraj\u0161ujejo, ampak se podalj\u0161ujejo in ljudje zaradi tega izgubljajo potrpljenje,\" je dejal poudaril Vrtovec. Med razlogi za interpelacijo pa je navedel tudi pomanjkanje dialoga s socialnimi partnerji in drugimi dele\u017eniki. Zelo so do ministri\u010dinega dela kriti\u010dni tudi v SDS. Kot je za STA povedal predstavnik stranke za stike z javnostjo Miro Petek, so pri\u010dakovali in \u0161e vedno pri\u010dakujejo, da bo odstopila sama oz. da jo bo odstavil premier Miro Cerar. V tem \u010dasu je bilo po njihovi oceni z njene strani in s strani njenega ministrstva narejenih toliko napak, da je nezadovoljna vsa strokovna javnost, pa tudi sindikati ter dr\u017eavljanke in dr\u017eavljani. Ali bodo prispevali podpise pod interpelacijo, Petek \u0161e ni razkril, je pa namignil, da se bo v naslednjem tednu na seji se\u0161la poslanska skupina. Da bosta prispevala podpise pod interpelacijo, sta poleg poslancev NSi doslej zatrdila \u0161e nepovezani poslanec Andrej \u010cu\u0161 in vodja poslanske skupine nepovezanih poslancev Bojan Dobov\u0161ek. P","og_url":"https:\/\/hudo.com\/si\/aktualno\/nsi-bo-verjetno-uspelo-zbrati-podpise-pod-interpelacijo-kolar-celarceve\/","og_site_name":"Hudo Slovenija","article_publisher":"https:\/\/www.facebook.com\/hudo.si","article_published_time":"2016-08-31T08:30:00+00:00","article_modified_time":"2016-09-01T07:26:31+00:00","og_image":[{"width":450,"height":590,"url":"https:\/\/hudo.com\/si\/wp-content\/uploads\/sites\/2\/2016\/08\/0823M149-300-2.jpg","type":"image\/jpeg"}],"author":"hudo","twitter_card":"summary_large_image","twitter_creator":"@hudo_si","twitter_site":"@hudo_si","twitter_misc":{"Written by":"hudo","Est. reading time":"2 minuti"},"schema":{"@context":"https:\/\/schema.org","@graph":[{"@type":"Article","@id":"https:\/\/hudo.com\/si\/aktualno\/nsi-bo-verjetno-uspelo-zbrati-podpise-pod-interpelacijo-kolar-celarceve\/#article","isPartOf":{"@id":"https:\/\/hudo.com\/si\/aktualno\/nsi-bo-verjetno-uspelo-zbrati-podpise-pod-interpelacijo-kolar-celarceve\/"},"author":{"name":"hudo","@id":"https:\/\/hudo.com\/si\/#\/schema\/person\/601cf3379633985b20f7e50f2bb47707"},"headline":"NSi bo verjetno uspelo zbrati podpise pod interpelacijo Kolar Celar\u010deve","datePublished":"2016-08-31T08:30:00+00:00","dateModified":"2016-09-01T07:26:31+00:00","mainEntityOfPage":{"@id":"https:\/\/hudo.com\/si\/aktualno\/nsi-bo-verjetno-uspelo-zbrati-podpise-pod-interpelacijo-kolar-celarceve\/"},"wordCount":336,"publisher":{"@id":"https:\/\/hudo.com\/si\/#organization"},"articleSection":["Aktualno"],"inLanguage":"sl-SI"},{"@type":"WebPage","@id":"https:\/\/hudo.com\/si\/aktualno\/nsi-bo-verjetno-uspelo-zbrati-podpise-pod-interpelacijo-kolar-celarceve\/","url":"https:\/\/hudo.com\/si\/aktualno\/nsi-bo-verjetno-uspelo-zbrati-podpise-pod-interpelacijo-kolar-celarceve\/","name":"NSi bo verjetno uspelo zbrati podpise pod interpelacijo Kolar Celar\u010deve - Hudo Slovenija","isPartOf":{"@id":"https:\/\/hudo.com\/si\/#website"},"datePublished":"2016-08-31T08:30:00+00:00","dateModified":"2016-09-01T07:26:31+00:00","breadcrumb":{"@id":"https:\/\/hudo.com\/si\/aktualno\/nsi-bo-verjetno-uspelo-zbrati-podpise-pod-interpelacijo-kolar-celarceve\/#breadcrumb"},"inLanguage":"sl-SI","potentialAction":[{"@type":"ReadAction","target":["https:\/\/hudo.com\/si\/aktualno\/nsi-bo-verjetno-uspelo-zbrati-podpise-pod-interpelacijo-kolar-celarceve\/"]}]},{"@type":"BreadcrumbList","@id":"https:\/\/hudo.com\/si\/aktualno\/nsi-bo-verjetno-uspelo-zbrati-podpise-pod-interpelacijo-kolar-celarceve\/#breadcrumb","itemListElement":[{"@type":"ListItem","position":1,"name":"Home","item":"https:\/\/hudo.com\/si\/"},{"@type":"ListItem","position":2,"name":"NSi bo verjetno uspelo zbrati podpise pod interpelacijo Kolar Celar\u010deve"}]},{"@type":"WebSite","@id":"https:\/\/hudo.com\/si\/#website","url":"https:\/\/hudo.com\/si\/","name":"Hudo Slovenija","description":"Vse novice iz Slovenije in sveta","publisher":{"@id":"https:\/\/hudo.com\/si\/#organization"},"potentialAction":[{"@type":"SearchAction","target":{"@type":"EntryPoint","urlTemplate":"https:\/\/hudo.com\/si\/?s={search_term_string}"},"query-input":"required name=search_term_string"}],"inLanguage":"sl-SI"},{"@type":"Organization","@id":"https:\/\/hudo.com\/si\/#organization","name":"VSN Media","url":"https:\/\/hudo.com\/si\/","logo":{"@type":"ImageObject","inLanguage":"sl-SI","@id":"https:\/\/hudo.com\/si\/#\/schema\/logo\/image\/","url":"https:\/\/hudo.com\/si\/wp-content\/uploads\/sites\/2\/2021\/03\/hudo-app-2.png","contentUrl":"https:\/\/hudo.com\/si\/wp-content\/uploads\/sites\/2\/2021\/03\/hudo-app-2.png","width":2185,"height":2167,"caption":"VSN Media"},"image":{"@id":"https:\/\/hudo.com\/si\/#\/schema\/logo\/image\/"},"sameAs":["https:\/\/www.facebook.com\/hudo.si","https:\/\/twitter.com\/hudo_si"]},{"@type":"Person","@id":"https:\/\/hudo.com\/si\/#\/schema\/person\/601cf3379633985b20f7e50f2bb47707","name":"hudo","image":{"@type":"ImageObject","inLanguage":"sl-SI","@id":"https:\/\/hudo.com\/si\/#\/schema\/person\/image\/","url":"https:\/\/secure.gravatar.com\/avatar\/c4ca25fa72cace7a696b52ff5db9e095?s=96&d=mm&r=g","contentUrl":"https:\/\/secure.gravatar.com\/avatar\/c4ca25fa72cace7a696b52ff5db9e095?s=96&d=mm&r=g","caption":"hudo"},"url":"https:\/\/hudo.com\/si\/author\/hudo\/"}]}},"amp_enabled":true,"_links":{"self":[{"href":"https:\/\/hudo.com\/si\/wp-json\/wp\/v2\/posts\/123863"}],"collection":[{"href":"https:\/\/hudo.com\/si\/wp-json\/wp\/v2\/posts"}],"about":[{"href":"https:\/\/hudo.com\/si\/wp-json\/wp\/v2\/types\/post"}],"author":[{"embeddable":true,"href":"https:\/\/hudo.com\/si\/wp-json\/wp\/v2\/users\/1"}],"replies":[{"embeddable":true,"href":"https:\/\/hudo.com\/si\/wp-json\/wp\/v2\/comments?post=123863"}],"version-history":[{"count":1,"href":"https:\/\/hudo.com\/si\/wp-json\/wp\/v2\/posts\/123863\/revisions"}],"predecessor-version":[{"id":124121,"href":"https:\/\/hudo.com\/si\/wp-json\/wp\/v2\/posts\/123863\/revisions\/124121"}],"wp:attachment":[{"href":"https:\/\/hudo.com\/si\/wp-json\/wp\/v2\/media?parent=123863"}],"wp:term":[{"taxonomy":"category","embeddable":true,"href":"https:\/\/hudo.com\/si\/wp-json\/wp\/v2\/categories?post=123863"},{"taxonomy":"post_tag","embeddable":true,"href":"https:\/\/hudo.com\/si\/wp-json\/wp\/v2\/tags?post=123863"},{"taxonomy":"source","embeddable":true,"href":"https:\/\/hudo.com\/si\/wp-json\/wp\/v2\/source?post=123863"},{"taxonomy":"supertag","embeddable":true,"href":"https:\/\/hudo.com\/si\/wp-json\/wp\/v2\/supertag?post=123863"}],"curies":[{"name":"wp","href":"https:\/\/api.w.org\/{rel}","templated":true}]}}