{"id":123867,"date":"2016-08-31T10:20:00","date_gmt":"2016-08-31T08:20:00","guid":{"rendered":"http:\/\/hudo.com\/si\/2016\/08\/31\/lah-ni-res-da-me-nihce-ni-evidentiral\/"},"modified":"2016-09-01T09:26:44","modified_gmt":"2016-09-01T07:26:44","slug":"lah-ni-res-da-me-nihce-ni-evidentiral","status":"publish","type":"post","link":"https:\/\/hudo.com\/si\/aktualno\/lah-ni-res-da-me-nihce-ni-evidentiral\/","title":{"rendered":"Lah: Ni res, da me nih\u010de ni evidentiral"},"content":{"rendered":"<p>Poslanec Zvonko Lah je zavrnil navedbe, da je izstopil iz poslanske skupine SDS, ker ga nih\u010de ni evidentiral za prihodnje volitve v DZ in ker ni postal predsednik odbora za kmetijstvo. Ob tem je ob\u017ealoval, da so ru\u0161ili trebanjski ob\u010dinski odbor SDS. Razlog je po Lahovem mnenju v tem, da ima nekdo apetit po kandidiranju v tem volilnem okraju. Lah je \u017ee v za\u010detku poletja opozoril, da se v SDS ne ukvarjajo s trenutnimi stvarmi in prihodnostjo, ampak s preteklostjo, pred dnevi pa je tudi izstopil iz strankine poslanske skupine. V SDS pa so navedli, da je Lah v ve\u010d formalnih pogovorih izpostavil nezadovoljstvo nad tem, da ga noben ob\u010dinski odbor ni evidentiral kot kandidata za prihodnje dr\u017eavnozborske volitve. Poleg tega pa naj bi omenjal \u0161e svoje nezadovoljstvo, ker ni postal predsednik odbora DZ za kmetijstvo. &#8220;To ni res,&#8221; je po dana\u0161nji novinarski konferenci za STA pojasnil Lah. Glede mesta predsednika odbora je znotraj poslanske skupine dal vedeti, da mu ni do tega mesta, saj vodenje odbora terja veliko osredoto\u010denosti, zaradi \u010desar ni mogo\u010de vsebinsko dovolj dobro delati kot poslanec. V zvezi z evidentiranjem za volitve v DZ pa je poudaril, da ga je ob\u010dinski odbor Mirna Pe\u010d evidentiral, le da zapisnika niso takoj poslali na stranko. Ko je ugotovil, da ga ni na seznamu evidentiranih kandidatov, je sam poiskal zapisnik in o tem, da je evidentiran, v pogovoru seznanil tudi predsednika SDS Janeza Jan\u0161o. Kljub temu so v SDS objavili informacijo, da ga nih\u010de ni evidentiral. Ob tem je Lah danes opozoril \u0161e, da so za\u010deli tik pred lokalnimi volitvami ru\u0161iti trebanjski ob\u010dinski odbor SDS, ki je bil morda najbolj aktiven v regiji. &#8220;Mislim, da je bilo to namenoma, ker so me trikrat podprli na dr\u017eavnozborskih volitvah, zdaj pa ima verjetno nekdo drug apetit, da bi tukaj kandidiral,&#8221; je ocenil poslanec in dodal, da gre pri trebanjskem za zelo &#8220;izvoljiv&#8221; okraj. Navedbe SDS Lah sicer povezuje z u\u017ealjenostjo z njihove strani. \u010ce pa v stranki navajajo, da ga tako reko\u010d nih\u010de ne mara,<\/p>\n","protected":false},"excerpt":{"rendered":"<p>Poslanec Zvonko Lah je zavrnil navedbe, da je izstopil iz poslanske skupine SDS, ker ga nih\u010de ni evidentiral za prihodnje volitve v DZ in ker ni postal predsednik odbora za kmetijstvo. Ob tem je ob\u017ealoval, da so ru\u0161ili trebanjski ob\u010dinski odbor SDS. Razlog je po Lahovem mnenju v tem, da ima nekdo apetit po kandidiranju v tem volilnem okraju. Lah je \u017ee v za\u010detku poletja opozoril, da se v SDS ne ukvarjajo s trenutnimi stvarmi in prihodnostjo, ampak s preteklostjo, pred dnevi pa je tudi izstopil iz strankine poslanske skupine. V SDS pa so navedli, da je Lah v ve\u010d formalnih pogovorih izpostavil nezadovoljstvo nad tem, da ga noben ob\u010dinski odbor ni evidentiral kot kandidata za prihodnje dr\u017eavnozborske volitve. Poleg tega pa naj bi omenjal \u0161e svoje nezadovoljstvo, ker ni postal predsednik odbora DZ za kmetijstvo. &#8220;To ni res,&#8221; je po dana\u0161nji novinarski konferenci za STA pojasnil Lah. Glede mesta predsednika odbora je znotraj poslanske skupine dal vedeti, da mu ni do tega mesta, saj vodenje odbora terja veliko osredoto\u010denosti, zaradi \u010desar ni mogo\u010de vsebinsko dovolj dobro delati kot poslanec. V zvezi z evidentiranjem za volitve v DZ pa je poudaril, da ga je ob\u010dinski odbor Mirna Pe\u010d evidentiral, le da zapisnika niso takoj poslali na stranko. Ko je ugotovil, da ga ni na seznamu evidentiranih kandidatov, je sam poiskal zapisnik in o tem, da je evidentiran, v pogovoru seznanil tudi predsednika SDS Janeza Jan\u0161o. Kljub temu so v SDS objavili informacijo, da ga nih\u010de ni evidentiral. Ob tem je Lah danes opozoril \u0161e, da so za\u010deli tik pred lokalnimi volitvami ru\u0161iti trebanjski ob\u010dinski odbor SDS, ki je bil morda najbolj aktiven v regiji. &#8220;Mislim, da je bilo to namenoma, ker so me trikrat podprli na dr\u017eavnozborskih volitvah, zdaj pa ima verjetno nekdo drug apetit, da bi tukaj kandidiral,&#8221; je ocenil poslanec in dodal, da gre pri trebanjskem za zelo &#8220;izvoljiv&#8221; okraj. Navedbe SDS Lah sicer povezuje z u\u017ealjenostjo z njihove strani. \u010ce pa v stranki navajajo, da ga tako reko\u010d nih\u010de ne mara,<\/p>\n","protected":false},"author":1,"featured_media":0,"comment_status":"closed","ping_status":"closed","sticky":false,"template":"","format":"standard","meta":{"footnotes":""},"categories":[1179],"tags":[],"source":[1711],"supertag":[],"acf":[],"yoast_head":"<!-- This site is optimized with the Yoast SEO plugin v21.3 - https:\/\/yoast.com\/wordpress\/plugins\/seo\/ -->\n<title>Lah: Ni res, da me nih\u010de ni evidentiral - Hudo Slovenija<\/title>\n<meta name=\"robots\" content=\"index, follow, max-snippet:-1, max-image-preview:large, max-video-preview:-1\" \/>\n<link rel=\"canonical\" href=\"https:\/\/hudo.com\/si\/aktualno\/lah-ni-res-da-me-nihce-ni-evidentiral\/\" \/>\n<meta property=\"og:locale\" content=\"sl_SI\" \/>\n<meta property=\"og:type\" content=\"article\" \/>\n<meta property=\"og:title\" content=\"Lah: Ni res, da me nih\u010de ni evidentiral - Hudo Slovenija\" \/>\n<meta property=\"og:description\" content=\"Poslanec Zvonko Lah je zavrnil navedbe, da je izstopil iz poslanske skupine SDS, ker ga nih\u010de ni evidentiral za prihodnje volitve v DZ in ker ni postal predsednik odbora za kmetijstvo. Ob tem je ob\u017ealoval, da so ru\u0161ili trebanjski ob\u010dinski odbor SDS. Razlog je po Lahovem mnenju v tem, da ima nekdo apetit po kandidiranju v tem volilnem okraju. Lah je \u017ee v za\u010detku poletja opozoril, da se v SDS ne ukvarjajo s trenutnimi stvarmi in prihodnostjo, ampak s preteklostjo, pred dnevi pa je tudi izstopil iz strankine poslanske skupine. V SDS pa so navedli, da je Lah v ve\u010d formalnih pogovorih izpostavil nezadovoljstvo nad tem, da ga noben ob\u010dinski odbor ni evidentiral kot kandidata za prihodnje dr\u017eavnozborske volitve. Poleg tega pa naj bi omenjal \u0161e svoje nezadovoljstvo, ker ni postal predsednik odbora DZ za kmetijstvo. &quot;To ni res,&quot; je po dana\u0161nji novinarski konferenci za STA pojasnil Lah. Glede mesta predsednika odbora je znotraj poslanske skupine dal vedeti, da mu ni do tega mesta, saj vodenje odbora terja veliko osredoto\u010denosti, zaradi \u010desar ni mogo\u010de vsebinsko dovolj dobro delati kot poslanec. V zvezi z evidentiranjem za volitve v DZ pa je poudaril, da ga je ob\u010dinski odbor Mirna Pe\u010d evidentiral, le da zapisnika niso takoj poslali na stranko. Ko je ugotovil, da ga ni na seznamu evidentiranih kandidatov, je sam poiskal zapisnik in o tem, da je evidentiran, v pogovoru seznanil tudi predsednika SDS Janeza Jan\u0161o. Kljub temu so v SDS objavili informacijo, da ga nih\u010de ni evidentiral. Ob tem je Lah danes opozoril \u0161e, da so za\u010deli tik pred lokalnimi volitvami ru\u0161iti trebanjski ob\u010dinski odbor SDS, ki je bil morda najbolj aktiven v regiji. &quot;Mislim, da je bilo to namenoma, ker so me trikrat podprli na dr\u017eavnozborskih volitvah, zdaj pa ima verjetno nekdo drug apetit, da bi tukaj kandidiral,&quot; je ocenil poslanec in dodal, da gre pri trebanjskem za zelo &quot;izvoljiv&quot; okraj. Navedbe SDS Lah sicer povezuje z u\u017ealjenostjo z njihove strani. \u010ce pa v stranki navajajo, da ga tako reko\u010d nih\u010de ne mara,\" \/>\n<meta property=\"og:url\" content=\"https:\/\/hudo.com\/si\/aktualno\/lah-ni-res-da-me-nihce-ni-evidentiral\/\" \/>\n<meta property=\"og:site_name\" content=\"Hudo Slovenija\" \/>\n<meta property=\"article:publisher\" content=\"https:\/\/www.facebook.com\/hudo.si\" \/>\n<meta property=\"article:published_time\" content=\"2016-08-31T08:20:00+00:00\" \/>\n<meta property=\"article:modified_time\" content=\"2016-09-01T07:26:44+00:00\" \/>\n<meta property=\"og:image\" content=\"https:\/\/hudo.com\/si\/wp-content\/uploads\/sites\/2\/2016\/08\/01355848F-300-1.jpg\" \/>\n\t<meta property=\"og:image:width\" content=\"450\" \/>\n\t<meta property=\"og:image:height\" content=\"300\" \/>\n\t<meta property=\"og:image:type\" content=\"image\/jpeg\" \/>\n<meta name=\"author\" content=\"hudo\" \/>\n<meta name=\"twitter:card\" content=\"summary_large_image\" \/>\n<meta name=\"twitter:creator\" content=\"@hudo_si\" \/>\n<meta name=\"twitter:site\" content=\"@hudo_si\" \/>\n<meta name=\"twitter:label1\" content=\"Written by\" \/>\n\t<meta name=\"twitter:data1\" content=\"hudo\" \/>\n\t<meta name=\"twitter:label2\" content=\"Est. reading time\" \/>\n\t<meta name=\"twitter:data2\" content=\"2 minuti\" \/>\n<script type=\"application\/ld+json\" class=\"yoast-schema-graph\">{\"@context\":\"https:\/\/schema.org\",\"@graph\":[{\"@type\":\"Article\",\"@id\":\"https:\/\/hudo.com\/si\/aktualno\/lah-ni-res-da-me-nihce-ni-evidentiral\/#article\",\"isPartOf\":{\"@id\":\"https:\/\/hudo.com\/si\/aktualno\/lah-ni-res-da-me-nihce-ni-evidentiral\/\"},\"author\":{\"name\":\"hudo\",\"@id\":\"https:\/\/hudo.com\/si\/#\/schema\/person\/601cf3379633985b20f7e50f2bb47707\"},\"headline\":\"Lah: Ni res, da me nih\u010de ni evidentiral\",\"datePublished\":\"2016-08-31T08:20:00+00:00\",\"dateModified\":\"2016-09-01T07:26:44+00:00\",\"mainEntityOfPage\":{\"@id\":\"https:\/\/hudo.com\/si\/aktualno\/lah-ni-res-da-me-nihce-ni-evidentiral\/\"},\"wordCount\":362,\"publisher\":{\"@id\":\"https:\/\/hudo.com\/si\/#organization\"},\"articleSection\":[\"Aktualno\"],\"inLanguage\":\"sl-SI\"},{\"@type\":\"WebPage\",\"@id\":\"https:\/\/hudo.com\/si\/aktualno\/lah-ni-res-da-me-nihce-ni-evidentiral\/\",\"url\":\"https:\/\/hudo.com\/si\/aktualno\/lah-ni-res-da-me-nihce-ni-evidentiral\/\",\"name\":\"Lah: Ni res, da me nih\u010de ni evidentiral - Hudo Slovenija\",\"isPartOf\":{\"@id\":\"https:\/\/hudo.com\/si\/#website\"},\"datePublished\":\"2016-08-31T08:20:00+00:00\",\"dateModified\":\"2016-09-01T07:26:44+00:00\",\"breadcrumb\":{\"@id\":\"https:\/\/hudo.com\/si\/aktualno\/lah-ni-res-da-me-nihce-ni-evidentiral\/#breadcrumb\"},\"inLanguage\":\"sl-SI\",\"potentialAction\":[{\"@type\":\"ReadAction\",\"target\":[\"https:\/\/hudo.com\/si\/aktualno\/lah-ni-res-da-me-nihce-ni-evidentiral\/\"]}]},{\"@type\":\"BreadcrumbList\",\"@id\":\"https:\/\/hudo.com\/si\/aktualno\/lah-ni-res-da-me-nihce-ni-evidentiral\/#breadcrumb\",\"itemListElement\":[{\"@type\":\"ListItem\",\"position\":1,\"name\":\"Home\",\"item\":\"https:\/\/hudo.com\/si\/\"},{\"@type\":\"ListItem\",\"position\":2,\"name\":\"Lah: Ni res, da me nih\u010de ni evidentiral\"}]},{\"@type\":\"WebSite\",\"@id\":\"https:\/\/hudo.com\/si\/#website\",\"url\":\"https:\/\/hudo.com\/si\/\",\"name\":\"Hudo Slovenija\",\"description\":\"Vse novice iz Slovenije in sveta\",\"publisher\":{\"@id\":\"https:\/\/hudo.com\/si\/#organization\"},\"potentialAction\":[{\"@type\":\"SearchAction\",\"target\":{\"@type\":\"EntryPoint\",\"urlTemplate\":\"https:\/\/hudo.com\/si\/?s={search_term_string}\"},\"query-input\":\"required name=search_term_string\"}],\"inLanguage\":\"sl-SI\"},{\"@type\":\"Organization\",\"@id\":\"https:\/\/hudo.com\/si\/#organization\",\"name\":\"VSN Media\",\"url\":\"https:\/\/hudo.com\/si\/\",\"logo\":{\"@type\":\"ImageObject\",\"inLanguage\":\"sl-SI\",\"@id\":\"https:\/\/hudo.com\/si\/#\/schema\/logo\/image\/\",\"url\":\"https:\/\/hudo.com\/si\/wp-content\/uploads\/sites\/2\/2021\/03\/hudo-app-2.png\",\"contentUrl\":\"https:\/\/hudo.com\/si\/wp-content\/uploads\/sites\/2\/2021\/03\/hudo-app-2.png\",\"width\":2185,\"height\":2167,\"caption\":\"VSN Media\"},\"image\":{\"@id\":\"https:\/\/hudo.com\/si\/#\/schema\/logo\/image\/\"},\"sameAs\":[\"https:\/\/www.facebook.com\/hudo.si\",\"https:\/\/twitter.com\/hudo_si\"]},{\"@type\":\"Person\",\"@id\":\"https:\/\/hudo.com\/si\/#\/schema\/person\/601cf3379633985b20f7e50f2bb47707\",\"name\":\"hudo\",\"image\":{\"@type\":\"ImageObject\",\"inLanguage\":\"sl-SI\",\"@id\":\"https:\/\/hudo.com\/si\/#\/schema\/person\/image\/\",\"url\":\"https:\/\/secure.gravatar.com\/avatar\/c4ca25fa72cace7a696b52ff5db9e095?s=96&d=mm&r=g\",\"contentUrl\":\"https:\/\/secure.gravatar.com\/avatar\/c4ca25fa72cace7a696b52ff5db9e095?s=96&d=mm&r=g\",\"caption\":\"hudo\"},\"url\":\"https:\/\/hudo.com\/si\/author\/hudo\/\"}]}<\/script>\n<!-- \/ Yoast SEO plugin. -->","yoast_head_json":{"title":"Lah: Ni res, da me nih\u010de ni evidentiral - Hudo Slovenija","robots":{"index":"index","follow":"follow","max-snippet":"max-snippet:-1","max-image-preview":"max-image-preview:large","max-video-preview":"max-video-preview:-1"},"canonical":"https:\/\/hudo.com\/si\/aktualno\/lah-ni-res-da-me-nihce-ni-evidentiral\/","og_locale":"sl_SI","og_type":"article","og_title":"Lah: Ni res, da me nih\u010de ni evidentiral - Hudo Slovenija","og_description":"Poslanec Zvonko Lah je zavrnil navedbe, da je izstopil iz poslanske skupine SDS, ker ga nih\u010de ni evidentiral za prihodnje volitve v DZ in ker ni postal predsednik odbora za kmetijstvo. Ob tem je ob\u017ealoval, da so ru\u0161ili trebanjski ob\u010dinski odbor SDS. Razlog je po Lahovem mnenju v tem, da ima nekdo apetit po kandidiranju v tem volilnem okraju. Lah je \u017ee v za\u010detku poletja opozoril, da se v SDS ne ukvarjajo s trenutnimi stvarmi in prihodnostjo, ampak s preteklostjo, pred dnevi pa je tudi izstopil iz strankine poslanske skupine. V SDS pa so navedli, da je Lah v ve\u010d formalnih pogovorih izpostavil nezadovoljstvo nad tem, da ga noben ob\u010dinski odbor ni evidentiral kot kandidata za prihodnje dr\u017eavnozborske volitve. Poleg tega pa naj bi omenjal \u0161e svoje nezadovoljstvo, ker ni postal predsednik odbora DZ za kmetijstvo. \"To ni res,\" je po dana\u0161nji novinarski konferenci za STA pojasnil Lah. Glede mesta predsednika odbora je znotraj poslanske skupine dal vedeti, da mu ni do tega mesta, saj vodenje odbora terja veliko osredoto\u010denosti, zaradi \u010desar ni mogo\u010de vsebinsko dovolj dobro delati kot poslanec. V zvezi z evidentiranjem za volitve v DZ pa je poudaril, da ga je ob\u010dinski odbor Mirna Pe\u010d evidentiral, le da zapisnika niso takoj poslali na stranko. Ko je ugotovil, da ga ni na seznamu evidentiranih kandidatov, je sam poiskal zapisnik in o tem, da je evidentiran, v pogovoru seznanil tudi predsednika SDS Janeza Jan\u0161o. Kljub temu so v SDS objavili informacijo, da ga nih\u010de ni evidentiral. Ob tem je Lah danes opozoril \u0161e, da so za\u010deli tik pred lokalnimi volitvami ru\u0161iti trebanjski ob\u010dinski odbor SDS, ki je bil morda najbolj aktiven v regiji. \"Mislim, da je bilo to namenoma, ker so me trikrat podprli na dr\u017eavnozborskih volitvah, zdaj pa ima verjetno nekdo drug apetit, da bi tukaj kandidiral,\" je ocenil poslanec in dodal, da gre pri trebanjskem za zelo \"izvoljiv\" okraj. Navedbe SDS Lah sicer povezuje z u\u017ealjenostjo z njihove strani. \u010ce pa v stranki navajajo, da ga tako reko\u010d nih\u010de ne mara,","og_url":"https:\/\/hudo.com\/si\/aktualno\/lah-ni-res-da-me-nihce-ni-evidentiral\/","og_site_name":"Hudo Slovenija","article_publisher":"https:\/\/www.facebook.com\/hudo.si","article_published_time":"2016-08-31T08:20:00+00:00","article_modified_time":"2016-09-01T07:26:44+00:00","og_image":[{"width":450,"height":300,"url":"https:\/\/hudo.com\/si\/wp-content\/uploads\/sites\/2\/2016\/08\/01355848F-300-1.jpg","type":"image\/jpeg"}],"author":"hudo","twitter_card":"summary_large_image","twitter_creator":"@hudo_si","twitter_site":"@hudo_si","twitter_misc":{"Written by":"hudo","Est. reading time":"2 minuti"},"schema":{"@context":"https:\/\/schema.org","@graph":[{"@type":"Article","@id":"https:\/\/hudo.com\/si\/aktualno\/lah-ni-res-da-me-nihce-ni-evidentiral\/#article","isPartOf":{"@id":"https:\/\/hudo.com\/si\/aktualno\/lah-ni-res-da-me-nihce-ni-evidentiral\/"},"author":{"name":"hudo","@id":"https:\/\/hudo.com\/si\/#\/schema\/person\/601cf3379633985b20f7e50f2bb47707"},"headline":"Lah: Ni res, da me nih\u010de ni evidentiral","datePublished":"2016-08-31T08:20:00+00:00","dateModified":"2016-09-01T07:26:44+00:00","mainEntityOfPage":{"@id":"https:\/\/hudo.com\/si\/aktualno\/lah-ni-res-da-me-nihce-ni-evidentiral\/"},"wordCount":362,"publisher":{"@id":"https:\/\/hudo.com\/si\/#organization"},"articleSection":["Aktualno"],"inLanguage":"sl-SI"},{"@type":"WebPage","@id":"https:\/\/hudo.com\/si\/aktualno\/lah-ni-res-da-me-nihce-ni-evidentiral\/","url":"https:\/\/hudo.com\/si\/aktualno\/lah-ni-res-da-me-nihce-ni-evidentiral\/","name":"Lah: Ni res, da me nih\u010de ni evidentiral - Hudo Slovenija","isPartOf":{"@id":"https:\/\/hudo.com\/si\/#website"},"datePublished":"2016-08-31T08:20:00+00:00","dateModified":"2016-09-01T07:26:44+00:00","breadcrumb":{"@id":"https:\/\/hudo.com\/si\/aktualno\/lah-ni-res-da-me-nihce-ni-evidentiral\/#breadcrumb"},"inLanguage":"sl-SI","potentialAction":[{"@type":"ReadAction","target":["https:\/\/hudo.com\/si\/aktualno\/lah-ni-res-da-me-nihce-ni-evidentiral\/"]}]},{"@type":"BreadcrumbList","@id":"https:\/\/hudo.com\/si\/aktualno\/lah-ni-res-da-me-nihce-ni-evidentiral\/#breadcrumb","itemListElement":[{"@type":"ListItem","position":1,"name":"Home","item":"https:\/\/hudo.com\/si\/"},{"@type":"ListItem","position":2,"name":"Lah: Ni res, da me nih\u010de ni evidentiral"}]},{"@type":"WebSite","@id":"https:\/\/hudo.com\/si\/#website","url":"https:\/\/hudo.com\/si\/","name":"Hudo Slovenija","description":"Vse novice iz Slovenije in sveta","publisher":{"@id":"https:\/\/hudo.com\/si\/#organization"},"potentialAction":[{"@type":"SearchAction","target":{"@type":"EntryPoint","urlTemplate":"https:\/\/hudo.com\/si\/?s={search_term_string}"},"query-input":"required name=search_term_string"}],"inLanguage":"sl-SI"},{"@type":"Organization","@id":"https:\/\/hudo.com\/si\/#organization","name":"VSN Media","url":"https:\/\/hudo.com\/si\/","logo":{"@type":"ImageObject","inLanguage":"sl-SI","@id":"https:\/\/hudo.com\/si\/#\/schema\/logo\/image\/","url":"https:\/\/hudo.com\/si\/wp-content\/uploads\/sites\/2\/2021\/03\/hudo-app-2.png","contentUrl":"https:\/\/hudo.com\/si\/wp-content\/uploads\/sites\/2\/2021\/03\/hudo-app-2.png","width":2185,"height":2167,"caption":"VSN Media"},"image":{"@id":"https:\/\/hudo.com\/si\/#\/schema\/logo\/image\/"},"sameAs":["https:\/\/www.facebook.com\/hudo.si","https:\/\/twitter.com\/hudo_si"]},{"@type":"Person","@id":"https:\/\/hudo.com\/si\/#\/schema\/person\/601cf3379633985b20f7e50f2bb47707","name":"hudo","image":{"@type":"ImageObject","inLanguage":"sl-SI","@id":"https:\/\/hudo.com\/si\/#\/schema\/person\/image\/","url":"https:\/\/secure.gravatar.com\/avatar\/c4ca25fa72cace7a696b52ff5db9e095?s=96&d=mm&r=g","contentUrl":"https:\/\/secure.gravatar.com\/avatar\/c4ca25fa72cace7a696b52ff5db9e095?s=96&d=mm&r=g","caption":"hudo"},"url":"https:\/\/hudo.com\/si\/author\/hudo\/"}]}},"amp_enabled":true,"_links":{"self":[{"href":"https:\/\/hudo.com\/si\/wp-json\/wp\/v2\/posts\/123867"}],"collection":[{"href":"https:\/\/hudo.com\/si\/wp-json\/wp\/v2\/posts"}],"about":[{"href":"https:\/\/hudo.com\/si\/wp-json\/wp\/v2\/types\/post"}],"author":[{"embeddable":true,"href":"https:\/\/hudo.com\/si\/wp-json\/wp\/v2\/users\/1"}],"replies":[{"embeddable":true,"href":"https:\/\/hudo.com\/si\/wp-json\/wp\/v2\/comments?post=123867"}],"version-history":[{"count":1,"href":"https:\/\/hudo.com\/si\/wp-json\/wp\/v2\/posts\/123867\/revisions"}],"predecessor-version":[{"id":124123,"href":"https:\/\/hudo.com\/si\/wp-json\/wp\/v2\/posts\/123867\/revisions\/124123"}],"wp:attachment":[{"href":"https:\/\/hudo.com\/si\/wp-json\/wp\/v2\/media?parent=123867"}],"wp:term":[{"taxonomy":"category","embeddable":true,"href":"https:\/\/hudo.com\/si\/wp-json\/wp\/v2\/categories?post=123867"},{"taxonomy":"post_tag","embeddable":true,"href":"https:\/\/hudo.com\/si\/wp-json\/wp\/v2\/tags?post=123867"},{"taxonomy":"source","embeddable":true,"href":"https:\/\/hudo.com\/si\/wp-json\/wp\/v2\/source?post=123867"},{"taxonomy":"supertag","embeddable":true,"href":"https:\/\/hudo.com\/si\/wp-json\/wp\/v2\/supertag?post=123867"}],"curies":[{"name":"wp","href":"https:\/\/api.w.org\/{rel}","templated":true}]}}