{"id":124489,"date":"2016-09-01T10:07:00","date_gmt":"2016-09-01T08:07:00","guid":{"rendered":"http:\/\/hudo.com\/si\/2016\/09\/01\/suslja-potrdila-tudi-skupscina-zzzs\/"},"modified":"2016-09-01T10:07:00","modified_gmt":"2016-09-01T08:07:00","slug":"suslja-potrdila-tudi-skupscina-zzzs","status":"publish","type":"post","link":"https:\/\/hudo.com\/si\/aktualno\/suslja-potrdila-tudi-skupscina-zzzs\/","title":{"rendered":"Su\u0161lja potrdila tudi skup\u0161\u010dina ZZZS"},"content":{"rendered":"<p>Kategorija: Slovenija Thu, 01 Sep 2016 12:07:00 +0200  Ljubljana &#8211; Skup\u0161\u010dina Zavoda za zdravstveno zavarovanje Slovenije (ZZZS) je imenovala Marjana Su\u0161lja za novega v. d. generalnega direktorja zavoda. Mandat bo nastopil 15. septembra. Ob tem je skup\u0161\u010dina sklenila, da dosedanjega v. d. generalnega direktorja Sama Fakina razre\u0161i s 14. septembrom. Fakin namre\u010d odhaja v gospodarstvo. Su\u0161elj, po izobrazbi psiholog, je zadnjih \u0161est let vodil ljubljansko obmo\u010dno enoto ZZZS. Mandat za\u010dasnega vodje javne zdravstvene blagajne bo opravljal do nastopa funkcije novega generalnega direktorja, ki bo imenovan na podlagi ponovnega razpisa, a najve\u010d za eno leto. V predstavitvi \u010dlanom skup\u0161\u010dine je kot kratkoro\u010dne cilje in naloge izpostavil uspe\u0161en zaklju\u010dek poslovnega leta 2016, pri \u010demer bodo po njegovih besedah odhodki nekoliko vi\u0161ji kot prihodki, ter pripravo finan\u010dnega na\u010drta za prihodnje leto. \u00bbIzku\u0161nje ka\u017eejo, da smo v preteklih letih imeli ve\u010d apetitov, kot smo\u00a0&#8230;<\/p>\n","protected":false},"excerpt":{"rendered":"<p>Kategorija: Slovenija Thu, 01 Sep 2016 12:07:00 +0200  Ljubljana &#8211; Skup\u0161\u010dina Zavoda za zdravstveno zavarovanje Slovenije (ZZZS) je imenovala Marjana Su\u0161lja za novega v. d. generalnega direktorja zavoda. Mandat bo nastopil 15. septembra. Ob tem je skup\u0161\u010dina sklenila, da dosedanjega v. d. generalnega direktorja Sama Fakina razre\u0161i s 14. septembrom. Fakin namre\u010d odhaja v gospodarstvo. Su\u0161elj, po izobrazbi psiholog, je zadnjih \u0161est let vodil ljubljansko obmo\u010dno enoto ZZZS. Mandat za\u010dasnega vodje javne zdravstvene blagajne bo opravljal do nastopa funkcije novega generalnega direktorja, ki bo imenovan na podlagi ponovnega razpisa, a najve\u010d za eno leto. V predstavitvi \u010dlanom skup\u0161\u010dine je kot kratkoro\u010dne cilje in naloge izpostavil uspe\u0161en zaklju\u010dek poslovnega leta 2016, pri \u010demer bodo po njegovih besedah odhodki nekoliko vi\u0161ji kot prihodki, ter pripravo finan\u010dnega na\u010drta za prihodnje leto. \u00bbIzku\u0161nje ka\u017eejo, da smo v preteklih letih imeli ve\u010d apetitov, kot smo\u00a0&#8230;<\/p>\n","protected":false},"author":1,"featured_media":0,"comment_status":"closed","ping_status":"closed","sticky":false,"template":"","format":"standard","meta":{"footnotes":""},"categories":[1179],"tags":[],"source":[1703],"supertag":[],"acf":[],"yoast_head":"<!-- This site is optimized with the Yoast SEO plugin v21.3 - https:\/\/yoast.com\/wordpress\/plugins\/seo\/ -->\n<title>Su\u0161lja potrdila tudi skup\u0161\u010dina ZZZS - Hudo Slovenija<\/title>\n<meta name=\"robots\" content=\"index, follow, max-snippet:-1, max-image-preview:large, max-video-preview:-1\" \/>\n<link rel=\"canonical\" href=\"https:\/\/hudo.com\/si\/aktualno\/suslja-potrdila-tudi-skupscina-zzzs\/\" \/>\n<meta property=\"og:locale\" content=\"sl_SI\" \/>\n<meta property=\"og:type\" content=\"article\" \/>\n<meta property=\"og:title\" content=\"Su\u0161lja potrdila tudi skup\u0161\u010dina ZZZS - Hudo Slovenija\" \/>\n<meta property=\"og:description\" content=\"Kategorija: Slovenija Thu, 01 Sep 2016 12:07:00 +0200 Ljubljana - Skup\u0161\u010dina Zavoda za zdravstveno zavarovanje Slovenije (ZZZS) je imenovala Marjana Su\u0161lja za novega v. d. generalnega direktorja zavoda. Mandat bo nastopil 15. septembra. Ob tem je skup\u0161\u010dina sklenila, da dosedanjega v. d. generalnega direktorja Sama Fakina razre\u0161i s 14. septembrom. Fakin namre\u010d odhaja v gospodarstvo. Su\u0161elj, po izobrazbi psiholog, je zadnjih \u0161est let vodil ljubljansko obmo\u010dno enoto ZZZS. Mandat za\u010dasnega vodje javne zdravstvene blagajne bo opravljal do nastopa funkcije novega generalnega direktorja, ki bo imenovan na podlagi ponovnega razpisa, a najve\u010d za eno leto. V predstavitvi \u010dlanom skup\u0161\u010dine je kot kratkoro\u010dne cilje in naloge izpostavil uspe\u0161en zaklju\u010dek poslovnega leta 2016, pri \u010demer bodo po njegovih besedah odhodki nekoliko vi\u0161ji kot prihodki, ter pripravo finan\u010dnega na\u010drta za prihodnje leto. \u00bbIzku\u0161nje ka\u017eejo, da smo v preteklih letih imeli ve\u010d apetitov, kot smo\u00a0...\" \/>\n<meta property=\"og:url\" content=\"https:\/\/hudo.com\/si\/aktualno\/suslja-potrdila-tudi-skupscina-zzzs\/\" \/>\n<meta property=\"og:site_name\" content=\"Hudo Slovenija\" \/>\n<meta property=\"article:publisher\" content=\"https:\/\/www.facebook.com\/hudo.si\" \/>\n<meta property=\"article:published_time\" content=\"2016-09-01T08:07:00+00:00\" \/>\n<meta property=\"og:image\" content=\"https:\/\/hudo.com\/si\/wp-content\/uploads\/sites\/2\/2016\/09\/480x290_4_stran__djvu_1822434_miki__hires0.jpeg\" \/>\n\t<meta property=\"og:image:width\" content=\"480\" \/>\n\t<meta property=\"og:image:height\" content=\"290\" \/>\n\t<meta property=\"og:image:type\" content=\"image\/jpeg\" \/>\n<meta name=\"author\" content=\"hudo\" \/>\n<meta name=\"twitter:card\" content=\"summary_large_image\" \/>\n<meta name=\"twitter:creator\" content=\"@hudo_si\" \/>\n<meta name=\"twitter:site\" content=\"@hudo_si\" \/>\n<meta name=\"twitter:label1\" content=\"Written by\" \/>\n\t<meta name=\"twitter:data1\" content=\"hudo\" \/>\n\t<meta name=\"twitter:label2\" content=\"Est. reading time\" \/>\n\t<meta name=\"twitter:data2\" content=\"1 minuta\" \/>\n<script type=\"application\/ld+json\" class=\"yoast-schema-graph\">{\"@context\":\"https:\/\/schema.org\",\"@graph\":[{\"@type\":\"Article\",\"@id\":\"https:\/\/hudo.com\/si\/aktualno\/suslja-potrdila-tudi-skupscina-zzzs\/#article\",\"isPartOf\":{\"@id\":\"https:\/\/hudo.com\/si\/aktualno\/suslja-potrdila-tudi-skupscina-zzzs\/\"},\"author\":{\"name\":\"hudo\",\"@id\":\"https:\/\/hudo.com\/si\/#\/schema\/person\/601cf3379633985b20f7e50f2bb47707\"},\"headline\":\"Su\u0161lja potrdila tudi skup\u0161\u010dina ZZZS\",\"datePublished\":\"2016-09-01T08:07:00+00:00\",\"dateModified\":\"2016-09-01T08:07:00+00:00\",\"mainEntityOfPage\":{\"@id\":\"https:\/\/hudo.com\/si\/aktualno\/suslja-potrdila-tudi-skupscina-zzzs\/\"},\"wordCount\":156,\"publisher\":{\"@id\":\"https:\/\/hudo.com\/si\/#organization\"},\"articleSection\":[\"Aktualno\"],\"inLanguage\":\"sl-SI\"},{\"@type\":\"WebPage\",\"@id\":\"https:\/\/hudo.com\/si\/aktualno\/suslja-potrdila-tudi-skupscina-zzzs\/\",\"url\":\"https:\/\/hudo.com\/si\/aktualno\/suslja-potrdila-tudi-skupscina-zzzs\/\",\"name\":\"Su\u0161lja potrdila tudi skup\u0161\u010dina ZZZS - Hudo Slovenija\",\"isPartOf\":{\"@id\":\"https:\/\/hudo.com\/si\/#website\"},\"datePublished\":\"2016-09-01T08:07:00+00:00\",\"dateModified\":\"2016-09-01T08:07:00+00:00\",\"breadcrumb\":{\"@id\":\"https:\/\/hudo.com\/si\/aktualno\/suslja-potrdila-tudi-skupscina-zzzs\/#breadcrumb\"},\"inLanguage\":\"sl-SI\",\"potentialAction\":[{\"@type\":\"ReadAction\",\"target\":[\"https:\/\/hudo.com\/si\/aktualno\/suslja-potrdila-tudi-skupscina-zzzs\/\"]}]},{\"@type\":\"BreadcrumbList\",\"@id\":\"https:\/\/hudo.com\/si\/aktualno\/suslja-potrdila-tudi-skupscina-zzzs\/#breadcrumb\",\"itemListElement\":[{\"@type\":\"ListItem\",\"position\":1,\"name\":\"Home\",\"item\":\"https:\/\/hudo.com\/si\/\"},{\"@type\":\"ListItem\",\"position\":2,\"name\":\"Su\u0161lja potrdila tudi skup\u0161\u010dina ZZZS\"}]},{\"@type\":\"WebSite\",\"@id\":\"https:\/\/hudo.com\/si\/#website\",\"url\":\"https:\/\/hudo.com\/si\/\",\"name\":\"Hudo Slovenija\",\"description\":\"Vse novice iz Slovenije in sveta\",\"publisher\":{\"@id\":\"https:\/\/hudo.com\/si\/#organization\"},\"potentialAction\":[{\"@type\":\"SearchAction\",\"target\":{\"@type\":\"EntryPoint\",\"urlTemplate\":\"https:\/\/hudo.com\/si\/?s={search_term_string}\"},\"query-input\":\"required name=search_term_string\"}],\"inLanguage\":\"sl-SI\"},{\"@type\":\"Organization\",\"@id\":\"https:\/\/hudo.com\/si\/#organization\",\"name\":\"VSN Media\",\"url\":\"https:\/\/hudo.com\/si\/\",\"logo\":{\"@type\":\"ImageObject\",\"inLanguage\":\"sl-SI\",\"@id\":\"https:\/\/hudo.com\/si\/#\/schema\/logo\/image\/\",\"url\":\"https:\/\/hudo.com\/si\/wp-content\/uploads\/sites\/2\/2021\/03\/hudo-app-2.png\",\"contentUrl\":\"https:\/\/hudo.com\/si\/wp-content\/uploads\/sites\/2\/2021\/03\/hudo-app-2.png\",\"width\":2185,\"height\":2167,\"caption\":\"VSN Media\"},\"image\":{\"@id\":\"https:\/\/hudo.com\/si\/#\/schema\/logo\/image\/\"},\"sameAs\":[\"https:\/\/www.facebook.com\/hudo.si\",\"https:\/\/twitter.com\/hudo_si\"]},{\"@type\":\"Person\",\"@id\":\"https:\/\/hudo.com\/si\/#\/schema\/person\/601cf3379633985b20f7e50f2bb47707\",\"name\":\"hudo\",\"image\":{\"@type\":\"ImageObject\",\"inLanguage\":\"sl-SI\",\"@id\":\"https:\/\/hudo.com\/si\/#\/schema\/person\/image\/\",\"url\":\"https:\/\/secure.gravatar.com\/avatar\/c4ca25fa72cace7a696b52ff5db9e095?s=96&d=mm&r=g\",\"contentUrl\":\"https:\/\/secure.gravatar.com\/avatar\/c4ca25fa72cace7a696b52ff5db9e095?s=96&d=mm&r=g\",\"caption\":\"hudo\"},\"url\":\"https:\/\/hudo.com\/si\/author\/hudo\/\"}]}<\/script>\n<!-- \/ Yoast SEO plugin. -->","yoast_head_json":{"title":"Su\u0161lja potrdila tudi skup\u0161\u010dina ZZZS - Hudo Slovenija","robots":{"index":"index","follow":"follow","max-snippet":"max-snippet:-1","max-image-preview":"max-image-preview:large","max-video-preview":"max-video-preview:-1"},"canonical":"https:\/\/hudo.com\/si\/aktualno\/suslja-potrdila-tudi-skupscina-zzzs\/","og_locale":"sl_SI","og_type":"article","og_title":"Su\u0161lja potrdila tudi skup\u0161\u010dina ZZZS - Hudo Slovenija","og_description":"Kategorija: Slovenija Thu, 01 Sep 2016 12:07:00 +0200 Ljubljana - Skup\u0161\u010dina Zavoda za zdravstveno zavarovanje Slovenije (ZZZS) je imenovala Marjana Su\u0161lja za novega v. d. generalnega direktorja zavoda. Mandat bo nastopil 15. septembra. Ob tem je skup\u0161\u010dina sklenila, da dosedanjega v. d. generalnega direktorja Sama Fakina razre\u0161i s 14. septembrom. Fakin namre\u010d odhaja v gospodarstvo. Su\u0161elj, po izobrazbi psiholog, je zadnjih \u0161est let vodil ljubljansko obmo\u010dno enoto ZZZS. Mandat za\u010dasnega vodje javne zdravstvene blagajne bo opravljal do nastopa funkcije novega generalnega direktorja, ki bo imenovan na podlagi ponovnega razpisa, a najve\u010d za eno leto. V predstavitvi \u010dlanom skup\u0161\u010dine je kot kratkoro\u010dne cilje in naloge izpostavil uspe\u0161en zaklju\u010dek poslovnega leta 2016, pri \u010demer bodo po njegovih besedah odhodki nekoliko vi\u0161ji kot prihodki, ter pripravo finan\u010dnega na\u010drta za prihodnje leto. \u00bbIzku\u0161nje ka\u017eejo, da smo v preteklih letih imeli ve\u010d apetitov, kot smo\u00a0...","og_url":"https:\/\/hudo.com\/si\/aktualno\/suslja-potrdila-tudi-skupscina-zzzs\/","og_site_name":"Hudo Slovenija","article_publisher":"https:\/\/www.facebook.com\/hudo.si","article_published_time":"2016-09-01T08:07:00+00:00","og_image":[{"width":480,"height":290,"url":"https:\/\/hudo.com\/si\/wp-content\/uploads\/sites\/2\/2016\/09\/480x290_4_stran__djvu_1822434_miki__hires0.jpeg","type":"image\/jpeg"}],"author":"hudo","twitter_card":"summary_large_image","twitter_creator":"@hudo_si","twitter_site":"@hudo_si","twitter_misc":{"Written by":"hudo","Est. reading time":"1 minuta"},"schema":{"@context":"https:\/\/schema.org","@graph":[{"@type":"Article","@id":"https:\/\/hudo.com\/si\/aktualno\/suslja-potrdila-tudi-skupscina-zzzs\/#article","isPartOf":{"@id":"https:\/\/hudo.com\/si\/aktualno\/suslja-potrdila-tudi-skupscina-zzzs\/"},"author":{"name":"hudo","@id":"https:\/\/hudo.com\/si\/#\/schema\/person\/601cf3379633985b20f7e50f2bb47707"},"headline":"Su\u0161lja potrdila tudi skup\u0161\u010dina ZZZS","datePublished":"2016-09-01T08:07:00+00:00","dateModified":"2016-09-01T08:07:00+00:00","mainEntityOfPage":{"@id":"https:\/\/hudo.com\/si\/aktualno\/suslja-potrdila-tudi-skupscina-zzzs\/"},"wordCount":156,"publisher":{"@id":"https:\/\/hudo.com\/si\/#organization"},"articleSection":["Aktualno"],"inLanguage":"sl-SI"},{"@type":"WebPage","@id":"https:\/\/hudo.com\/si\/aktualno\/suslja-potrdila-tudi-skupscina-zzzs\/","url":"https:\/\/hudo.com\/si\/aktualno\/suslja-potrdila-tudi-skupscina-zzzs\/","name":"Su\u0161lja potrdila tudi skup\u0161\u010dina ZZZS - Hudo Slovenija","isPartOf":{"@id":"https:\/\/hudo.com\/si\/#website"},"datePublished":"2016-09-01T08:07:00+00:00","dateModified":"2016-09-01T08:07:00+00:00","breadcrumb":{"@id":"https:\/\/hudo.com\/si\/aktualno\/suslja-potrdila-tudi-skupscina-zzzs\/#breadcrumb"},"inLanguage":"sl-SI","potentialAction":[{"@type":"ReadAction","target":["https:\/\/hudo.com\/si\/aktualno\/suslja-potrdila-tudi-skupscina-zzzs\/"]}]},{"@type":"BreadcrumbList","@id":"https:\/\/hudo.com\/si\/aktualno\/suslja-potrdila-tudi-skupscina-zzzs\/#breadcrumb","itemListElement":[{"@type":"ListItem","position":1,"name":"Home","item":"https:\/\/hudo.com\/si\/"},{"@type":"ListItem","position":2,"name":"Su\u0161lja potrdila tudi skup\u0161\u010dina ZZZS"}]},{"@type":"WebSite","@id":"https:\/\/hudo.com\/si\/#website","url":"https:\/\/hudo.com\/si\/","name":"Hudo Slovenija","description":"Vse novice iz Slovenije in sveta","publisher":{"@id":"https:\/\/hudo.com\/si\/#organization"},"potentialAction":[{"@type":"SearchAction","target":{"@type":"EntryPoint","urlTemplate":"https:\/\/hudo.com\/si\/?s={search_term_string}"},"query-input":"required name=search_term_string"}],"inLanguage":"sl-SI"},{"@type":"Organization","@id":"https:\/\/hudo.com\/si\/#organization","name":"VSN Media","url":"https:\/\/hudo.com\/si\/","logo":{"@type":"ImageObject","inLanguage":"sl-SI","@id":"https:\/\/hudo.com\/si\/#\/schema\/logo\/image\/","url":"https:\/\/hudo.com\/si\/wp-content\/uploads\/sites\/2\/2021\/03\/hudo-app-2.png","contentUrl":"https:\/\/hudo.com\/si\/wp-content\/uploads\/sites\/2\/2021\/03\/hudo-app-2.png","width":2185,"height":2167,"caption":"VSN Media"},"image":{"@id":"https:\/\/hudo.com\/si\/#\/schema\/logo\/image\/"},"sameAs":["https:\/\/www.facebook.com\/hudo.si","https:\/\/twitter.com\/hudo_si"]},{"@type":"Person","@id":"https:\/\/hudo.com\/si\/#\/schema\/person\/601cf3379633985b20f7e50f2bb47707","name":"hudo","image":{"@type":"ImageObject","inLanguage":"sl-SI","@id":"https:\/\/hudo.com\/si\/#\/schema\/person\/image\/","url":"https:\/\/secure.gravatar.com\/avatar\/c4ca25fa72cace7a696b52ff5db9e095?s=96&d=mm&r=g","contentUrl":"https:\/\/secure.gravatar.com\/avatar\/c4ca25fa72cace7a696b52ff5db9e095?s=96&d=mm&r=g","caption":"hudo"},"url":"https:\/\/hudo.com\/si\/author\/hudo\/"}]}},"amp_enabled":true,"_links":{"self":[{"href":"https:\/\/hudo.com\/si\/wp-json\/wp\/v2\/posts\/124489"}],"collection":[{"href":"https:\/\/hudo.com\/si\/wp-json\/wp\/v2\/posts"}],"about":[{"href":"https:\/\/hudo.com\/si\/wp-json\/wp\/v2\/types\/post"}],"author":[{"embeddable":true,"href":"https:\/\/hudo.com\/si\/wp-json\/wp\/v2\/users\/1"}],"replies":[{"embeddable":true,"href":"https:\/\/hudo.com\/si\/wp-json\/wp\/v2\/comments?post=124489"}],"version-history":[{"count":0,"href":"https:\/\/hudo.com\/si\/wp-json\/wp\/v2\/posts\/124489\/revisions"}],"wp:attachment":[{"href":"https:\/\/hudo.com\/si\/wp-json\/wp\/v2\/media?parent=124489"}],"wp:term":[{"taxonomy":"category","embeddable":true,"href":"https:\/\/hudo.com\/si\/wp-json\/wp\/v2\/categories?post=124489"},{"taxonomy":"post_tag","embeddable":true,"href":"https:\/\/hudo.com\/si\/wp-json\/wp\/v2\/tags?post=124489"},{"taxonomy":"source","embeddable":true,"href":"https:\/\/hudo.com\/si\/wp-json\/wp\/v2\/source?post=124489"},{"taxonomy":"supertag","embeddable":true,"href":"https:\/\/hudo.com\/si\/wp-json\/wp\/v2\/supertag?post=124489"}],"curies":[{"name":"wp","href":"https:\/\/api.w.org\/{rel}","templated":true}]}}