{"id":124541,"date":"2016-09-01T08:45:00","date_gmt":"2016-09-01T06:45:00","guid":{"rendered":"http:\/\/hudo.com\/si\/2016\/09\/01\/na-hrvaskem-se-pripravljajo-na-nov-begunski-val-2\/"},"modified":"2016-09-02T07:11:38","modified_gmt":"2016-09-02T05:11:38","slug":"na-hrvaskem-se-pripravljajo-na-nov-begunski-val-2","status":"publish","type":"post","link":"https:\/\/hudo.com\/si\/aktualno\/na-hrvaskem-se-pripravljajo-na-nov-begunski-val-2\/","title":{"rendered":"Na Hrva\u0161kem se pripravljajo na nov begunski val"},"content":{"rendered":"<p>Hrva\u0161ki notranji minister Vlaho Orepi\u0107 je izjavil, da je Hrva\u0161ka pripravljena na morebiten nov begunski val ter da &#8220;fantasti\u010dno&#8221; sodeluje s Mad\u017earsko, Srbijo in Slovenijo. Po neuradnih podatkih naj bi hrva\u0161ka policija odpoklicala enote, ki so pomagale na obali, nazaj na vzhod dr\u017eave ob meji s Srbijo. Hrva\u0161ki premier Tihomir Ore\u0161kovi\u0107 je med nedavnim sre\u010danjem z nem\u0161ko kanclerko Angelo Merkel ponovil, da Hrva\u0161ka nima zmogljivosti za sprejem ve\u010djega \u0161tevila beguncev. Potrdil je, da se bodo glede begunskega vala znova usklajevali z Avstrijo in Slovenijo. Ali bo v Evropo znova pljusknil ve\u010dji val beguncev in migrantov, bo odvisno predvsem od uspeha sporazuma o beguncih med Evropsko unijo in Tur\u010dijo, ter od nem\u0161ke politike do migrantov. Orepi\u0107 je dejal, da je stanje glede migracij na Hrva\u0161kem stabilno ter da ni indicev, da bi lahko izbruhnile te\u017eave. &#8220;Kaj se bo zgodilo v dveh urah ali dveh dneh, pa ne ve nih\u010de,&#8221; je dejal za hrva\u0161ke medije. Medtem je Mad\u017earska napovedala, da bo zgradila dodatne \u017ei\u010dne ograje ob meji s Srbijo, kjer je po navedbah tamkaj\u0161nje komisije za begunce in migracije trenutno nekaj ve\u010d kot 4000 beguncev, ve\u010djega pritiska migrantov na srbske meje pa ni. Mad\u017earska vsak dan spusti v dr\u017eavo pribli\u017eno 30 migrantov iz Srbije. Na Hrva\u0161kem poro\u010dajo, da je notranje ministrstvo ravno zaradi priprav na nov begunski val vrnilo vse policiste v njihove policijske postaje v Slavoniji na vzhodu dr\u017eave, potem ko so bili razporejeni na obali kot pomo\u010d med turisti\u010dno sezono. Na hrva\u0161kem notranjem ministrstvu so pojasnili, da so policiste vrnili domov, ker se turisti\u010dna sezona bli\u017ea koncu in so se na ta na\u010din izognili nepotrebnim stro\u0161kom za dodatne policiste ob obali. Hrva\u0161ki policisti so v torek in sredo ustavili 54 prebe\u017enikov, ki so z obmo\u010dja Reke sku\u0161ali nezakonito vstopiti v Slovenijo. Na obmo\u010dju Matuljev nedale\u010d od mejnega prehoda Jel\u0161ane so ustavili skupino, v kateri so bili dr\u017eavljani Albanije in Afganistana. Za prebe\u017enike, ki so jih ustavili v Gorskem kotarju n<\/p>\n","protected":false},"excerpt":{"rendered":"<p>Hrva\u0161ki notranji minister Vlaho Orepi\u0107 je izjavil, da je Hrva\u0161ka pripravljena na morebiten nov begunski val ter da &#8220;fantasti\u010dno&#8221; sodeluje s Mad\u017earsko, Srbijo in Slovenijo. Po neuradnih podatkih naj bi hrva\u0161ka policija odpoklicala enote, ki so pomagale na obali, nazaj na vzhod dr\u017eave ob meji s Srbijo. Hrva\u0161ki premier Tihomir Ore\u0161kovi\u0107 je med nedavnim sre\u010danjem z nem\u0161ko kanclerko Angelo Merkel ponovil, da Hrva\u0161ka nima zmogljivosti za sprejem ve\u010djega \u0161tevila beguncev. Potrdil je, da se bodo glede begunskega vala znova usklajevali z Avstrijo in Slovenijo. Ali bo v Evropo znova pljusknil ve\u010dji val beguncev in migrantov, bo odvisno predvsem od uspeha sporazuma o beguncih med Evropsko unijo in Tur\u010dijo, ter od nem\u0161ke politike do migrantov. Orepi\u0107 je dejal, da je stanje glede migracij na Hrva\u0161kem stabilno ter da ni indicev, da bi lahko izbruhnile te\u017eave. &#8220;Kaj se bo zgodilo v dveh urah ali dveh dneh, pa ne ve nih\u010de,&#8221; je dejal za hrva\u0161ke medije. Medtem je Mad\u017earska napovedala, da bo zgradila dodatne \u017ei\u010dne ograje ob meji s Srbijo, kjer je po navedbah tamkaj\u0161nje komisije za begunce in migracije trenutno nekaj ve\u010d kot 4000 beguncev, ve\u010djega pritiska migrantov na srbske meje pa ni. Mad\u017earska vsak dan spusti v dr\u017eavo pribli\u017eno 30 migrantov iz Srbije. Na Hrva\u0161kem poro\u010dajo, da je notranje ministrstvo ravno zaradi priprav na nov begunski val vrnilo vse policiste v njihove policijske postaje v Slavoniji na vzhodu dr\u017eave, potem ko so bili razporejeni na obali kot pomo\u010d med turisti\u010dno sezono. Na hrva\u0161kem notranjem ministrstvu so pojasnili, da so policiste vrnili domov, ker se turisti\u010dna sezona bli\u017ea koncu in so se na ta na\u010din izognili nepotrebnim stro\u0161kom za dodatne policiste ob obali. Hrva\u0161ki policisti so v torek in sredo ustavili 54 prebe\u017enikov, ki so z obmo\u010dja Reke sku\u0161ali nezakonito vstopiti v Slovenijo. Na obmo\u010dju Matuljev nedale\u010d od mejnega prehoda Jel\u0161ane so ustavili skupino, v kateri so bili dr\u017eavljani Albanije in Afganistana. Za prebe\u017enike, ki so jih ustavili v Gorskem kotarju n<\/p>\n","protected":false},"author":1,"featured_media":0,"comment_status":"closed","ping_status":"closed","sticky":false,"template":"","format":"standard","meta":{"footnotes":""},"categories":[1179],"tags":[],"source":[1711],"supertag":[],"acf":[],"yoast_head":"<!-- This site is optimized with the Yoast SEO plugin v21.3 - https:\/\/yoast.com\/wordpress\/plugins\/seo\/ -->\n<title>Na Hrva\u0161kem se pripravljajo na nov begunski val - Hudo Slovenija<\/title>\n<meta name=\"robots\" content=\"index, follow, max-snippet:-1, max-image-preview:large, max-video-preview:-1\" \/>\n<link rel=\"canonical\" href=\"https:\/\/hudo.com\/si\/aktualno\/na-hrvaskem-se-pripravljajo-na-nov-begunski-val-2\/\" \/>\n<meta property=\"og:locale\" content=\"sl_SI\" \/>\n<meta property=\"og:type\" content=\"article\" \/>\n<meta property=\"og:title\" content=\"Na Hrva\u0161kem se pripravljajo na nov begunski val - Hudo Slovenija\" \/>\n<meta property=\"og:description\" content=\"Hrva\u0161ki notranji minister Vlaho Orepi\u0107 je izjavil, da je Hrva\u0161ka pripravljena na morebiten nov begunski val ter da &quot;fantasti\u010dno&quot; sodeluje s Mad\u017earsko, Srbijo in Slovenijo. Po neuradnih podatkih naj bi hrva\u0161ka policija odpoklicala enote, ki so pomagale na obali, nazaj na vzhod dr\u017eave ob meji s Srbijo. Hrva\u0161ki premier Tihomir Ore\u0161kovi\u0107 je med nedavnim sre\u010danjem z nem\u0161ko kanclerko Angelo Merkel ponovil, da Hrva\u0161ka nima zmogljivosti za sprejem ve\u010djega \u0161tevila beguncev. Potrdil je, da se bodo glede begunskega vala znova usklajevali z Avstrijo in Slovenijo. Ali bo v Evropo znova pljusknil ve\u010dji val beguncev in migrantov, bo odvisno predvsem od uspeha sporazuma o beguncih med Evropsko unijo in Tur\u010dijo, ter od nem\u0161ke politike do migrantov. Orepi\u0107 je dejal, da je stanje glede migracij na Hrva\u0161kem stabilno ter da ni indicev, da bi lahko izbruhnile te\u017eave. &quot;Kaj se bo zgodilo v dveh urah ali dveh dneh, pa ne ve nih\u010de,&quot; je dejal za hrva\u0161ke medije. Medtem je Mad\u017earska napovedala, da bo zgradila dodatne \u017ei\u010dne ograje ob meji s Srbijo, kjer je po navedbah tamkaj\u0161nje komisije za begunce in migracije trenutno nekaj ve\u010d kot 4000 beguncev, ve\u010djega pritiska migrantov na srbske meje pa ni. Mad\u017earska vsak dan spusti v dr\u017eavo pribli\u017eno 30 migrantov iz Srbije. Na Hrva\u0161kem poro\u010dajo, da je notranje ministrstvo ravno zaradi priprav na nov begunski val vrnilo vse policiste v njihove policijske postaje v Slavoniji na vzhodu dr\u017eave, potem ko so bili razporejeni na obali kot pomo\u010d med turisti\u010dno sezono. Na hrva\u0161kem notranjem ministrstvu so pojasnili, da so policiste vrnili domov, ker se turisti\u010dna sezona bli\u017ea koncu in so se na ta na\u010din izognili nepotrebnim stro\u0161kom za dodatne policiste ob obali. Hrva\u0161ki policisti so v torek in sredo ustavili 54 prebe\u017enikov, ki so z obmo\u010dja Reke sku\u0161ali nezakonito vstopiti v Slovenijo. Na obmo\u010dju Matuljev nedale\u010d od mejnega prehoda Jel\u0161ane so ustavili skupino, v kateri so bili dr\u017eavljani Albanije in Afganistana. Za prebe\u017enike, ki so jih ustavili v Gorskem kotarju n\" \/>\n<meta property=\"og:url\" content=\"https:\/\/hudo.com\/si\/aktualno\/na-hrvaskem-se-pripravljajo-na-nov-begunski-val-2\/\" \/>\n<meta property=\"og:site_name\" content=\"Hudo Slovenija\" \/>\n<meta property=\"article:publisher\" content=\"https:\/\/www.facebook.com\/hudo.si\" \/>\n<meta property=\"article:published_time\" content=\"2016-09-01T06:45:00+00:00\" \/>\n<meta property=\"article:modified_time\" content=\"2016-09-02T05:11:38+00:00\" \/>\n<meta property=\"og:image\" content=\"https:\/\/hudo.com\/si\/wp-content\/uploads\/sites\/2\/2016\/09\/01423482F-300.jpg\" \/>\n\t<meta property=\"og:image:width\" content=\"450\" \/>\n\t<meta property=\"og:image:height\" content=\"622\" \/>\n\t<meta property=\"og:image:type\" content=\"image\/jpeg\" \/>\n<meta name=\"author\" content=\"hudo\" \/>\n<meta name=\"twitter:card\" content=\"summary_large_image\" \/>\n<meta name=\"twitter:creator\" content=\"@hudo_si\" \/>\n<meta name=\"twitter:site\" content=\"@hudo_si\" \/>\n<meta name=\"twitter:label1\" content=\"Written by\" \/>\n\t<meta name=\"twitter:data1\" content=\"hudo\" \/>\n\t<meta name=\"twitter:label2\" content=\"Est. reading time\" \/>\n\t<meta name=\"twitter:data2\" content=\"2 minuti\" \/>\n<script type=\"application\/ld+json\" class=\"yoast-schema-graph\">{\"@context\":\"https:\/\/schema.org\",\"@graph\":[{\"@type\":\"Article\",\"@id\":\"https:\/\/hudo.com\/si\/aktualno\/na-hrvaskem-se-pripravljajo-na-nov-begunski-val-2\/#article\",\"isPartOf\":{\"@id\":\"https:\/\/hudo.com\/si\/aktualno\/na-hrvaskem-se-pripravljajo-na-nov-begunski-val-2\/\"},\"author\":{\"name\":\"hudo\",\"@id\":\"https:\/\/hudo.com\/si\/#\/schema\/person\/601cf3379633985b20f7e50f2bb47707\"},\"headline\":\"Na Hrva\u0161kem se pripravljajo na nov begunski val\",\"datePublished\":\"2016-09-01T06:45:00+00:00\",\"dateModified\":\"2016-09-02T05:11:38+00:00\",\"mainEntityOfPage\":{\"@id\":\"https:\/\/hudo.com\/si\/aktualno\/na-hrvaskem-se-pripravljajo-na-nov-begunski-val-2\/\"},\"wordCount\":369,\"publisher\":{\"@id\":\"https:\/\/hudo.com\/si\/#organization\"},\"articleSection\":[\"Aktualno\"],\"inLanguage\":\"sl-SI\"},{\"@type\":\"WebPage\",\"@id\":\"https:\/\/hudo.com\/si\/aktualno\/na-hrvaskem-se-pripravljajo-na-nov-begunski-val-2\/\",\"url\":\"https:\/\/hudo.com\/si\/aktualno\/na-hrvaskem-se-pripravljajo-na-nov-begunski-val-2\/\",\"name\":\"Na Hrva\u0161kem se pripravljajo na nov begunski val - Hudo Slovenija\",\"isPartOf\":{\"@id\":\"https:\/\/hudo.com\/si\/#website\"},\"datePublished\":\"2016-09-01T06:45:00+00:00\",\"dateModified\":\"2016-09-02T05:11:38+00:00\",\"breadcrumb\":{\"@id\":\"https:\/\/hudo.com\/si\/aktualno\/na-hrvaskem-se-pripravljajo-na-nov-begunski-val-2\/#breadcrumb\"},\"inLanguage\":\"sl-SI\",\"potentialAction\":[{\"@type\":\"ReadAction\",\"target\":[\"https:\/\/hudo.com\/si\/aktualno\/na-hrvaskem-se-pripravljajo-na-nov-begunski-val-2\/\"]}]},{\"@type\":\"BreadcrumbList\",\"@id\":\"https:\/\/hudo.com\/si\/aktualno\/na-hrvaskem-se-pripravljajo-na-nov-begunski-val-2\/#breadcrumb\",\"itemListElement\":[{\"@type\":\"ListItem\",\"position\":1,\"name\":\"Home\",\"item\":\"https:\/\/hudo.com\/si\/\"},{\"@type\":\"ListItem\",\"position\":2,\"name\":\"Na Hrva\u0161kem se pripravljajo na nov begunski val\"}]},{\"@type\":\"WebSite\",\"@id\":\"https:\/\/hudo.com\/si\/#website\",\"url\":\"https:\/\/hudo.com\/si\/\",\"name\":\"Hudo Slovenija\",\"description\":\"Vse novice iz Slovenije in sveta\",\"publisher\":{\"@id\":\"https:\/\/hudo.com\/si\/#organization\"},\"potentialAction\":[{\"@type\":\"SearchAction\",\"target\":{\"@type\":\"EntryPoint\",\"urlTemplate\":\"https:\/\/hudo.com\/si\/?s={search_term_string}\"},\"query-input\":\"required name=search_term_string\"}],\"inLanguage\":\"sl-SI\"},{\"@type\":\"Organization\",\"@id\":\"https:\/\/hudo.com\/si\/#organization\",\"name\":\"VSN Media\",\"url\":\"https:\/\/hudo.com\/si\/\",\"logo\":{\"@type\":\"ImageObject\",\"inLanguage\":\"sl-SI\",\"@id\":\"https:\/\/hudo.com\/si\/#\/schema\/logo\/image\/\",\"url\":\"https:\/\/hudo.com\/si\/wp-content\/uploads\/sites\/2\/2021\/03\/hudo-app-2.png\",\"contentUrl\":\"https:\/\/hudo.com\/si\/wp-content\/uploads\/sites\/2\/2021\/03\/hudo-app-2.png\",\"width\":2185,\"height\":2167,\"caption\":\"VSN Media\"},\"image\":{\"@id\":\"https:\/\/hudo.com\/si\/#\/schema\/logo\/image\/\"},\"sameAs\":[\"https:\/\/www.facebook.com\/hudo.si\",\"https:\/\/twitter.com\/hudo_si\"]},{\"@type\":\"Person\",\"@id\":\"https:\/\/hudo.com\/si\/#\/schema\/person\/601cf3379633985b20f7e50f2bb47707\",\"name\":\"hudo\",\"image\":{\"@type\":\"ImageObject\",\"inLanguage\":\"sl-SI\",\"@id\":\"https:\/\/hudo.com\/si\/#\/schema\/person\/image\/\",\"url\":\"https:\/\/secure.gravatar.com\/avatar\/c4ca25fa72cace7a696b52ff5db9e095?s=96&d=mm&r=g\",\"contentUrl\":\"https:\/\/secure.gravatar.com\/avatar\/c4ca25fa72cace7a696b52ff5db9e095?s=96&d=mm&r=g\",\"caption\":\"hudo\"},\"url\":\"https:\/\/hudo.com\/si\/author\/hudo\/\"}]}<\/script>\n<!-- \/ Yoast SEO plugin. -->","yoast_head_json":{"title":"Na Hrva\u0161kem se pripravljajo na nov begunski val - Hudo Slovenija","robots":{"index":"index","follow":"follow","max-snippet":"max-snippet:-1","max-image-preview":"max-image-preview:large","max-video-preview":"max-video-preview:-1"},"canonical":"https:\/\/hudo.com\/si\/aktualno\/na-hrvaskem-se-pripravljajo-na-nov-begunski-val-2\/","og_locale":"sl_SI","og_type":"article","og_title":"Na Hrva\u0161kem se pripravljajo na nov begunski val - Hudo Slovenija","og_description":"Hrva\u0161ki notranji minister Vlaho Orepi\u0107 je izjavil, da je Hrva\u0161ka pripravljena na morebiten nov begunski val ter da \"fantasti\u010dno\" sodeluje s Mad\u017earsko, Srbijo in Slovenijo. Po neuradnih podatkih naj bi hrva\u0161ka policija odpoklicala enote, ki so pomagale na obali, nazaj na vzhod dr\u017eave ob meji s Srbijo. Hrva\u0161ki premier Tihomir Ore\u0161kovi\u0107 je med nedavnim sre\u010danjem z nem\u0161ko kanclerko Angelo Merkel ponovil, da Hrva\u0161ka nima zmogljivosti za sprejem ve\u010djega \u0161tevila beguncev. Potrdil je, da se bodo glede begunskega vala znova usklajevali z Avstrijo in Slovenijo. Ali bo v Evropo znova pljusknil ve\u010dji val beguncev in migrantov, bo odvisno predvsem od uspeha sporazuma o beguncih med Evropsko unijo in Tur\u010dijo, ter od nem\u0161ke politike do migrantov. Orepi\u0107 je dejal, da je stanje glede migracij na Hrva\u0161kem stabilno ter da ni indicev, da bi lahko izbruhnile te\u017eave. \"Kaj se bo zgodilo v dveh urah ali dveh dneh, pa ne ve nih\u010de,\" je dejal za hrva\u0161ke medije. Medtem je Mad\u017earska napovedala, da bo zgradila dodatne \u017ei\u010dne ograje ob meji s Srbijo, kjer je po navedbah tamkaj\u0161nje komisije za begunce in migracije trenutno nekaj ve\u010d kot 4000 beguncev, ve\u010djega pritiska migrantov na srbske meje pa ni. Mad\u017earska vsak dan spusti v dr\u017eavo pribli\u017eno 30 migrantov iz Srbije. Na Hrva\u0161kem poro\u010dajo, da je notranje ministrstvo ravno zaradi priprav na nov begunski val vrnilo vse policiste v njihove policijske postaje v Slavoniji na vzhodu dr\u017eave, potem ko so bili razporejeni na obali kot pomo\u010d med turisti\u010dno sezono. Na hrva\u0161kem notranjem ministrstvu so pojasnili, da so policiste vrnili domov, ker se turisti\u010dna sezona bli\u017ea koncu in so se na ta na\u010din izognili nepotrebnim stro\u0161kom za dodatne policiste ob obali. Hrva\u0161ki policisti so v torek in sredo ustavili 54 prebe\u017enikov, ki so z obmo\u010dja Reke sku\u0161ali nezakonito vstopiti v Slovenijo. Na obmo\u010dju Matuljev nedale\u010d od mejnega prehoda Jel\u0161ane so ustavili skupino, v kateri so bili dr\u017eavljani Albanije in Afganistana. Za prebe\u017enike, ki so jih ustavili v Gorskem kotarju n","og_url":"https:\/\/hudo.com\/si\/aktualno\/na-hrvaskem-se-pripravljajo-na-nov-begunski-val-2\/","og_site_name":"Hudo Slovenija","article_publisher":"https:\/\/www.facebook.com\/hudo.si","article_published_time":"2016-09-01T06:45:00+00:00","article_modified_time":"2016-09-02T05:11:38+00:00","og_image":[{"width":450,"height":622,"url":"https:\/\/hudo.com\/si\/wp-content\/uploads\/sites\/2\/2016\/09\/01423482F-300.jpg","type":"image\/jpeg"}],"author":"hudo","twitter_card":"summary_large_image","twitter_creator":"@hudo_si","twitter_site":"@hudo_si","twitter_misc":{"Written by":"hudo","Est. reading time":"2 minuti"},"schema":{"@context":"https:\/\/schema.org","@graph":[{"@type":"Article","@id":"https:\/\/hudo.com\/si\/aktualno\/na-hrvaskem-se-pripravljajo-na-nov-begunski-val-2\/#article","isPartOf":{"@id":"https:\/\/hudo.com\/si\/aktualno\/na-hrvaskem-se-pripravljajo-na-nov-begunski-val-2\/"},"author":{"name":"hudo","@id":"https:\/\/hudo.com\/si\/#\/schema\/person\/601cf3379633985b20f7e50f2bb47707"},"headline":"Na Hrva\u0161kem se pripravljajo na nov begunski val","datePublished":"2016-09-01T06:45:00+00:00","dateModified":"2016-09-02T05:11:38+00:00","mainEntityOfPage":{"@id":"https:\/\/hudo.com\/si\/aktualno\/na-hrvaskem-se-pripravljajo-na-nov-begunski-val-2\/"},"wordCount":369,"publisher":{"@id":"https:\/\/hudo.com\/si\/#organization"},"articleSection":["Aktualno"],"inLanguage":"sl-SI"},{"@type":"WebPage","@id":"https:\/\/hudo.com\/si\/aktualno\/na-hrvaskem-se-pripravljajo-na-nov-begunski-val-2\/","url":"https:\/\/hudo.com\/si\/aktualno\/na-hrvaskem-se-pripravljajo-na-nov-begunski-val-2\/","name":"Na Hrva\u0161kem se pripravljajo na nov begunski val - Hudo Slovenija","isPartOf":{"@id":"https:\/\/hudo.com\/si\/#website"},"datePublished":"2016-09-01T06:45:00+00:00","dateModified":"2016-09-02T05:11:38+00:00","breadcrumb":{"@id":"https:\/\/hudo.com\/si\/aktualno\/na-hrvaskem-se-pripravljajo-na-nov-begunski-val-2\/#breadcrumb"},"inLanguage":"sl-SI","potentialAction":[{"@type":"ReadAction","target":["https:\/\/hudo.com\/si\/aktualno\/na-hrvaskem-se-pripravljajo-na-nov-begunski-val-2\/"]}]},{"@type":"BreadcrumbList","@id":"https:\/\/hudo.com\/si\/aktualno\/na-hrvaskem-se-pripravljajo-na-nov-begunski-val-2\/#breadcrumb","itemListElement":[{"@type":"ListItem","position":1,"name":"Home","item":"https:\/\/hudo.com\/si\/"},{"@type":"ListItem","position":2,"name":"Na Hrva\u0161kem se pripravljajo na nov begunski val"}]},{"@type":"WebSite","@id":"https:\/\/hudo.com\/si\/#website","url":"https:\/\/hudo.com\/si\/","name":"Hudo Slovenija","description":"Vse novice iz Slovenije in sveta","publisher":{"@id":"https:\/\/hudo.com\/si\/#organization"},"potentialAction":[{"@type":"SearchAction","target":{"@type":"EntryPoint","urlTemplate":"https:\/\/hudo.com\/si\/?s={search_term_string}"},"query-input":"required name=search_term_string"}],"inLanguage":"sl-SI"},{"@type":"Organization","@id":"https:\/\/hudo.com\/si\/#organization","name":"VSN Media","url":"https:\/\/hudo.com\/si\/","logo":{"@type":"ImageObject","inLanguage":"sl-SI","@id":"https:\/\/hudo.com\/si\/#\/schema\/logo\/image\/","url":"https:\/\/hudo.com\/si\/wp-content\/uploads\/sites\/2\/2021\/03\/hudo-app-2.png","contentUrl":"https:\/\/hudo.com\/si\/wp-content\/uploads\/sites\/2\/2021\/03\/hudo-app-2.png","width":2185,"height":2167,"caption":"VSN Media"},"image":{"@id":"https:\/\/hudo.com\/si\/#\/schema\/logo\/image\/"},"sameAs":["https:\/\/www.facebook.com\/hudo.si","https:\/\/twitter.com\/hudo_si"]},{"@type":"Person","@id":"https:\/\/hudo.com\/si\/#\/schema\/person\/601cf3379633985b20f7e50f2bb47707","name":"hudo","image":{"@type":"ImageObject","inLanguage":"sl-SI","@id":"https:\/\/hudo.com\/si\/#\/schema\/person\/image\/","url":"https:\/\/secure.gravatar.com\/avatar\/c4ca25fa72cace7a696b52ff5db9e095?s=96&d=mm&r=g","contentUrl":"https:\/\/secure.gravatar.com\/avatar\/c4ca25fa72cace7a696b52ff5db9e095?s=96&d=mm&r=g","caption":"hudo"},"url":"https:\/\/hudo.com\/si\/author\/hudo\/"}]}},"amp_enabled":true,"_links":{"self":[{"href":"https:\/\/hudo.com\/si\/wp-json\/wp\/v2\/posts\/124541"}],"collection":[{"href":"https:\/\/hudo.com\/si\/wp-json\/wp\/v2\/posts"}],"about":[{"href":"https:\/\/hudo.com\/si\/wp-json\/wp\/v2\/types\/post"}],"author":[{"embeddable":true,"href":"https:\/\/hudo.com\/si\/wp-json\/wp\/v2\/users\/1"}],"replies":[{"embeddable":true,"href":"https:\/\/hudo.com\/si\/wp-json\/wp\/v2\/comments?post=124541"}],"version-history":[{"count":1,"href":"https:\/\/hudo.com\/si\/wp-json\/wp\/v2\/posts\/124541\/revisions"}],"predecessor-version":[{"id":124546,"href":"https:\/\/hudo.com\/si\/wp-json\/wp\/v2\/posts\/124541\/revisions\/124546"}],"wp:attachment":[{"href":"https:\/\/hudo.com\/si\/wp-json\/wp\/v2\/media?parent=124541"}],"wp:term":[{"taxonomy":"category","embeddable":true,"href":"https:\/\/hudo.com\/si\/wp-json\/wp\/v2\/categories?post=124541"},{"taxonomy":"post_tag","embeddable":true,"href":"https:\/\/hudo.com\/si\/wp-json\/wp\/v2\/tags?post=124541"},{"taxonomy":"source","embeddable":true,"href":"https:\/\/hudo.com\/si\/wp-json\/wp\/v2\/source?post=124541"},{"taxonomy":"supertag","embeddable":true,"href":"https:\/\/hudo.com\/si\/wp-json\/wp\/v2\/supertag?post=124541"}],"curies":[{"name":"wp","href":"https:\/\/api.w.org\/{rel}","templated":true}]}}