{"id":125991,"date":"2016-09-03T17:45:00","date_gmt":"2016-09-03T15:45:00","guid":{"rendered":"http:\/\/hudo.com\/si\/2016\/09\/03\/kazen-za-zlocine-iz-leta-1971\/"},"modified":"2016-09-04T16:36:17","modified_gmt":"2016-09-04T14:36:17","slug":"kazen-za-zlocine-iz-leta-1971","status":"publish","type":"post","link":"https:\/\/hudo.com\/si\/aktualno\/kazen-za-zlocine-iz-leta-1971\/","title":{"rendered":"Kazen za zlo\u010dine iz leta 1971"},"content":{"rendered":"<p>V Banglade\u0161u so danes usmrtili medijskega tajkuna in vodilnega finan\u010dnega podpornika najve\u010dje islamisti\u010dne stranke v dr\u017eavi D\u017eamat-e-islami, Mira Quasema Alija, ki ga je posebno sodi\u0161\u010de leta 2014 obsodilo na smrt zaradi vojnih zlo\u010dinov med vojno za samostojnost Banglade\u0161a leta 1971, poro\u010dajo tuje tiskovne agencije. 63-letnega Mira Kuasem Alija so ob 22.35 po lokalnem \u010dasu obesili v strogo varovanem zaporu v bli\u017eini prestolnice Daka, poro\u010da francoska tiskovna agencija AFP. Vrhovno sodi\u0161\u010de v Banglade\u0161u je pred tremi zavrnilo zahtevo po reviziji obsodbe na smrt. 63-letnega Alija, ki je bil lastnik televizijske postaje in \u010dasnika, je sodi\u0161\u010de spoznalo za krivega po osmih to\u010dkah obto\u017enice, od katerih je bila za dve zagro\u017eena smrtna kazen. Za druge to\u010dke obto\u017enice so ga obsodili na 72-letno zaporno kazen. Med vojno leta 1971 naj bi po neodvisnih ocenah v Banglade\u0161u umrlo od 300.000 do 500.000 ljudi.Svet<\/p>\n","protected":false},"excerpt":{"rendered":"<p>V Banglade\u0161u so danes usmrtili medijskega tajkuna in vodilnega finan\u010dnega podpornika najve\u010dje islamisti\u010dne stranke v dr\u017eavi D\u017eamat-e-islami, Mira Quasema Alija, ki ga je posebno sodi\u0161\u010de leta 2014 obsodilo na smrt zaradi vojnih zlo\u010dinov med vojno za samostojnost Banglade\u0161a leta 1971, poro\u010dajo tuje tiskovne agencije. 63-letnega Mira Kuasem Alija so ob 22.35 po lokalnem \u010dasu obesili v strogo varovanem zaporu v bli\u017eini prestolnice Daka, poro\u010da francoska tiskovna agencija AFP. Vrhovno sodi\u0161\u010de v Banglade\u0161u je pred tremi zavrnilo zahtevo po reviziji obsodbe na smrt. 63-letnega Alija, ki je bil lastnik televizijske postaje in \u010dasnika, je sodi\u0161\u010de spoznalo za krivega po osmih to\u010dkah obto\u017enice, od katerih je bila za dve zagro\u017eena smrtna kazen. Za druge to\u010dke obto\u017enice so ga obsodili na 72-letno zaporno kazen. Med vojno leta 1971 naj bi po neodvisnih ocenah v Banglade\u0161u umrlo od 300.000 do 500.000 ljudi.Svet<\/p>\n","protected":false},"author":1,"featured_media":0,"comment_status":"closed","ping_status":"closed","sticky":false,"template":"","format":"standard","meta":{"footnotes":""},"categories":[1179],"tags":[],"source":[1711],"supertag":[],"acf":[],"yoast_head":"<!-- This site is optimized with the Yoast SEO plugin v21.3 - https:\/\/yoast.com\/wordpress\/plugins\/seo\/ -->\n<title>Kazen za zlo\u010dine iz leta 1971 - Hudo Slovenija<\/title>\n<meta name=\"robots\" content=\"index, follow, max-snippet:-1, max-image-preview:large, max-video-preview:-1\" \/>\n<link rel=\"canonical\" href=\"https:\/\/hudo.com\/si\/aktualno\/kazen-za-zlocine-iz-leta-1971\/\" \/>\n<meta property=\"og:locale\" content=\"sl_SI\" \/>\n<meta property=\"og:type\" content=\"article\" \/>\n<meta property=\"og:title\" content=\"Kazen za zlo\u010dine iz leta 1971 - Hudo Slovenija\" \/>\n<meta property=\"og:description\" content=\"V Banglade\u0161u so danes usmrtili medijskega tajkuna in vodilnega finan\u010dnega podpornika najve\u010dje islamisti\u010dne stranke v dr\u017eavi D\u017eamat-e-islami, Mira Quasema Alija, ki ga je posebno sodi\u0161\u010de leta 2014 obsodilo na smrt zaradi vojnih zlo\u010dinov med vojno za samostojnost Banglade\u0161a leta 1971, poro\u010dajo tuje tiskovne agencije. 63-letnega Mira Kuasem Alija so ob 22.35 po lokalnem \u010dasu obesili v strogo varovanem zaporu v bli\u017eini prestolnice Daka, poro\u010da francoska tiskovna agencija AFP. Vrhovno sodi\u0161\u010de v Banglade\u0161u je pred tremi zavrnilo zahtevo po reviziji obsodbe na smrt. 63-letnega Alija, ki je bil lastnik televizijske postaje in \u010dasnika, je sodi\u0161\u010de spoznalo za krivega po osmih to\u010dkah obto\u017enice, od katerih je bila za dve zagro\u017eena smrtna kazen. Za druge to\u010dke obto\u017enice so ga obsodili na 72-letno zaporno kazen. Med vojno leta 1971 naj bi po neodvisnih ocenah v Banglade\u0161u umrlo od 300.000 do 500.000 ljudi.Svet\" \/>\n<meta property=\"og:url\" content=\"https:\/\/hudo.com\/si\/aktualno\/kazen-za-zlocine-iz-leta-1971\/\" \/>\n<meta property=\"og:site_name\" content=\"Hudo Slovenija\" \/>\n<meta property=\"article:publisher\" content=\"https:\/\/www.facebook.com\/hudo.si\" \/>\n<meta property=\"article:published_time\" content=\"2016-09-03T15:45:00+00:00\" \/>\n<meta property=\"article:modified_time\" content=\"2016-09-04T14:36:17+00:00\" \/>\n<meta property=\"og:image\" content=\"https:\/\/hudo.com\/si\/wp-content\/uploads\/sites\/2\/2016\/09\/201411245239755734_20-300.jpg\" \/>\n\t<meta property=\"og:image:width\" content=\"450\" \/>\n\t<meta property=\"og:image:height\" content=\"253\" \/>\n\t<meta property=\"og:image:type\" content=\"image\/jpeg\" \/>\n<meta name=\"author\" content=\"hudo\" \/>\n<meta name=\"twitter:card\" content=\"summary_large_image\" \/>\n<meta name=\"twitter:creator\" content=\"@hudo_si\" \/>\n<meta name=\"twitter:site\" content=\"@hudo_si\" \/>\n<meta name=\"twitter:label1\" content=\"Written by\" \/>\n\t<meta name=\"twitter:data1\" content=\"hudo\" \/>\n\t<meta name=\"twitter:label2\" content=\"Est. reading time\" \/>\n\t<meta name=\"twitter:data2\" content=\"1 minuta\" \/>\n<script type=\"application\/ld+json\" class=\"yoast-schema-graph\">{\"@context\":\"https:\/\/schema.org\",\"@graph\":[{\"@type\":\"Article\",\"@id\":\"https:\/\/hudo.com\/si\/aktualno\/kazen-za-zlocine-iz-leta-1971\/#article\",\"isPartOf\":{\"@id\":\"https:\/\/hudo.com\/si\/aktualno\/kazen-za-zlocine-iz-leta-1971\/\"},\"author\":{\"name\":\"hudo\",\"@id\":\"https:\/\/hudo.com\/si\/#\/schema\/person\/601cf3379633985b20f7e50f2bb47707\"},\"headline\":\"Kazen za zlo\u010dine iz leta 1971\",\"datePublished\":\"2016-09-03T15:45:00+00:00\",\"dateModified\":\"2016-09-04T14:36:17+00:00\",\"mainEntityOfPage\":{\"@id\":\"https:\/\/hudo.com\/si\/aktualno\/kazen-za-zlocine-iz-leta-1971\/\"},\"wordCount\":160,\"publisher\":{\"@id\":\"https:\/\/hudo.com\/si\/#organization\"},\"articleSection\":[\"Aktualno\"],\"inLanguage\":\"sl-SI\"},{\"@type\":\"WebPage\",\"@id\":\"https:\/\/hudo.com\/si\/aktualno\/kazen-za-zlocine-iz-leta-1971\/\",\"url\":\"https:\/\/hudo.com\/si\/aktualno\/kazen-za-zlocine-iz-leta-1971\/\",\"name\":\"Kazen za zlo\u010dine iz leta 1971 - Hudo Slovenija\",\"isPartOf\":{\"@id\":\"https:\/\/hudo.com\/si\/#website\"},\"datePublished\":\"2016-09-03T15:45:00+00:00\",\"dateModified\":\"2016-09-04T14:36:17+00:00\",\"breadcrumb\":{\"@id\":\"https:\/\/hudo.com\/si\/aktualno\/kazen-za-zlocine-iz-leta-1971\/#breadcrumb\"},\"inLanguage\":\"sl-SI\",\"potentialAction\":[{\"@type\":\"ReadAction\",\"target\":[\"https:\/\/hudo.com\/si\/aktualno\/kazen-za-zlocine-iz-leta-1971\/\"]}]},{\"@type\":\"BreadcrumbList\",\"@id\":\"https:\/\/hudo.com\/si\/aktualno\/kazen-za-zlocine-iz-leta-1971\/#breadcrumb\",\"itemListElement\":[{\"@type\":\"ListItem\",\"position\":1,\"name\":\"Home\",\"item\":\"https:\/\/hudo.com\/si\/\"},{\"@type\":\"ListItem\",\"position\":2,\"name\":\"Kazen za zlo\u010dine iz leta 1971\"}]},{\"@type\":\"WebSite\",\"@id\":\"https:\/\/hudo.com\/si\/#website\",\"url\":\"https:\/\/hudo.com\/si\/\",\"name\":\"Hudo Slovenija\",\"description\":\"Vse novice iz Slovenije in sveta\",\"publisher\":{\"@id\":\"https:\/\/hudo.com\/si\/#organization\"},\"potentialAction\":[{\"@type\":\"SearchAction\",\"target\":{\"@type\":\"EntryPoint\",\"urlTemplate\":\"https:\/\/hudo.com\/si\/?s={search_term_string}\"},\"query-input\":\"required name=search_term_string\"}],\"inLanguage\":\"sl-SI\"},{\"@type\":\"Organization\",\"@id\":\"https:\/\/hudo.com\/si\/#organization\",\"name\":\"VSN Media\",\"url\":\"https:\/\/hudo.com\/si\/\",\"logo\":{\"@type\":\"ImageObject\",\"inLanguage\":\"sl-SI\",\"@id\":\"https:\/\/hudo.com\/si\/#\/schema\/logo\/image\/\",\"url\":\"https:\/\/hudo.com\/si\/wp-content\/uploads\/sites\/2\/2021\/03\/hudo-app-2.png\",\"contentUrl\":\"https:\/\/hudo.com\/si\/wp-content\/uploads\/sites\/2\/2021\/03\/hudo-app-2.png\",\"width\":2185,\"height\":2167,\"caption\":\"VSN Media\"},\"image\":{\"@id\":\"https:\/\/hudo.com\/si\/#\/schema\/logo\/image\/\"},\"sameAs\":[\"https:\/\/www.facebook.com\/hudo.si\",\"https:\/\/twitter.com\/hudo_si\"]},{\"@type\":\"Person\",\"@id\":\"https:\/\/hudo.com\/si\/#\/schema\/person\/601cf3379633985b20f7e50f2bb47707\",\"name\":\"hudo\",\"image\":{\"@type\":\"ImageObject\",\"inLanguage\":\"sl-SI\",\"@id\":\"https:\/\/hudo.com\/si\/#\/schema\/person\/image\/\",\"url\":\"https:\/\/secure.gravatar.com\/avatar\/c4ca25fa72cace7a696b52ff5db9e095?s=96&d=mm&r=g\",\"contentUrl\":\"https:\/\/secure.gravatar.com\/avatar\/c4ca25fa72cace7a696b52ff5db9e095?s=96&d=mm&r=g\",\"caption\":\"hudo\"},\"url\":\"https:\/\/hudo.com\/si\/author\/hudo\/\"}]}<\/script>\n<!-- \/ Yoast SEO plugin. -->","yoast_head_json":{"title":"Kazen za zlo\u010dine iz leta 1971 - Hudo Slovenija","robots":{"index":"index","follow":"follow","max-snippet":"max-snippet:-1","max-image-preview":"max-image-preview:large","max-video-preview":"max-video-preview:-1"},"canonical":"https:\/\/hudo.com\/si\/aktualno\/kazen-za-zlocine-iz-leta-1971\/","og_locale":"sl_SI","og_type":"article","og_title":"Kazen za zlo\u010dine iz leta 1971 - Hudo Slovenija","og_description":"V Banglade\u0161u so danes usmrtili medijskega tajkuna in vodilnega finan\u010dnega podpornika najve\u010dje islamisti\u010dne stranke v dr\u017eavi D\u017eamat-e-islami, Mira Quasema Alija, ki ga je posebno sodi\u0161\u010de leta 2014 obsodilo na smrt zaradi vojnih zlo\u010dinov med vojno za samostojnost Banglade\u0161a leta 1971, poro\u010dajo tuje tiskovne agencije. 63-letnega Mira Kuasem Alija so ob 22.35 po lokalnem \u010dasu obesili v strogo varovanem zaporu v bli\u017eini prestolnice Daka, poro\u010da francoska tiskovna agencija AFP. Vrhovno sodi\u0161\u010de v Banglade\u0161u je pred tremi zavrnilo zahtevo po reviziji obsodbe na smrt. 63-letnega Alija, ki je bil lastnik televizijske postaje in \u010dasnika, je sodi\u0161\u010de spoznalo za krivega po osmih to\u010dkah obto\u017enice, od katerih je bila za dve zagro\u017eena smrtna kazen. Za druge to\u010dke obto\u017enice so ga obsodili na 72-letno zaporno kazen. Med vojno leta 1971 naj bi po neodvisnih ocenah v Banglade\u0161u umrlo od 300.000 do 500.000 ljudi.Svet","og_url":"https:\/\/hudo.com\/si\/aktualno\/kazen-za-zlocine-iz-leta-1971\/","og_site_name":"Hudo Slovenija","article_publisher":"https:\/\/www.facebook.com\/hudo.si","article_published_time":"2016-09-03T15:45:00+00:00","article_modified_time":"2016-09-04T14:36:17+00:00","og_image":[{"width":450,"height":253,"url":"https:\/\/hudo.com\/si\/wp-content\/uploads\/sites\/2\/2016\/09\/201411245239755734_20-300.jpg","type":"image\/jpeg"}],"author":"hudo","twitter_card":"summary_large_image","twitter_creator":"@hudo_si","twitter_site":"@hudo_si","twitter_misc":{"Written by":"hudo","Est. reading time":"1 minuta"},"schema":{"@context":"https:\/\/schema.org","@graph":[{"@type":"Article","@id":"https:\/\/hudo.com\/si\/aktualno\/kazen-za-zlocine-iz-leta-1971\/#article","isPartOf":{"@id":"https:\/\/hudo.com\/si\/aktualno\/kazen-za-zlocine-iz-leta-1971\/"},"author":{"name":"hudo","@id":"https:\/\/hudo.com\/si\/#\/schema\/person\/601cf3379633985b20f7e50f2bb47707"},"headline":"Kazen za zlo\u010dine iz leta 1971","datePublished":"2016-09-03T15:45:00+00:00","dateModified":"2016-09-04T14:36:17+00:00","mainEntityOfPage":{"@id":"https:\/\/hudo.com\/si\/aktualno\/kazen-za-zlocine-iz-leta-1971\/"},"wordCount":160,"publisher":{"@id":"https:\/\/hudo.com\/si\/#organization"},"articleSection":["Aktualno"],"inLanguage":"sl-SI"},{"@type":"WebPage","@id":"https:\/\/hudo.com\/si\/aktualno\/kazen-za-zlocine-iz-leta-1971\/","url":"https:\/\/hudo.com\/si\/aktualno\/kazen-za-zlocine-iz-leta-1971\/","name":"Kazen za zlo\u010dine iz leta 1971 - Hudo Slovenija","isPartOf":{"@id":"https:\/\/hudo.com\/si\/#website"},"datePublished":"2016-09-03T15:45:00+00:00","dateModified":"2016-09-04T14:36:17+00:00","breadcrumb":{"@id":"https:\/\/hudo.com\/si\/aktualno\/kazen-za-zlocine-iz-leta-1971\/#breadcrumb"},"inLanguage":"sl-SI","potentialAction":[{"@type":"ReadAction","target":["https:\/\/hudo.com\/si\/aktualno\/kazen-za-zlocine-iz-leta-1971\/"]}]},{"@type":"BreadcrumbList","@id":"https:\/\/hudo.com\/si\/aktualno\/kazen-za-zlocine-iz-leta-1971\/#breadcrumb","itemListElement":[{"@type":"ListItem","position":1,"name":"Home","item":"https:\/\/hudo.com\/si\/"},{"@type":"ListItem","position":2,"name":"Kazen za zlo\u010dine iz leta 1971"}]},{"@type":"WebSite","@id":"https:\/\/hudo.com\/si\/#website","url":"https:\/\/hudo.com\/si\/","name":"Hudo Slovenija","description":"Vse novice iz Slovenije in sveta","publisher":{"@id":"https:\/\/hudo.com\/si\/#organization"},"potentialAction":[{"@type":"SearchAction","target":{"@type":"EntryPoint","urlTemplate":"https:\/\/hudo.com\/si\/?s={search_term_string}"},"query-input":"required name=search_term_string"}],"inLanguage":"sl-SI"},{"@type":"Organization","@id":"https:\/\/hudo.com\/si\/#organization","name":"VSN Media","url":"https:\/\/hudo.com\/si\/","logo":{"@type":"ImageObject","inLanguage":"sl-SI","@id":"https:\/\/hudo.com\/si\/#\/schema\/logo\/image\/","url":"https:\/\/hudo.com\/si\/wp-content\/uploads\/sites\/2\/2021\/03\/hudo-app-2.png","contentUrl":"https:\/\/hudo.com\/si\/wp-content\/uploads\/sites\/2\/2021\/03\/hudo-app-2.png","width":2185,"height":2167,"caption":"VSN Media"},"image":{"@id":"https:\/\/hudo.com\/si\/#\/schema\/logo\/image\/"},"sameAs":["https:\/\/www.facebook.com\/hudo.si","https:\/\/twitter.com\/hudo_si"]},{"@type":"Person","@id":"https:\/\/hudo.com\/si\/#\/schema\/person\/601cf3379633985b20f7e50f2bb47707","name":"hudo","image":{"@type":"ImageObject","inLanguage":"sl-SI","@id":"https:\/\/hudo.com\/si\/#\/schema\/person\/image\/","url":"https:\/\/secure.gravatar.com\/avatar\/c4ca25fa72cace7a696b52ff5db9e095?s=96&d=mm&r=g","contentUrl":"https:\/\/secure.gravatar.com\/avatar\/c4ca25fa72cace7a696b52ff5db9e095?s=96&d=mm&r=g","caption":"hudo"},"url":"https:\/\/hudo.com\/si\/author\/hudo\/"}]}},"amp_enabled":true,"_links":{"self":[{"href":"https:\/\/hudo.com\/si\/wp-json\/wp\/v2\/posts\/125991"}],"collection":[{"href":"https:\/\/hudo.com\/si\/wp-json\/wp\/v2\/posts"}],"about":[{"href":"https:\/\/hudo.com\/si\/wp-json\/wp\/v2\/types\/post"}],"author":[{"embeddable":true,"href":"https:\/\/hudo.com\/si\/wp-json\/wp\/v2\/users\/1"}],"replies":[{"embeddable":true,"href":"https:\/\/hudo.com\/si\/wp-json\/wp\/v2\/comments?post=125991"}],"version-history":[{"count":1,"href":"https:\/\/hudo.com\/si\/wp-json\/wp\/v2\/posts\/125991\/revisions"}],"predecessor-version":[{"id":126184,"href":"https:\/\/hudo.com\/si\/wp-json\/wp\/v2\/posts\/125991\/revisions\/126184"}],"wp:attachment":[{"href":"https:\/\/hudo.com\/si\/wp-json\/wp\/v2\/media?parent=125991"}],"wp:term":[{"taxonomy":"category","embeddable":true,"href":"https:\/\/hudo.com\/si\/wp-json\/wp\/v2\/categories?post=125991"},{"taxonomy":"post_tag","embeddable":true,"href":"https:\/\/hudo.com\/si\/wp-json\/wp\/v2\/tags?post=125991"},{"taxonomy":"source","embeddable":true,"href":"https:\/\/hudo.com\/si\/wp-json\/wp\/v2\/source?post=125991"},{"taxonomy":"supertag","embeddable":true,"href":"https:\/\/hudo.com\/si\/wp-json\/wp\/v2\/supertag?post=125991"}],"curies":[{"name":"wp","href":"https:\/\/api.w.org\/{rel}","templated":true}]}}