{"id":125997,"date":"2016-09-03T17:35:00","date_gmt":"2016-09-03T15:35:00","guid":{"rendered":"http:\/\/hudo.com\/si\/2016\/09\/03\/na-primorki-v-smeri-ljubljane-zaradi-nesrece-veckilometrski-zastoj\/"},"modified":"2016-09-04T10:41:22","modified_gmt":"2016-09-04T08:41:22","slug":"na-primorki-v-smeri-ljubljane-zaradi-nesrece-veckilometrski-zastoj","status":"publish","type":"post","link":"https:\/\/hudo.com\/si\/aktualno\/na-primorki-v-smeri-ljubljane-zaradi-nesrece-veckilometrski-zastoj\/","title":{"rendered":"Na primorki v smeri Ljubljane zaradi nesre\u010de ve\u010dkilometrski zastoj"},"content":{"rendered":"<p>Kategorija: Kronika Sat, 03 Sep 2016 19:35:00 +0200  Na primorski avtocesti je med Vrhniko in cestninsko postajo Log proti Ljubljani pri\u0161lo do prometne nesre\u010de, zaradi katere je nastal ve\u010dkilometrski zastoj. Po podatkih uprave za za\u0161\u010dito in re\u0161evanje je pri\u0161lo do veri\u017enega tr\u010denja petih osebnih vozil in avtodoma. Promet je zaradi nesre\u010de oviran na prehitevalnem pasu, nastal je zastoj, ki je trenutno dolg \u0161tiri kilometre, ka\u017eejo podatki prometnoinfromacijskega centra. Na gorenjski avtocesti je pred predorom Karavanke proti Avstriji kolona vozil trenutno dolga 10 kilometrov. Predor ob\u010dasno zapirajo zaradi kontrole na avstrijski strani. Voznikom za pot proti Kranjski Gori priporo\u010dajo izvoz Lesce, za pot proti Avstriji pa povezavo preko prelazov Ljubelj ali Korensko Sedlo. Na \u0161tajerski avtocesti je pred \u0160entiljem proti Avstriji zaradi prometne nesre\u010de zaprt prehitevalni pas. Na mejnem prehodu Dragonja je \u010dakalna doba pri izstopu pribli\u017eno 30 minut.<\/p>\n","protected":false},"excerpt":{"rendered":"<p>Kategorija: Kronika Sat, 03 Sep 2016 19:35:00 +0200  Na primorski avtocesti je med Vrhniko in cestninsko postajo Log proti Ljubljani pri\u0161lo do prometne nesre\u010de, zaradi katere je nastal ve\u010dkilometrski zastoj. Po podatkih uprave za za\u0161\u010dito in re\u0161evanje je pri\u0161lo do veri\u017enega tr\u010denja petih osebnih vozil in avtodoma. Promet je zaradi nesre\u010de oviran na prehitevalnem pasu, nastal je zastoj, ki je trenutno dolg \u0161tiri kilometre, ka\u017eejo podatki prometnoinfromacijskega centra. Na gorenjski avtocesti je pred predorom Karavanke proti Avstriji kolona vozil trenutno dolga 10 kilometrov. Predor ob\u010dasno zapirajo zaradi kontrole na avstrijski strani. Voznikom za pot proti Kranjski Gori priporo\u010dajo izvoz Lesce, za pot proti Avstriji pa povezavo preko prelazov Ljubelj ali Korensko Sedlo. Na \u0161tajerski avtocesti je pred \u0160entiljem proti Avstriji zaradi prometne nesre\u010de zaprt prehitevalni pas. Na mejnem prehodu Dragonja je \u010dakalna doba pri izstopu pribli\u017eno 30 minut.<\/p>\n","protected":false},"author":1,"featured_media":0,"comment_status":"closed","ping_status":"closed","sticky":false,"template":"","format":"standard","meta":{"footnotes":""},"categories":[1179],"tags":[],"source":[1703],"supertag":[],"acf":[],"yoast_head":"<!-- This site is optimized with the Yoast SEO plugin v21.3 - https:\/\/yoast.com\/wordpress\/plugins\/seo\/ -->\n<title>Na primorki v smeri Ljubljane zaradi nesre\u010de ve\u010dkilometrski zastoj - Hudo Slovenija<\/title>\n<meta name=\"robots\" content=\"index, follow, max-snippet:-1, max-image-preview:large, max-video-preview:-1\" \/>\n<link rel=\"canonical\" href=\"https:\/\/hudo.com\/si\/aktualno\/na-primorki-v-smeri-ljubljane-zaradi-nesrece-veckilometrski-zastoj\/\" \/>\n<meta property=\"og:locale\" content=\"sl_SI\" \/>\n<meta property=\"og:type\" content=\"article\" \/>\n<meta property=\"og:title\" content=\"Na primorki v smeri Ljubljane zaradi nesre\u010de ve\u010dkilometrski zastoj - Hudo Slovenija\" \/>\n<meta property=\"og:description\" content=\"Kategorija: Kronika Sat, 03 Sep 2016 19:35:00 +0200 Na primorski avtocesti je med Vrhniko in cestninsko postajo Log proti Ljubljani pri\u0161lo do prometne nesre\u010de, zaradi katere je nastal ve\u010dkilometrski zastoj. Po podatkih uprave za za\u0161\u010dito in re\u0161evanje je pri\u0161lo do veri\u017enega tr\u010denja petih osebnih vozil in avtodoma. Promet je zaradi nesre\u010de oviran na prehitevalnem pasu, nastal je zastoj, ki je trenutno dolg \u0161tiri kilometre, ka\u017eejo podatki prometnoinfromacijskega centra. Na gorenjski avtocesti je pred predorom Karavanke proti Avstriji kolona vozil trenutno dolga 10 kilometrov. Predor ob\u010dasno zapirajo zaradi kontrole na avstrijski strani. Voznikom za pot proti Kranjski Gori priporo\u010dajo izvoz Lesce, za pot proti Avstriji pa povezavo preko prelazov Ljubelj ali Korensko Sedlo. Na \u0161tajerski avtocesti je pred \u0160entiljem proti Avstriji zaradi prometne nesre\u010de zaprt prehitevalni pas. Na mejnem prehodu Dragonja je \u010dakalna doba pri izstopu pribli\u017eno 30 minut.\" \/>\n<meta property=\"og:url\" content=\"https:\/\/hudo.com\/si\/aktualno\/na-primorki-v-smeri-ljubljane-zaradi-nesrece-veckilometrski-zastoj\/\" \/>\n<meta property=\"og:site_name\" content=\"Hudo Slovenija\" \/>\n<meta property=\"article:publisher\" content=\"https:\/\/www.facebook.com\/hudo.si\" \/>\n<meta property=\"article:published_time\" content=\"2016-09-03T15:35:00+00:00\" \/>\n<meta property=\"article:modified_time\" content=\"2016-09-04T08:41:22+00:00\" \/>\n<meta property=\"og:image\" content=\"https:\/\/hudo.com\/si\/wp-content\/uploads\/sites\/2\/2016\/09\/480x290_primorka.jpeg\" \/>\n\t<meta property=\"og:image:width\" content=\"480\" \/>\n\t<meta property=\"og:image:height\" content=\"290\" \/>\n\t<meta property=\"og:image:type\" content=\"image\/jpeg\" \/>\n<meta name=\"author\" content=\"hudo\" \/>\n<meta name=\"twitter:card\" content=\"summary_large_image\" \/>\n<meta name=\"twitter:creator\" content=\"@hudo_si\" \/>\n<meta name=\"twitter:site\" content=\"@hudo_si\" \/>\n<meta name=\"twitter:label1\" content=\"Written by\" \/>\n\t<meta name=\"twitter:data1\" content=\"hudo\" \/>\n\t<meta name=\"twitter:label2\" content=\"Est. reading time\" \/>\n\t<meta name=\"twitter:data2\" content=\"1 minuta\" \/>\n<script type=\"application\/ld+json\" class=\"yoast-schema-graph\">{\"@context\":\"https:\/\/schema.org\",\"@graph\":[{\"@type\":\"Article\",\"@id\":\"https:\/\/hudo.com\/si\/aktualno\/na-primorki-v-smeri-ljubljane-zaradi-nesrece-veckilometrski-zastoj\/#article\",\"isPartOf\":{\"@id\":\"https:\/\/hudo.com\/si\/aktualno\/na-primorki-v-smeri-ljubljane-zaradi-nesrece-veckilometrski-zastoj\/\"},\"author\":{\"name\":\"hudo\",\"@id\":\"https:\/\/hudo.com\/si\/#\/schema\/person\/601cf3379633985b20f7e50f2bb47707\"},\"headline\":\"Na primorki v smeri Ljubljane zaradi nesre\u010de ve\u010dkilometrski zastoj\",\"datePublished\":\"2016-09-03T15:35:00+00:00\",\"dateModified\":\"2016-09-04T08:41:22+00:00\",\"mainEntityOfPage\":{\"@id\":\"https:\/\/hudo.com\/si\/aktualno\/na-primorki-v-smeri-ljubljane-zaradi-nesrece-veckilometrski-zastoj\/\"},\"wordCount\":157,\"publisher\":{\"@id\":\"https:\/\/hudo.com\/si\/#organization\"},\"articleSection\":[\"Aktualno\"],\"inLanguage\":\"sl-SI\"},{\"@type\":\"WebPage\",\"@id\":\"https:\/\/hudo.com\/si\/aktualno\/na-primorki-v-smeri-ljubljane-zaradi-nesrece-veckilometrski-zastoj\/\",\"url\":\"https:\/\/hudo.com\/si\/aktualno\/na-primorki-v-smeri-ljubljane-zaradi-nesrece-veckilometrski-zastoj\/\",\"name\":\"Na primorki v smeri Ljubljane zaradi nesre\u010de ve\u010dkilometrski zastoj - Hudo Slovenija\",\"isPartOf\":{\"@id\":\"https:\/\/hudo.com\/si\/#website\"},\"datePublished\":\"2016-09-03T15:35:00+00:00\",\"dateModified\":\"2016-09-04T08:41:22+00:00\",\"breadcrumb\":{\"@id\":\"https:\/\/hudo.com\/si\/aktualno\/na-primorki-v-smeri-ljubljane-zaradi-nesrece-veckilometrski-zastoj\/#breadcrumb\"},\"inLanguage\":\"sl-SI\",\"potentialAction\":[{\"@type\":\"ReadAction\",\"target\":[\"https:\/\/hudo.com\/si\/aktualno\/na-primorki-v-smeri-ljubljane-zaradi-nesrece-veckilometrski-zastoj\/\"]}]},{\"@type\":\"BreadcrumbList\",\"@id\":\"https:\/\/hudo.com\/si\/aktualno\/na-primorki-v-smeri-ljubljane-zaradi-nesrece-veckilometrski-zastoj\/#breadcrumb\",\"itemListElement\":[{\"@type\":\"ListItem\",\"position\":1,\"name\":\"Home\",\"item\":\"https:\/\/hudo.com\/si\/\"},{\"@type\":\"ListItem\",\"position\":2,\"name\":\"Na primorki v smeri Ljubljane zaradi nesre\u010de ve\u010dkilometrski zastoj\"}]},{\"@type\":\"WebSite\",\"@id\":\"https:\/\/hudo.com\/si\/#website\",\"url\":\"https:\/\/hudo.com\/si\/\",\"name\":\"Hudo Slovenija\",\"description\":\"Vse novice iz Slovenije in sveta\",\"publisher\":{\"@id\":\"https:\/\/hudo.com\/si\/#organization\"},\"potentialAction\":[{\"@type\":\"SearchAction\",\"target\":{\"@type\":\"EntryPoint\",\"urlTemplate\":\"https:\/\/hudo.com\/si\/?s={search_term_string}\"},\"query-input\":\"required name=search_term_string\"}],\"inLanguage\":\"sl-SI\"},{\"@type\":\"Organization\",\"@id\":\"https:\/\/hudo.com\/si\/#organization\",\"name\":\"VSN Media\",\"url\":\"https:\/\/hudo.com\/si\/\",\"logo\":{\"@type\":\"ImageObject\",\"inLanguage\":\"sl-SI\",\"@id\":\"https:\/\/hudo.com\/si\/#\/schema\/logo\/image\/\",\"url\":\"https:\/\/hudo.com\/si\/wp-content\/uploads\/sites\/2\/2021\/03\/hudo-app-2.png\",\"contentUrl\":\"https:\/\/hudo.com\/si\/wp-content\/uploads\/sites\/2\/2021\/03\/hudo-app-2.png\",\"width\":2185,\"height\":2167,\"caption\":\"VSN Media\"},\"image\":{\"@id\":\"https:\/\/hudo.com\/si\/#\/schema\/logo\/image\/\"},\"sameAs\":[\"https:\/\/www.facebook.com\/hudo.si\",\"https:\/\/twitter.com\/hudo_si\"]},{\"@type\":\"Person\",\"@id\":\"https:\/\/hudo.com\/si\/#\/schema\/person\/601cf3379633985b20f7e50f2bb47707\",\"name\":\"hudo\",\"image\":{\"@type\":\"ImageObject\",\"inLanguage\":\"sl-SI\",\"@id\":\"https:\/\/hudo.com\/si\/#\/schema\/person\/image\/\",\"url\":\"https:\/\/secure.gravatar.com\/avatar\/c4ca25fa72cace7a696b52ff5db9e095?s=96&d=mm&r=g\",\"contentUrl\":\"https:\/\/secure.gravatar.com\/avatar\/c4ca25fa72cace7a696b52ff5db9e095?s=96&d=mm&r=g\",\"caption\":\"hudo\"},\"url\":\"https:\/\/hudo.com\/si\/author\/hudo\/\"}]}<\/script>\n<!-- \/ Yoast SEO plugin. -->","yoast_head_json":{"title":"Na primorki v smeri Ljubljane zaradi nesre\u010de ve\u010dkilometrski zastoj - Hudo Slovenija","robots":{"index":"index","follow":"follow","max-snippet":"max-snippet:-1","max-image-preview":"max-image-preview:large","max-video-preview":"max-video-preview:-1"},"canonical":"https:\/\/hudo.com\/si\/aktualno\/na-primorki-v-smeri-ljubljane-zaradi-nesrece-veckilometrski-zastoj\/","og_locale":"sl_SI","og_type":"article","og_title":"Na primorki v smeri Ljubljane zaradi nesre\u010de ve\u010dkilometrski zastoj - Hudo Slovenija","og_description":"Kategorija: Kronika Sat, 03 Sep 2016 19:35:00 +0200 Na primorski avtocesti je med Vrhniko in cestninsko postajo Log proti Ljubljani pri\u0161lo do prometne nesre\u010de, zaradi katere je nastal ve\u010dkilometrski zastoj. Po podatkih uprave za za\u0161\u010dito in re\u0161evanje je pri\u0161lo do veri\u017enega tr\u010denja petih osebnih vozil in avtodoma. Promet je zaradi nesre\u010de oviran na prehitevalnem pasu, nastal je zastoj, ki je trenutno dolg \u0161tiri kilometre, ka\u017eejo podatki prometnoinfromacijskega centra. Na gorenjski avtocesti je pred predorom Karavanke proti Avstriji kolona vozil trenutno dolga 10 kilometrov. Predor ob\u010dasno zapirajo zaradi kontrole na avstrijski strani. Voznikom za pot proti Kranjski Gori priporo\u010dajo izvoz Lesce, za pot proti Avstriji pa povezavo preko prelazov Ljubelj ali Korensko Sedlo. Na \u0161tajerski avtocesti je pred \u0160entiljem proti Avstriji zaradi prometne nesre\u010de zaprt prehitevalni pas. Na mejnem prehodu Dragonja je \u010dakalna doba pri izstopu pribli\u017eno 30 minut.","og_url":"https:\/\/hudo.com\/si\/aktualno\/na-primorki-v-smeri-ljubljane-zaradi-nesrece-veckilometrski-zastoj\/","og_site_name":"Hudo Slovenija","article_publisher":"https:\/\/www.facebook.com\/hudo.si","article_published_time":"2016-09-03T15:35:00+00:00","article_modified_time":"2016-09-04T08:41:22+00:00","og_image":[{"width":480,"height":290,"url":"https:\/\/hudo.com\/si\/wp-content\/uploads\/sites\/2\/2016\/09\/480x290_primorka.jpeg","type":"image\/jpeg"}],"author":"hudo","twitter_card":"summary_large_image","twitter_creator":"@hudo_si","twitter_site":"@hudo_si","twitter_misc":{"Written by":"hudo","Est. reading time":"1 minuta"},"schema":{"@context":"https:\/\/schema.org","@graph":[{"@type":"Article","@id":"https:\/\/hudo.com\/si\/aktualno\/na-primorki-v-smeri-ljubljane-zaradi-nesrece-veckilometrski-zastoj\/#article","isPartOf":{"@id":"https:\/\/hudo.com\/si\/aktualno\/na-primorki-v-smeri-ljubljane-zaradi-nesrece-veckilometrski-zastoj\/"},"author":{"name":"hudo","@id":"https:\/\/hudo.com\/si\/#\/schema\/person\/601cf3379633985b20f7e50f2bb47707"},"headline":"Na primorki v smeri Ljubljane zaradi nesre\u010de ve\u010dkilometrski zastoj","datePublished":"2016-09-03T15:35:00+00:00","dateModified":"2016-09-04T08:41:22+00:00","mainEntityOfPage":{"@id":"https:\/\/hudo.com\/si\/aktualno\/na-primorki-v-smeri-ljubljane-zaradi-nesrece-veckilometrski-zastoj\/"},"wordCount":157,"publisher":{"@id":"https:\/\/hudo.com\/si\/#organization"},"articleSection":["Aktualno"],"inLanguage":"sl-SI"},{"@type":"WebPage","@id":"https:\/\/hudo.com\/si\/aktualno\/na-primorki-v-smeri-ljubljane-zaradi-nesrece-veckilometrski-zastoj\/","url":"https:\/\/hudo.com\/si\/aktualno\/na-primorki-v-smeri-ljubljane-zaradi-nesrece-veckilometrski-zastoj\/","name":"Na primorki v smeri Ljubljane zaradi nesre\u010de ve\u010dkilometrski zastoj - Hudo Slovenija","isPartOf":{"@id":"https:\/\/hudo.com\/si\/#website"},"datePublished":"2016-09-03T15:35:00+00:00","dateModified":"2016-09-04T08:41:22+00:00","breadcrumb":{"@id":"https:\/\/hudo.com\/si\/aktualno\/na-primorki-v-smeri-ljubljane-zaradi-nesrece-veckilometrski-zastoj\/#breadcrumb"},"inLanguage":"sl-SI","potentialAction":[{"@type":"ReadAction","target":["https:\/\/hudo.com\/si\/aktualno\/na-primorki-v-smeri-ljubljane-zaradi-nesrece-veckilometrski-zastoj\/"]}]},{"@type":"BreadcrumbList","@id":"https:\/\/hudo.com\/si\/aktualno\/na-primorki-v-smeri-ljubljane-zaradi-nesrece-veckilometrski-zastoj\/#breadcrumb","itemListElement":[{"@type":"ListItem","position":1,"name":"Home","item":"https:\/\/hudo.com\/si\/"},{"@type":"ListItem","position":2,"name":"Na primorki v smeri Ljubljane zaradi nesre\u010de ve\u010dkilometrski zastoj"}]},{"@type":"WebSite","@id":"https:\/\/hudo.com\/si\/#website","url":"https:\/\/hudo.com\/si\/","name":"Hudo Slovenija","description":"Vse novice iz Slovenije in sveta","publisher":{"@id":"https:\/\/hudo.com\/si\/#organization"},"potentialAction":[{"@type":"SearchAction","target":{"@type":"EntryPoint","urlTemplate":"https:\/\/hudo.com\/si\/?s={search_term_string}"},"query-input":"required name=search_term_string"}],"inLanguage":"sl-SI"},{"@type":"Organization","@id":"https:\/\/hudo.com\/si\/#organization","name":"VSN Media","url":"https:\/\/hudo.com\/si\/","logo":{"@type":"ImageObject","inLanguage":"sl-SI","@id":"https:\/\/hudo.com\/si\/#\/schema\/logo\/image\/","url":"https:\/\/hudo.com\/si\/wp-content\/uploads\/sites\/2\/2021\/03\/hudo-app-2.png","contentUrl":"https:\/\/hudo.com\/si\/wp-content\/uploads\/sites\/2\/2021\/03\/hudo-app-2.png","width":2185,"height":2167,"caption":"VSN Media"},"image":{"@id":"https:\/\/hudo.com\/si\/#\/schema\/logo\/image\/"},"sameAs":["https:\/\/www.facebook.com\/hudo.si","https:\/\/twitter.com\/hudo_si"]},{"@type":"Person","@id":"https:\/\/hudo.com\/si\/#\/schema\/person\/601cf3379633985b20f7e50f2bb47707","name":"hudo","image":{"@type":"ImageObject","inLanguage":"sl-SI","@id":"https:\/\/hudo.com\/si\/#\/schema\/person\/image\/","url":"https:\/\/secure.gravatar.com\/avatar\/c4ca25fa72cace7a696b52ff5db9e095?s=96&d=mm&r=g","contentUrl":"https:\/\/secure.gravatar.com\/avatar\/c4ca25fa72cace7a696b52ff5db9e095?s=96&d=mm&r=g","caption":"hudo"},"url":"https:\/\/hudo.com\/si\/author\/hudo\/"}]}},"amp_enabled":true,"_links":{"self":[{"href":"https:\/\/hudo.com\/si\/wp-json\/wp\/v2\/posts\/125997"}],"collection":[{"href":"https:\/\/hudo.com\/si\/wp-json\/wp\/v2\/posts"}],"about":[{"href":"https:\/\/hudo.com\/si\/wp-json\/wp\/v2\/types\/post"}],"author":[{"embeddable":true,"href":"https:\/\/hudo.com\/si\/wp-json\/wp\/v2\/users\/1"}],"replies":[{"embeddable":true,"href":"https:\/\/hudo.com\/si\/wp-json\/wp\/v2\/comments?post=125997"}],"version-history":[{"count":1,"href":"https:\/\/hudo.com\/si\/wp-json\/wp\/v2\/posts\/125997\/revisions"}],"predecessor-version":[{"id":126187,"href":"https:\/\/hudo.com\/si\/wp-json\/wp\/v2\/posts\/125997\/revisions\/126187"}],"wp:attachment":[{"href":"https:\/\/hudo.com\/si\/wp-json\/wp\/v2\/media?parent=125997"}],"wp:term":[{"taxonomy":"category","embeddable":true,"href":"https:\/\/hudo.com\/si\/wp-json\/wp\/v2\/categories?post=125997"},{"taxonomy":"post_tag","embeddable":true,"href":"https:\/\/hudo.com\/si\/wp-json\/wp\/v2\/tags?post=125997"},{"taxonomy":"source","embeddable":true,"href":"https:\/\/hudo.com\/si\/wp-json\/wp\/v2\/source?post=125997"},{"taxonomy":"supertag","embeddable":true,"href":"https:\/\/hudo.com\/si\/wp-json\/wp\/v2\/supertag?post=125997"}],"curies":[{"name":"wp","href":"https:\/\/api.w.org\/{rel}","templated":true}]}}