{"id":126029,"date":"2016-09-03T13:33:25","date_gmt":"2016-09-03T11:33:25","guid":{"rendered":"http:\/\/hudo.com\/si\/2016\/09\/03\/eva-irgl-zgrozena-nad-rdecimi-ruticami-v-os-ajdovscina-to-je-ideoloska-zloraba\/"},"modified":"2016-09-04T16:37:31","modified_gmt":"2016-09-04T14:37:31","slug":"eva-irgl-zgrozena-nad-rdecimi-ruticami-v-os-ajdovscina-to-je-ideoloska-zloraba","status":"publish","type":"post","link":"https:\/\/hudo.com\/si\/aktualno\/eva-irgl-zgrozena-nad-rdecimi-ruticami-v-os-ajdovscina-to-je-ideoloska-zloraba\/","title":{"rendered":"Eva Irgl zgro\u017eena nad rde\u010dimi ruticami v O\u0160 Ajdov\u0161\u010dina \u2013 to je ideolo\u0161ka zloraba!"},"content":{"rendered":"<p>Na spletni strani Politikis je poslanka SDS Eva Irgl zapisala svoje vtise ob odprtju nove O\u0160 Ajdov\u0161\u010dina. Kot smo \u017ee poro\u010dali, je bila poslanka zgro\u017eena nad dejstvom, da so otrokom ob tej prilo\u017enosti nadeli rde\u010de rutice in pionirske \u010depice z rde\u010do zvezdo. .@EvaIrglL Prireditev ob odprtju \u0161ole v Ajdov\u0161\u010dini zasen\u010dila (ne)premi\u0161ljena provokacija. https:\/\/t.co\/wDjVsSAfZM pic.twitter.com\/qqJZg34Mdw &#8212;<\/p>\n","protected":false},"excerpt":{"rendered":"<p>Na spletni strani Politikis je poslanka SDS Eva Irgl zapisala svoje vtise ob odprtju nove O\u0160 Ajdov\u0161\u010dina. Kot smo \u017ee poro\u010dali, je bila poslanka zgro\u017eena nad dejstvom, da so otrokom ob tej prilo\u017enosti nadeli rde\u010de rutice in pionirske \u010depice z rde\u010do zvezdo. .@EvaIrglL Prireditev ob odprtju \u0161ole v Ajdov\u0161\u010dini zasen\u010dila (ne)premi\u0161ljena provokacija. https:\/\/t.co\/wDjVsSAfZM pic.twitter.com\/qqJZg34Mdw &#8212;<\/p>\n","protected":false},"author":1,"featured_media":0,"comment_status":"closed","ping_status":"closed","sticky":false,"template":"","format":"standard","meta":{"footnotes":""},"categories":[1179],"tags":[],"source":[1710],"supertag":[],"acf":[],"yoast_head":"<!-- This site is optimized with the Yoast SEO plugin v21.3 - https:\/\/yoast.com\/wordpress\/plugins\/seo\/ -->\n<title>Eva Irgl zgro\u017eena nad rde\u010dimi ruticami v O\u0160 Ajdov\u0161\u010dina \u2013 to je ideolo\u0161ka zloraba! - Hudo Slovenija<\/title>\n<meta name=\"robots\" content=\"index, follow, max-snippet:-1, max-image-preview:large, max-video-preview:-1\" \/>\n<link rel=\"canonical\" href=\"https:\/\/hudo.com\/si\/aktualno\/eva-irgl-zgrozena-nad-rdecimi-ruticami-v-os-ajdovscina-to-je-ideoloska-zloraba\/\" \/>\n<meta property=\"og:locale\" content=\"sl_SI\" \/>\n<meta property=\"og:type\" content=\"article\" \/>\n<meta property=\"og:title\" content=\"Eva Irgl zgro\u017eena nad rde\u010dimi ruticami v O\u0160 Ajdov\u0161\u010dina \u2013 to je ideolo\u0161ka zloraba! - Hudo Slovenija\" \/>\n<meta property=\"og:description\" content=\"Na spletni strani Politikis je poslanka SDS Eva Irgl zapisala svoje vtise ob odprtju nove O\u0160 Ajdov\u0161\u010dina. Kot smo \u017ee poro\u010dali, je bila poslanka zgro\u017eena nad dejstvom, da so otrokom ob tej prilo\u017enosti nadeli rde\u010de rutice in pionirske \u010depice z rde\u010do zvezdo. .@EvaIrglL Prireditev ob odprtju \u0161ole v Ajdov\u0161\u010dini zasen\u010dila (ne)premi\u0161ljena provokacija. https:\/\/t.co\/wDjVsSAfZM pic.twitter.com\/qqJZg34Mdw &#8212;\" \/>\n<meta property=\"og:url\" content=\"https:\/\/hudo.com\/si\/aktualno\/eva-irgl-zgrozena-nad-rdecimi-ruticami-v-os-ajdovscina-to-je-ideoloska-zloraba\/\" \/>\n<meta property=\"og:site_name\" content=\"Hudo Slovenija\" \/>\n<meta property=\"article:publisher\" content=\"https:\/\/www.facebook.com\/hudo.si\" \/>\n<meta property=\"article:published_time\" content=\"2016-09-03T11:33:25+00:00\" \/>\n<meta property=\"article:modified_time\" content=\"2016-09-04T14:37:31+00:00\" \/>\n<meta property=\"og:image\" content=\"https:\/\/hudo.com\/si\/wp-content\/uploads\/sites\/2\/2016\/09\/eva-irgl-o-proslavi-in-rdecih-zvezdah-01.jpg\" \/>\n\t<meta property=\"og:image:width\" content=\"640\" \/>\n\t<meta property=\"og:image:height\" content=\"426\" \/>\n\t<meta property=\"og:image:type\" content=\"image\/jpeg\" \/>\n<meta name=\"author\" content=\"hudo\" \/>\n<meta name=\"twitter:card\" content=\"summary_large_image\" \/>\n<meta name=\"twitter:creator\" content=\"@hudo_si\" \/>\n<meta name=\"twitter:site\" content=\"@hudo_si\" \/>\n<meta name=\"twitter:label1\" content=\"Written by\" \/>\n\t<meta name=\"twitter:data1\" content=\"hudo\" \/>\n<script type=\"application\/ld+json\" class=\"yoast-schema-graph\">{\"@context\":\"https:\/\/schema.org\",\"@graph\":[{\"@type\":\"Article\",\"@id\":\"https:\/\/hudo.com\/si\/aktualno\/eva-irgl-zgrozena-nad-rdecimi-ruticami-v-os-ajdovscina-to-je-ideoloska-zloraba\/#article\",\"isPartOf\":{\"@id\":\"https:\/\/hudo.com\/si\/aktualno\/eva-irgl-zgrozena-nad-rdecimi-ruticami-v-os-ajdovscina-to-je-ideoloska-zloraba\/\"},\"author\":{\"name\":\"hudo\",\"@id\":\"https:\/\/hudo.com\/si\/#\/schema\/person\/601cf3379633985b20f7e50f2bb47707\"},\"headline\":\"Eva Irgl zgro\u017eena nad rde\u010dimi ruticami v O\u0160 Ajdov\u0161\u010dina \u2013 to je ideolo\u0161ka zloraba!\",\"datePublished\":\"2016-09-03T11:33:25+00:00\",\"dateModified\":\"2016-09-04T14:37:31+00:00\",\"mainEntityOfPage\":{\"@id\":\"https:\/\/hudo.com\/si\/aktualno\/eva-irgl-zgrozena-nad-rdecimi-ruticami-v-os-ajdovscina-to-je-ideoloska-zloraba\/\"},\"wordCount\":88,\"publisher\":{\"@id\":\"https:\/\/hudo.com\/si\/#organization\"},\"articleSection\":[\"Aktualno\"],\"inLanguage\":\"sl-SI\"},{\"@type\":\"WebPage\",\"@id\":\"https:\/\/hudo.com\/si\/aktualno\/eva-irgl-zgrozena-nad-rdecimi-ruticami-v-os-ajdovscina-to-je-ideoloska-zloraba\/\",\"url\":\"https:\/\/hudo.com\/si\/aktualno\/eva-irgl-zgrozena-nad-rdecimi-ruticami-v-os-ajdovscina-to-je-ideoloska-zloraba\/\",\"name\":\"Eva Irgl zgro\u017eena nad rde\u010dimi ruticami v O\u0160 Ajdov\u0161\u010dina \u2013 to je ideolo\u0161ka zloraba! - Hudo Slovenija\",\"isPartOf\":{\"@id\":\"https:\/\/hudo.com\/si\/#website\"},\"datePublished\":\"2016-09-03T11:33:25+00:00\",\"dateModified\":\"2016-09-04T14:37:31+00:00\",\"breadcrumb\":{\"@id\":\"https:\/\/hudo.com\/si\/aktualno\/eva-irgl-zgrozena-nad-rdecimi-ruticami-v-os-ajdovscina-to-je-ideoloska-zloraba\/#breadcrumb\"},\"inLanguage\":\"sl-SI\",\"potentialAction\":[{\"@type\":\"ReadAction\",\"target\":[\"https:\/\/hudo.com\/si\/aktualno\/eva-irgl-zgrozena-nad-rdecimi-ruticami-v-os-ajdovscina-to-je-ideoloska-zloraba\/\"]}]},{\"@type\":\"BreadcrumbList\",\"@id\":\"https:\/\/hudo.com\/si\/aktualno\/eva-irgl-zgrozena-nad-rdecimi-ruticami-v-os-ajdovscina-to-je-ideoloska-zloraba\/#breadcrumb\",\"itemListElement\":[{\"@type\":\"ListItem\",\"position\":1,\"name\":\"Home\",\"item\":\"https:\/\/hudo.com\/si\/\"},{\"@type\":\"ListItem\",\"position\":2,\"name\":\"Eva Irgl zgro\u017eena nad rde\u010dimi ruticami v O\u0160 Ajdov\u0161\u010dina \u2013 to je ideolo\u0161ka zloraba!\"}]},{\"@type\":\"WebSite\",\"@id\":\"https:\/\/hudo.com\/si\/#website\",\"url\":\"https:\/\/hudo.com\/si\/\",\"name\":\"Hudo Slovenija\",\"description\":\"Vse novice iz Slovenije in sveta\",\"publisher\":{\"@id\":\"https:\/\/hudo.com\/si\/#organization\"},\"potentialAction\":[{\"@type\":\"SearchAction\",\"target\":{\"@type\":\"EntryPoint\",\"urlTemplate\":\"https:\/\/hudo.com\/si\/?s={search_term_string}\"},\"query-input\":\"required name=search_term_string\"}],\"inLanguage\":\"sl-SI\"},{\"@type\":\"Organization\",\"@id\":\"https:\/\/hudo.com\/si\/#organization\",\"name\":\"VSN Media\",\"url\":\"https:\/\/hudo.com\/si\/\",\"logo\":{\"@type\":\"ImageObject\",\"inLanguage\":\"sl-SI\",\"@id\":\"https:\/\/hudo.com\/si\/#\/schema\/logo\/image\/\",\"url\":\"https:\/\/hudo.com\/si\/wp-content\/uploads\/sites\/2\/2021\/03\/hudo-app-2.png\",\"contentUrl\":\"https:\/\/hudo.com\/si\/wp-content\/uploads\/sites\/2\/2021\/03\/hudo-app-2.png\",\"width\":2185,\"height\":2167,\"caption\":\"VSN Media\"},\"image\":{\"@id\":\"https:\/\/hudo.com\/si\/#\/schema\/logo\/image\/\"},\"sameAs\":[\"https:\/\/www.facebook.com\/hudo.si\",\"https:\/\/twitter.com\/hudo_si\"]},{\"@type\":\"Person\",\"@id\":\"https:\/\/hudo.com\/si\/#\/schema\/person\/601cf3379633985b20f7e50f2bb47707\",\"name\":\"hudo\",\"image\":{\"@type\":\"ImageObject\",\"inLanguage\":\"sl-SI\",\"@id\":\"https:\/\/hudo.com\/si\/#\/schema\/person\/image\/\",\"url\":\"https:\/\/secure.gravatar.com\/avatar\/c4ca25fa72cace7a696b52ff5db9e095?s=96&d=mm&r=g\",\"contentUrl\":\"https:\/\/secure.gravatar.com\/avatar\/c4ca25fa72cace7a696b52ff5db9e095?s=96&d=mm&r=g\",\"caption\":\"hudo\"},\"url\":\"https:\/\/hudo.com\/si\/author\/hudo\/\"}]}<\/script>\n<!-- \/ Yoast SEO plugin. -->","yoast_head_json":{"title":"Eva Irgl zgro\u017eena nad rde\u010dimi ruticami v O\u0160 Ajdov\u0161\u010dina \u2013 to je ideolo\u0161ka zloraba! - Hudo Slovenija","robots":{"index":"index","follow":"follow","max-snippet":"max-snippet:-1","max-image-preview":"max-image-preview:large","max-video-preview":"max-video-preview:-1"},"canonical":"https:\/\/hudo.com\/si\/aktualno\/eva-irgl-zgrozena-nad-rdecimi-ruticami-v-os-ajdovscina-to-je-ideoloska-zloraba\/","og_locale":"sl_SI","og_type":"article","og_title":"Eva Irgl zgro\u017eena nad rde\u010dimi ruticami v O\u0160 Ajdov\u0161\u010dina \u2013 to je ideolo\u0161ka zloraba! - Hudo Slovenija","og_description":"Na spletni strani Politikis je poslanka SDS Eva Irgl zapisala svoje vtise ob odprtju nove O\u0160 Ajdov\u0161\u010dina. Kot smo \u017ee poro\u010dali, je bila poslanka zgro\u017eena nad dejstvom, da so otrokom ob tej prilo\u017enosti nadeli rde\u010de rutice in pionirske \u010depice z rde\u010do zvezdo. .@EvaIrglL Prireditev ob odprtju \u0161ole v Ajdov\u0161\u010dini zasen\u010dila (ne)premi\u0161ljena provokacija. https:\/\/t.co\/wDjVsSAfZM pic.twitter.com\/qqJZg34Mdw &#8212;","og_url":"https:\/\/hudo.com\/si\/aktualno\/eva-irgl-zgrozena-nad-rdecimi-ruticami-v-os-ajdovscina-to-je-ideoloska-zloraba\/","og_site_name":"Hudo Slovenija","article_publisher":"https:\/\/www.facebook.com\/hudo.si","article_published_time":"2016-09-03T11:33:25+00:00","article_modified_time":"2016-09-04T14:37:31+00:00","og_image":[{"width":640,"height":426,"url":"https:\/\/hudo.com\/si\/wp-content\/uploads\/sites\/2\/2016\/09\/eva-irgl-o-proslavi-in-rdecih-zvezdah-01.jpg","type":"image\/jpeg"}],"author":"hudo","twitter_card":"summary_large_image","twitter_creator":"@hudo_si","twitter_site":"@hudo_si","twitter_misc":{"Written by":"hudo"},"schema":{"@context":"https:\/\/schema.org","@graph":[{"@type":"Article","@id":"https:\/\/hudo.com\/si\/aktualno\/eva-irgl-zgrozena-nad-rdecimi-ruticami-v-os-ajdovscina-to-je-ideoloska-zloraba\/#article","isPartOf":{"@id":"https:\/\/hudo.com\/si\/aktualno\/eva-irgl-zgrozena-nad-rdecimi-ruticami-v-os-ajdovscina-to-je-ideoloska-zloraba\/"},"author":{"name":"hudo","@id":"https:\/\/hudo.com\/si\/#\/schema\/person\/601cf3379633985b20f7e50f2bb47707"},"headline":"Eva Irgl zgro\u017eena nad rde\u010dimi ruticami v O\u0160 Ajdov\u0161\u010dina \u2013 to je ideolo\u0161ka zloraba!","datePublished":"2016-09-03T11:33:25+00:00","dateModified":"2016-09-04T14:37:31+00:00","mainEntityOfPage":{"@id":"https:\/\/hudo.com\/si\/aktualno\/eva-irgl-zgrozena-nad-rdecimi-ruticami-v-os-ajdovscina-to-je-ideoloska-zloraba\/"},"wordCount":88,"publisher":{"@id":"https:\/\/hudo.com\/si\/#organization"},"articleSection":["Aktualno"],"inLanguage":"sl-SI"},{"@type":"WebPage","@id":"https:\/\/hudo.com\/si\/aktualno\/eva-irgl-zgrozena-nad-rdecimi-ruticami-v-os-ajdovscina-to-je-ideoloska-zloraba\/","url":"https:\/\/hudo.com\/si\/aktualno\/eva-irgl-zgrozena-nad-rdecimi-ruticami-v-os-ajdovscina-to-je-ideoloska-zloraba\/","name":"Eva Irgl zgro\u017eena nad rde\u010dimi ruticami v O\u0160 Ajdov\u0161\u010dina \u2013 to je ideolo\u0161ka zloraba! - Hudo Slovenija","isPartOf":{"@id":"https:\/\/hudo.com\/si\/#website"},"datePublished":"2016-09-03T11:33:25+00:00","dateModified":"2016-09-04T14:37:31+00:00","breadcrumb":{"@id":"https:\/\/hudo.com\/si\/aktualno\/eva-irgl-zgrozena-nad-rdecimi-ruticami-v-os-ajdovscina-to-je-ideoloska-zloraba\/#breadcrumb"},"inLanguage":"sl-SI","potentialAction":[{"@type":"ReadAction","target":["https:\/\/hudo.com\/si\/aktualno\/eva-irgl-zgrozena-nad-rdecimi-ruticami-v-os-ajdovscina-to-je-ideoloska-zloraba\/"]}]},{"@type":"BreadcrumbList","@id":"https:\/\/hudo.com\/si\/aktualno\/eva-irgl-zgrozena-nad-rdecimi-ruticami-v-os-ajdovscina-to-je-ideoloska-zloraba\/#breadcrumb","itemListElement":[{"@type":"ListItem","position":1,"name":"Home","item":"https:\/\/hudo.com\/si\/"},{"@type":"ListItem","position":2,"name":"Eva Irgl zgro\u017eena nad rde\u010dimi ruticami v O\u0160 Ajdov\u0161\u010dina \u2013 to je ideolo\u0161ka zloraba!"}]},{"@type":"WebSite","@id":"https:\/\/hudo.com\/si\/#website","url":"https:\/\/hudo.com\/si\/","name":"Hudo Slovenija","description":"Vse novice iz Slovenije in sveta","publisher":{"@id":"https:\/\/hudo.com\/si\/#organization"},"potentialAction":[{"@type":"SearchAction","target":{"@type":"EntryPoint","urlTemplate":"https:\/\/hudo.com\/si\/?s={search_term_string}"},"query-input":"required name=search_term_string"}],"inLanguage":"sl-SI"},{"@type":"Organization","@id":"https:\/\/hudo.com\/si\/#organization","name":"VSN Media","url":"https:\/\/hudo.com\/si\/","logo":{"@type":"ImageObject","inLanguage":"sl-SI","@id":"https:\/\/hudo.com\/si\/#\/schema\/logo\/image\/","url":"https:\/\/hudo.com\/si\/wp-content\/uploads\/sites\/2\/2021\/03\/hudo-app-2.png","contentUrl":"https:\/\/hudo.com\/si\/wp-content\/uploads\/sites\/2\/2021\/03\/hudo-app-2.png","width":2185,"height":2167,"caption":"VSN Media"},"image":{"@id":"https:\/\/hudo.com\/si\/#\/schema\/logo\/image\/"},"sameAs":["https:\/\/www.facebook.com\/hudo.si","https:\/\/twitter.com\/hudo_si"]},{"@type":"Person","@id":"https:\/\/hudo.com\/si\/#\/schema\/person\/601cf3379633985b20f7e50f2bb47707","name":"hudo","image":{"@type":"ImageObject","inLanguage":"sl-SI","@id":"https:\/\/hudo.com\/si\/#\/schema\/person\/image\/","url":"https:\/\/secure.gravatar.com\/avatar\/c4ca25fa72cace7a696b52ff5db9e095?s=96&d=mm&r=g","contentUrl":"https:\/\/secure.gravatar.com\/avatar\/c4ca25fa72cace7a696b52ff5db9e095?s=96&d=mm&r=g","caption":"hudo"},"url":"https:\/\/hudo.com\/si\/author\/hudo\/"}]}},"amp_enabled":true,"_links":{"self":[{"href":"https:\/\/hudo.com\/si\/wp-json\/wp\/v2\/posts\/126029"}],"collection":[{"href":"https:\/\/hudo.com\/si\/wp-json\/wp\/v2\/posts"}],"about":[{"href":"https:\/\/hudo.com\/si\/wp-json\/wp\/v2\/types\/post"}],"author":[{"embeddable":true,"href":"https:\/\/hudo.com\/si\/wp-json\/wp\/v2\/users\/1"}],"replies":[{"embeddable":true,"href":"https:\/\/hudo.com\/si\/wp-json\/wp\/v2\/comments?post=126029"}],"version-history":[{"count":1,"href":"https:\/\/hudo.com\/si\/wp-json\/wp\/v2\/posts\/126029\/revisions"}],"predecessor-version":[{"id":126200,"href":"https:\/\/hudo.com\/si\/wp-json\/wp\/v2\/posts\/126029\/revisions\/126200"}],"wp:attachment":[{"href":"https:\/\/hudo.com\/si\/wp-json\/wp\/v2\/media?parent=126029"}],"wp:term":[{"taxonomy":"category","embeddable":true,"href":"https:\/\/hudo.com\/si\/wp-json\/wp\/v2\/categories?post=126029"},{"taxonomy":"post_tag","embeddable":true,"href":"https:\/\/hudo.com\/si\/wp-json\/wp\/v2\/tags?post=126029"},{"taxonomy":"source","embeddable":true,"href":"https:\/\/hudo.com\/si\/wp-json\/wp\/v2\/source?post=126029"},{"taxonomy":"supertag","embeddable":true,"href":"https:\/\/hudo.com\/si\/wp-json\/wp\/v2\/supertag?post=126029"}],"curies":[{"name":"wp","href":"https:\/\/api.w.org\/{rel}","templated":true}]}}