{"id":126039,"date":"2016-09-03T12:45:00","date_gmt":"2016-09-03T10:45:00","guid":{"rendered":"http:\/\/hudo.com\/si\/2016\/09\/03\/nagrada-za-slovenski-planinski-muzej-v-svici\/"},"modified":"2016-09-04T04:07:38","modified_gmt":"2016-09-04T02:07:38","slug":"nagrada-za-slovenski-planinski-muzej-v-svici","status":"publish","type":"post","link":"https:\/\/hudo.com\/si\/aktualno\/nagrada-za-slovenski-planinski-muzej-v-svici\/","title":{"rendered":"Nagrada za Slovenski planinski muzej v \u0160vici"},"content":{"rendered":"<p>Slovenski planinski muzej je v gorski ko\u010di Diavolezza v \u0160vici prejel nagrado Fundacije kralja Alberta I., kar je prva tovrstna nagrada za Slovenijo in potrditev pomembnega prispevka Slovenskega planinskega muzeja k razvoju planinske kulture v celotnih Alpah in njegove vloge pri povezovanju evropskih planinskih muzejev. Fundacija je nagrade podelila \u017ee dvanajsti\u010d, in sicer za izjemne in trajne dose\u017eke posameznikov ali ustanov, ki imajo pomemben vpliv na gorski svet in za\u0161\u010dito Alp, so sporo\u010dili iz Planinske zveze Slovenije. Kot so zapisali v obrazlo\u017eitvi nagrade, Slovenski planinski muzej vse od ustanovitve spodbuja, razvija in oblikuje z gorami in planinstvom povezano identiteto Slovenije. Igra zelo pomembno vlogo narodnega arhiva slovenskega alpinizma ter je pomemben regionalni organizator kulturnih dogodkov in pospe\u0161evalec turizma. Fundacija kralja Alberta I. priznava Slovenskemu planinskemu muzeju skupaj s Triglavom, najvi\u0161jo goro v Sloveniji, edinstven kulturni prispevek k celotni alpski regiji in v muzej vidi kot pomembnega partnerja v nastajajo\u010di gosti mre\u017ei evropskih planinskih muzejev. Slovenski planinski muzej je bil leta 2012 med nominiranci za evropski muzej leta, nagrada Fundacije kralja Alberta I. pa je drugo visoko priznanje iz tujine, ki ka\u017ee na spo\u0161tovanje \u0161ir\u0161e mednarodne strokovne in planinske javnosti do vloge in poslanstva Slovenskega planinskega muzeja ne samo v Sloveniji, pa\u010d pa v \u0161ir\u0161em alpskem prostoru. &#8220;To je veliko priznanje vsem generacijam slovenskih planincev, ki so ustvarjali slovensko planinsko zgodovino, posebej pa \u0161e tistim planinskim zanesenjakom v Mojstrani na \u010delu z Avgustom Delavcem, ki so z zbiranjem materialne in snovne dedi\u0161\u010dine slovenskega planinstva leta 1984 omogo\u010dili odprtje Triglavske muzejske zbirke kot temelja dana\u0161njega Slovenskega planinskega muzeja. Seveda pa je nagrada namenjena tudi vsem posameznikom, ustanovam in donatorjem, ki so uresni\u010dili projekt izgradnje in vsebinske postavitve Slovenskega planinskega muzeja,&#8221;<\/p>\n","protected":false},"excerpt":{"rendered":"<p>Slovenski planinski muzej je v gorski ko\u010di Diavolezza v \u0160vici prejel nagrado Fundacije kralja Alberta I., kar je prva tovrstna nagrada za Slovenijo in potrditev pomembnega prispevka Slovenskega planinskega muzeja k razvoju planinske kulture v celotnih Alpah in njegove vloge pri povezovanju evropskih planinskih muzejev. Fundacija je nagrade podelila \u017ee dvanajsti\u010d, in sicer za izjemne in trajne dose\u017eke posameznikov ali ustanov, ki imajo pomemben vpliv na gorski svet in za\u0161\u010dito Alp, so sporo\u010dili iz Planinske zveze Slovenije. Kot so zapisali v obrazlo\u017eitvi nagrade, Slovenski planinski muzej vse od ustanovitve spodbuja, razvija in oblikuje z gorami in planinstvom povezano identiteto Slovenije. Igra zelo pomembno vlogo narodnega arhiva slovenskega alpinizma ter je pomemben regionalni organizator kulturnih dogodkov in pospe\u0161evalec turizma. Fundacija kralja Alberta I. priznava Slovenskemu planinskemu muzeju skupaj s Triglavom, najvi\u0161jo goro v Sloveniji, edinstven kulturni prispevek k celotni alpski regiji in v muzej vidi kot pomembnega partnerja v nastajajo\u010di gosti mre\u017ei evropskih planinskih muzejev. Slovenski planinski muzej je bil leta 2012 med nominiranci za evropski muzej leta, nagrada Fundacije kralja Alberta I. pa je drugo visoko priznanje iz tujine, ki ka\u017ee na spo\u0161tovanje \u0161ir\u0161e mednarodne strokovne in planinske javnosti do vloge in poslanstva Slovenskega planinskega muzeja ne samo v Sloveniji, pa\u010d pa v \u0161ir\u0161em alpskem prostoru. &#8220;To je veliko priznanje vsem generacijam slovenskih planincev, ki so ustvarjali slovensko planinsko zgodovino, posebej pa \u0161e tistim planinskim zanesenjakom v Mojstrani na \u010delu z Avgustom Delavcem, ki so z zbiranjem materialne in snovne dedi\u0161\u010dine slovenskega planinstva leta 1984 omogo\u010dili odprtje Triglavske muzejske zbirke kot temelja dana\u0161njega Slovenskega planinskega muzeja. Seveda pa je nagrada namenjena tudi vsem posameznikom, ustanovam in donatorjem, ki so uresni\u010dili projekt izgradnje in vsebinske postavitve Slovenskega planinskega muzeja,&#8221;<\/p>\n","protected":false},"author":1,"featured_media":0,"comment_status":"closed","ping_status":"closed","sticky":false,"template":"","format":"standard","meta":{"footnotes":""},"categories":[1179],"tags":[],"source":[1711],"supertag":[],"acf":[],"yoast_head":"<!-- This site is optimized with the Yoast SEO plugin v21.3 - https:\/\/yoast.com\/wordpress\/plugins\/seo\/ -->\n<title>Nagrada za Slovenski planinski muzej v \u0160vici - Hudo Slovenija<\/title>\n<meta name=\"robots\" content=\"index, follow, max-snippet:-1, max-image-preview:large, max-video-preview:-1\" \/>\n<link rel=\"canonical\" href=\"https:\/\/hudo.com\/si\/aktualno\/nagrada-za-slovenski-planinski-muzej-v-svici\/\" \/>\n<meta property=\"og:locale\" content=\"sl_SI\" \/>\n<meta property=\"og:type\" content=\"article\" \/>\n<meta property=\"og:title\" content=\"Nagrada za Slovenski planinski muzej v \u0160vici - Hudo Slovenija\" \/>\n<meta property=\"og:description\" content=\"Slovenski planinski muzej je v gorski ko\u010di Diavolezza v \u0160vici prejel nagrado Fundacije kralja Alberta I., kar je prva tovrstna nagrada za Slovenijo in potrditev pomembnega prispevka Slovenskega planinskega muzeja k razvoju planinske kulture v celotnih Alpah in njegove vloge pri povezovanju evropskih planinskih muzejev. Fundacija je nagrade podelila \u017ee dvanajsti\u010d, in sicer za izjemne in trajne dose\u017eke posameznikov ali ustanov, ki imajo pomemben vpliv na gorski svet in za\u0161\u010dito Alp, so sporo\u010dili iz Planinske zveze Slovenije. Kot so zapisali v obrazlo\u017eitvi nagrade, Slovenski planinski muzej vse od ustanovitve spodbuja, razvija in oblikuje z gorami in planinstvom povezano identiteto Slovenije. Igra zelo pomembno vlogo narodnega arhiva slovenskega alpinizma ter je pomemben regionalni organizator kulturnih dogodkov in pospe\u0161evalec turizma. Fundacija kralja Alberta I. priznava Slovenskemu planinskemu muzeju skupaj s Triglavom, najvi\u0161jo goro v Sloveniji, edinstven kulturni prispevek k celotni alpski regiji in v muzej vidi kot pomembnega partnerja v nastajajo\u010di gosti mre\u017ei evropskih planinskih muzejev. Slovenski planinski muzej je bil leta 2012 med nominiranci za evropski muzej leta, nagrada Fundacije kralja Alberta I. pa je drugo visoko priznanje iz tujine, ki ka\u017ee na spo\u0161tovanje \u0161ir\u0161e mednarodne strokovne in planinske javnosti do vloge in poslanstva Slovenskega planinskega muzeja ne samo v Sloveniji, pa\u010d pa v \u0161ir\u0161em alpskem prostoru. &quot;To je veliko priznanje vsem generacijam slovenskih planincev, ki so ustvarjali slovensko planinsko zgodovino, posebej pa \u0161e tistim planinskim zanesenjakom v Mojstrani na \u010delu z Avgustom Delavcem, ki so z zbiranjem materialne in snovne dedi\u0161\u010dine slovenskega planinstva leta 1984 omogo\u010dili odprtje Triglavske muzejske zbirke kot temelja dana\u0161njega Slovenskega planinskega muzeja. Seveda pa je nagrada namenjena tudi vsem posameznikom, ustanovam in donatorjem, ki so uresni\u010dili projekt izgradnje in vsebinske postavitve Slovenskega planinskega muzeja,&quot;\" \/>\n<meta property=\"og:url\" content=\"https:\/\/hudo.com\/si\/aktualno\/nagrada-za-slovenski-planinski-muzej-v-svici\/\" \/>\n<meta property=\"og:site_name\" content=\"Hudo Slovenija\" \/>\n<meta property=\"article:publisher\" content=\"https:\/\/www.facebook.com\/hudo.si\" \/>\n<meta property=\"article:published_time\" content=\"2016-09-03T10:45:00+00:00\" \/>\n<meta property=\"article:modified_time\" content=\"2016-09-04T02:07:38+00:00\" \/>\n<meta property=\"og:image\" content=\"https:\/\/hudo.com\/si\/wp-content\/uploads\/sites\/2\/2016\/09\/01145683F-300.jpg\" \/>\n\t<meta property=\"og:image:width\" content=\"450\" \/>\n\t<meta property=\"og:image:height\" content=\"337\" \/>\n\t<meta property=\"og:image:type\" content=\"image\/jpeg\" \/>\n<meta name=\"author\" content=\"hudo\" \/>\n<meta name=\"twitter:card\" content=\"summary_large_image\" \/>\n<meta name=\"twitter:creator\" content=\"@hudo_si\" \/>\n<meta name=\"twitter:site\" content=\"@hudo_si\" \/>\n<meta name=\"twitter:label1\" content=\"Written by\" \/>\n\t<meta name=\"twitter:data1\" content=\"hudo\" \/>\n\t<meta name=\"twitter:label2\" content=\"Est. reading time\" \/>\n\t<meta name=\"twitter:data2\" content=\"1 minuta\" \/>\n<script type=\"application\/ld+json\" class=\"yoast-schema-graph\">{\"@context\":\"https:\/\/schema.org\",\"@graph\":[{\"@type\":\"Article\",\"@id\":\"https:\/\/hudo.com\/si\/aktualno\/nagrada-za-slovenski-planinski-muzej-v-svici\/#article\",\"isPartOf\":{\"@id\":\"https:\/\/hudo.com\/si\/aktualno\/nagrada-za-slovenski-planinski-muzej-v-svici\/\"},\"author\":{\"name\":\"hudo\",\"@id\":\"https:\/\/hudo.com\/si\/#\/schema\/person\/601cf3379633985b20f7e50f2bb47707\"},\"headline\":\"Nagrada za Slovenski planinski muzej v \u0160vici\",\"datePublished\":\"2016-09-03T10:45:00+00:00\",\"dateModified\":\"2016-09-04T02:07:38+00:00\",\"mainEntityOfPage\":{\"@id\":\"https:\/\/hudo.com\/si\/aktualno\/nagrada-za-slovenski-planinski-muzej-v-svici\/\"},\"wordCount\":300,\"publisher\":{\"@id\":\"https:\/\/hudo.com\/si\/#organization\"},\"articleSection\":[\"Aktualno\"],\"inLanguage\":\"sl-SI\"},{\"@type\":\"WebPage\",\"@id\":\"https:\/\/hudo.com\/si\/aktualno\/nagrada-za-slovenski-planinski-muzej-v-svici\/\",\"url\":\"https:\/\/hudo.com\/si\/aktualno\/nagrada-za-slovenski-planinski-muzej-v-svici\/\",\"name\":\"Nagrada za Slovenski planinski muzej v \u0160vici - Hudo Slovenija\",\"isPartOf\":{\"@id\":\"https:\/\/hudo.com\/si\/#website\"},\"datePublished\":\"2016-09-03T10:45:00+00:00\",\"dateModified\":\"2016-09-04T02:07:38+00:00\",\"breadcrumb\":{\"@id\":\"https:\/\/hudo.com\/si\/aktualno\/nagrada-za-slovenski-planinski-muzej-v-svici\/#breadcrumb\"},\"inLanguage\":\"sl-SI\",\"potentialAction\":[{\"@type\":\"ReadAction\",\"target\":[\"https:\/\/hudo.com\/si\/aktualno\/nagrada-za-slovenski-planinski-muzej-v-svici\/\"]}]},{\"@type\":\"BreadcrumbList\",\"@id\":\"https:\/\/hudo.com\/si\/aktualno\/nagrada-za-slovenski-planinski-muzej-v-svici\/#breadcrumb\",\"itemListElement\":[{\"@type\":\"ListItem\",\"position\":1,\"name\":\"Home\",\"item\":\"https:\/\/hudo.com\/si\/\"},{\"@type\":\"ListItem\",\"position\":2,\"name\":\"Nagrada za Slovenski planinski muzej v \u0160vici\"}]},{\"@type\":\"WebSite\",\"@id\":\"https:\/\/hudo.com\/si\/#website\",\"url\":\"https:\/\/hudo.com\/si\/\",\"name\":\"Hudo Slovenija\",\"description\":\"Vse novice iz Slovenije in sveta\",\"publisher\":{\"@id\":\"https:\/\/hudo.com\/si\/#organization\"},\"potentialAction\":[{\"@type\":\"SearchAction\",\"target\":{\"@type\":\"EntryPoint\",\"urlTemplate\":\"https:\/\/hudo.com\/si\/?s={search_term_string}\"},\"query-input\":\"required name=search_term_string\"}],\"inLanguage\":\"sl-SI\"},{\"@type\":\"Organization\",\"@id\":\"https:\/\/hudo.com\/si\/#organization\",\"name\":\"VSN Media\",\"url\":\"https:\/\/hudo.com\/si\/\",\"logo\":{\"@type\":\"ImageObject\",\"inLanguage\":\"sl-SI\",\"@id\":\"https:\/\/hudo.com\/si\/#\/schema\/logo\/image\/\",\"url\":\"https:\/\/hudo.com\/si\/wp-content\/uploads\/sites\/2\/2021\/03\/hudo-app-2.png\",\"contentUrl\":\"https:\/\/hudo.com\/si\/wp-content\/uploads\/sites\/2\/2021\/03\/hudo-app-2.png\",\"width\":2185,\"height\":2167,\"caption\":\"VSN Media\"},\"image\":{\"@id\":\"https:\/\/hudo.com\/si\/#\/schema\/logo\/image\/\"},\"sameAs\":[\"https:\/\/www.facebook.com\/hudo.si\",\"https:\/\/twitter.com\/hudo_si\"]},{\"@type\":\"Person\",\"@id\":\"https:\/\/hudo.com\/si\/#\/schema\/person\/601cf3379633985b20f7e50f2bb47707\",\"name\":\"hudo\",\"image\":{\"@type\":\"ImageObject\",\"inLanguage\":\"sl-SI\",\"@id\":\"https:\/\/hudo.com\/si\/#\/schema\/person\/image\/\",\"url\":\"https:\/\/secure.gravatar.com\/avatar\/c4ca25fa72cace7a696b52ff5db9e095?s=96&d=mm&r=g\",\"contentUrl\":\"https:\/\/secure.gravatar.com\/avatar\/c4ca25fa72cace7a696b52ff5db9e095?s=96&d=mm&r=g\",\"caption\":\"hudo\"},\"url\":\"https:\/\/hudo.com\/si\/author\/hudo\/\"}]}<\/script>\n<!-- \/ Yoast SEO plugin. -->","yoast_head_json":{"title":"Nagrada za Slovenski planinski muzej v \u0160vici - Hudo Slovenija","robots":{"index":"index","follow":"follow","max-snippet":"max-snippet:-1","max-image-preview":"max-image-preview:large","max-video-preview":"max-video-preview:-1"},"canonical":"https:\/\/hudo.com\/si\/aktualno\/nagrada-za-slovenski-planinski-muzej-v-svici\/","og_locale":"sl_SI","og_type":"article","og_title":"Nagrada za Slovenski planinski muzej v \u0160vici - Hudo Slovenija","og_description":"Slovenski planinski muzej je v gorski ko\u010di Diavolezza v \u0160vici prejel nagrado Fundacije kralja Alberta I., kar je prva tovrstna nagrada za Slovenijo in potrditev pomembnega prispevka Slovenskega planinskega muzeja k razvoju planinske kulture v celotnih Alpah in njegove vloge pri povezovanju evropskih planinskih muzejev. Fundacija je nagrade podelila \u017ee dvanajsti\u010d, in sicer za izjemne in trajne dose\u017eke posameznikov ali ustanov, ki imajo pomemben vpliv na gorski svet in za\u0161\u010dito Alp, so sporo\u010dili iz Planinske zveze Slovenije. Kot so zapisali v obrazlo\u017eitvi nagrade, Slovenski planinski muzej vse od ustanovitve spodbuja, razvija in oblikuje z gorami in planinstvom povezano identiteto Slovenije. Igra zelo pomembno vlogo narodnega arhiva slovenskega alpinizma ter je pomemben regionalni organizator kulturnih dogodkov in pospe\u0161evalec turizma. Fundacija kralja Alberta I. priznava Slovenskemu planinskemu muzeju skupaj s Triglavom, najvi\u0161jo goro v Sloveniji, edinstven kulturni prispevek k celotni alpski regiji in v muzej vidi kot pomembnega partnerja v nastajajo\u010di gosti mre\u017ei evropskih planinskih muzejev. Slovenski planinski muzej je bil leta 2012 med nominiranci za evropski muzej leta, nagrada Fundacije kralja Alberta I. pa je drugo visoko priznanje iz tujine, ki ka\u017ee na spo\u0161tovanje \u0161ir\u0161e mednarodne strokovne in planinske javnosti do vloge in poslanstva Slovenskega planinskega muzeja ne samo v Sloveniji, pa\u010d pa v \u0161ir\u0161em alpskem prostoru. \"To je veliko priznanje vsem generacijam slovenskih planincev, ki so ustvarjali slovensko planinsko zgodovino, posebej pa \u0161e tistim planinskim zanesenjakom v Mojstrani na \u010delu z Avgustom Delavcem, ki so z zbiranjem materialne in snovne dedi\u0161\u010dine slovenskega planinstva leta 1984 omogo\u010dili odprtje Triglavske muzejske zbirke kot temelja dana\u0161njega Slovenskega planinskega muzeja. Seveda pa je nagrada namenjena tudi vsem posameznikom, ustanovam in donatorjem, ki so uresni\u010dili projekt izgradnje in vsebinske postavitve Slovenskega planinskega muzeja,\"","og_url":"https:\/\/hudo.com\/si\/aktualno\/nagrada-za-slovenski-planinski-muzej-v-svici\/","og_site_name":"Hudo Slovenija","article_publisher":"https:\/\/www.facebook.com\/hudo.si","article_published_time":"2016-09-03T10:45:00+00:00","article_modified_time":"2016-09-04T02:07:38+00:00","og_image":[{"width":450,"height":337,"url":"https:\/\/hudo.com\/si\/wp-content\/uploads\/sites\/2\/2016\/09\/01145683F-300.jpg","type":"image\/jpeg"}],"author":"hudo","twitter_card":"summary_large_image","twitter_creator":"@hudo_si","twitter_site":"@hudo_si","twitter_misc":{"Written by":"hudo","Est. reading time":"1 minuta"},"schema":{"@context":"https:\/\/schema.org","@graph":[{"@type":"Article","@id":"https:\/\/hudo.com\/si\/aktualno\/nagrada-za-slovenski-planinski-muzej-v-svici\/#article","isPartOf":{"@id":"https:\/\/hudo.com\/si\/aktualno\/nagrada-za-slovenski-planinski-muzej-v-svici\/"},"author":{"name":"hudo","@id":"https:\/\/hudo.com\/si\/#\/schema\/person\/601cf3379633985b20f7e50f2bb47707"},"headline":"Nagrada za Slovenski planinski muzej v \u0160vici","datePublished":"2016-09-03T10:45:00+00:00","dateModified":"2016-09-04T02:07:38+00:00","mainEntityOfPage":{"@id":"https:\/\/hudo.com\/si\/aktualno\/nagrada-za-slovenski-planinski-muzej-v-svici\/"},"wordCount":300,"publisher":{"@id":"https:\/\/hudo.com\/si\/#organization"},"articleSection":["Aktualno"],"inLanguage":"sl-SI"},{"@type":"WebPage","@id":"https:\/\/hudo.com\/si\/aktualno\/nagrada-za-slovenski-planinski-muzej-v-svici\/","url":"https:\/\/hudo.com\/si\/aktualno\/nagrada-za-slovenski-planinski-muzej-v-svici\/","name":"Nagrada za Slovenski planinski muzej v \u0160vici - Hudo Slovenija","isPartOf":{"@id":"https:\/\/hudo.com\/si\/#website"},"datePublished":"2016-09-03T10:45:00+00:00","dateModified":"2016-09-04T02:07:38+00:00","breadcrumb":{"@id":"https:\/\/hudo.com\/si\/aktualno\/nagrada-za-slovenski-planinski-muzej-v-svici\/#breadcrumb"},"inLanguage":"sl-SI","potentialAction":[{"@type":"ReadAction","target":["https:\/\/hudo.com\/si\/aktualno\/nagrada-za-slovenski-planinski-muzej-v-svici\/"]}]},{"@type":"BreadcrumbList","@id":"https:\/\/hudo.com\/si\/aktualno\/nagrada-za-slovenski-planinski-muzej-v-svici\/#breadcrumb","itemListElement":[{"@type":"ListItem","position":1,"name":"Home","item":"https:\/\/hudo.com\/si\/"},{"@type":"ListItem","position":2,"name":"Nagrada za Slovenski planinski muzej v \u0160vici"}]},{"@type":"WebSite","@id":"https:\/\/hudo.com\/si\/#website","url":"https:\/\/hudo.com\/si\/","name":"Hudo Slovenija","description":"Vse novice iz Slovenije in sveta","publisher":{"@id":"https:\/\/hudo.com\/si\/#organization"},"potentialAction":[{"@type":"SearchAction","target":{"@type":"EntryPoint","urlTemplate":"https:\/\/hudo.com\/si\/?s={search_term_string}"},"query-input":"required name=search_term_string"}],"inLanguage":"sl-SI"},{"@type":"Organization","@id":"https:\/\/hudo.com\/si\/#organization","name":"VSN Media","url":"https:\/\/hudo.com\/si\/","logo":{"@type":"ImageObject","inLanguage":"sl-SI","@id":"https:\/\/hudo.com\/si\/#\/schema\/logo\/image\/","url":"https:\/\/hudo.com\/si\/wp-content\/uploads\/sites\/2\/2021\/03\/hudo-app-2.png","contentUrl":"https:\/\/hudo.com\/si\/wp-content\/uploads\/sites\/2\/2021\/03\/hudo-app-2.png","width":2185,"height":2167,"caption":"VSN Media"},"image":{"@id":"https:\/\/hudo.com\/si\/#\/schema\/logo\/image\/"},"sameAs":["https:\/\/www.facebook.com\/hudo.si","https:\/\/twitter.com\/hudo_si"]},{"@type":"Person","@id":"https:\/\/hudo.com\/si\/#\/schema\/person\/601cf3379633985b20f7e50f2bb47707","name":"hudo","image":{"@type":"ImageObject","inLanguage":"sl-SI","@id":"https:\/\/hudo.com\/si\/#\/schema\/person\/image\/","url":"https:\/\/secure.gravatar.com\/avatar\/c4ca25fa72cace7a696b52ff5db9e095?s=96&d=mm&r=g","contentUrl":"https:\/\/secure.gravatar.com\/avatar\/c4ca25fa72cace7a696b52ff5db9e095?s=96&d=mm&r=g","caption":"hudo"},"url":"https:\/\/hudo.com\/si\/author\/hudo\/"}]}},"amp_enabled":true,"_links":{"self":[{"href":"https:\/\/hudo.com\/si\/wp-json\/wp\/v2\/posts\/126039"}],"collection":[{"href":"https:\/\/hudo.com\/si\/wp-json\/wp\/v2\/posts"}],"about":[{"href":"https:\/\/hudo.com\/si\/wp-json\/wp\/v2\/types\/post"}],"author":[{"embeddable":true,"href":"https:\/\/hudo.com\/si\/wp-json\/wp\/v2\/users\/1"}],"replies":[{"embeddable":true,"href":"https:\/\/hudo.com\/si\/wp-json\/wp\/v2\/comments?post=126039"}],"version-history":[{"count":1,"href":"https:\/\/hudo.com\/si\/wp-json\/wp\/v2\/posts\/126039\/revisions"}],"predecessor-version":[{"id":126205,"href":"https:\/\/hudo.com\/si\/wp-json\/wp\/v2\/posts\/126039\/revisions\/126205"}],"wp:attachment":[{"href":"https:\/\/hudo.com\/si\/wp-json\/wp\/v2\/media?parent=126039"}],"wp:term":[{"taxonomy":"category","embeddable":true,"href":"https:\/\/hudo.com\/si\/wp-json\/wp\/v2\/categories?post=126039"},{"taxonomy":"post_tag","embeddable":true,"href":"https:\/\/hudo.com\/si\/wp-json\/wp\/v2\/tags?post=126039"},{"taxonomy":"source","embeddable":true,"href":"https:\/\/hudo.com\/si\/wp-json\/wp\/v2\/source?post=126039"},{"taxonomy":"supertag","embeddable":true,"href":"https:\/\/hudo.com\/si\/wp-json\/wp\/v2\/supertag?post=126039"}],"curies":[{"name":"wp","href":"https:\/\/api.w.org\/{rel}","templated":true}]}}