{"id":126061,"date":"2016-09-03T10:22:00","date_gmt":"2016-09-03T08:22:00","guid":{"rendered":"http:\/\/hudo.com\/si\/2016\/09\/03\/nov-mourinhov-rez-in-konec-evropskih-nastopov-za-schweinsteigerja\/"},"modified":"2016-09-04T04:26:35","modified_gmt":"2016-09-04T02:26:35","slug":"nov-mourinhov-rez-in-konec-evropskih-nastopov-za-schweinsteigerja","status":"publish","type":"post","link":"https:\/\/hudo.com\/si\/aktualno\/nov-mourinhov-rez-in-konec-evropskih-nastopov-za-schweinsteigerja\/","title":{"rendered":"Nov Mourinhov rez in konec evropskih nastopov za Schweinsteigerja"},"content":{"rendered":"<p>Kategorija: Nogomet Sat, 03 Sep 2016 12:22:00 +0200  Manchester &#8211; Agonija nem\u0161kega nogometa\u0161a Bastiana Schweinsteigerja v Manchester Unitedu se nadaljuje. Zdaj \u017ee nekdanji nem\u0161ki reprezentant, ki je nedavno kon\u010dal nastope za elf, se namre\u010d ni uvrstil v ekipo, ki jo je trener Jose Mourinho dolo\u010dil za nastope v evropski ligi. Po pravilih Evropske nogometne zveze namre\u010d lahko klub za nastope prijavi najve\u010d 27 igralcev, Mourinho pa mednje ni \u0161tel Schweinsteigerja, na katerega zelo o\u010ditno ne ra\u010duna. Kar sam je namre\u010d dejal, da si bo Schweini zelo te\u017eko izboril polo\u017eaj, da ga bo uvr\u0161\u010dal na igri\u0161\u010de. \u00bbNe pravim, da je to zanj nemogo\u010de, pravim, da bo te\u017eko pri\u0161le v ekipo,\u00ab je dejal brez dlake na jeziku. Schweinsteiger je sicer dejal, da \u0161e vedno sanja o tem, da bi ekipi pomagal do naslova, a glede na to, da z ekipo niti ne\u00a0&#8230;<\/p>\n","protected":false},"excerpt":{"rendered":"<p>Kategorija: Nogomet Sat, 03 Sep 2016 12:22:00 +0200  Manchester &#8211; Agonija nem\u0161kega nogometa\u0161a Bastiana Schweinsteigerja v Manchester Unitedu se nadaljuje. Zdaj \u017ee nekdanji nem\u0161ki reprezentant, ki je nedavno kon\u010dal nastope za elf, se namre\u010d ni uvrstil v ekipo, ki jo je trener Jose Mourinho dolo\u010dil za nastope v evropski ligi. Po pravilih Evropske nogometne zveze namre\u010d lahko klub za nastope prijavi najve\u010d 27 igralcev, Mourinho pa mednje ni \u0161tel Schweinsteigerja, na katerega zelo o\u010ditno ne ra\u010duna. Kar sam je namre\u010d dejal, da si bo Schweini zelo te\u017eko izboril polo\u017eaj, da ga bo uvr\u0161\u010dal na igri\u0161\u010de. \u00bbNe pravim, da je to zanj nemogo\u010de, pravim, da bo te\u017eko pri\u0161le v ekipo,\u00ab je dejal brez dlake na jeziku. Schweinsteiger je sicer dejal, da \u0161e vedno sanja o tem, da bi ekipi pomagal do naslova, a glede na to, da z ekipo niti ne\u00a0&#8230;<\/p>\n","protected":false},"author":1,"featured_media":0,"comment_status":"closed","ping_status":"closed","sticky":false,"template":"","format":"standard","meta":{"footnotes":""},"categories":[1179],"tags":[],"source":[1703],"supertag":[],"acf":[],"yoast_head":"<!-- This site is optimized with the Yoast SEO plugin v21.3 - https:\/\/yoast.com\/wordpress\/plugins\/seo\/ -->\n<title>Nov Mourinhov rez in konec evropskih nastopov za Schweinsteigerja - Hudo Slovenija<\/title>\n<meta name=\"robots\" content=\"index, follow, max-snippet:-1, max-image-preview:large, max-video-preview:-1\" \/>\n<link rel=\"canonical\" href=\"https:\/\/hudo.com\/si\/aktualno\/nov-mourinhov-rez-in-konec-evropskih-nastopov-za-schweinsteigerja\/\" \/>\n<meta property=\"og:locale\" content=\"sl_SI\" \/>\n<meta property=\"og:type\" content=\"article\" \/>\n<meta property=\"og:title\" content=\"Nov Mourinhov rez in konec evropskih nastopov za Schweinsteigerja - Hudo Slovenija\" \/>\n<meta property=\"og:description\" content=\"Kategorija: Nogomet Sat, 03 Sep 2016 12:22:00 +0200 Manchester - Agonija nem\u0161kega nogometa\u0161a Bastiana Schweinsteigerja v Manchester Unitedu se nadaljuje. Zdaj \u017ee nekdanji nem\u0161ki reprezentant, ki je nedavno kon\u010dal nastope za elf, se namre\u010d ni uvrstil v ekipo, ki jo je trener Jose Mourinho dolo\u010dil za nastope v evropski ligi. Po pravilih Evropske nogometne zveze namre\u010d lahko klub za nastope prijavi najve\u010d 27 igralcev, Mourinho pa mednje ni \u0161tel Schweinsteigerja, na katerega zelo o\u010ditno ne ra\u010duna. Kar sam je namre\u010d dejal, da si bo Schweini zelo te\u017eko izboril polo\u017eaj, da ga bo uvr\u0161\u010dal na igri\u0161\u010de. \u00bbNe pravim, da je to zanj nemogo\u010de, pravim, da bo te\u017eko pri\u0161le v ekipo,\u00ab je dejal brez dlake na jeziku. Schweinsteiger je sicer dejal, da \u0161e vedno sanja o tem, da bi ekipi pomagal do naslova, a glede na to, da z ekipo niti ne\u00a0...\" \/>\n<meta property=\"og:url\" content=\"https:\/\/hudo.com\/si\/aktualno\/nov-mourinhov-rez-in-konec-evropskih-nastopov-za-schweinsteigerja\/\" \/>\n<meta property=\"og:site_name\" content=\"Hudo Slovenija\" \/>\n<meta property=\"article:publisher\" content=\"https:\/\/www.facebook.com\/hudo.si\" \/>\n<meta property=\"article:published_time\" content=\"2016-09-03T08:22:00+00:00\" \/>\n<meta property=\"article:modified_time\" content=\"2016-09-04T02:26:35+00:00\" \/>\n<meta property=\"og:image\" content=\"https:\/\/hudo.com\/si\/wp-content\/uploads\/sites\/2\/2016\/09\/480x290_AFP_Photo-20150901133454-12728900.jpeg\" \/>\n\t<meta property=\"og:image:width\" content=\"480\" \/>\n\t<meta property=\"og:image:height\" content=\"290\" \/>\n\t<meta property=\"og:image:type\" content=\"image\/jpeg\" \/>\n<meta name=\"author\" content=\"hudo\" \/>\n<meta name=\"twitter:card\" content=\"summary_large_image\" \/>\n<meta name=\"twitter:creator\" content=\"@hudo_si\" \/>\n<meta name=\"twitter:site\" content=\"@hudo_si\" \/>\n<meta name=\"twitter:label1\" content=\"Written by\" \/>\n\t<meta name=\"twitter:data1\" content=\"hudo\" \/>\n\t<meta name=\"twitter:label2\" content=\"Est. reading time\" \/>\n\t<meta name=\"twitter:data2\" content=\"1 minuta\" \/>\n<script type=\"application\/ld+json\" class=\"yoast-schema-graph\">{\"@context\":\"https:\/\/schema.org\",\"@graph\":[{\"@type\":\"Article\",\"@id\":\"https:\/\/hudo.com\/si\/aktualno\/nov-mourinhov-rez-in-konec-evropskih-nastopov-za-schweinsteigerja\/#article\",\"isPartOf\":{\"@id\":\"https:\/\/hudo.com\/si\/aktualno\/nov-mourinhov-rez-in-konec-evropskih-nastopov-za-schweinsteigerja\/\"},\"author\":{\"name\":\"hudo\",\"@id\":\"https:\/\/hudo.com\/si\/#\/schema\/person\/601cf3379633985b20f7e50f2bb47707\"},\"headline\":\"Nov Mourinhov rez in konec evropskih nastopov za Schweinsteigerja\",\"datePublished\":\"2016-09-03T08:22:00+00:00\",\"dateModified\":\"2016-09-04T02:26:35+00:00\",\"mainEntityOfPage\":{\"@id\":\"https:\/\/hudo.com\/si\/aktualno\/nov-mourinhov-rez-in-konec-evropskih-nastopov-za-schweinsteigerja\/\"},\"wordCount\":158,\"publisher\":{\"@id\":\"https:\/\/hudo.com\/si\/#organization\"},\"articleSection\":[\"Aktualno\"],\"inLanguage\":\"sl-SI\"},{\"@type\":\"WebPage\",\"@id\":\"https:\/\/hudo.com\/si\/aktualno\/nov-mourinhov-rez-in-konec-evropskih-nastopov-za-schweinsteigerja\/\",\"url\":\"https:\/\/hudo.com\/si\/aktualno\/nov-mourinhov-rez-in-konec-evropskih-nastopov-za-schweinsteigerja\/\",\"name\":\"Nov Mourinhov rez in konec evropskih nastopov za Schweinsteigerja - Hudo Slovenija\",\"isPartOf\":{\"@id\":\"https:\/\/hudo.com\/si\/#website\"},\"datePublished\":\"2016-09-03T08:22:00+00:00\",\"dateModified\":\"2016-09-04T02:26:35+00:00\",\"breadcrumb\":{\"@id\":\"https:\/\/hudo.com\/si\/aktualno\/nov-mourinhov-rez-in-konec-evropskih-nastopov-za-schweinsteigerja\/#breadcrumb\"},\"inLanguage\":\"sl-SI\",\"potentialAction\":[{\"@type\":\"ReadAction\",\"target\":[\"https:\/\/hudo.com\/si\/aktualno\/nov-mourinhov-rez-in-konec-evropskih-nastopov-za-schweinsteigerja\/\"]}]},{\"@type\":\"BreadcrumbList\",\"@id\":\"https:\/\/hudo.com\/si\/aktualno\/nov-mourinhov-rez-in-konec-evropskih-nastopov-za-schweinsteigerja\/#breadcrumb\",\"itemListElement\":[{\"@type\":\"ListItem\",\"position\":1,\"name\":\"Home\",\"item\":\"https:\/\/hudo.com\/si\/\"},{\"@type\":\"ListItem\",\"position\":2,\"name\":\"Nov Mourinhov rez in konec evropskih nastopov za Schweinsteigerja\"}]},{\"@type\":\"WebSite\",\"@id\":\"https:\/\/hudo.com\/si\/#website\",\"url\":\"https:\/\/hudo.com\/si\/\",\"name\":\"Hudo Slovenija\",\"description\":\"Vse novice iz Slovenije in sveta\",\"publisher\":{\"@id\":\"https:\/\/hudo.com\/si\/#organization\"},\"potentialAction\":[{\"@type\":\"SearchAction\",\"target\":{\"@type\":\"EntryPoint\",\"urlTemplate\":\"https:\/\/hudo.com\/si\/?s={search_term_string}\"},\"query-input\":\"required name=search_term_string\"}],\"inLanguage\":\"sl-SI\"},{\"@type\":\"Organization\",\"@id\":\"https:\/\/hudo.com\/si\/#organization\",\"name\":\"VSN Media\",\"url\":\"https:\/\/hudo.com\/si\/\",\"logo\":{\"@type\":\"ImageObject\",\"inLanguage\":\"sl-SI\",\"@id\":\"https:\/\/hudo.com\/si\/#\/schema\/logo\/image\/\",\"url\":\"https:\/\/hudo.com\/si\/wp-content\/uploads\/sites\/2\/2021\/03\/hudo-app-2.png\",\"contentUrl\":\"https:\/\/hudo.com\/si\/wp-content\/uploads\/sites\/2\/2021\/03\/hudo-app-2.png\",\"width\":2185,\"height\":2167,\"caption\":\"VSN Media\"},\"image\":{\"@id\":\"https:\/\/hudo.com\/si\/#\/schema\/logo\/image\/\"},\"sameAs\":[\"https:\/\/www.facebook.com\/hudo.si\",\"https:\/\/twitter.com\/hudo_si\"]},{\"@type\":\"Person\",\"@id\":\"https:\/\/hudo.com\/si\/#\/schema\/person\/601cf3379633985b20f7e50f2bb47707\",\"name\":\"hudo\",\"image\":{\"@type\":\"ImageObject\",\"inLanguage\":\"sl-SI\",\"@id\":\"https:\/\/hudo.com\/si\/#\/schema\/person\/image\/\",\"url\":\"https:\/\/secure.gravatar.com\/avatar\/c4ca25fa72cace7a696b52ff5db9e095?s=96&d=mm&r=g\",\"contentUrl\":\"https:\/\/secure.gravatar.com\/avatar\/c4ca25fa72cace7a696b52ff5db9e095?s=96&d=mm&r=g\",\"caption\":\"hudo\"},\"url\":\"https:\/\/hudo.com\/si\/author\/hudo\/\"}]}<\/script>\n<!-- \/ Yoast SEO plugin. -->","yoast_head_json":{"title":"Nov Mourinhov rez in konec evropskih nastopov za Schweinsteigerja - Hudo Slovenija","robots":{"index":"index","follow":"follow","max-snippet":"max-snippet:-1","max-image-preview":"max-image-preview:large","max-video-preview":"max-video-preview:-1"},"canonical":"https:\/\/hudo.com\/si\/aktualno\/nov-mourinhov-rez-in-konec-evropskih-nastopov-za-schweinsteigerja\/","og_locale":"sl_SI","og_type":"article","og_title":"Nov Mourinhov rez in konec evropskih nastopov za Schweinsteigerja - Hudo Slovenija","og_description":"Kategorija: Nogomet Sat, 03 Sep 2016 12:22:00 +0200 Manchester - Agonija nem\u0161kega nogometa\u0161a Bastiana Schweinsteigerja v Manchester Unitedu se nadaljuje. Zdaj \u017ee nekdanji nem\u0161ki reprezentant, ki je nedavno kon\u010dal nastope za elf, se namre\u010d ni uvrstil v ekipo, ki jo je trener Jose Mourinho dolo\u010dil za nastope v evropski ligi. Po pravilih Evropske nogometne zveze namre\u010d lahko klub za nastope prijavi najve\u010d 27 igralcev, Mourinho pa mednje ni \u0161tel Schweinsteigerja, na katerega zelo o\u010ditno ne ra\u010duna. Kar sam je namre\u010d dejal, da si bo Schweini zelo te\u017eko izboril polo\u017eaj, da ga bo uvr\u0161\u010dal na igri\u0161\u010de. \u00bbNe pravim, da je to zanj nemogo\u010de, pravim, da bo te\u017eko pri\u0161le v ekipo,\u00ab je dejal brez dlake na jeziku. Schweinsteiger je sicer dejal, da \u0161e vedno sanja o tem, da bi ekipi pomagal do naslova, a glede na to, da z ekipo niti ne\u00a0...","og_url":"https:\/\/hudo.com\/si\/aktualno\/nov-mourinhov-rez-in-konec-evropskih-nastopov-za-schweinsteigerja\/","og_site_name":"Hudo Slovenija","article_publisher":"https:\/\/www.facebook.com\/hudo.si","article_published_time":"2016-09-03T08:22:00+00:00","article_modified_time":"2016-09-04T02:26:35+00:00","og_image":[{"width":480,"height":290,"url":"https:\/\/hudo.com\/si\/wp-content\/uploads\/sites\/2\/2016\/09\/480x290_AFP_Photo-20150901133454-12728900.jpeg","type":"image\/jpeg"}],"author":"hudo","twitter_card":"summary_large_image","twitter_creator":"@hudo_si","twitter_site":"@hudo_si","twitter_misc":{"Written by":"hudo","Est. reading time":"1 minuta"},"schema":{"@context":"https:\/\/schema.org","@graph":[{"@type":"Article","@id":"https:\/\/hudo.com\/si\/aktualno\/nov-mourinhov-rez-in-konec-evropskih-nastopov-za-schweinsteigerja\/#article","isPartOf":{"@id":"https:\/\/hudo.com\/si\/aktualno\/nov-mourinhov-rez-in-konec-evropskih-nastopov-za-schweinsteigerja\/"},"author":{"name":"hudo","@id":"https:\/\/hudo.com\/si\/#\/schema\/person\/601cf3379633985b20f7e50f2bb47707"},"headline":"Nov Mourinhov rez in konec evropskih nastopov za Schweinsteigerja","datePublished":"2016-09-03T08:22:00+00:00","dateModified":"2016-09-04T02:26:35+00:00","mainEntityOfPage":{"@id":"https:\/\/hudo.com\/si\/aktualno\/nov-mourinhov-rez-in-konec-evropskih-nastopov-za-schweinsteigerja\/"},"wordCount":158,"publisher":{"@id":"https:\/\/hudo.com\/si\/#organization"},"articleSection":["Aktualno"],"inLanguage":"sl-SI"},{"@type":"WebPage","@id":"https:\/\/hudo.com\/si\/aktualno\/nov-mourinhov-rez-in-konec-evropskih-nastopov-za-schweinsteigerja\/","url":"https:\/\/hudo.com\/si\/aktualno\/nov-mourinhov-rez-in-konec-evropskih-nastopov-za-schweinsteigerja\/","name":"Nov Mourinhov rez in konec evropskih nastopov za Schweinsteigerja - Hudo Slovenija","isPartOf":{"@id":"https:\/\/hudo.com\/si\/#website"},"datePublished":"2016-09-03T08:22:00+00:00","dateModified":"2016-09-04T02:26:35+00:00","breadcrumb":{"@id":"https:\/\/hudo.com\/si\/aktualno\/nov-mourinhov-rez-in-konec-evropskih-nastopov-za-schweinsteigerja\/#breadcrumb"},"inLanguage":"sl-SI","potentialAction":[{"@type":"ReadAction","target":["https:\/\/hudo.com\/si\/aktualno\/nov-mourinhov-rez-in-konec-evropskih-nastopov-za-schweinsteigerja\/"]}]},{"@type":"BreadcrumbList","@id":"https:\/\/hudo.com\/si\/aktualno\/nov-mourinhov-rez-in-konec-evropskih-nastopov-za-schweinsteigerja\/#breadcrumb","itemListElement":[{"@type":"ListItem","position":1,"name":"Home","item":"https:\/\/hudo.com\/si\/"},{"@type":"ListItem","position":2,"name":"Nov Mourinhov rez in konec evropskih nastopov za Schweinsteigerja"}]},{"@type":"WebSite","@id":"https:\/\/hudo.com\/si\/#website","url":"https:\/\/hudo.com\/si\/","name":"Hudo Slovenija","description":"Vse novice iz Slovenije in sveta","publisher":{"@id":"https:\/\/hudo.com\/si\/#organization"},"potentialAction":[{"@type":"SearchAction","target":{"@type":"EntryPoint","urlTemplate":"https:\/\/hudo.com\/si\/?s={search_term_string}"},"query-input":"required name=search_term_string"}],"inLanguage":"sl-SI"},{"@type":"Organization","@id":"https:\/\/hudo.com\/si\/#organization","name":"VSN Media","url":"https:\/\/hudo.com\/si\/","logo":{"@type":"ImageObject","inLanguage":"sl-SI","@id":"https:\/\/hudo.com\/si\/#\/schema\/logo\/image\/","url":"https:\/\/hudo.com\/si\/wp-content\/uploads\/sites\/2\/2021\/03\/hudo-app-2.png","contentUrl":"https:\/\/hudo.com\/si\/wp-content\/uploads\/sites\/2\/2021\/03\/hudo-app-2.png","width":2185,"height":2167,"caption":"VSN Media"},"image":{"@id":"https:\/\/hudo.com\/si\/#\/schema\/logo\/image\/"},"sameAs":["https:\/\/www.facebook.com\/hudo.si","https:\/\/twitter.com\/hudo_si"]},{"@type":"Person","@id":"https:\/\/hudo.com\/si\/#\/schema\/person\/601cf3379633985b20f7e50f2bb47707","name":"hudo","image":{"@type":"ImageObject","inLanguage":"sl-SI","@id":"https:\/\/hudo.com\/si\/#\/schema\/person\/image\/","url":"https:\/\/secure.gravatar.com\/avatar\/c4ca25fa72cace7a696b52ff5db9e095?s=96&d=mm&r=g","contentUrl":"https:\/\/secure.gravatar.com\/avatar\/c4ca25fa72cace7a696b52ff5db9e095?s=96&d=mm&r=g","caption":"hudo"},"url":"https:\/\/hudo.com\/si\/author\/hudo\/"}]}},"amp_enabled":true,"_links":{"self":[{"href":"https:\/\/hudo.com\/si\/wp-json\/wp\/v2\/posts\/126061"}],"collection":[{"href":"https:\/\/hudo.com\/si\/wp-json\/wp\/v2\/posts"}],"about":[{"href":"https:\/\/hudo.com\/si\/wp-json\/wp\/v2\/types\/post"}],"author":[{"embeddable":true,"href":"https:\/\/hudo.com\/si\/wp-json\/wp\/v2\/users\/1"}],"replies":[{"embeddable":true,"href":"https:\/\/hudo.com\/si\/wp-json\/wp\/v2\/comments?post=126061"}],"version-history":[{"count":1,"href":"https:\/\/hudo.com\/si\/wp-json\/wp\/v2\/posts\/126061\/revisions"}],"predecessor-version":[{"id":126216,"href":"https:\/\/hudo.com\/si\/wp-json\/wp\/v2\/posts\/126061\/revisions\/126216"}],"wp:attachment":[{"href":"https:\/\/hudo.com\/si\/wp-json\/wp\/v2\/media?parent=126061"}],"wp:term":[{"taxonomy":"category","embeddable":true,"href":"https:\/\/hudo.com\/si\/wp-json\/wp\/v2\/categories?post=126061"},{"taxonomy":"post_tag","embeddable":true,"href":"https:\/\/hudo.com\/si\/wp-json\/wp\/v2\/tags?post=126061"},{"taxonomy":"source","embeddable":true,"href":"https:\/\/hudo.com\/si\/wp-json\/wp\/v2\/source?post=126061"},{"taxonomy":"supertag","embeddable":true,"href":"https:\/\/hudo.com\/si\/wp-json\/wp\/v2\/supertag?post=126061"}],"curies":[{"name":"wp","href":"https:\/\/api.w.org\/{rel}","templated":true}]}}