{"id":126179,"date":"2016-09-03T20:48:00","date_gmt":"2016-09-03T18:48:00","guid":{"rendered":"http:\/\/hudo.com\/si\/2016\/09\/03\/poraz-celjanov-ob-jubileju-in-vstopu-v-seha\/"},"modified":"2016-09-03T20:48:00","modified_gmt":"2016-09-03T18:48:00","slug":"poraz-celjanov-ob-jubileju-in-vstopu-v-seha","status":"publish","type":"post","link":"https:\/\/hudo.com\/si\/aktualno\/poraz-celjanov-ob-jubileju-in-vstopu-v-seha\/","title":{"rendered":"Poraz Celjanov ob jubileju in vstopu v SEHA"},"content":{"rendered":"<p>Kategorija: Rokomet Sat, 03 Sep 2016 22:48:00 +0200  CeljeNajbolj rokometno mesto na Slovenskem v tem tednu praznuje 70 let organiziranega rokometa v Celju, po \u0161tevilnih kulturnih prireditvah in petkovi slavnostni akademiji pa je bila sobota rezervirana za zabavo in \u0161portni posladek med doma\u010do ekipo in velikanom evropskega rokometa iz mad\u017earskega Veszprema. Obra\u010dun slovenskih in mad\u017earskih prvakov se je kon\u010dal z zmago vzhodnih sosedov, a visok poraz z 29:34 (12:15) v ni\u010demer ni pokvaril prazni\u010dnega razpolo\u017eenja v mestu ob Savinji. Uvodni met \u017eoge v Zlatorogu je pripadel zlati judoistki z leto\u0161njih poletnih olimpijskih iger v Rio de Janeiru Tini Trstenjak, slovenski rokometni prvak, ki v tej sezoni v regionalnem tekmovanju nima posebnih ciljev, pa je z bojevito predstavo sprva dr\u017eal korak z zvezdni\u0161ko zasedbo iz Veszprema. A sredi pol\u010dasa je leto\u0161nji osmoljenec finalne tekme v ligi prvakov prevzel nadzor na\u00a0&#8230;<\/p>\n","protected":false},"excerpt":{"rendered":"<p>Kategorija: Rokomet Sat, 03 Sep 2016 22:48:00 +0200  CeljeNajbolj rokometno mesto na Slovenskem v tem tednu praznuje 70 let organiziranega rokometa v Celju, po \u0161tevilnih kulturnih prireditvah in petkovi slavnostni akademiji pa je bila sobota rezervirana za zabavo in \u0161portni posladek med doma\u010do ekipo in velikanom evropskega rokometa iz mad\u017earskega Veszprema. Obra\u010dun slovenskih in mad\u017earskih prvakov se je kon\u010dal z zmago vzhodnih sosedov, a visok poraz z 29:34 (12:15) v ni\u010demer ni pokvaril prazni\u010dnega razpolo\u017eenja v mestu ob Savinji. Uvodni met \u017eoge v Zlatorogu je pripadel zlati judoistki z leto\u0161njih poletnih olimpijskih iger v Rio de Janeiru Tini Trstenjak, slovenski rokometni prvak, ki v tej sezoni v regionalnem tekmovanju nima posebnih ciljev, pa je z bojevito predstavo sprva dr\u017eal korak z zvezdni\u0161ko zasedbo iz Veszprema. A sredi pol\u010dasa je leto\u0161nji osmoljenec finalne tekme v ligi prvakov prevzel nadzor na\u00a0&#8230;<\/p>\n","protected":false},"author":1,"featured_media":0,"comment_status":"closed","ping_status":"closed","sticky":false,"template":"","format":"standard","meta":{"footnotes":""},"categories":[1179],"tags":[],"source":[1703],"supertag":[],"acf":[],"yoast_head":"<!-- This site is optimized with the Yoast SEO plugin v21.3 - https:\/\/yoast.com\/wordpress\/plugins\/seo\/ -->\n<title>Poraz Celjanov ob jubileju in vstopu v SEHA - Hudo Slovenija<\/title>\n<meta name=\"robots\" content=\"index, follow, max-snippet:-1, max-image-preview:large, max-video-preview:-1\" \/>\n<link rel=\"canonical\" href=\"https:\/\/hudo.com\/si\/aktualno\/poraz-celjanov-ob-jubileju-in-vstopu-v-seha\/\" \/>\n<meta property=\"og:locale\" content=\"sl_SI\" \/>\n<meta property=\"og:type\" content=\"article\" \/>\n<meta property=\"og:title\" content=\"Poraz Celjanov ob jubileju in vstopu v SEHA - Hudo Slovenija\" \/>\n<meta property=\"og:description\" content=\"Kategorija: Rokomet Sat, 03 Sep 2016 22:48:00 +0200 CeljeNajbolj rokometno mesto na Slovenskem v tem tednu praznuje 70 let organiziranega rokometa v Celju, po \u0161tevilnih kulturnih prireditvah in petkovi slavnostni akademiji pa je bila sobota rezervirana za zabavo in \u0161portni posladek med doma\u010do ekipo in velikanom evropskega rokometa iz mad\u017earskega Veszprema. Obra\u010dun slovenskih in mad\u017earskih prvakov se je kon\u010dal z zmago vzhodnih sosedov, a visok poraz z 29:34 (12:15) v ni\u010demer ni pokvaril prazni\u010dnega razpolo\u017eenja v mestu ob Savinji. Uvodni met \u017eoge v Zlatorogu je pripadel zlati judoistki z leto\u0161njih poletnih olimpijskih iger v Rio de Janeiru Tini Trstenjak, slovenski rokometni prvak, ki v tej sezoni v regionalnem tekmovanju nima posebnih ciljev, pa je z bojevito predstavo sprva dr\u017eal korak z zvezdni\u0161ko zasedbo iz Veszprema. A sredi pol\u010dasa je leto\u0161nji osmoljenec finalne tekme v ligi prvakov prevzel nadzor na\u00a0...\" \/>\n<meta property=\"og:url\" content=\"https:\/\/hudo.com\/si\/aktualno\/poraz-celjanov-ob-jubileju-in-vstopu-v-seha\/\" \/>\n<meta property=\"og:site_name\" content=\"Hudo Slovenija\" \/>\n<meta property=\"article:publisher\" content=\"https:\/\/www.facebook.com\/hudo.si\" \/>\n<meta property=\"article:published_time\" content=\"2016-09-03T18:48:00+00:00\" \/>\n<meta property=\"og:image\" content=\"https:\/\/hudo.com\/si\/wp-content\/uploads\/sites\/2\/2016\/09\/480x290_Delo_Foto-20160903222041-07581600.jpeg\" \/>\n\t<meta property=\"og:image:width\" content=\"480\" \/>\n\t<meta property=\"og:image:height\" content=\"290\" \/>\n\t<meta property=\"og:image:type\" content=\"image\/jpeg\" \/>\n<meta name=\"author\" content=\"hudo\" \/>\n<meta name=\"twitter:card\" content=\"summary_large_image\" \/>\n<meta name=\"twitter:creator\" content=\"@hudo_si\" \/>\n<meta name=\"twitter:site\" content=\"@hudo_si\" \/>\n<meta name=\"twitter:label1\" content=\"Written by\" \/>\n\t<meta name=\"twitter:data1\" content=\"hudo\" \/>\n\t<meta name=\"twitter:label2\" content=\"Est. reading time\" \/>\n\t<meta name=\"twitter:data2\" content=\"1 minuta\" \/>\n<script type=\"application\/ld+json\" class=\"yoast-schema-graph\">{\"@context\":\"https:\/\/schema.org\",\"@graph\":[{\"@type\":\"Article\",\"@id\":\"https:\/\/hudo.com\/si\/aktualno\/poraz-celjanov-ob-jubileju-in-vstopu-v-seha\/#article\",\"isPartOf\":{\"@id\":\"https:\/\/hudo.com\/si\/aktualno\/poraz-celjanov-ob-jubileju-in-vstopu-v-seha\/\"},\"author\":{\"name\":\"hudo\",\"@id\":\"https:\/\/hudo.com\/si\/#\/schema\/person\/601cf3379633985b20f7e50f2bb47707\"},\"headline\":\"Poraz Celjanov ob jubileju in vstopu v SEHA\",\"datePublished\":\"2016-09-03T18:48:00+00:00\",\"dateModified\":\"2016-09-03T18:48:00+00:00\",\"mainEntityOfPage\":{\"@id\":\"https:\/\/hudo.com\/si\/aktualno\/poraz-celjanov-ob-jubileju-in-vstopu-v-seha\/\"},\"wordCount\":153,\"publisher\":{\"@id\":\"https:\/\/hudo.com\/si\/#organization\"},\"articleSection\":[\"Aktualno\"],\"inLanguage\":\"sl-SI\"},{\"@type\":\"WebPage\",\"@id\":\"https:\/\/hudo.com\/si\/aktualno\/poraz-celjanov-ob-jubileju-in-vstopu-v-seha\/\",\"url\":\"https:\/\/hudo.com\/si\/aktualno\/poraz-celjanov-ob-jubileju-in-vstopu-v-seha\/\",\"name\":\"Poraz Celjanov ob jubileju in vstopu v SEHA - Hudo Slovenija\",\"isPartOf\":{\"@id\":\"https:\/\/hudo.com\/si\/#website\"},\"datePublished\":\"2016-09-03T18:48:00+00:00\",\"dateModified\":\"2016-09-03T18:48:00+00:00\",\"breadcrumb\":{\"@id\":\"https:\/\/hudo.com\/si\/aktualno\/poraz-celjanov-ob-jubileju-in-vstopu-v-seha\/#breadcrumb\"},\"inLanguage\":\"sl-SI\",\"potentialAction\":[{\"@type\":\"ReadAction\",\"target\":[\"https:\/\/hudo.com\/si\/aktualno\/poraz-celjanov-ob-jubileju-in-vstopu-v-seha\/\"]}]},{\"@type\":\"BreadcrumbList\",\"@id\":\"https:\/\/hudo.com\/si\/aktualno\/poraz-celjanov-ob-jubileju-in-vstopu-v-seha\/#breadcrumb\",\"itemListElement\":[{\"@type\":\"ListItem\",\"position\":1,\"name\":\"Home\",\"item\":\"https:\/\/hudo.com\/si\/\"},{\"@type\":\"ListItem\",\"position\":2,\"name\":\"Poraz Celjanov ob jubileju in vstopu v SEHA\"}]},{\"@type\":\"WebSite\",\"@id\":\"https:\/\/hudo.com\/si\/#website\",\"url\":\"https:\/\/hudo.com\/si\/\",\"name\":\"Hudo Slovenija\",\"description\":\"Vse novice iz Slovenije in sveta\",\"publisher\":{\"@id\":\"https:\/\/hudo.com\/si\/#organization\"},\"potentialAction\":[{\"@type\":\"SearchAction\",\"target\":{\"@type\":\"EntryPoint\",\"urlTemplate\":\"https:\/\/hudo.com\/si\/?s={search_term_string}\"},\"query-input\":\"required name=search_term_string\"}],\"inLanguage\":\"sl-SI\"},{\"@type\":\"Organization\",\"@id\":\"https:\/\/hudo.com\/si\/#organization\",\"name\":\"VSN Media\",\"url\":\"https:\/\/hudo.com\/si\/\",\"logo\":{\"@type\":\"ImageObject\",\"inLanguage\":\"sl-SI\",\"@id\":\"https:\/\/hudo.com\/si\/#\/schema\/logo\/image\/\",\"url\":\"https:\/\/hudo.com\/si\/wp-content\/uploads\/sites\/2\/2021\/03\/hudo-app-2.png\",\"contentUrl\":\"https:\/\/hudo.com\/si\/wp-content\/uploads\/sites\/2\/2021\/03\/hudo-app-2.png\",\"width\":2185,\"height\":2167,\"caption\":\"VSN Media\"},\"image\":{\"@id\":\"https:\/\/hudo.com\/si\/#\/schema\/logo\/image\/\"},\"sameAs\":[\"https:\/\/www.facebook.com\/hudo.si\",\"https:\/\/twitter.com\/hudo_si\"]},{\"@type\":\"Person\",\"@id\":\"https:\/\/hudo.com\/si\/#\/schema\/person\/601cf3379633985b20f7e50f2bb47707\",\"name\":\"hudo\",\"image\":{\"@type\":\"ImageObject\",\"inLanguage\":\"sl-SI\",\"@id\":\"https:\/\/hudo.com\/si\/#\/schema\/person\/image\/\",\"url\":\"https:\/\/secure.gravatar.com\/avatar\/c4ca25fa72cace7a696b52ff5db9e095?s=96&d=mm&r=g\",\"contentUrl\":\"https:\/\/secure.gravatar.com\/avatar\/c4ca25fa72cace7a696b52ff5db9e095?s=96&d=mm&r=g\",\"caption\":\"hudo\"},\"url\":\"https:\/\/hudo.com\/si\/author\/hudo\/\"}]}<\/script>\n<!-- \/ Yoast SEO plugin. -->","yoast_head_json":{"title":"Poraz Celjanov ob jubileju in vstopu v SEHA - Hudo Slovenija","robots":{"index":"index","follow":"follow","max-snippet":"max-snippet:-1","max-image-preview":"max-image-preview:large","max-video-preview":"max-video-preview:-1"},"canonical":"https:\/\/hudo.com\/si\/aktualno\/poraz-celjanov-ob-jubileju-in-vstopu-v-seha\/","og_locale":"sl_SI","og_type":"article","og_title":"Poraz Celjanov ob jubileju in vstopu v SEHA - Hudo Slovenija","og_description":"Kategorija: Rokomet Sat, 03 Sep 2016 22:48:00 +0200 CeljeNajbolj rokometno mesto na Slovenskem v tem tednu praznuje 70 let organiziranega rokometa v Celju, po \u0161tevilnih kulturnih prireditvah in petkovi slavnostni akademiji pa je bila sobota rezervirana za zabavo in \u0161portni posladek med doma\u010do ekipo in velikanom evropskega rokometa iz mad\u017earskega Veszprema. Obra\u010dun slovenskih in mad\u017earskih prvakov se je kon\u010dal z zmago vzhodnih sosedov, a visok poraz z 29:34 (12:15) v ni\u010demer ni pokvaril prazni\u010dnega razpolo\u017eenja v mestu ob Savinji. Uvodni met \u017eoge v Zlatorogu je pripadel zlati judoistki z leto\u0161njih poletnih olimpijskih iger v Rio de Janeiru Tini Trstenjak, slovenski rokometni prvak, ki v tej sezoni v regionalnem tekmovanju nima posebnih ciljev, pa je z bojevito predstavo sprva dr\u017eal korak z zvezdni\u0161ko zasedbo iz Veszprema. A sredi pol\u010dasa je leto\u0161nji osmoljenec finalne tekme v ligi prvakov prevzel nadzor na\u00a0...","og_url":"https:\/\/hudo.com\/si\/aktualno\/poraz-celjanov-ob-jubileju-in-vstopu-v-seha\/","og_site_name":"Hudo Slovenija","article_publisher":"https:\/\/www.facebook.com\/hudo.si","article_published_time":"2016-09-03T18:48:00+00:00","og_image":[{"width":480,"height":290,"url":"https:\/\/hudo.com\/si\/wp-content\/uploads\/sites\/2\/2016\/09\/480x290_Delo_Foto-20160903222041-07581600.jpeg","type":"image\/jpeg"}],"author":"hudo","twitter_card":"summary_large_image","twitter_creator":"@hudo_si","twitter_site":"@hudo_si","twitter_misc":{"Written by":"hudo","Est. reading time":"1 minuta"},"schema":{"@context":"https:\/\/schema.org","@graph":[{"@type":"Article","@id":"https:\/\/hudo.com\/si\/aktualno\/poraz-celjanov-ob-jubileju-in-vstopu-v-seha\/#article","isPartOf":{"@id":"https:\/\/hudo.com\/si\/aktualno\/poraz-celjanov-ob-jubileju-in-vstopu-v-seha\/"},"author":{"name":"hudo","@id":"https:\/\/hudo.com\/si\/#\/schema\/person\/601cf3379633985b20f7e50f2bb47707"},"headline":"Poraz Celjanov ob jubileju in vstopu v SEHA","datePublished":"2016-09-03T18:48:00+00:00","dateModified":"2016-09-03T18:48:00+00:00","mainEntityOfPage":{"@id":"https:\/\/hudo.com\/si\/aktualno\/poraz-celjanov-ob-jubileju-in-vstopu-v-seha\/"},"wordCount":153,"publisher":{"@id":"https:\/\/hudo.com\/si\/#organization"},"articleSection":["Aktualno"],"inLanguage":"sl-SI"},{"@type":"WebPage","@id":"https:\/\/hudo.com\/si\/aktualno\/poraz-celjanov-ob-jubileju-in-vstopu-v-seha\/","url":"https:\/\/hudo.com\/si\/aktualno\/poraz-celjanov-ob-jubileju-in-vstopu-v-seha\/","name":"Poraz Celjanov ob jubileju in vstopu v SEHA - Hudo Slovenija","isPartOf":{"@id":"https:\/\/hudo.com\/si\/#website"},"datePublished":"2016-09-03T18:48:00+00:00","dateModified":"2016-09-03T18:48:00+00:00","breadcrumb":{"@id":"https:\/\/hudo.com\/si\/aktualno\/poraz-celjanov-ob-jubileju-in-vstopu-v-seha\/#breadcrumb"},"inLanguage":"sl-SI","potentialAction":[{"@type":"ReadAction","target":["https:\/\/hudo.com\/si\/aktualno\/poraz-celjanov-ob-jubileju-in-vstopu-v-seha\/"]}]},{"@type":"BreadcrumbList","@id":"https:\/\/hudo.com\/si\/aktualno\/poraz-celjanov-ob-jubileju-in-vstopu-v-seha\/#breadcrumb","itemListElement":[{"@type":"ListItem","position":1,"name":"Home","item":"https:\/\/hudo.com\/si\/"},{"@type":"ListItem","position":2,"name":"Poraz Celjanov ob jubileju in vstopu v SEHA"}]},{"@type":"WebSite","@id":"https:\/\/hudo.com\/si\/#website","url":"https:\/\/hudo.com\/si\/","name":"Hudo Slovenija","description":"Vse novice iz Slovenije in sveta","publisher":{"@id":"https:\/\/hudo.com\/si\/#organization"},"potentialAction":[{"@type":"SearchAction","target":{"@type":"EntryPoint","urlTemplate":"https:\/\/hudo.com\/si\/?s={search_term_string}"},"query-input":"required name=search_term_string"}],"inLanguage":"sl-SI"},{"@type":"Organization","@id":"https:\/\/hudo.com\/si\/#organization","name":"VSN Media","url":"https:\/\/hudo.com\/si\/","logo":{"@type":"ImageObject","inLanguage":"sl-SI","@id":"https:\/\/hudo.com\/si\/#\/schema\/logo\/image\/","url":"https:\/\/hudo.com\/si\/wp-content\/uploads\/sites\/2\/2021\/03\/hudo-app-2.png","contentUrl":"https:\/\/hudo.com\/si\/wp-content\/uploads\/sites\/2\/2021\/03\/hudo-app-2.png","width":2185,"height":2167,"caption":"VSN Media"},"image":{"@id":"https:\/\/hudo.com\/si\/#\/schema\/logo\/image\/"},"sameAs":["https:\/\/www.facebook.com\/hudo.si","https:\/\/twitter.com\/hudo_si"]},{"@type":"Person","@id":"https:\/\/hudo.com\/si\/#\/schema\/person\/601cf3379633985b20f7e50f2bb47707","name":"hudo","image":{"@type":"ImageObject","inLanguage":"sl-SI","@id":"https:\/\/hudo.com\/si\/#\/schema\/person\/image\/","url":"https:\/\/secure.gravatar.com\/avatar\/c4ca25fa72cace7a696b52ff5db9e095?s=96&d=mm&r=g","contentUrl":"https:\/\/secure.gravatar.com\/avatar\/c4ca25fa72cace7a696b52ff5db9e095?s=96&d=mm&r=g","caption":"hudo"},"url":"https:\/\/hudo.com\/si\/author\/hudo\/"}]}},"amp_enabled":true,"_links":{"self":[{"href":"https:\/\/hudo.com\/si\/wp-json\/wp\/v2\/posts\/126179"}],"collection":[{"href":"https:\/\/hudo.com\/si\/wp-json\/wp\/v2\/posts"}],"about":[{"href":"https:\/\/hudo.com\/si\/wp-json\/wp\/v2\/types\/post"}],"author":[{"embeddable":true,"href":"https:\/\/hudo.com\/si\/wp-json\/wp\/v2\/users\/1"}],"replies":[{"embeddable":true,"href":"https:\/\/hudo.com\/si\/wp-json\/wp\/v2\/comments?post=126179"}],"version-history":[{"count":0,"href":"https:\/\/hudo.com\/si\/wp-json\/wp\/v2\/posts\/126179\/revisions"}],"wp:attachment":[{"href":"https:\/\/hudo.com\/si\/wp-json\/wp\/v2\/media?parent=126179"}],"wp:term":[{"taxonomy":"category","embeddable":true,"href":"https:\/\/hudo.com\/si\/wp-json\/wp\/v2\/categories?post=126179"},{"taxonomy":"post_tag","embeddable":true,"href":"https:\/\/hudo.com\/si\/wp-json\/wp\/v2\/tags?post=126179"},{"taxonomy":"source","embeddable":true,"href":"https:\/\/hudo.com\/si\/wp-json\/wp\/v2\/source?post=126179"},{"taxonomy":"supertag","embeddable":true,"href":"https:\/\/hudo.com\/si\/wp-json\/wp\/v2\/supertag?post=126179"}],"curies":[{"name":"wp","href":"https:\/\/api.w.org\/{rel}","templated":true}]}}