{"id":126240,"date":"2016-09-04T06:52:19","date_gmt":"2016-09-04T04:52:19","guid":{"rendered":"http:\/\/hudo.com\/si\/2016\/09\/04\/delez-zakoncev-klemencic-v-gbd-bpd-vreden-cetrt-milijona-evrov\/"},"modified":"2016-09-05T04:27:45","modified_gmt":"2016-09-05T02:27:45","slug":"delez-zakoncev-klemencic-v-gbd-bpd-vreden-cetrt-milijona-evrov","status":"publish","type":"post","link":"https:\/\/hudo.com\/si\/aktualno\/delez-zakoncev-klemencic-v-gbd-bpd-vreden-cetrt-milijona-evrov\/","title":{"rendered":"Dele\u017e zakoncev Klemen\u010di\u010d v GBD BPD vreden \u010detrt milijona evrov"},"content":{"rendered":"<p>Zakonca Ani in Zoran Klemen\u010di\u010d (direktor Sove) sta, kot ka\u017ee letno poro\u010dilo, konec lanskega leta lastni\u0161ko obvladovala 27,12 odstotka GBD BPD (GBD Gorenjska borznoposredni\u0161ka dru\u017eba). Njuna nalo\u017eba je bila vredna okoli \u010detrt milijona evrov.Zakonca Ani in Zoran Klemen\u010di\u010d sta, kot ka\u017ee letno poro\u010dilo, konec lanskega leta lastni\u0161ko obvladovala 27,12 odstotka GBD BPD (GBD Gorenjska borznoposredni\u0161ka dru\u017eba). Njuna nalo\u017eba je bila vredna okoli \u010detrt milijona evrov.<\/p>\n","protected":false},"excerpt":{"rendered":"<p>Zakonca Ani in Zoran Klemen\u010di\u010d (direktor Sove) sta, kot ka\u017ee letno poro\u010dilo, konec lanskega leta lastni\u0161ko obvladovala 27,12 odstotka GBD BPD (GBD Gorenjska borznoposredni\u0161ka dru\u017eba). Njuna nalo\u017eba je bila vredna okoli \u010detrt milijona evrov.Zakonca Ani in Zoran Klemen\u010di\u010d sta, kot ka\u017ee letno poro\u010dilo, konec lanskega leta lastni\u0161ko obvladovala 27,12 odstotka GBD BPD (GBD Gorenjska borznoposredni\u0161ka dru\u017eba). Njuna nalo\u017eba je bila vredna okoli \u010detrt milijona evrov.<\/p>\n","protected":false},"author":1,"featured_media":0,"comment_status":"closed","ping_status":"closed","sticky":false,"template":"","format":"standard","meta":{"footnotes":""},"categories":[1179],"tags":[],"source":[5113],"supertag":[],"acf":[],"yoast_head":"<!-- This site is optimized with the Yoast SEO plugin v21.3 - https:\/\/yoast.com\/wordpress\/plugins\/seo\/ -->\n<title>Dele\u017e zakoncev Klemen\u010di\u010d v GBD BPD vreden \u010detrt milijona evrov - Hudo Slovenija<\/title>\n<meta name=\"robots\" content=\"index, follow, max-snippet:-1, max-image-preview:large, max-video-preview:-1\" \/>\n<link rel=\"canonical\" href=\"https:\/\/hudo.com\/si\/aktualno\/delez-zakoncev-klemencic-v-gbd-bpd-vreden-cetrt-milijona-evrov\/\" \/>\n<meta property=\"og:locale\" content=\"sl_SI\" \/>\n<meta property=\"og:type\" content=\"article\" \/>\n<meta property=\"og:title\" content=\"Dele\u017e zakoncev Klemen\u010di\u010d v GBD BPD vreden \u010detrt milijona evrov - Hudo Slovenija\" \/>\n<meta property=\"og:description\" content=\"Zakonca Ani in Zoran Klemen\u010di\u010d (direktor Sove) sta, kot ka\u017ee letno poro\u010dilo, konec lanskega leta lastni\u0161ko obvladovala 27,12 odstotka GBD BPD (GBD Gorenjska borznoposredni\u0161ka dru\u017eba). Njuna nalo\u017eba je bila vredna okoli \u010detrt milijona evrov.Zakonca Ani in Zoran Klemen\u010di\u010d sta, kot ka\u017ee letno poro\u010dilo, konec lanskega leta lastni\u0161ko obvladovala 27,12 odstotka GBD BPD (GBD Gorenjska borznoposredni\u0161ka dru\u017eba). Njuna nalo\u017eba je bila vredna okoli \u010detrt milijona evrov.\" \/>\n<meta property=\"og:url\" content=\"https:\/\/hudo.com\/si\/aktualno\/delez-zakoncev-klemencic-v-gbd-bpd-vreden-cetrt-milijona-evrov\/\" \/>\n<meta property=\"og:site_name\" content=\"Hudo Slovenija\" \/>\n<meta property=\"article:publisher\" content=\"https:\/\/www.facebook.com\/hudo.si\" \/>\n<meta property=\"article:published_time\" content=\"2016-09-04T04:52:19+00:00\" \/>\n<meta property=\"article:modified_time\" content=\"2016-09-05T02:27:45+00:00\" \/>\n<meta property=\"og:image\" content=\"https:\/\/hudo.com\/si\/wp-content\/uploads\/sites\/2\/2016\/09\/zoran-ani-klemencic_ms.jpg\" \/>\n\t<meta property=\"og:image:width\" content=\"550\" \/>\n\t<meta property=\"og:image:height\" content=\"303\" \/>\n\t<meta property=\"og:image:type\" content=\"image\/jpeg\" \/>\n<meta name=\"author\" content=\"hudo\" \/>\n<meta name=\"twitter:card\" content=\"summary_large_image\" \/>\n<meta name=\"twitter:creator\" content=\"@hudo_si\" \/>\n<meta name=\"twitter:site\" content=\"@hudo_si\" \/>\n<meta name=\"twitter:label1\" content=\"Written by\" \/>\n\t<meta name=\"twitter:data1\" content=\"hudo\" \/>\n<script type=\"application\/ld+json\" class=\"yoast-schema-graph\">{\"@context\":\"https:\/\/schema.org\",\"@graph\":[{\"@type\":\"Article\",\"@id\":\"https:\/\/hudo.com\/si\/aktualno\/delez-zakoncev-klemencic-v-gbd-bpd-vreden-cetrt-milijona-evrov\/#article\",\"isPartOf\":{\"@id\":\"https:\/\/hudo.com\/si\/aktualno\/delez-zakoncev-klemencic-v-gbd-bpd-vreden-cetrt-milijona-evrov\/\"},\"author\":{\"name\":\"hudo\",\"@id\":\"https:\/\/hudo.com\/si\/#\/schema\/person\/601cf3379633985b20f7e50f2bb47707\"},\"headline\":\"Dele\u017e zakoncev Klemen\u010di\u010d v GBD BPD vreden \u010detrt milijona evrov\",\"datePublished\":\"2016-09-04T04:52:19+00:00\",\"dateModified\":\"2016-09-05T02:27:45+00:00\",\"mainEntityOfPage\":{\"@id\":\"https:\/\/hudo.com\/si\/aktualno\/delez-zakoncev-klemencic-v-gbd-bpd-vreden-cetrt-milijona-evrov\/\"},\"wordCount\":89,\"publisher\":{\"@id\":\"https:\/\/hudo.com\/si\/#organization\"},\"articleSection\":[\"Aktualno\"],\"inLanguage\":\"sl-SI\"},{\"@type\":\"WebPage\",\"@id\":\"https:\/\/hudo.com\/si\/aktualno\/delez-zakoncev-klemencic-v-gbd-bpd-vreden-cetrt-milijona-evrov\/\",\"url\":\"https:\/\/hudo.com\/si\/aktualno\/delez-zakoncev-klemencic-v-gbd-bpd-vreden-cetrt-milijona-evrov\/\",\"name\":\"Dele\u017e zakoncev Klemen\u010di\u010d v GBD BPD vreden \u010detrt milijona evrov - Hudo Slovenija\",\"isPartOf\":{\"@id\":\"https:\/\/hudo.com\/si\/#website\"},\"datePublished\":\"2016-09-04T04:52:19+00:00\",\"dateModified\":\"2016-09-05T02:27:45+00:00\",\"breadcrumb\":{\"@id\":\"https:\/\/hudo.com\/si\/aktualno\/delez-zakoncev-klemencic-v-gbd-bpd-vreden-cetrt-milijona-evrov\/#breadcrumb\"},\"inLanguage\":\"sl-SI\",\"potentialAction\":[{\"@type\":\"ReadAction\",\"target\":[\"https:\/\/hudo.com\/si\/aktualno\/delez-zakoncev-klemencic-v-gbd-bpd-vreden-cetrt-milijona-evrov\/\"]}]},{\"@type\":\"BreadcrumbList\",\"@id\":\"https:\/\/hudo.com\/si\/aktualno\/delez-zakoncev-klemencic-v-gbd-bpd-vreden-cetrt-milijona-evrov\/#breadcrumb\",\"itemListElement\":[{\"@type\":\"ListItem\",\"position\":1,\"name\":\"Home\",\"item\":\"https:\/\/hudo.com\/si\/\"},{\"@type\":\"ListItem\",\"position\":2,\"name\":\"Dele\u017e zakoncev Klemen\u010di\u010d v GBD BPD vreden \u010detrt milijona evrov\"}]},{\"@type\":\"WebSite\",\"@id\":\"https:\/\/hudo.com\/si\/#website\",\"url\":\"https:\/\/hudo.com\/si\/\",\"name\":\"Hudo Slovenija\",\"description\":\"Vse novice iz Slovenije in sveta\",\"publisher\":{\"@id\":\"https:\/\/hudo.com\/si\/#organization\"},\"potentialAction\":[{\"@type\":\"SearchAction\",\"target\":{\"@type\":\"EntryPoint\",\"urlTemplate\":\"https:\/\/hudo.com\/si\/?s={search_term_string}\"},\"query-input\":\"required name=search_term_string\"}],\"inLanguage\":\"sl-SI\"},{\"@type\":\"Organization\",\"@id\":\"https:\/\/hudo.com\/si\/#organization\",\"name\":\"VSN Media\",\"url\":\"https:\/\/hudo.com\/si\/\",\"logo\":{\"@type\":\"ImageObject\",\"inLanguage\":\"sl-SI\",\"@id\":\"https:\/\/hudo.com\/si\/#\/schema\/logo\/image\/\",\"url\":\"https:\/\/hudo.com\/si\/wp-content\/uploads\/sites\/2\/2021\/03\/hudo-app-2.png\",\"contentUrl\":\"https:\/\/hudo.com\/si\/wp-content\/uploads\/sites\/2\/2021\/03\/hudo-app-2.png\",\"width\":2185,\"height\":2167,\"caption\":\"VSN Media\"},\"image\":{\"@id\":\"https:\/\/hudo.com\/si\/#\/schema\/logo\/image\/\"},\"sameAs\":[\"https:\/\/www.facebook.com\/hudo.si\",\"https:\/\/twitter.com\/hudo_si\"]},{\"@type\":\"Person\",\"@id\":\"https:\/\/hudo.com\/si\/#\/schema\/person\/601cf3379633985b20f7e50f2bb47707\",\"name\":\"hudo\",\"image\":{\"@type\":\"ImageObject\",\"inLanguage\":\"sl-SI\",\"@id\":\"https:\/\/hudo.com\/si\/#\/schema\/person\/image\/\",\"url\":\"https:\/\/secure.gravatar.com\/avatar\/c4ca25fa72cace7a696b52ff5db9e095?s=96&d=mm&r=g\",\"contentUrl\":\"https:\/\/secure.gravatar.com\/avatar\/c4ca25fa72cace7a696b52ff5db9e095?s=96&d=mm&r=g\",\"caption\":\"hudo\"},\"url\":\"https:\/\/hudo.com\/si\/author\/hudo\/\"}]}<\/script>\n<!-- \/ Yoast SEO plugin. -->","yoast_head_json":{"title":"Dele\u017e zakoncev Klemen\u010di\u010d v GBD BPD vreden \u010detrt milijona evrov - Hudo Slovenija","robots":{"index":"index","follow":"follow","max-snippet":"max-snippet:-1","max-image-preview":"max-image-preview:large","max-video-preview":"max-video-preview:-1"},"canonical":"https:\/\/hudo.com\/si\/aktualno\/delez-zakoncev-klemencic-v-gbd-bpd-vreden-cetrt-milijona-evrov\/","og_locale":"sl_SI","og_type":"article","og_title":"Dele\u017e zakoncev Klemen\u010di\u010d v GBD BPD vreden \u010detrt milijona evrov - Hudo Slovenija","og_description":"Zakonca Ani in Zoran Klemen\u010di\u010d (direktor Sove) sta, kot ka\u017ee letno poro\u010dilo, konec lanskega leta lastni\u0161ko obvladovala 27,12 odstotka GBD BPD (GBD Gorenjska borznoposredni\u0161ka dru\u017eba). Njuna nalo\u017eba je bila vredna okoli \u010detrt milijona evrov.Zakonca Ani in Zoran Klemen\u010di\u010d sta, kot ka\u017ee letno poro\u010dilo, konec lanskega leta lastni\u0161ko obvladovala 27,12 odstotka GBD BPD (GBD Gorenjska borznoposredni\u0161ka dru\u017eba). Njuna nalo\u017eba je bila vredna okoli \u010detrt milijona evrov.","og_url":"https:\/\/hudo.com\/si\/aktualno\/delez-zakoncev-klemencic-v-gbd-bpd-vreden-cetrt-milijona-evrov\/","og_site_name":"Hudo Slovenija","article_publisher":"https:\/\/www.facebook.com\/hudo.si","article_published_time":"2016-09-04T04:52:19+00:00","article_modified_time":"2016-09-05T02:27:45+00:00","og_image":[{"width":550,"height":303,"url":"https:\/\/hudo.com\/si\/wp-content\/uploads\/sites\/2\/2016\/09\/zoran-ani-klemencic_ms.jpg","type":"image\/jpeg"}],"author":"hudo","twitter_card":"summary_large_image","twitter_creator":"@hudo_si","twitter_site":"@hudo_si","twitter_misc":{"Written by":"hudo"},"schema":{"@context":"https:\/\/schema.org","@graph":[{"@type":"Article","@id":"https:\/\/hudo.com\/si\/aktualno\/delez-zakoncev-klemencic-v-gbd-bpd-vreden-cetrt-milijona-evrov\/#article","isPartOf":{"@id":"https:\/\/hudo.com\/si\/aktualno\/delez-zakoncev-klemencic-v-gbd-bpd-vreden-cetrt-milijona-evrov\/"},"author":{"name":"hudo","@id":"https:\/\/hudo.com\/si\/#\/schema\/person\/601cf3379633985b20f7e50f2bb47707"},"headline":"Dele\u017e zakoncev Klemen\u010di\u010d v GBD BPD vreden \u010detrt milijona evrov","datePublished":"2016-09-04T04:52:19+00:00","dateModified":"2016-09-05T02:27:45+00:00","mainEntityOfPage":{"@id":"https:\/\/hudo.com\/si\/aktualno\/delez-zakoncev-klemencic-v-gbd-bpd-vreden-cetrt-milijona-evrov\/"},"wordCount":89,"publisher":{"@id":"https:\/\/hudo.com\/si\/#organization"},"articleSection":["Aktualno"],"inLanguage":"sl-SI"},{"@type":"WebPage","@id":"https:\/\/hudo.com\/si\/aktualno\/delez-zakoncev-klemencic-v-gbd-bpd-vreden-cetrt-milijona-evrov\/","url":"https:\/\/hudo.com\/si\/aktualno\/delez-zakoncev-klemencic-v-gbd-bpd-vreden-cetrt-milijona-evrov\/","name":"Dele\u017e zakoncev Klemen\u010di\u010d v GBD BPD vreden \u010detrt milijona evrov - Hudo Slovenija","isPartOf":{"@id":"https:\/\/hudo.com\/si\/#website"},"datePublished":"2016-09-04T04:52:19+00:00","dateModified":"2016-09-05T02:27:45+00:00","breadcrumb":{"@id":"https:\/\/hudo.com\/si\/aktualno\/delez-zakoncev-klemencic-v-gbd-bpd-vreden-cetrt-milijona-evrov\/#breadcrumb"},"inLanguage":"sl-SI","potentialAction":[{"@type":"ReadAction","target":["https:\/\/hudo.com\/si\/aktualno\/delez-zakoncev-klemencic-v-gbd-bpd-vreden-cetrt-milijona-evrov\/"]}]},{"@type":"BreadcrumbList","@id":"https:\/\/hudo.com\/si\/aktualno\/delez-zakoncev-klemencic-v-gbd-bpd-vreden-cetrt-milijona-evrov\/#breadcrumb","itemListElement":[{"@type":"ListItem","position":1,"name":"Home","item":"https:\/\/hudo.com\/si\/"},{"@type":"ListItem","position":2,"name":"Dele\u017e zakoncev Klemen\u010di\u010d v GBD BPD vreden \u010detrt milijona evrov"}]},{"@type":"WebSite","@id":"https:\/\/hudo.com\/si\/#website","url":"https:\/\/hudo.com\/si\/","name":"Hudo Slovenija","description":"Vse novice iz Slovenije in sveta","publisher":{"@id":"https:\/\/hudo.com\/si\/#organization"},"potentialAction":[{"@type":"SearchAction","target":{"@type":"EntryPoint","urlTemplate":"https:\/\/hudo.com\/si\/?s={search_term_string}"},"query-input":"required name=search_term_string"}],"inLanguage":"sl-SI"},{"@type":"Organization","@id":"https:\/\/hudo.com\/si\/#organization","name":"VSN Media","url":"https:\/\/hudo.com\/si\/","logo":{"@type":"ImageObject","inLanguage":"sl-SI","@id":"https:\/\/hudo.com\/si\/#\/schema\/logo\/image\/","url":"https:\/\/hudo.com\/si\/wp-content\/uploads\/sites\/2\/2021\/03\/hudo-app-2.png","contentUrl":"https:\/\/hudo.com\/si\/wp-content\/uploads\/sites\/2\/2021\/03\/hudo-app-2.png","width":2185,"height":2167,"caption":"VSN Media"},"image":{"@id":"https:\/\/hudo.com\/si\/#\/schema\/logo\/image\/"},"sameAs":["https:\/\/www.facebook.com\/hudo.si","https:\/\/twitter.com\/hudo_si"]},{"@type":"Person","@id":"https:\/\/hudo.com\/si\/#\/schema\/person\/601cf3379633985b20f7e50f2bb47707","name":"hudo","image":{"@type":"ImageObject","inLanguage":"sl-SI","@id":"https:\/\/hudo.com\/si\/#\/schema\/person\/image\/","url":"https:\/\/secure.gravatar.com\/avatar\/c4ca25fa72cace7a696b52ff5db9e095?s=96&d=mm&r=g","contentUrl":"https:\/\/secure.gravatar.com\/avatar\/c4ca25fa72cace7a696b52ff5db9e095?s=96&d=mm&r=g","caption":"hudo"},"url":"https:\/\/hudo.com\/si\/author\/hudo\/"}]}},"amp_enabled":true,"_links":{"self":[{"href":"https:\/\/hudo.com\/si\/wp-json\/wp\/v2\/posts\/126240"}],"collection":[{"href":"https:\/\/hudo.com\/si\/wp-json\/wp\/v2\/posts"}],"about":[{"href":"https:\/\/hudo.com\/si\/wp-json\/wp\/v2\/types\/post"}],"author":[{"embeddable":true,"href":"https:\/\/hudo.com\/si\/wp-json\/wp\/v2\/users\/1"}],"replies":[{"embeddable":true,"href":"https:\/\/hudo.com\/si\/wp-json\/wp\/v2\/comments?post=126240"}],"version-history":[{"count":1,"href":"https:\/\/hudo.com\/si\/wp-json\/wp\/v2\/posts\/126240\/revisions"}],"predecessor-version":[{"id":126362,"href":"https:\/\/hudo.com\/si\/wp-json\/wp\/v2\/posts\/126240\/revisions\/126362"}],"wp:attachment":[{"href":"https:\/\/hudo.com\/si\/wp-json\/wp\/v2\/media?parent=126240"}],"wp:term":[{"taxonomy":"category","embeddable":true,"href":"https:\/\/hudo.com\/si\/wp-json\/wp\/v2\/categories?post=126240"},{"taxonomy":"post_tag","embeddable":true,"href":"https:\/\/hudo.com\/si\/wp-json\/wp\/v2\/tags?post=126240"},{"taxonomy":"source","embeddable":true,"href":"https:\/\/hudo.com\/si\/wp-json\/wp\/v2\/source?post=126240"},{"taxonomy":"supertag","embeddable":true,"href":"https:\/\/hudo.com\/si\/wp-json\/wp\/v2\/supertag?post=126240"}],"curies":[{"name":"wp","href":"https:\/\/api.w.org\/{rel}","templated":true}]}}