{"id":126244,"date":"2016-09-04T06:30:00","date_gmt":"2016-09-04T04:30:00","guid":{"rendered":"http:\/\/hudo.com\/si\/2016\/09\/04\/erdogan-na-pogovorih-z-merklovo-in-putinom\/"},"modified":"2016-09-04T06:30:00","modified_gmt":"2016-09-04T04:30:00","slug":"erdogan-na-pogovorih-z-merklovo-in-putinom","status":"publish","type":"post","link":"https:\/\/hudo.com\/si\/aktualno\/erdogan-na-pogovorih-z-merklovo-in-putinom\/","title":{"rendered":"Erdogan na pogovorih z Merklovo in Putinom"},"content":{"rendered":"<p>Voditelji dr\u017eav \u010dlanic skupine G20 so pri\u0161li v kitajski Hangzhou, kjer se bo danes za\u010del vrh skupine. Pred tem potekajo dvostranska sre\u010danja. Tur\u0161ki predsednik Recep Tayyip Erdogan se je lo\u010deno se\u0161el z ruskim kolegom Vladimirjem Putinom, s katerim sta skoraj \u017ee pokrpala na\u010dete odnose, ter z nem\u0161ko kanclerko Angelo Merkel, kjer so ti \u0161e vedno napeti.  Merklova se je z Erdoganom se\u0161la prvi\u010d po julijskem neuspelem voja\u0161kem udaru v Tur\u010diji. Odnosi med dr\u017eavama so se v zadnjem \u010dasu poslab\u0161ali, tudi zaradi resolucije o otomanskem genocidu nad Armenci, ki jo je nem\u0161ki parlament potrdil junija. Med drugim je Ankara posledi\u010dno prepovedala obiske nem\u0161kih predstavnikov v letalskem opori\u0161\u010di Incirlik.  Ali sta voditelja govorila o tem, za zdaj ni znano. Kot navaja nem\u0161ka tiskovna agencija dpa, so po sre\u010danju sporo\u010dili, da je bilo pogovor konstruktiven ter da sta se v njem dotaknila tudi dogovora med EU in Tur\u010dijo o beguncih in &#8220;skupne zaskrbljenosti zaradi sirske dr\u017eavljanske vojne&#8221;.  Odnosi med Tur\u010dijo in Rusijo, ki so se zelo ohladili po tur\u0161ki sestrelitvi ruskega letala nad Sirijo, pa se medtem izbolj\u0161ujejo. &#8220;\u0160e vedno pa je potrebno veliko postoriti, da bo sodelovanje dokon\u010dno ponovno vzpostavljeno na vseh podro\u010djih. Prepri\u010dan sem, da bomo na\u0161o pot sodelovanja lahko nadaljevali, ko se bodo razmere v Tur\u010diji povsem normalizirale,&#8221; je po pogovoru z Erdoganom dejal Putin.  Erdogan \u017ee sicer \u017ee v soboto napovedal, da bo ruski predsednik sprejel &#8220;dolo\u010dene ukrepe&#8221;, med drugim pri skupnem projektu tur\u0161ki tok, plinovodu, prek katerega naj bi ruski plin prek Tur\u010dije dobavljali v Evropo.Svet<\/p>\n","protected":false},"excerpt":{"rendered":"<p>Voditelji dr\u017eav \u010dlanic skupine G20 so pri\u0161li v kitajski Hangzhou, kjer se bo danes za\u010del vrh skupine. Pred tem potekajo dvostranska sre\u010danja. Tur\u0161ki predsednik Recep Tayyip Erdogan se je lo\u010deno se\u0161el z ruskim kolegom Vladimirjem Putinom, s katerim sta skoraj \u017ee pokrpala na\u010dete odnose, ter z nem\u0161ko kanclerko Angelo Merkel, kjer so ti \u0161e vedno napeti.  Merklova se je z Erdoganom se\u0161la prvi\u010d po julijskem neuspelem voja\u0161kem udaru v Tur\u010diji. Odnosi med dr\u017eavama so se v zadnjem \u010dasu poslab\u0161ali, tudi zaradi resolucije o otomanskem genocidu nad Armenci, ki jo je nem\u0161ki parlament potrdil junija. Med drugim je Ankara posledi\u010dno prepovedala obiske nem\u0161kih predstavnikov v letalskem opori\u0161\u010di Incirlik.  Ali sta voditelja govorila o tem, za zdaj ni znano. Kot navaja nem\u0161ka tiskovna agencija dpa, so po sre\u010danju sporo\u010dili, da je bilo pogovor konstruktiven ter da sta se v njem dotaknila tudi dogovora med EU in Tur\u010dijo o beguncih in &#8220;skupne zaskrbljenosti zaradi sirske dr\u017eavljanske vojne&#8221;.  Odnosi med Tur\u010dijo in Rusijo, ki so se zelo ohladili po tur\u0161ki sestrelitvi ruskega letala nad Sirijo, pa se medtem izbolj\u0161ujejo. &#8220;\u0160e vedno pa je potrebno veliko postoriti, da bo sodelovanje dokon\u010dno ponovno vzpostavljeno na vseh podro\u010djih. Prepri\u010dan sem, da bomo na\u0161o pot sodelovanja lahko nadaljevali, ko se bodo razmere v Tur\u010diji povsem normalizirale,&#8221; je po pogovoru z Erdoganom dejal Putin.  Erdogan \u017ee sicer \u017ee v soboto napovedal, da bo ruski predsednik sprejel &#8220;dolo\u010dene ukrepe&#8221;, med drugim pri skupnem projektu tur\u0161ki tok, plinovodu, prek katerega naj bi ruski plin prek Tur\u010dije dobavljali v Evropo.Svet<\/p>\n","protected":false},"author":1,"featured_media":0,"comment_status":"closed","ping_status":"closed","sticky":false,"template":"","format":"standard","meta":{"footnotes":""},"categories":[1179],"tags":[],"source":[1711],"supertag":[],"acf":[],"yoast_head":"<!-- This site is optimized with the Yoast SEO plugin v21.3 - https:\/\/yoast.com\/wordpress\/plugins\/seo\/ -->\n<title>Erdogan na pogovorih z Merklovo in Putinom - Hudo Slovenija<\/title>\n<meta name=\"robots\" content=\"index, follow, max-snippet:-1, max-image-preview:large, max-video-preview:-1\" \/>\n<link rel=\"canonical\" href=\"https:\/\/hudo.com\/si\/aktualno\/erdogan-na-pogovorih-z-merklovo-in-putinom\/\" \/>\n<meta property=\"og:locale\" content=\"sl_SI\" \/>\n<meta property=\"og:type\" content=\"article\" \/>\n<meta property=\"og:title\" content=\"Erdogan na pogovorih z Merklovo in Putinom - Hudo Slovenija\" \/>\n<meta property=\"og:description\" content=\"Voditelji dr\u017eav \u010dlanic skupine G20 so pri\u0161li v kitajski Hangzhou, kjer se bo danes za\u010del vrh skupine. Pred tem potekajo dvostranska sre\u010danja. Tur\u0161ki predsednik Recep Tayyip Erdogan se je lo\u010deno se\u0161el z ruskim kolegom Vladimirjem Putinom, s katerim sta skoraj \u017ee pokrpala na\u010dete odnose, ter z nem\u0161ko kanclerko Angelo Merkel, kjer so ti \u0161e vedno napeti. Merklova se je z Erdoganom se\u0161la prvi\u010d po julijskem neuspelem voja\u0161kem udaru v Tur\u010diji. Odnosi med dr\u017eavama so se v zadnjem \u010dasu poslab\u0161ali, tudi zaradi resolucije o otomanskem genocidu nad Armenci, ki jo je nem\u0161ki parlament potrdil junija. Med drugim je Ankara posledi\u010dno prepovedala obiske nem\u0161kih predstavnikov v letalskem opori\u0161\u010di Incirlik. Ali sta voditelja govorila o tem, za zdaj ni znano. Kot navaja nem\u0161ka tiskovna agencija dpa, so po sre\u010danju sporo\u010dili, da je bilo pogovor konstruktiven ter da sta se v njem dotaknila tudi dogovora med EU in Tur\u010dijo o beguncih in &quot;skupne zaskrbljenosti zaradi sirske dr\u017eavljanske vojne&quot;. Odnosi med Tur\u010dijo in Rusijo, ki so se zelo ohladili po tur\u0161ki sestrelitvi ruskega letala nad Sirijo, pa se medtem izbolj\u0161ujejo. &quot;\u0160e vedno pa je potrebno veliko postoriti, da bo sodelovanje dokon\u010dno ponovno vzpostavljeno na vseh podro\u010djih. Prepri\u010dan sem, da bomo na\u0161o pot sodelovanja lahko nadaljevali, ko se bodo razmere v Tur\u010diji povsem normalizirale,&quot; je po pogovoru z Erdoganom dejal Putin. Erdogan \u017ee sicer \u017ee v soboto napovedal, da bo ruski predsednik sprejel &quot;dolo\u010dene ukrepe&quot;, med drugim pri skupnem projektu tur\u0161ki tok, plinovodu, prek katerega naj bi ruski plin prek Tur\u010dije dobavljali v Evropo.Svet\" \/>\n<meta property=\"og:url\" content=\"https:\/\/hudo.com\/si\/aktualno\/erdogan-na-pogovorih-z-merklovo-in-putinom\/\" \/>\n<meta property=\"og:site_name\" content=\"Hudo Slovenija\" \/>\n<meta property=\"article:publisher\" content=\"https:\/\/www.facebook.com\/hudo.si\" \/>\n<meta property=\"article:published_time\" content=\"2016-09-04T04:30:00+00:00\" \/>\n<meta property=\"og:image\" content=\"https:\/\/hudo.com\/si\/wp-content\/uploads\/sites\/2\/2016\/09\/MDF43171-300.jpg\" \/>\n\t<meta property=\"og:image:width\" content=\"450\" \/>\n\t<meta property=\"og:image:height\" content=\"328\" \/>\n\t<meta property=\"og:image:type\" content=\"image\/jpeg\" \/>\n<meta name=\"author\" content=\"hudo\" \/>\n<meta name=\"twitter:card\" content=\"summary_large_image\" \/>\n<meta name=\"twitter:creator\" content=\"@hudo_si\" \/>\n<meta name=\"twitter:site\" content=\"@hudo_si\" \/>\n<meta name=\"twitter:label1\" content=\"Written by\" \/>\n\t<meta name=\"twitter:data1\" content=\"hudo\" \/>\n\t<meta name=\"twitter:label2\" content=\"Est. reading time\" \/>\n\t<meta name=\"twitter:data2\" content=\"1 minuta\" \/>\n<script type=\"application\/ld+json\" class=\"yoast-schema-graph\">{\"@context\":\"https:\/\/schema.org\",\"@graph\":[{\"@type\":\"Article\",\"@id\":\"https:\/\/hudo.com\/si\/aktualno\/erdogan-na-pogovorih-z-merklovo-in-putinom\/#article\",\"isPartOf\":{\"@id\":\"https:\/\/hudo.com\/si\/aktualno\/erdogan-na-pogovorih-z-merklovo-in-putinom\/\"},\"author\":{\"name\":\"hudo\",\"@id\":\"https:\/\/hudo.com\/si\/#\/schema\/person\/601cf3379633985b20f7e50f2bb47707\"},\"headline\":\"Erdogan na pogovorih z Merklovo in Putinom\",\"datePublished\":\"2016-09-04T04:30:00+00:00\",\"dateModified\":\"2016-09-04T04:30:00+00:00\",\"mainEntityOfPage\":{\"@id\":\"https:\/\/hudo.com\/si\/aktualno\/erdogan-na-pogovorih-z-merklovo-in-putinom\/\"},\"wordCount\":290,\"publisher\":{\"@id\":\"https:\/\/hudo.com\/si\/#organization\"},\"articleSection\":[\"Aktualno\"],\"inLanguage\":\"sl-SI\"},{\"@type\":\"WebPage\",\"@id\":\"https:\/\/hudo.com\/si\/aktualno\/erdogan-na-pogovorih-z-merklovo-in-putinom\/\",\"url\":\"https:\/\/hudo.com\/si\/aktualno\/erdogan-na-pogovorih-z-merklovo-in-putinom\/\",\"name\":\"Erdogan na pogovorih z Merklovo in Putinom - Hudo Slovenija\",\"isPartOf\":{\"@id\":\"https:\/\/hudo.com\/si\/#website\"},\"datePublished\":\"2016-09-04T04:30:00+00:00\",\"dateModified\":\"2016-09-04T04:30:00+00:00\",\"breadcrumb\":{\"@id\":\"https:\/\/hudo.com\/si\/aktualno\/erdogan-na-pogovorih-z-merklovo-in-putinom\/#breadcrumb\"},\"inLanguage\":\"sl-SI\",\"potentialAction\":[{\"@type\":\"ReadAction\",\"target\":[\"https:\/\/hudo.com\/si\/aktualno\/erdogan-na-pogovorih-z-merklovo-in-putinom\/\"]}]},{\"@type\":\"BreadcrumbList\",\"@id\":\"https:\/\/hudo.com\/si\/aktualno\/erdogan-na-pogovorih-z-merklovo-in-putinom\/#breadcrumb\",\"itemListElement\":[{\"@type\":\"ListItem\",\"position\":1,\"name\":\"Home\",\"item\":\"https:\/\/hudo.com\/si\/\"},{\"@type\":\"ListItem\",\"position\":2,\"name\":\"Erdogan na pogovorih z Merklovo in Putinom\"}]},{\"@type\":\"WebSite\",\"@id\":\"https:\/\/hudo.com\/si\/#website\",\"url\":\"https:\/\/hudo.com\/si\/\",\"name\":\"Hudo Slovenija\",\"description\":\"Vse novice iz Slovenije in sveta\",\"publisher\":{\"@id\":\"https:\/\/hudo.com\/si\/#organization\"},\"potentialAction\":[{\"@type\":\"SearchAction\",\"target\":{\"@type\":\"EntryPoint\",\"urlTemplate\":\"https:\/\/hudo.com\/si\/?s={search_term_string}\"},\"query-input\":\"required name=search_term_string\"}],\"inLanguage\":\"sl-SI\"},{\"@type\":\"Organization\",\"@id\":\"https:\/\/hudo.com\/si\/#organization\",\"name\":\"VSN Media\",\"url\":\"https:\/\/hudo.com\/si\/\",\"logo\":{\"@type\":\"ImageObject\",\"inLanguage\":\"sl-SI\",\"@id\":\"https:\/\/hudo.com\/si\/#\/schema\/logo\/image\/\",\"url\":\"https:\/\/hudo.com\/si\/wp-content\/uploads\/sites\/2\/2021\/03\/hudo-app-2.png\",\"contentUrl\":\"https:\/\/hudo.com\/si\/wp-content\/uploads\/sites\/2\/2021\/03\/hudo-app-2.png\",\"width\":2185,\"height\":2167,\"caption\":\"VSN Media\"},\"image\":{\"@id\":\"https:\/\/hudo.com\/si\/#\/schema\/logo\/image\/\"},\"sameAs\":[\"https:\/\/www.facebook.com\/hudo.si\",\"https:\/\/twitter.com\/hudo_si\"]},{\"@type\":\"Person\",\"@id\":\"https:\/\/hudo.com\/si\/#\/schema\/person\/601cf3379633985b20f7e50f2bb47707\",\"name\":\"hudo\",\"image\":{\"@type\":\"ImageObject\",\"inLanguage\":\"sl-SI\",\"@id\":\"https:\/\/hudo.com\/si\/#\/schema\/person\/image\/\",\"url\":\"https:\/\/secure.gravatar.com\/avatar\/c4ca25fa72cace7a696b52ff5db9e095?s=96&d=mm&r=g\",\"contentUrl\":\"https:\/\/secure.gravatar.com\/avatar\/c4ca25fa72cace7a696b52ff5db9e095?s=96&d=mm&r=g\",\"caption\":\"hudo\"},\"url\":\"https:\/\/hudo.com\/si\/author\/hudo\/\"}]}<\/script>\n<!-- \/ Yoast SEO plugin. -->","yoast_head_json":{"title":"Erdogan na pogovorih z Merklovo in Putinom - Hudo Slovenija","robots":{"index":"index","follow":"follow","max-snippet":"max-snippet:-1","max-image-preview":"max-image-preview:large","max-video-preview":"max-video-preview:-1"},"canonical":"https:\/\/hudo.com\/si\/aktualno\/erdogan-na-pogovorih-z-merklovo-in-putinom\/","og_locale":"sl_SI","og_type":"article","og_title":"Erdogan na pogovorih z Merklovo in Putinom - Hudo Slovenija","og_description":"Voditelji dr\u017eav \u010dlanic skupine G20 so pri\u0161li v kitajski Hangzhou, kjer se bo danes za\u010del vrh skupine. Pred tem potekajo dvostranska sre\u010danja. Tur\u0161ki predsednik Recep Tayyip Erdogan se je lo\u010deno se\u0161el z ruskim kolegom Vladimirjem Putinom, s katerim sta skoraj \u017ee pokrpala na\u010dete odnose, ter z nem\u0161ko kanclerko Angelo Merkel, kjer so ti \u0161e vedno napeti. Merklova se je z Erdoganom se\u0161la prvi\u010d po julijskem neuspelem voja\u0161kem udaru v Tur\u010diji. Odnosi med dr\u017eavama so se v zadnjem \u010dasu poslab\u0161ali, tudi zaradi resolucije o otomanskem genocidu nad Armenci, ki jo je nem\u0161ki parlament potrdil junija. Med drugim je Ankara posledi\u010dno prepovedala obiske nem\u0161kih predstavnikov v letalskem opori\u0161\u010di Incirlik. Ali sta voditelja govorila o tem, za zdaj ni znano. Kot navaja nem\u0161ka tiskovna agencija dpa, so po sre\u010danju sporo\u010dili, da je bilo pogovor konstruktiven ter da sta se v njem dotaknila tudi dogovora med EU in Tur\u010dijo o beguncih in \"skupne zaskrbljenosti zaradi sirske dr\u017eavljanske vojne\". Odnosi med Tur\u010dijo in Rusijo, ki so se zelo ohladili po tur\u0161ki sestrelitvi ruskega letala nad Sirijo, pa se medtem izbolj\u0161ujejo. \"\u0160e vedno pa je potrebno veliko postoriti, da bo sodelovanje dokon\u010dno ponovno vzpostavljeno na vseh podro\u010djih. Prepri\u010dan sem, da bomo na\u0161o pot sodelovanja lahko nadaljevali, ko se bodo razmere v Tur\u010diji povsem normalizirale,\" je po pogovoru z Erdoganom dejal Putin. Erdogan \u017ee sicer \u017ee v soboto napovedal, da bo ruski predsednik sprejel \"dolo\u010dene ukrepe\", med drugim pri skupnem projektu tur\u0161ki tok, plinovodu, prek katerega naj bi ruski plin prek Tur\u010dije dobavljali v Evropo.Svet","og_url":"https:\/\/hudo.com\/si\/aktualno\/erdogan-na-pogovorih-z-merklovo-in-putinom\/","og_site_name":"Hudo Slovenija","article_publisher":"https:\/\/www.facebook.com\/hudo.si","article_published_time":"2016-09-04T04:30:00+00:00","og_image":[{"width":450,"height":328,"url":"https:\/\/hudo.com\/si\/wp-content\/uploads\/sites\/2\/2016\/09\/MDF43171-300.jpg","type":"image\/jpeg"}],"author":"hudo","twitter_card":"summary_large_image","twitter_creator":"@hudo_si","twitter_site":"@hudo_si","twitter_misc":{"Written by":"hudo","Est. reading time":"1 minuta"},"schema":{"@context":"https:\/\/schema.org","@graph":[{"@type":"Article","@id":"https:\/\/hudo.com\/si\/aktualno\/erdogan-na-pogovorih-z-merklovo-in-putinom\/#article","isPartOf":{"@id":"https:\/\/hudo.com\/si\/aktualno\/erdogan-na-pogovorih-z-merklovo-in-putinom\/"},"author":{"name":"hudo","@id":"https:\/\/hudo.com\/si\/#\/schema\/person\/601cf3379633985b20f7e50f2bb47707"},"headline":"Erdogan na pogovorih z Merklovo in Putinom","datePublished":"2016-09-04T04:30:00+00:00","dateModified":"2016-09-04T04:30:00+00:00","mainEntityOfPage":{"@id":"https:\/\/hudo.com\/si\/aktualno\/erdogan-na-pogovorih-z-merklovo-in-putinom\/"},"wordCount":290,"publisher":{"@id":"https:\/\/hudo.com\/si\/#organization"},"articleSection":["Aktualno"],"inLanguage":"sl-SI"},{"@type":"WebPage","@id":"https:\/\/hudo.com\/si\/aktualno\/erdogan-na-pogovorih-z-merklovo-in-putinom\/","url":"https:\/\/hudo.com\/si\/aktualno\/erdogan-na-pogovorih-z-merklovo-in-putinom\/","name":"Erdogan na pogovorih z Merklovo in Putinom - Hudo Slovenija","isPartOf":{"@id":"https:\/\/hudo.com\/si\/#website"},"datePublished":"2016-09-04T04:30:00+00:00","dateModified":"2016-09-04T04:30:00+00:00","breadcrumb":{"@id":"https:\/\/hudo.com\/si\/aktualno\/erdogan-na-pogovorih-z-merklovo-in-putinom\/#breadcrumb"},"inLanguage":"sl-SI","potentialAction":[{"@type":"ReadAction","target":["https:\/\/hudo.com\/si\/aktualno\/erdogan-na-pogovorih-z-merklovo-in-putinom\/"]}]},{"@type":"BreadcrumbList","@id":"https:\/\/hudo.com\/si\/aktualno\/erdogan-na-pogovorih-z-merklovo-in-putinom\/#breadcrumb","itemListElement":[{"@type":"ListItem","position":1,"name":"Home","item":"https:\/\/hudo.com\/si\/"},{"@type":"ListItem","position":2,"name":"Erdogan na pogovorih z Merklovo in Putinom"}]},{"@type":"WebSite","@id":"https:\/\/hudo.com\/si\/#website","url":"https:\/\/hudo.com\/si\/","name":"Hudo Slovenija","description":"Vse novice iz Slovenije in sveta","publisher":{"@id":"https:\/\/hudo.com\/si\/#organization"},"potentialAction":[{"@type":"SearchAction","target":{"@type":"EntryPoint","urlTemplate":"https:\/\/hudo.com\/si\/?s={search_term_string}"},"query-input":"required name=search_term_string"}],"inLanguage":"sl-SI"},{"@type":"Organization","@id":"https:\/\/hudo.com\/si\/#organization","name":"VSN Media","url":"https:\/\/hudo.com\/si\/","logo":{"@type":"ImageObject","inLanguage":"sl-SI","@id":"https:\/\/hudo.com\/si\/#\/schema\/logo\/image\/","url":"https:\/\/hudo.com\/si\/wp-content\/uploads\/sites\/2\/2021\/03\/hudo-app-2.png","contentUrl":"https:\/\/hudo.com\/si\/wp-content\/uploads\/sites\/2\/2021\/03\/hudo-app-2.png","width":2185,"height":2167,"caption":"VSN Media"},"image":{"@id":"https:\/\/hudo.com\/si\/#\/schema\/logo\/image\/"},"sameAs":["https:\/\/www.facebook.com\/hudo.si","https:\/\/twitter.com\/hudo_si"]},{"@type":"Person","@id":"https:\/\/hudo.com\/si\/#\/schema\/person\/601cf3379633985b20f7e50f2bb47707","name":"hudo","image":{"@type":"ImageObject","inLanguage":"sl-SI","@id":"https:\/\/hudo.com\/si\/#\/schema\/person\/image\/","url":"https:\/\/secure.gravatar.com\/avatar\/c4ca25fa72cace7a696b52ff5db9e095?s=96&d=mm&r=g","contentUrl":"https:\/\/secure.gravatar.com\/avatar\/c4ca25fa72cace7a696b52ff5db9e095?s=96&d=mm&r=g","caption":"hudo"},"url":"https:\/\/hudo.com\/si\/author\/hudo\/"}]}},"amp_enabled":true,"_links":{"self":[{"href":"https:\/\/hudo.com\/si\/wp-json\/wp\/v2\/posts\/126244"}],"collection":[{"href":"https:\/\/hudo.com\/si\/wp-json\/wp\/v2\/posts"}],"about":[{"href":"https:\/\/hudo.com\/si\/wp-json\/wp\/v2\/types\/post"}],"author":[{"embeddable":true,"href":"https:\/\/hudo.com\/si\/wp-json\/wp\/v2\/users\/1"}],"replies":[{"embeddable":true,"href":"https:\/\/hudo.com\/si\/wp-json\/wp\/v2\/comments?post=126244"}],"version-history":[{"count":0,"href":"https:\/\/hudo.com\/si\/wp-json\/wp\/v2\/posts\/126244\/revisions"}],"wp:attachment":[{"href":"https:\/\/hudo.com\/si\/wp-json\/wp\/v2\/media?parent=126244"}],"wp:term":[{"taxonomy":"category","embeddable":true,"href":"https:\/\/hudo.com\/si\/wp-json\/wp\/v2\/categories?post=126244"},{"taxonomy":"post_tag","embeddable":true,"href":"https:\/\/hudo.com\/si\/wp-json\/wp\/v2\/tags?post=126244"},{"taxonomy":"source","embeddable":true,"href":"https:\/\/hudo.com\/si\/wp-json\/wp\/v2\/source?post=126244"},{"taxonomy":"supertag","embeddable":true,"href":"https:\/\/hudo.com\/si\/wp-json\/wp\/v2\/supertag?post=126244"}],"curies":[{"name":"wp","href":"https:\/\/api.w.org\/{rel}","templated":true}]}}