{"id":126260,"date":"2016-09-04T05:14:18","date_gmt":"2016-09-04T03:14:18","guid":{"rendered":"http:\/\/hudo.com\/si\/2016\/09\/04\/erjavca-so-turki-pomirili-in-zdaj-pravi-bojazni-za-nov-migrantski-val-ni\/"},"modified":"2016-09-04T05:14:18","modified_gmt":"2016-09-04T03:14:18","slug":"erjavca-so-turki-pomirili-in-zdaj-pravi-bojazni-za-nov-migrantski-val-ni","status":"publish","type":"post","link":"https:\/\/hudo.com\/si\/aktualno\/erjavca-so-turki-pomirili-in-zdaj-pravi-bojazni-za-nov-migrantski-val-ni\/","title":{"rendered":"Erjavca so Turki pomirili in zdaj pravi: Bojazni za nov migrantski val ni"},"content":{"rendered":"<p>Slovenski zunanji minister Karl Erjavec, ki se je v Bratislavi udele\u017eil dvodnevnega neformalnega sre\u010danja zunanjih ministrov EU, je za STA potrdil, da je tur\u0161ki minister za zadeve EU \u00d6mer Celik ministrom zagotovil, da Ankara ne bo spreminjala svoje migracijske politike. Po Erjav\u010devih besedah tako ni bojazni za nov migrantski val.<\/p>\n","protected":false},"excerpt":{"rendered":"<p>Slovenski zunanji minister Karl Erjavec, ki se je v Bratislavi udele\u017eil dvodnevnega neformalnega sre\u010danja zunanjih ministrov EU, je za STA potrdil, da je tur\u0161ki minister za zadeve EU \u00d6mer Celik ministrom zagotovil, da Ankara ne bo spreminjala svoje migracijske politike. Po Erjav\u010devih besedah tako ni bojazni za nov migrantski val.<\/p>\n","protected":false},"author":1,"featured_media":0,"comment_status":"closed","ping_status":"closed","sticky":false,"template":"","format":"standard","meta":{"footnotes":""},"categories":[1179],"tags":[],"source":[5113],"supertag":[],"acf":[],"yoast_head":"<!-- This site is optimized with the Yoast SEO plugin v21.3 - https:\/\/yoast.com\/wordpress\/plugins\/seo\/ -->\n<title>Erjavca so Turki pomirili in zdaj pravi: Bojazni za nov migrantski val ni - Hudo Slovenija<\/title>\n<meta name=\"robots\" content=\"index, follow, max-snippet:-1, max-image-preview:large, max-video-preview:-1\" \/>\n<link rel=\"canonical\" href=\"https:\/\/hudo.com\/si\/aktualno\/erjavca-so-turki-pomirili-in-zdaj-pravi-bojazni-za-nov-migrantski-val-ni\/\" \/>\n<meta property=\"og:locale\" content=\"sl_SI\" \/>\n<meta property=\"og:type\" content=\"article\" \/>\n<meta property=\"og:title\" content=\"Erjavca so Turki pomirili in zdaj pravi: Bojazni za nov migrantski val ni - Hudo Slovenija\" \/>\n<meta property=\"og:description\" content=\"Slovenski zunanji minister Karl Erjavec, ki se je v Bratislavi udele\u017eil dvodnevnega neformalnega sre\u010danja zunanjih ministrov EU, je za STA potrdil, da je tur\u0161ki minister za zadeve EU \u00d6mer Celik ministrom zagotovil, da Ankara ne bo spreminjala svoje migracijske politike. Po Erjav\u010devih besedah tako ni bojazni za nov migrantski val.\" \/>\n<meta property=\"og:url\" content=\"https:\/\/hudo.com\/si\/aktualno\/erjavca-so-turki-pomirili-in-zdaj-pravi-bojazni-za-nov-migrantski-val-ni\/\" \/>\n<meta property=\"og:site_name\" content=\"Hudo Slovenija\" \/>\n<meta property=\"article:publisher\" content=\"https:\/\/www.facebook.com\/hudo.si\" \/>\n<meta property=\"article:published_time\" content=\"2016-09-04T03:14:18+00:00\" \/>\n<meta property=\"og:image\" content=\"https:\/\/hudo.com\/si\/wp-content\/uploads\/sites\/2\/2016\/09\/erjavec_11.07.16.jpg\" \/>\n\t<meta property=\"og:image:width\" content=\"550\" \/>\n\t<meta property=\"og:image:height\" content=\"303\" \/>\n\t<meta property=\"og:image:type\" content=\"image\/jpeg\" \/>\n<meta name=\"author\" content=\"hudo\" \/>\n<meta name=\"twitter:card\" content=\"summary_large_image\" \/>\n<meta name=\"twitter:creator\" content=\"@hudo_si\" \/>\n<meta name=\"twitter:site\" content=\"@hudo_si\" \/>\n<meta name=\"twitter:label1\" content=\"Written by\" \/>\n\t<meta name=\"twitter:data1\" content=\"hudo\" \/>\n<script type=\"application\/ld+json\" class=\"yoast-schema-graph\">{\"@context\":\"https:\/\/schema.org\",\"@graph\":[{\"@type\":\"Article\",\"@id\":\"https:\/\/hudo.com\/si\/aktualno\/erjavca-so-turki-pomirili-in-zdaj-pravi-bojazni-za-nov-migrantski-val-ni\/#article\",\"isPartOf\":{\"@id\":\"https:\/\/hudo.com\/si\/aktualno\/erjavca-so-turki-pomirili-in-zdaj-pravi-bojazni-za-nov-migrantski-val-ni\/\"},\"author\":{\"name\":\"hudo\",\"@id\":\"https:\/\/hudo.com\/si\/#\/schema\/person\/601cf3379633985b20f7e50f2bb47707\"},\"headline\":\"Erjavca so Turki pomirili in zdaj pravi: Bojazni za nov migrantski val ni\",\"datePublished\":\"2016-09-04T03:14:18+00:00\",\"dateModified\":\"2016-09-04T03:14:18+00:00\",\"mainEntityOfPage\":{\"@id\":\"https:\/\/hudo.com\/si\/aktualno\/erjavca-so-turki-pomirili-in-zdaj-pravi-bojazni-za-nov-migrantski-val-ni\/\"},\"wordCount\":67,\"publisher\":{\"@id\":\"https:\/\/hudo.com\/si\/#organization\"},\"articleSection\":[\"Aktualno\"],\"inLanguage\":\"sl-SI\"},{\"@type\":\"WebPage\",\"@id\":\"https:\/\/hudo.com\/si\/aktualno\/erjavca-so-turki-pomirili-in-zdaj-pravi-bojazni-za-nov-migrantski-val-ni\/\",\"url\":\"https:\/\/hudo.com\/si\/aktualno\/erjavca-so-turki-pomirili-in-zdaj-pravi-bojazni-za-nov-migrantski-val-ni\/\",\"name\":\"Erjavca so Turki pomirili in zdaj pravi: Bojazni za nov migrantski val ni - Hudo Slovenija\",\"isPartOf\":{\"@id\":\"https:\/\/hudo.com\/si\/#website\"},\"datePublished\":\"2016-09-04T03:14:18+00:00\",\"dateModified\":\"2016-09-04T03:14:18+00:00\",\"breadcrumb\":{\"@id\":\"https:\/\/hudo.com\/si\/aktualno\/erjavca-so-turki-pomirili-in-zdaj-pravi-bojazni-za-nov-migrantski-val-ni\/#breadcrumb\"},\"inLanguage\":\"sl-SI\",\"potentialAction\":[{\"@type\":\"ReadAction\",\"target\":[\"https:\/\/hudo.com\/si\/aktualno\/erjavca-so-turki-pomirili-in-zdaj-pravi-bojazni-za-nov-migrantski-val-ni\/\"]}]},{\"@type\":\"BreadcrumbList\",\"@id\":\"https:\/\/hudo.com\/si\/aktualno\/erjavca-so-turki-pomirili-in-zdaj-pravi-bojazni-za-nov-migrantski-val-ni\/#breadcrumb\",\"itemListElement\":[{\"@type\":\"ListItem\",\"position\":1,\"name\":\"Home\",\"item\":\"https:\/\/hudo.com\/si\/\"},{\"@type\":\"ListItem\",\"position\":2,\"name\":\"Erjavca so Turki pomirili in zdaj pravi: Bojazni za nov migrantski val ni\"}]},{\"@type\":\"WebSite\",\"@id\":\"https:\/\/hudo.com\/si\/#website\",\"url\":\"https:\/\/hudo.com\/si\/\",\"name\":\"Hudo Slovenija\",\"description\":\"Vse novice iz Slovenije in sveta\",\"publisher\":{\"@id\":\"https:\/\/hudo.com\/si\/#organization\"},\"potentialAction\":[{\"@type\":\"SearchAction\",\"target\":{\"@type\":\"EntryPoint\",\"urlTemplate\":\"https:\/\/hudo.com\/si\/?s={search_term_string}\"},\"query-input\":\"required name=search_term_string\"}],\"inLanguage\":\"sl-SI\"},{\"@type\":\"Organization\",\"@id\":\"https:\/\/hudo.com\/si\/#organization\",\"name\":\"VSN Media\",\"url\":\"https:\/\/hudo.com\/si\/\",\"logo\":{\"@type\":\"ImageObject\",\"inLanguage\":\"sl-SI\",\"@id\":\"https:\/\/hudo.com\/si\/#\/schema\/logo\/image\/\",\"url\":\"https:\/\/hudo.com\/si\/wp-content\/uploads\/sites\/2\/2021\/03\/hudo-app-2.png\",\"contentUrl\":\"https:\/\/hudo.com\/si\/wp-content\/uploads\/sites\/2\/2021\/03\/hudo-app-2.png\",\"width\":2185,\"height\":2167,\"caption\":\"VSN Media\"},\"image\":{\"@id\":\"https:\/\/hudo.com\/si\/#\/schema\/logo\/image\/\"},\"sameAs\":[\"https:\/\/www.facebook.com\/hudo.si\",\"https:\/\/twitter.com\/hudo_si\"]},{\"@type\":\"Person\",\"@id\":\"https:\/\/hudo.com\/si\/#\/schema\/person\/601cf3379633985b20f7e50f2bb47707\",\"name\":\"hudo\",\"image\":{\"@type\":\"ImageObject\",\"inLanguage\":\"sl-SI\",\"@id\":\"https:\/\/hudo.com\/si\/#\/schema\/person\/image\/\",\"url\":\"https:\/\/secure.gravatar.com\/avatar\/c4ca25fa72cace7a696b52ff5db9e095?s=96&d=mm&r=g\",\"contentUrl\":\"https:\/\/secure.gravatar.com\/avatar\/c4ca25fa72cace7a696b52ff5db9e095?s=96&d=mm&r=g\",\"caption\":\"hudo\"},\"url\":\"https:\/\/hudo.com\/si\/author\/hudo\/\"}]}<\/script>\n<!-- \/ Yoast SEO plugin. -->","yoast_head_json":{"title":"Erjavca so Turki pomirili in zdaj pravi: Bojazni za nov migrantski val ni - Hudo Slovenija","robots":{"index":"index","follow":"follow","max-snippet":"max-snippet:-1","max-image-preview":"max-image-preview:large","max-video-preview":"max-video-preview:-1"},"canonical":"https:\/\/hudo.com\/si\/aktualno\/erjavca-so-turki-pomirili-in-zdaj-pravi-bojazni-za-nov-migrantski-val-ni\/","og_locale":"sl_SI","og_type":"article","og_title":"Erjavca so Turki pomirili in zdaj pravi: Bojazni za nov migrantski val ni - Hudo Slovenija","og_description":"Slovenski zunanji minister Karl Erjavec, ki se je v Bratislavi udele\u017eil dvodnevnega neformalnega sre\u010danja zunanjih ministrov EU, je za STA potrdil, da je tur\u0161ki minister za zadeve EU \u00d6mer Celik ministrom zagotovil, da Ankara ne bo spreminjala svoje migracijske politike. Po Erjav\u010devih besedah tako ni bojazni za nov migrantski val.","og_url":"https:\/\/hudo.com\/si\/aktualno\/erjavca-so-turki-pomirili-in-zdaj-pravi-bojazni-za-nov-migrantski-val-ni\/","og_site_name":"Hudo Slovenija","article_publisher":"https:\/\/www.facebook.com\/hudo.si","article_published_time":"2016-09-04T03:14:18+00:00","og_image":[{"width":550,"height":303,"url":"https:\/\/hudo.com\/si\/wp-content\/uploads\/sites\/2\/2016\/09\/erjavec_11.07.16.jpg","type":"image\/jpeg"}],"author":"hudo","twitter_card":"summary_large_image","twitter_creator":"@hudo_si","twitter_site":"@hudo_si","twitter_misc":{"Written by":"hudo"},"schema":{"@context":"https:\/\/schema.org","@graph":[{"@type":"Article","@id":"https:\/\/hudo.com\/si\/aktualno\/erjavca-so-turki-pomirili-in-zdaj-pravi-bojazni-za-nov-migrantski-val-ni\/#article","isPartOf":{"@id":"https:\/\/hudo.com\/si\/aktualno\/erjavca-so-turki-pomirili-in-zdaj-pravi-bojazni-za-nov-migrantski-val-ni\/"},"author":{"name":"hudo","@id":"https:\/\/hudo.com\/si\/#\/schema\/person\/601cf3379633985b20f7e50f2bb47707"},"headline":"Erjavca so Turki pomirili in zdaj pravi: Bojazni za nov migrantski val ni","datePublished":"2016-09-04T03:14:18+00:00","dateModified":"2016-09-04T03:14:18+00:00","mainEntityOfPage":{"@id":"https:\/\/hudo.com\/si\/aktualno\/erjavca-so-turki-pomirili-in-zdaj-pravi-bojazni-za-nov-migrantski-val-ni\/"},"wordCount":67,"publisher":{"@id":"https:\/\/hudo.com\/si\/#organization"},"articleSection":["Aktualno"],"inLanguage":"sl-SI"},{"@type":"WebPage","@id":"https:\/\/hudo.com\/si\/aktualno\/erjavca-so-turki-pomirili-in-zdaj-pravi-bojazni-za-nov-migrantski-val-ni\/","url":"https:\/\/hudo.com\/si\/aktualno\/erjavca-so-turki-pomirili-in-zdaj-pravi-bojazni-za-nov-migrantski-val-ni\/","name":"Erjavca so Turki pomirili in zdaj pravi: Bojazni za nov migrantski val ni - Hudo Slovenija","isPartOf":{"@id":"https:\/\/hudo.com\/si\/#website"},"datePublished":"2016-09-04T03:14:18+00:00","dateModified":"2016-09-04T03:14:18+00:00","breadcrumb":{"@id":"https:\/\/hudo.com\/si\/aktualno\/erjavca-so-turki-pomirili-in-zdaj-pravi-bojazni-za-nov-migrantski-val-ni\/#breadcrumb"},"inLanguage":"sl-SI","potentialAction":[{"@type":"ReadAction","target":["https:\/\/hudo.com\/si\/aktualno\/erjavca-so-turki-pomirili-in-zdaj-pravi-bojazni-za-nov-migrantski-val-ni\/"]}]},{"@type":"BreadcrumbList","@id":"https:\/\/hudo.com\/si\/aktualno\/erjavca-so-turki-pomirili-in-zdaj-pravi-bojazni-za-nov-migrantski-val-ni\/#breadcrumb","itemListElement":[{"@type":"ListItem","position":1,"name":"Home","item":"https:\/\/hudo.com\/si\/"},{"@type":"ListItem","position":2,"name":"Erjavca so Turki pomirili in zdaj pravi: Bojazni za nov migrantski val ni"}]},{"@type":"WebSite","@id":"https:\/\/hudo.com\/si\/#website","url":"https:\/\/hudo.com\/si\/","name":"Hudo Slovenija","description":"Vse novice iz Slovenije in sveta","publisher":{"@id":"https:\/\/hudo.com\/si\/#organization"},"potentialAction":[{"@type":"SearchAction","target":{"@type":"EntryPoint","urlTemplate":"https:\/\/hudo.com\/si\/?s={search_term_string}"},"query-input":"required name=search_term_string"}],"inLanguage":"sl-SI"},{"@type":"Organization","@id":"https:\/\/hudo.com\/si\/#organization","name":"VSN Media","url":"https:\/\/hudo.com\/si\/","logo":{"@type":"ImageObject","inLanguage":"sl-SI","@id":"https:\/\/hudo.com\/si\/#\/schema\/logo\/image\/","url":"https:\/\/hudo.com\/si\/wp-content\/uploads\/sites\/2\/2021\/03\/hudo-app-2.png","contentUrl":"https:\/\/hudo.com\/si\/wp-content\/uploads\/sites\/2\/2021\/03\/hudo-app-2.png","width":2185,"height":2167,"caption":"VSN Media"},"image":{"@id":"https:\/\/hudo.com\/si\/#\/schema\/logo\/image\/"},"sameAs":["https:\/\/www.facebook.com\/hudo.si","https:\/\/twitter.com\/hudo_si"]},{"@type":"Person","@id":"https:\/\/hudo.com\/si\/#\/schema\/person\/601cf3379633985b20f7e50f2bb47707","name":"hudo","image":{"@type":"ImageObject","inLanguage":"sl-SI","@id":"https:\/\/hudo.com\/si\/#\/schema\/person\/image\/","url":"https:\/\/secure.gravatar.com\/avatar\/c4ca25fa72cace7a696b52ff5db9e095?s=96&d=mm&r=g","contentUrl":"https:\/\/secure.gravatar.com\/avatar\/c4ca25fa72cace7a696b52ff5db9e095?s=96&d=mm&r=g","caption":"hudo"},"url":"https:\/\/hudo.com\/si\/author\/hudo\/"}]}},"amp_enabled":true,"_links":{"self":[{"href":"https:\/\/hudo.com\/si\/wp-json\/wp\/v2\/posts\/126260"}],"collection":[{"href":"https:\/\/hudo.com\/si\/wp-json\/wp\/v2\/posts"}],"about":[{"href":"https:\/\/hudo.com\/si\/wp-json\/wp\/v2\/types\/post"}],"author":[{"embeddable":true,"href":"https:\/\/hudo.com\/si\/wp-json\/wp\/v2\/users\/1"}],"replies":[{"embeddable":true,"href":"https:\/\/hudo.com\/si\/wp-json\/wp\/v2\/comments?post=126260"}],"version-history":[{"count":0,"href":"https:\/\/hudo.com\/si\/wp-json\/wp\/v2\/posts\/126260\/revisions"}],"wp:attachment":[{"href":"https:\/\/hudo.com\/si\/wp-json\/wp\/v2\/media?parent=126260"}],"wp:term":[{"taxonomy":"category","embeddable":true,"href":"https:\/\/hudo.com\/si\/wp-json\/wp\/v2\/categories?post=126260"},{"taxonomy":"post_tag","embeddable":true,"href":"https:\/\/hudo.com\/si\/wp-json\/wp\/v2\/tags?post=126260"},{"taxonomy":"source","embeddable":true,"href":"https:\/\/hudo.com\/si\/wp-json\/wp\/v2\/source?post=126260"},{"taxonomy":"supertag","embeddable":true,"href":"https:\/\/hudo.com\/si\/wp-json\/wp\/v2\/supertag?post=126260"}],"curies":[{"name":"wp","href":"https:\/\/api.w.org\/{rel}","templated":true}]}}