{"id":127378,"date":"2016-09-06T09:17:44","date_gmt":"2016-09-06T07:17:44","guid":{"rendered":"http:\/\/hudo.com\/si\/2016\/09\/06\/slovenska-demokratska-stranka-tozi-drzavo-zelijo-poplacilo-skode-zaradi-nelegitimnih-volitev\/"},"modified":"2016-09-06T15:47:08","modified_gmt":"2016-09-06T13:47:08","slug":"slovenska-demokratska-stranka-tozi-drzavo-zelijo-poplacilo-skode-zaradi-nelegitimnih-volitev","status":"publish","type":"post","link":"https:\/\/hudo.com\/si\/aktualno\/slovenska-demokratska-stranka-tozi-drzavo-zelijo-poplacilo-skode-zaradi-nelegitimnih-volitev\/","title":{"rendered":"Slovenska demokratska stranka to\u017ei dr\u017eavo \u2013 \u017eelijo popla\u010dilo \u0161kode zaradi nelegitimnih volitev"},"content":{"rendered":"<p>V SDS od dr\u017eave terjajo pla\u010dilo 886.257,37 evrov zaradi posega dr\u017eavnih organov v demokrati\u010dnost volilnega procesa z nezakonitimi sodbami v aferi Patria, hkrati pa javno predlagajo dr\u017eavnemu pravobranilstvu, da to od\u0161kodnino izterja od Branke Zobec Hrastar, Andreja Ferlinca, Branka Masle\u0161e, Barbare Klajn\u0161ek in ostalih sodnic in sodnikov ter to\u017eilcev, ki so krivo to\u017eili in sodili<\/p>\n","protected":false},"excerpt":{"rendered":"<p>V SDS od dr\u017eave terjajo pla\u010dilo 886.257,37 evrov zaradi posega dr\u017eavnih organov v demokrati\u010dnost volilnega procesa z nezakonitimi sodbami v aferi Patria, hkrati pa javno predlagajo dr\u017eavnemu pravobranilstvu, da to od\u0161kodnino izterja od Branke Zobec Hrastar, Andreja Ferlinca, Branka Masle\u0161e, Barbare Klajn\u0161ek in ostalih sodnic in sodnikov ter to\u017eilcev, ki so krivo to\u017eili in sodili<\/p>\n","protected":false},"author":1,"featured_media":0,"comment_status":"closed","ping_status":"closed","sticky":false,"template":"","format":"standard","meta":{"footnotes":""},"categories":[1179],"tags":[],"source":[1710],"supertag":[],"acf":[],"yoast_head":"<!-- This site is optimized with the Yoast SEO plugin v21.3 - https:\/\/yoast.com\/wordpress\/plugins\/seo\/ -->\n<title>Slovenska demokratska stranka to\u017ei dr\u017eavo \u2013 \u017eelijo popla\u010dilo \u0161kode zaradi nelegitimnih volitev - Hudo Slovenija<\/title>\n<meta name=\"robots\" content=\"index, follow, max-snippet:-1, max-image-preview:large, max-video-preview:-1\" \/>\n<link rel=\"canonical\" href=\"https:\/\/hudo.com\/si\/aktualno\/slovenska-demokratska-stranka-tozi-drzavo-zelijo-poplacilo-skode-zaradi-nelegitimnih-volitev\/\" \/>\n<meta property=\"og:locale\" content=\"sl_SI\" \/>\n<meta property=\"og:type\" content=\"article\" \/>\n<meta property=\"og:title\" content=\"Slovenska demokratska stranka to\u017ei dr\u017eavo \u2013 \u017eelijo popla\u010dilo \u0161kode zaradi nelegitimnih volitev - Hudo Slovenija\" \/>\n<meta property=\"og:description\" content=\"V SDS od dr\u017eave terjajo pla\u010dilo 886.257,37 evrov zaradi posega dr\u017eavnih organov v demokrati\u010dnost volilnega procesa z nezakonitimi sodbami v aferi Patria, hkrati pa javno predlagajo dr\u017eavnemu pravobranilstvu, da to od\u0161kodnino izterja od Branke Zobec Hrastar, Andreja Ferlinca, Branka Masle\u0161e, Barbare Klajn\u0161ek in ostalih sodnic in sodnikov ter to\u017eilcev, ki so krivo to\u017eili in sodili\" \/>\n<meta property=\"og:url\" content=\"https:\/\/hudo.com\/si\/aktualno\/slovenska-demokratska-stranka-tozi-drzavo-zelijo-poplacilo-skode-zaradi-nelegitimnih-volitev\/\" \/>\n<meta property=\"og:site_name\" content=\"Hudo Slovenija\" \/>\n<meta property=\"article:publisher\" content=\"https:\/\/www.facebook.com\/hudo.si\" \/>\n<meta property=\"article:published_time\" content=\"2016-09-06T07:17:44+00:00\" \/>\n<meta property=\"article:modified_time\" content=\"2016-09-06T13:47:08+00:00\" \/>\n<meta property=\"og:image\" content=\"https:\/\/hudo.com\/si\/wp-content\/uploads\/sites\/2\/2016\/09\/janez-jansa-za-novo24tv-o-odhodu-vere-ban-iz-sds-01.jpg\" \/>\n\t<meta property=\"og:image:width\" content=\"1920\" \/>\n\t<meta property=\"og:image:height\" content=\"1080\" \/>\n\t<meta property=\"og:image:type\" content=\"image\/jpeg\" \/>\n<meta name=\"author\" content=\"hudo\" \/>\n<meta name=\"twitter:card\" content=\"summary_large_image\" \/>\n<meta name=\"twitter:creator\" content=\"@hudo_si\" \/>\n<meta name=\"twitter:site\" content=\"@hudo_si\" \/>\n<meta name=\"twitter:label1\" content=\"Written by\" \/>\n\t<meta name=\"twitter:data1\" content=\"hudo\" \/>\n<script type=\"application\/ld+json\" class=\"yoast-schema-graph\">{\"@context\":\"https:\/\/schema.org\",\"@graph\":[{\"@type\":\"Article\",\"@id\":\"https:\/\/hudo.com\/si\/aktualno\/slovenska-demokratska-stranka-tozi-drzavo-zelijo-poplacilo-skode-zaradi-nelegitimnih-volitev\/#article\",\"isPartOf\":{\"@id\":\"https:\/\/hudo.com\/si\/aktualno\/slovenska-demokratska-stranka-tozi-drzavo-zelijo-poplacilo-skode-zaradi-nelegitimnih-volitev\/\"},\"author\":{\"name\":\"hudo\",\"@id\":\"https:\/\/hudo.com\/si\/#\/schema\/person\/601cf3379633985b20f7e50f2bb47707\"},\"headline\":\"Slovenska demokratska stranka to\u017ei dr\u017eavo \u2013 \u017eelijo popla\u010dilo \u0161kode zaradi nelegitimnih volitev\",\"datePublished\":\"2016-09-06T07:17:44+00:00\",\"dateModified\":\"2016-09-06T13:47:08+00:00\",\"mainEntityOfPage\":{\"@id\":\"https:\/\/hudo.com\/si\/aktualno\/slovenska-demokratska-stranka-tozi-drzavo-zelijo-poplacilo-skode-zaradi-nelegitimnih-volitev\/\"},\"wordCount\":78,\"publisher\":{\"@id\":\"https:\/\/hudo.com\/si\/#organization\"},\"articleSection\":[\"Aktualno\"],\"inLanguage\":\"sl-SI\"},{\"@type\":\"WebPage\",\"@id\":\"https:\/\/hudo.com\/si\/aktualno\/slovenska-demokratska-stranka-tozi-drzavo-zelijo-poplacilo-skode-zaradi-nelegitimnih-volitev\/\",\"url\":\"https:\/\/hudo.com\/si\/aktualno\/slovenska-demokratska-stranka-tozi-drzavo-zelijo-poplacilo-skode-zaradi-nelegitimnih-volitev\/\",\"name\":\"Slovenska demokratska stranka to\u017ei dr\u017eavo \u2013 \u017eelijo popla\u010dilo \u0161kode zaradi nelegitimnih volitev - Hudo Slovenija\",\"isPartOf\":{\"@id\":\"https:\/\/hudo.com\/si\/#website\"},\"datePublished\":\"2016-09-06T07:17:44+00:00\",\"dateModified\":\"2016-09-06T13:47:08+00:00\",\"breadcrumb\":{\"@id\":\"https:\/\/hudo.com\/si\/aktualno\/slovenska-demokratska-stranka-tozi-drzavo-zelijo-poplacilo-skode-zaradi-nelegitimnih-volitev\/#breadcrumb\"},\"inLanguage\":\"sl-SI\",\"potentialAction\":[{\"@type\":\"ReadAction\",\"target\":[\"https:\/\/hudo.com\/si\/aktualno\/slovenska-demokratska-stranka-tozi-drzavo-zelijo-poplacilo-skode-zaradi-nelegitimnih-volitev\/\"]}]},{\"@type\":\"BreadcrumbList\",\"@id\":\"https:\/\/hudo.com\/si\/aktualno\/slovenska-demokratska-stranka-tozi-drzavo-zelijo-poplacilo-skode-zaradi-nelegitimnih-volitev\/#breadcrumb\",\"itemListElement\":[{\"@type\":\"ListItem\",\"position\":1,\"name\":\"Home\",\"item\":\"https:\/\/hudo.com\/si\/\"},{\"@type\":\"ListItem\",\"position\":2,\"name\":\"Slovenska demokratska stranka to\u017ei dr\u017eavo \u2013 \u017eelijo popla\u010dilo \u0161kode zaradi nelegitimnih volitev\"}]},{\"@type\":\"WebSite\",\"@id\":\"https:\/\/hudo.com\/si\/#website\",\"url\":\"https:\/\/hudo.com\/si\/\",\"name\":\"Hudo Slovenija\",\"description\":\"Vse novice iz Slovenije in sveta\",\"publisher\":{\"@id\":\"https:\/\/hudo.com\/si\/#organization\"},\"potentialAction\":[{\"@type\":\"SearchAction\",\"target\":{\"@type\":\"EntryPoint\",\"urlTemplate\":\"https:\/\/hudo.com\/si\/?s={search_term_string}\"},\"query-input\":\"required name=search_term_string\"}],\"inLanguage\":\"sl-SI\"},{\"@type\":\"Organization\",\"@id\":\"https:\/\/hudo.com\/si\/#organization\",\"name\":\"VSN Media\",\"url\":\"https:\/\/hudo.com\/si\/\",\"logo\":{\"@type\":\"ImageObject\",\"inLanguage\":\"sl-SI\",\"@id\":\"https:\/\/hudo.com\/si\/#\/schema\/logo\/image\/\",\"url\":\"https:\/\/hudo.com\/si\/wp-content\/uploads\/sites\/2\/2021\/03\/hudo-app-2.png\",\"contentUrl\":\"https:\/\/hudo.com\/si\/wp-content\/uploads\/sites\/2\/2021\/03\/hudo-app-2.png\",\"width\":2185,\"height\":2167,\"caption\":\"VSN Media\"},\"image\":{\"@id\":\"https:\/\/hudo.com\/si\/#\/schema\/logo\/image\/\"},\"sameAs\":[\"https:\/\/www.facebook.com\/hudo.si\",\"https:\/\/twitter.com\/hudo_si\"]},{\"@type\":\"Person\",\"@id\":\"https:\/\/hudo.com\/si\/#\/schema\/person\/601cf3379633985b20f7e50f2bb47707\",\"name\":\"hudo\",\"image\":{\"@type\":\"ImageObject\",\"inLanguage\":\"sl-SI\",\"@id\":\"https:\/\/hudo.com\/si\/#\/schema\/person\/image\/\",\"url\":\"https:\/\/secure.gravatar.com\/avatar\/c4ca25fa72cace7a696b52ff5db9e095?s=96&d=mm&r=g\",\"contentUrl\":\"https:\/\/secure.gravatar.com\/avatar\/c4ca25fa72cace7a696b52ff5db9e095?s=96&d=mm&r=g\",\"caption\":\"hudo\"},\"url\":\"https:\/\/hudo.com\/si\/author\/hudo\/\"}]}<\/script>\n<!-- \/ Yoast SEO plugin. -->","yoast_head_json":{"title":"Slovenska demokratska stranka to\u017ei dr\u017eavo \u2013 \u017eelijo popla\u010dilo \u0161kode zaradi nelegitimnih volitev - Hudo Slovenija","robots":{"index":"index","follow":"follow","max-snippet":"max-snippet:-1","max-image-preview":"max-image-preview:large","max-video-preview":"max-video-preview:-1"},"canonical":"https:\/\/hudo.com\/si\/aktualno\/slovenska-demokratska-stranka-tozi-drzavo-zelijo-poplacilo-skode-zaradi-nelegitimnih-volitev\/","og_locale":"sl_SI","og_type":"article","og_title":"Slovenska demokratska stranka to\u017ei dr\u017eavo \u2013 \u017eelijo popla\u010dilo \u0161kode zaradi nelegitimnih volitev - Hudo Slovenija","og_description":"V SDS od dr\u017eave terjajo pla\u010dilo 886.257,37 evrov zaradi posega dr\u017eavnih organov v demokrati\u010dnost volilnega procesa z nezakonitimi sodbami v aferi Patria, hkrati pa javno predlagajo dr\u017eavnemu pravobranilstvu, da to od\u0161kodnino izterja od Branke Zobec Hrastar, Andreja Ferlinca, Branka Masle\u0161e, Barbare Klajn\u0161ek in ostalih sodnic in sodnikov ter to\u017eilcev, ki so krivo to\u017eili in sodili","og_url":"https:\/\/hudo.com\/si\/aktualno\/slovenska-demokratska-stranka-tozi-drzavo-zelijo-poplacilo-skode-zaradi-nelegitimnih-volitev\/","og_site_name":"Hudo Slovenija","article_publisher":"https:\/\/www.facebook.com\/hudo.si","article_published_time":"2016-09-06T07:17:44+00:00","article_modified_time":"2016-09-06T13:47:08+00:00","og_image":[{"width":1920,"height":1080,"url":"https:\/\/hudo.com\/si\/wp-content\/uploads\/sites\/2\/2016\/09\/janez-jansa-za-novo24tv-o-odhodu-vere-ban-iz-sds-01.jpg","type":"image\/jpeg"}],"author":"hudo","twitter_card":"summary_large_image","twitter_creator":"@hudo_si","twitter_site":"@hudo_si","twitter_misc":{"Written by":"hudo"},"schema":{"@context":"https:\/\/schema.org","@graph":[{"@type":"Article","@id":"https:\/\/hudo.com\/si\/aktualno\/slovenska-demokratska-stranka-tozi-drzavo-zelijo-poplacilo-skode-zaradi-nelegitimnih-volitev\/#article","isPartOf":{"@id":"https:\/\/hudo.com\/si\/aktualno\/slovenska-demokratska-stranka-tozi-drzavo-zelijo-poplacilo-skode-zaradi-nelegitimnih-volitev\/"},"author":{"name":"hudo","@id":"https:\/\/hudo.com\/si\/#\/schema\/person\/601cf3379633985b20f7e50f2bb47707"},"headline":"Slovenska demokratska stranka to\u017ei dr\u017eavo \u2013 \u017eelijo popla\u010dilo \u0161kode zaradi nelegitimnih volitev","datePublished":"2016-09-06T07:17:44+00:00","dateModified":"2016-09-06T13:47:08+00:00","mainEntityOfPage":{"@id":"https:\/\/hudo.com\/si\/aktualno\/slovenska-demokratska-stranka-tozi-drzavo-zelijo-poplacilo-skode-zaradi-nelegitimnih-volitev\/"},"wordCount":78,"publisher":{"@id":"https:\/\/hudo.com\/si\/#organization"},"articleSection":["Aktualno"],"inLanguage":"sl-SI"},{"@type":"WebPage","@id":"https:\/\/hudo.com\/si\/aktualno\/slovenska-demokratska-stranka-tozi-drzavo-zelijo-poplacilo-skode-zaradi-nelegitimnih-volitev\/","url":"https:\/\/hudo.com\/si\/aktualno\/slovenska-demokratska-stranka-tozi-drzavo-zelijo-poplacilo-skode-zaradi-nelegitimnih-volitev\/","name":"Slovenska demokratska stranka to\u017ei dr\u017eavo \u2013 \u017eelijo popla\u010dilo \u0161kode zaradi nelegitimnih volitev - Hudo Slovenija","isPartOf":{"@id":"https:\/\/hudo.com\/si\/#website"},"datePublished":"2016-09-06T07:17:44+00:00","dateModified":"2016-09-06T13:47:08+00:00","breadcrumb":{"@id":"https:\/\/hudo.com\/si\/aktualno\/slovenska-demokratska-stranka-tozi-drzavo-zelijo-poplacilo-skode-zaradi-nelegitimnih-volitev\/#breadcrumb"},"inLanguage":"sl-SI","potentialAction":[{"@type":"ReadAction","target":["https:\/\/hudo.com\/si\/aktualno\/slovenska-demokratska-stranka-tozi-drzavo-zelijo-poplacilo-skode-zaradi-nelegitimnih-volitev\/"]}]},{"@type":"BreadcrumbList","@id":"https:\/\/hudo.com\/si\/aktualno\/slovenska-demokratska-stranka-tozi-drzavo-zelijo-poplacilo-skode-zaradi-nelegitimnih-volitev\/#breadcrumb","itemListElement":[{"@type":"ListItem","position":1,"name":"Home","item":"https:\/\/hudo.com\/si\/"},{"@type":"ListItem","position":2,"name":"Slovenska demokratska stranka to\u017ei dr\u017eavo \u2013 \u017eelijo popla\u010dilo \u0161kode zaradi nelegitimnih volitev"}]},{"@type":"WebSite","@id":"https:\/\/hudo.com\/si\/#website","url":"https:\/\/hudo.com\/si\/","name":"Hudo Slovenija","description":"Vse novice iz Slovenije in sveta","publisher":{"@id":"https:\/\/hudo.com\/si\/#organization"},"potentialAction":[{"@type":"SearchAction","target":{"@type":"EntryPoint","urlTemplate":"https:\/\/hudo.com\/si\/?s={search_term_string}"},"query-input":"required name=search_term_string"}],"inLanguage":"sl-SI"},{"@type":"Organization","@id":"https:\/\/hudo.com\/si\/#organization","name":"VSN Media","url":"https:\/\/hudo.com\/si\/","logo":{"@type":"ImageObject","inLanguage":"sl-SI","@id":"https:\/\/hudo.com\/si\/#\/schema\/logo\/image\/","url":"https:\/\/hudo.com\/si\/wp-content\/uploads\/sites\/2\/2021\/03\/hudo-app-2.png","contentUrl":"https:\/\/hudo.com\/si\/wp-content\/uploads\/sites\/2\/2021\/03\/hudo-app-2.png","width":2185,"height":2167,"caption":"VSN Media"},"image":{"@id":"https:\/\/hudo.com\/si\/#\/schema\/logo\/image\/"},"sameAs":["https:\/\/www.facebook.com\/hudo.si","https:\/\/twitter.com\/hudo_si"]},{"@type":"Person","@id":"https:\/\/hudo.com\/si\/#\/schema\/person\/601cf3379633985b20f7e50f2bb47707","name":"hudo","image":{"@type":"ImageObject","inLanguage":"sl-SI","@id":"https:\/\/hudo.com\/si\/#\/schema\/person\/image\/","url":"https:\/\/secure.gravatar.com\/avatar\/c4ca25fa72cace7a696b52ff5db9e095?s=96&d=mm&r=g","contentUrl":"https:\/\/secure.gravatar.com\/avatar\/c4ca25fa72cace7a696b52ff5db9e095?s=96&d=mm&r=g","caption":"hudo"},"url":"https:\/\/hudo.com\/si\/author\/hudo\/"}]}},"amp_enabled":true,"_links":{"self":[{"href":"https:\/\/hudo.com\/si\/wp-json\/wp\/v2\/posts\/127378"}],"collection":[{"href":"https:\/\/hudo.com\/si\/wp-json\/wp\/v2\/posts"}],"about":[{"href":"https:\/\/hudo.com\/si\/wp-json\/wp\/v2\/types\/post"}],"author":[{"embeddable":true,"href":"https:\/\/hudo.com\/si\/wp-json\/wp\/v2\/users\/1"}],"replies":[{"embeddable":true,"href":"https:\/\/hudo.com\/si\/wp-json\/wp\/v2\/comments?post=127378"}],"version-history":[{"count":1,"href":"https:\/\/hudo.com\/si\/wp-json\/wp\/v2\/posts\/127378\/revisions"}],"predecessor-version":[{"id":127612,"href":"https:\/\/hudo.com\/si\/wp-json\/wp\/v2\/posts\/127378\/revisions\/127612"}],"wp:attachment":[{"href":"https:\/\/hudo.com\/si\/wp-json\/wp\/v2\/media?parent=127378"}],"wp:term":[{"taxonomy":"category","embeddable":true,"href":"https:\/\/hudo.com\/si\/wp-json\/wp\/v2\/categories?post=127378"},{"taxonomy":"post_tag","embeddable":true,"href":"https:\/\/hudo.com\/si\/wp-json\/wp\/v2\/tags?post=127378"},{"taxonomy":"source","embeddable":true,"href":"https:\/\/hudo.com\/si\/wp-json\/wp\/v2\/source?post=127378"},{"taxonomy":"supertag","embeddable":true,"href":"https:\/\/hudo.com\/si\/wp-json\/wp\/v2\/supertag?post=127378"}],"curies":[{"name":"wp","href":"https:\/\/api.w.org\/{rel}","templated":true}]}}