{"id":127384,"date":"2016-09-06T09:14:39","date_gmt":"2016-09-06T07:14:39","guid":{"rendered":"http:\/\/hudo.com\/si\/2016\/09\/06\/sds-tozi-drzavo-zaradi-vpliva-sojenja-v-aferi-patria-na-volitve-leta-2014-2\/"},"modified":"2016-09-07T13:33:10","modified_gmt":"2016-09-07T11:33:10","slug":"sds-tozi-drzavo-zaradi-vpliva-sojenja-v-aferi-patria-na-volitve-leta-2014-2","status":"publish","type":"post","link":"https:\/\/hudo.com\/si\/aktualno\/sds-tozi-drzavo-zaradi-vpliva-sojenja-v-aferi-patria-na-volitve-leta-2014-2\/","title":{"rendered":"SDS to\u017ei dr\u017eavo zaradi vpliva sojenja v aferi Patria na volitve leta 2014"},"content":{"rendered":"<p>SDS to\u017ei dr\u017eavo za 886.257,37 evra zaradi vpliva sojenja v aferi Patria na dr\u017eavnozborske volitve leta 2014. Ob tem predlagajo dr\u017eavnemu pravobranilstvu, da to od\u0161kodnino izterja od Branke Zobec Hrastar, Andreja Ferlinca, Branka Masle\u0161e, Barbare Klajn\u0161ek in ostalih sodnic in sodnikov ter to\u017eilcev v zadevi Patria.<\/p>\n","protected":false},"excerpt":{"rendered":"<p>SDS to\u017ei dr\u017eavo za 886.257,37 evra zaradi vpliva sojenja v aferi Patria na dr\u017eavnozborske volitve leta 2014. Ob tem predlagajo dr\u017eavnemu pravobranilstvu, da to od\u0161kodnino izterja od Branke Zobec Hrastar, Andreja Ferlinca, Branka Masle\u0161e, Barbare Klajn\u0161ek in ostalih sodnic in sodnikov ter to\u017eilcev v zadevi Patria.<\/p>\n","protected":false},"author":1,"featured_media":0,"comment_status":"closed","ping_status":"closed","sticky":false,"template":"","format":"standard","meta":{"footnotes":""},"categories":[1179],"tags":[],"source":[5113],"supertag":[],"acf":[],"yoast_head":"<!-- This site is optimized with the Yoast SEO plugin v21.3 - https:\/\/yoast.com\/wordpress\/plugins\/seo\/ -->\n<title>SDS to\u017ei dr\u017eavo zaradi vpliva sojenja v aferi Patria na volitve leta 2014 - Hudo Slovenija<\/title>\n<meta name=\"robots\" content=\"index, follow, max-snippet:-1, max-image-preview:large, max-video-preview:-1\" \/>\n<link rel=\"canonical\" href=\"https:\/\/hudo.com\/si\/aktualno\/sds-tozi-drzavo-zaradi-vpliva-sojenja-v-aferi-patria-na-volitve-leta-2014-2\/\" \/>\n<meta property=\"og:locale\" content=\"sl_SI\" \/>\n<meta property=\"og:type\" content=\"article\" \/>\n<meta property=\"og:title\" content=\"SDS to\u017ei dr\u017eavo zaradi vpliva sojenja v aferi Patria na volitve leta 2014 - Hudo Slovenija\" \/>\n<meta property=\"og:description\" content=\"SDS to\u017ei dr\u017eavo za 886.257,37 evra zaradi vpliva sojenja v aferi Patria na dr\u017eavnozborske volitve leta 2014. Ob tem predlagajo dr\u017eavnemu pravobranilstvu, da to od\u0161kodnino izterja od Branke Zobec Hrastar, Andreja Ferlinca, Branka Masle\u0161e, Barbare Klajn\u0161ek in ostalih sodnic in sodnikov ter to\u017eilcev v zadevi Patria.\" \/>\n<meta property=\"og:url\" content=\"https:\/\/hudo.com\/si\/aktualno\/sds-tozi-drzavo-zaradi-vpliva-sojenja-v-aferi-patria-na-volitve-leta-2014-2\/\" \/>\n<meta property=\"og:site_name\" content=\"Hudo Slovenija\" \/>\n<meta property=\"article:publisher\" content=\"https:\/\/www.facebook.com\/hudo.si\" \/>\n<meta property=\"article:published_time\" content=\"2016-09-06T07:14:39+00:00\" \/>\n<meta property=\"article:modified_time\" content=\"2016-09-07T11:33:10+00:00\" \/>\n<meta property=\"og:image\" content=\"https:\/\/hudo.com\/si\/wp-content\/uploads\/sites\/2\/2016\/09\/janez_jansa.jpg\" \/>\n\t<meta property=\"og:image:width\" content=\"550\" \/>\n\t<meta property=\"og:image:height\" content=\"303\" \/>\n\t<meta property=\"og:image:type\" content=\"image\/jpeg\" \/>\n<meta name=\"author\" content=\"hudo\" \/>\n<meta name=\"twitter:card\" content=\"summary_large_image\" \/>\n<meta name=\"twitter:creator\" content=\"@hudo_si\" \/>\n<meta name=\"twitter:site\" content=\"@hudo_si\" \/>\n<meta name=\"twitter:label1\" content=\"Written by\" \/>\n\t<meta name=\"twitter:data1\" content=\"hudo\" \/>\n<script type=\"application\/ld+json\" class=\"yoast-schema-graph\">{\"@context\":\"https:\/\/schema.org\",\"@graph\":[{\"@type\":\"Article\",\"@id\":\"https:\/\/hudo.com\/si\/aktualno\/sds-tozi-drzavo-zaradi-vpliva-sojenja-v-aferi-patria-na-volitve-leta-2014-2\/#article\",\"isPartOf\":{\"@id\":\"https:\/\/hudo.com\/si\/aktualno\/sds-tozi-drzavo-zaradi-vpliva-sojenja-v-aferi-patria-na-volitve-leta-2014-2\/\"},\"author\":{\"name\":\"hudo\",\"@id\":\"https:\/\/hudo.com\/si\/#\/schema\/person\/601cf3379633985b20f7e50f2bb47707\"},\"headline\":\"SDS to\u017ei dr\u017eavo zaradi vpliva sojenja v aferi Patria na volitve leta 2014\",\"datePublished\":\"2016-09-06T07:14:39+00:00\",\"dateModified\":\"2016-09-07T11:33:10+00:00\",\"mainEntityOfPage\":{\"@id\":\"https:\/\/hudo.com\/si\/aktualno\/sds-tozi-drzavo-zaradi-vpliva-sojenja-v-aferi-patria-na-volitve-leta-2014-2\/\"},\"wordCount\":66,\"publisher\":{\"@id\":\"https:\/\/hudo.com\/si\/#organization\"},\"articleSection\":[\"Aktualno\"],\"inLanguage\":\"sl-SI\"},{\"@type\":\"WebPage\",\"@id\":\"https:\/\/hudo.com\/si\/aktualno\/sds-tozi-drzavo-zaradi-vpliva-sojenja-v-aferi-patria-na-volitve-leta-2014-2\/\",\"url\":\"https:\/\/hudo.com\/si\/aktualno\/sds-tozi-drzavo-zaradi-vpliva-sojenja-v-aferi-patria-na-volitve-leta-2014-2\/\",\"name\":\"SDS to\u017ei dr\u017eavo zaradi vpliva sojenja v aferi Patria na volitve leta 2014 - Hudo Slovenija\",\"isPartOf\":{\"@id\":\"https:\/\/hudo.com\/si\/#website\"},\"datePublished\":\"2016-09-06T07:14:39+00:00\",\"dateModified\":\"2016-09-07T11:33:10+00:00\",\"breadcrumb\":{\"@id\":\"https:\/\/hudo.com\/si\/aktualno\/sds-tozi-drzavo-zaradi-vpliva-sojenja-v-aferi-patria-na-volitve-leta-2014-2\/#breadcrumb\"},\"inLanguage\":\"sl-SI\",\"potentialAction\":[{\"@type\":\"ReadAction\",\"target\":[\"https:\/\/hudo.com\/si\/aktualno\/sds-tozi-drzavo-zaradi-vpliva-sojenja-v-aferi-patria-na-volitve-leta-2014-2\/\"]}]},{\"@type\":\"BreadcrumbList\",\"@id\":\"https:\/\/hudo.com\/si\/aktualno\/sds-tozi-drzavo-zaradi-vpliva-sojenja-v-aferi-patria-na-volitve-leta-2014-2\/#breadcrumb\",\"itemListElement\":[{\"@type\":\"ListItem\",\"position\":1,\"name\":\"Home\",\"item\":\"https:\/\/hudo.com\/si\/\"},{\"@type\":\"ListItem\",\"position\":2,\"name\":\"SDS to\u017ei dr\u017eavo zaradi vpliva sojenja v aferi Patria na volitve leta 2014\"}]},{\"@type\":\"WebSite\",\"@id\":\"https:\/\/hudo.com\/si\/#website\",\"url\":\"https:\/\/hudo.com\/si\/\",\"name\":\"Hudo Slovenija\",\"description\":\"Vse novice iz Slovenije in sveta\",\"publisher\":{\"@id\":\"https:\/\/hudo.com\/si\/#organization\"},\"potentialAction\":[{\"@type\":\"SearchAction\",\"target\":{\"@type\":\"EntryPoint\",\"urlTemplate\":\"https:\/\/hudo.com\/si\/?s={search_term_string}\"},\"query-input\":\"required name=search_term_string\"}],\"inLanguage\":\"sl-SI\"},{\"@type\":\"Organization\",\"@id\":\"https:\/\/hudo.com\/si\/#organization\",\"name\":\"VSN Media\",\"url\":\"https:\/\/hudo.com\/si\/\",\"logo\":{\"@type\":\"ImageObject\",\"inLanguage\":\"sl-SI\",\"@id\":\"https:\/\/hudo.com\/si\/#\/schema\/logo\/image\/\",\"url\":\"https:\/\/hudo.com\/si\/wp-content\/uploads\/sites\/2\/2021\/03\/hudo-app-2.png\",\"contentUrl\":\"https:\/\/hudo.com\/si\/wp-content\/uploads\/sites\/2\/2021\/03\/hudo-app-2.png\",\"width\":2185,\"height\":2167,\"caption\":\"VSN Media\"},\"image\":{\"@id\":\"https:\/\/hudo.com\/si\/#\/schema\/logo\/image\/\"},\"sameAs\":[\"https:\/\/www.facebook.com\/hudo.si\",\"https:\/\/twitter.com\/hudo_si\"]},{\"@type\":\"Person\",\"@id\":\"https:\/\/hudo.com\/si\/#\/schema\/person\/601cf3379633985b20f7e50f2bb47707\",\"name\":\"hudo\",\"image\":{\"@type\":\"ImageObject\",\"inLanguage\":\"sl-SI\",\"@id\":\"https:\/\/hudo.com\/si\/#\/schema\/person\/image\/\",\"url\":\"https:\/\/secure.gravatar.com\/avatar\/c4ca25fa72cace7a696b52ff5db9e095?s=96&d=mm&r=g\",\"contentUrl\":\"https:\/\/secure.gravatar.com\/avatar\/c4ca25fa72cace7a696b52ff5db9e095?s=96&d=mm&r=g\",\"caption\":\"hudo\"},\"url\":\"https:\/\/hudo.com\/si\/author\/hudo\/\"}]}<\/script>\n<!-- \/ Yoast SEO plugin. -->","yoast_head_json":{"title":"SDS to\u017ei dr\u017eavo zaradi vpliva sojenja v aferi Patria na volitve leta 2014 - Hudo Slovenija","robots":{"index":"index","follow":"follow","max-snippet":"max-snippet:-1","max-image-preview":"max-image-preview:large","max-video-preview":"max-video-preview:-1"},"canonical":"https:\/\/hudo.com\/si\/aktualno\/sds-tozi-drzavo-zaradi-vpliva-sojenja-v-aferi-patria-na-volitve-leta-2014-2\/","og_locale":"sl_SI","og_type":"article","og_title":"SDS to\u017ei dr\u017eavo zaradi vpliva sojenja v aferi Patria na volitve leta 2014 - Hudo Slovenija","og_description":"SDS to\u017ei dr\u017eavo za 886.257,37 evra zaradi vpliva sojenja v aferi Patria na dr\u017eavnozborske volitve leta 2014. Ob tem predlagajo dr\u017eavnemu pravobranilstvu, da to od\u0161kodnino izterja od Branke Zobec Hrastar, Andreja Ferlinca, Branka Masle\u0161e, Barbare Klajn\u0161ek in ostalih sodnic in sodnikov ter to\u017eilcev v zadevi Patria.","og_url":"https:\/\/hudo.com\/si\/aktualno\/sds-tozi-drzavo-zaradi-vpliva-sojenja-v-aferi-patria-na-volitve-leta-2014-2\/","og_site_name":"Hudo Slovenija","article_publisher":"https:\/\/www.facebook.com\/hudo.si","article_published_time":"2016-09-06T07:14:39+00:00","article_modified_time":"2016-09-07T11:33:10+00:00","og_image":[{"width":550,"height":303,"url":"https:\/\/hudo.com\/si\/wp-content\/uploads\/sites\/2\/2016\/09\/janez_jansa.jpg","type":"image\/jpeg"}],"author":"hudo","twitter_card":"summary_large_image","twitter_creator":"@hudo_si","twitter_site":"@hudo_si","twitter_misc":{"Written by":"hudo"},"schema":{"@context":"https:\/\/schema.org","@graph":[{"@type":"Article","@id":"https:\/\/hudo.com\/si\/aktualno\/sds-tozi-drzavo-zaradi-vpliva-sojenja-v-aferi-patria-na-volitve-leta-2014-2\/#article","isPartOf":{"@id":"https:\/\/hudo.com\/si\/aktualno\/sds-tozi-drzavo-zaradi-vpliva-sojenja-v-aferi-patria-na-volitve-leta-2014-2\/"},"author":{"name":"hudo","@id":"https:\/\/hudo.com\/si\/#\/schema\/person\/601cf3379633985b20f7e50f2bb47707"},"headline":"SDS to\u017ei dr\u017eavo zaradi vpliva sojenja v aferi Patria na volitve leta 2014","datePublished":"2016-09-06T07:14:39+00:00","dateModified":"2016-09-07T11:33:10+00:00","mainEntityOfPage":{"@id":"https:\/\/hudo.com\/si\/aktualno\/sds-tozi-drzavo-zaradi-vpliva-sojenja-v-aferi-patria-na-volitve-leta-2014-2\/"},"wordCount":66,"publisher":{"@id":"https:\/\/hudo.com\/si\/#organization"},"articleSection":["Aktualno"],"inLanguage":"sl-SI"},{"@type":"WebPage","@id":"https:\/\/hudo.com\/si\/aktualno\/sds-tozi-drzavo-zaradi-vpliva-sojenja-v-aferi-patria-na-volitve-leta-2014-2\/","url":"https:\/\/hudo.com\/si\/aktualno\/sds-tozi-drzavo-zaradi-vpliva-sojenja-v-aferi-patria-na-volitve-leta-2014-2\/","name":"SDS to\u017ei dr\u017eavo zaradi vpliva sojenja v aferi Patria na volitve leta 2014 - Hudo Slovenija","isPartOf":{"@id":"https:\/\/hudo.com\/si\/#website"},"datePublished":"2016-09-06T07:14:39+00:00","dateModified":"2016-09-07T11:33:10+00:00","breadcrumb":{"@id":"https:\/\/hudo.com\/si\/aktualno\/sds-tozi-drzavo-zaradi-vpliva-sojenja-v-aferi-patria-na-volitve-leta-2014-2\/#breadcrumb"},"inLanguage":"sl-SI","potentialAction":[{"@type":"ReadAction","target":["https:\/\/hudo.com\/si\/aktualno\/sds-tozi-drzavo-zaradi-vpliva-sojenja-v-aferi-patria-na-volitve-leta-2014-2\/"]}]},{"@type":"BreadcrumbList","@id":"https:\/\/hudo.com\/si\/aktualno\/sds-tozi-drzavo-zaradi-vpliva-sojenja-v-aferi-patria-na-volitve-leta-2014-2\/#breadcrumb","itemListElement":[{"@type":"ListItem","position":1,"name":"Home","item":"https:\/\/hudo.com\/si\/"},{"@type":"ListItem","position":2,"name":"SDS to\u017ei dr\u017eavo zaradi vpliva sojenja v aferi Patria na volitve leta 2014"}]},{"@type":"WebSite","@id":"https:\/\/hudo.com\/si\/#website","url":"https:\/\/hudo.com\/si\/","name":"Hudo Slovenija","description":"Vse novice iz Slovenije in sveta","publisher":{"@id":"https:\/\/hudo.com\/si\/#organization"},"potentialAction":[{"@type":"SearchAction","target":{"@type":"EntryPoint","urlTemplate":"https:\/\/hudo.com\/si\/?s={search_term_string}"},"query-input":"required name=search_term_string"}],"inLanguage":"sl-SI"},{"@type":"Organization","@id":"https:\/\/hudo.com\/si\/#organization","name":"VSN Media","url":"https:\/\/hudo.com\/si\/","logo":{"@type":"ImageObject","inLanguage":"sl-SI","@id":"https:\/\/hudo.com\/si\/#\/schema\/logo\/image\/","url":"https:\/\/hudo.com\/si\/wp-content\/uploads\/sites\/2\/2021\/03\/hudo-app-2.png","contentUrl":"https:\/\/hudo.com\/si\/wp-content\/uploads\/sites\/2\/2021\/03\/hudo-app-2.png","width":2185,"height":2167,"caption":"VSN Media"},"image":{"@id":"https:\/\/hudo.com\/si\/#\/schema\/logo\/image\/"},"sameAs":["https:\/\/www.facebook.com\/hudo.si","https:\/\/twitter.com\/hudo_si"]},{"@type":"Person","@id":"https:\/\/hudo.com\/si\/#\/schema\/person\/601cf3379633985b20f7e50f2bb47707","name":"hudo","image":{"@type":"ImageObject","inLanguage":"sl-SI","@id":"https:\/\/hudo.com\/si\/#\/schema\/person\/image\/","url":"https:\/\/secure.gravatar.com\/avatar\/c4ca25fa72cace7a696b52ff5db9e095?s=96&d=mm&r=g","contentUrl":"https:\/\/secure.gravatar.com\/avatar\/c4ca25fa72cace7a696b52ff5db9e095?s=96&d=mm&r=g","caption":"hudo"},"url":"https:\/\/hudo.com\/si\/author\/hudo\/"}]}},"amp_enabled":true,"_links":{"self":[{"href":"https:\/\/hudo.com\/si\/wp-json\/wp\/v2\/posts\/127384"}],"collection":[{"href":"https:\/\/hudo.com\/si\/wp-json\/wp\/v2\/posts"}],"about":[{"href":"https:\/\/hudo.com\/si\/wp-json\/wp\/v2\/types\/post"}],"author":[{"embeddable":true,"href":"https:\/\/hudo.com\/si\/wp-json\/wp\/v2\/users\/1"}],"replies":[{"embeddable":true,"href":"https:\/\/hudo.com\/si\/wp-json\/wp\/v2\/comments?post=127384"}],"version-history":[{"count":1,"href":"https:\/\/hudo.com\/si\/wp-json\/wp\/v2\/posts\/127384\/revisions"}],"predecessor-version":[{"id":127615,"href":"https:\/\/hudo.com\/si\/wp-json\/wp\/v2\/posts\/127384\/revisions\/127615"}],"wp:attachment":[{"href":"https:\/\/hudo.com\/si\/wp-json\/wp\/v2\/media?parent=127384"}],"wp:term":[{"taxonomy":"category","embeddable":true,"href":"https:\/\/hudo.com\/si\/wp-json\/wp\/v2\/categories?post=127384"},{"taxonomy":"post_tag","embeddable":true,"href":"https:\/\/hudo.com\/si\/wp-json\/wp\/v2\/tags?post=127384"},{"taxonomy":"source","embeddable":true,"href":"https:\/\/hudo.com\/si\/wp-json\/wp\/v2\/source?post=127384"},{"taxonomy":"supertag","embeddable":true,"href":"https:\/\/hudo.com\/si\/wp-json\/wp\/v2\/supertag?post=127384"}],"curies":[{"name":"wp","href":"https:\/\/api.w.org\/{rel}","templated":true}]}}