{"id":127944,"date":"2016-09-06T21:54:00","date_gmt":"2016-09-06T19:54:00","guid":{"rendered":"http:\/\/hudo.com\/si\/2016\/09\/06\/evropski-prvaki-praznih-rok-podprvaki-s-tocko\/"},"modified":"2016-09-07T07:57:45","modified_gmt":"2016-09-07T05:57:45","slug":"evropski-prvaki-praznih-rok-podprvaki-s-tocko","status":"publish","type":"post","link":"https:\/\/hudo.com\/si\/aktualno\/evropski-prvaki-praznih-rok-podprvaki-s-tocko\/","title":{"rendered":"Evropski prvaki praznih rok, podprvaki s to\u010dko"},"content":{"rendered":"<p>Kategorija: Nogomet Tue, 06 Sep 2016 23:54:00 +0200  Basel &#8211; Nogometni evropski prvaki Portugalci, resda brez prvega zvezdnika Cristiana Ronalda, so ciklus kvalifikacij za svetovno prvenstvo leta 2018 v Rusiji za\u010deli neprepri\u010dljivo. Na gostovanju v Baslu so morali namre\u010d priznati premo\u010d \u0160vici, ki je bila &#8211; po zaslugi u\u010dinkovitega prvega pol\u010dasa &#8211; bolj\u0161a z 2:0, pa \u010deravno je obra\u010dun kon\u010dala z igralcem manj na zelenici. Tik pred zadnjim sodnikovim \u017evi\u017egom, v tretji minuti dodatka, si je namre\u010d Granit Xhaka prislu\u017eil dva zaporedna rumena kartona in moral pred\u010dasno v garderobo. Prvi\u010d se je mre\u017ea \u0161ampionov stare celine zatresla \u017ee v 24. minuti. Ricardo Rodriguez je s prostega strela s kakih 24 metrov spro\u017eil natan\u010dno, Rui Patricio je njegov poskus \u0161e odbil, vendar natanko na glavo Breela Emboloja, ki je poskrbel za izbruh navdu\u0161enja na tribunah. \u017de \u0161est minut pozneje je\u00a0&#8230;<\/p>\n","protected":false},"excerpt":{"rendered":"<p>Kategorija: Nogomet Tue, 06 Sep 2016 23:54:00 +0200  Basel &#8211; Nogometni evropski prvaki Portugalci, resda brez prvega zvezdnika Cristiana Ronalda, so ciklus kvalifikacij za svetovno prvenstvo leta 2018 v Rusiji za\u010deli neprepri\u010dljivo. Na gostovanju v Baslu so morali namre\u010d priznati premo\u010d \u0160vici, ki je bila &#8211; po zaslugi u\u010dinkovitega prvega pol\u010dasa &#8211; bolj\u0161a z 2:0, pa \u010deravno je obra\u010dun kon\u010dala z igralcem manj na zelenici. Tik pred zadnjim sodnikovim \u017evi\u017egom, v tretji minuti dodatka, si je namre\u010d Granit Xhaka prislu\u017eil dva zaporedna rumena kartona in moral pred\u010dasno v garderobo. Prvi\u010d se je mre\u017ea \u0161ampionov stare celine zatresla \u017ee v 24. minuti. Ricardo Rodriguez je s prostega strela s kakih 24 metrov spro\u017eil natan\u010dno, Rui Patricio je njegov poskus \u0161e odbil, vendar natanko na glavo Breela Emboloja, ki je poskrbel za izbruh navdu\u0161enja na tribunah. \u017de \u0161est minut pozneje je\u00a0&#8230;<\/p>\n","protected":false},"author":1,"featured_media":0,"comment_status":"closed","ping_status":"closed","sticky":false,"template":"","format":"standard","meta":{"footnotes":""},"categories":[1179],"tags":[],"source":[1703],"supertag":[],"acf":[],"yoast_head":"<!-- This site is optimized with the Yoast SEO plugin v21.3 - https:\/\/yoast.com\/wordpress\/plugins\/seo\/ -->\n<title>Evropski prvaki praznih rok, podprvaki s to\u010dko - Hudo Slovenija<\/title>\n<meta name=\"robots\" content=\"index, follow, max-snippet:-1, max-image-preview:large, max-video-preview:-1\" \/>\n<link rel=\"canonical\" href=\"https:\/\/hudo.com\/si\/aktualno\/evropski-prvaki-praznih-rok-podprvaki-s-tocko\/\" \/>\n<meta property=\"og:locale\" content=\"sl_SI\" \/>\n<meta property=\"og:type\" content=\"article\" \/>\n<meta property=\"og:title\" content=\"Evropski prvaki praznih rok, podprvaki s to\u010dko - Hudo Slovenija\" \/>\n<meta property=\"og:description\" content=\"Kategorija: Nogomet Tue, 06 Sep 2016 23:54:00 +0200 Basel - Nogometni evropski prvaki Portugalci, resda brez prvega zvezdnika Cristiana Ronalda, so ciklus kvalifikacij za svetovno prvenstvo leta 2018 v Rusiji za\u010deli neprepri\u010dljivo. Na gostovanju v Baslu so morali namre\u010d priznati premo\u010d \u0160vici, ki je bila - po zaslugi u\u010dinkovitega prvega pol\u010dasa - bolj\u0161a z 2:0, pa \u010deravno je obra\u010dun kon\u010dala z igralcem manj na zelenici. Tik pred zadnjim sodnikovim \u017evi\u017egom, v tretji minuti dodatka, si je namre\u010d Granit Xhaka prislu\u017eil dva zaporedna rumena kartona in moral pred\u010dasno v garderobo. Prvi\u010d se je mre\u017ea \u0161ampionov stare celine zatresla \u017ee v 24. minuti. Ricardo Rodriguez je s prostega strela s kakih 24 metrov spro\u017eil natan\u010dno, Rui Patricio je njegov poskus \u0161e odbil, vendar natanko na glavo Breela Emboloja, ki je poskrbel za izbruh navdu\u0161enja na tribunah. \u017de \u0161est minut pozneje je\u00a0...\" \/>\n<meta property=\"og:url\" content=\"https:\/\/hudo.com\/si\/aktualno\/evropski-prvaki-praznih-rok-podprvaki-s-tocko\/\" \/>\n<meta property=\"og:site_name\" content=\"Hudo Slovenija\" \/>\n<meta property=\"article:publisher\" content=\"https:\/\/www.facebook.com\/hudo.si\" \/>\n<meta property=\"article:published_time\" content=\"2016-09-06T19:54:00+00:00\" \/>\n<meta property=\"article:modified_time\" content=\"2016-09-07T05:57:45+00:00\" \/>\n<meta property=\"og:image\" content=\"https:\/\/hudo.com\/si\/wp-content\/uploads\/sites\/2\/2016\/09\/480x290_AFP_Photo-20160906213012-46242100.jpeg\" \/>\n\t<meta property=\"og:image:width\" content=\"480\" \/>\n\t<meta property=\"og:image:height\" content=\"290\" \/>\n\t<meta property=\"og:image:type\" content=\"image\/jpeg\" \/>\n<meta name=\"author\" content=\"hudo\" \/>\n<meta name=\"twitter:card\" content=\"summary_large_image\" \/>\n<meta name=\"twitter:creator\" content=\"@hudo_si\" \/>\n<meta name=\"twitter:site\" content=\"@hudo_si\" \/>\n<meta name=\"twitter:label1\" content=\"Written by\" \/>\n\t<meta name=\"twitter:data1\" content=\"hudo\" \/>\n\t<meta name=\"twitter:label2\" content=\"Est. reading time\" \/>\n\t<meta name=\"twitter:data2\" content=\"1 minuta\" \/>\n<script type=\"application\/ld+json\" class=\"yoast-schema-graph\">{\"@context\":\"https:\/\/schema.org\",\"@graph\":[{\"@type\":\"Article\",\"@id\":\"https:\/\/hudo.com\/si\/aktualno\/evropski-prvaki-praznih-rok-podprvaki-s-tocko\/#article\",\"isPartOf\":{\"@id\":\"https:\/\/hudo.com\/si\/aktualno\/evropski-prvaki-praznih-rok-podprvaki-s-tocko\/\"},\"author\":{\"name\":\"hudo\",\"@id\":\"https:\/\/hudo.com\/si\/#\/schema\/person\/601cf3379633985b20f7e50f2bb47707\"},\"headline\":\"Evropski prvaki praznih rok, podprvaki s to\u010dko\",\"datePublished\":\"2016-09-06T19:54:00+00:00\",\"dateModified\":\"2016-09-07T05:57:45+00:00\",\"mainEntityOfPage\":{\"@id\":\"https:\/\/hudo.com\/si\/aktualno\/evropski-prvaki-praznih-rok-podprvaki-s-tocko\/\"},\"wordCount\":153,\"publisher\":{\"@id\":\"https:\/\/hudo.com\/si\/#organization\"},\"articleSection\":[\"Aktualno\"],\"inLanguage\":\"sl-SI\"},{\"@type\":\"WebPage\",\"@id\":\"https:\/\/hudo.com\/si\/aktualno\/evropski-prvaki-praznih-rok-podprvaki-s-tocko\/\",\"url\":\"https:\/\/hudo.com\/si\/aktualno\/evropski-prvaki-praznih-rok-podprvaki-s-tocko\/\",\"name\":\"Evropski prvaki praznih rok, podprvaki s to\u010dko - Hudo Slovenija\",\"isPartOf\":{\"@id\":\"https:\/\/hudo.com\/si\/#website\"},\"datePublished\":\"2016-09-06T19:54:00+00:00\",\"dateModified\":\"2016-09-07T05:57:45+00:00\",\"breadcrumb\":{\"@id\":\"https:\/\/hudo.com\/si\/aktualno\/evropski-prvaki-praznih-rok-podprvaki-s-tocko\/#breadcrumb\"},\"inLanguage\":\"sl-SI\",\"potentialAction\":[{\"@type\":\"ReadAction\",\"target\":[\"https:\/\/hudo.com\/si\/aktualno\/evropski-prvaki-praznih-rok-podprvaki-s-tocko\/\"]}]},{\"@type\":\"BreadcrumbList\",\"@id\":\"https:\/\/hudo.com\/si\/aktualno\/evropski-prvaki-praznih-rok-podprvaki-s-tocko\/#breadcrumb\",\"itemListElement\":[{\"@type\":\"ListItem\",\"position\":1,\"name\":\"Home\",\"item\":\"https:\/\/hudo.com\/si\/\"},{\"@type\":\"ListItem\",\"position\":2,\"name\":\"Evropski prvaki praznih rok, podprvaki s to\u010dko\"}]},{\"@type\":\"WebSite\",\"@id\":\"https:\/\/hudo.com\/si\/#website\",\"url\":\"https:\/\/hudo.com\/si\/\",\"name\":\"Hudo Slovenija\",\"description\":\"Vse novice iz Slovenije in sveta\",\"publisher\":{\"@id\":\"https:\/\/hudo.com\/si\/#organization\"},\"potentialAction\":[{\"@type\":\"SearchAction\",\"target\":{\"@type\":\"EntryPoint\",\"urlTemplate\":\"https:\/\/hudo.com\/si\/?s={search_term_string}\"},\"query-input\":\"required name=search_term_string\"}],\"inLanguage\":\"sl-SI\"},{\"@type\":\"Organization\",\"@id\":\"https:\/\/hudo.com\/si\/#organization\",\"name\":\"VSN Media\",\"url\":\"https:\/\/hudo.com\/si\/\",\"logo\":{\"@type\":\"ImageObject\",\"inLanguage\":\"sl-SI\",\"@id\":\"https:\/\/hudo.com\/si\/#\/schema\/logo\/image\/\",\"url\":\"https:\/\/hudo.com\/si\/wp-content\/uploads\/sites\/2\/2021\/03\/hudo-app-2.png\",\"contentUrl\":\"https:\/\/hudo.com\/si\/wp-content\/uploads\/sites\/2\/2021\/03\/hudo-app-2.png\",\"width\":2185,\"height\":2167,\"caption\":\"VSN Media\"},\"image\":{\"@id\":\"https:\/\/hudo.com\/si\/#\/schema\/logo\/image\/\"},\"sameAs\":[\"https:\/\/www.facebook.com\/hudo.si\",\"https:\/\/twitter.com\/hudo_si\"]},{\"@type\":\"Person\",\"@id\":\"https:\/\/hudo.com\/si\/#\/schema\/person\/601cf3379633985b20f7e50f2bb47707\",\"name\":\"hudo\",\"image\":{\"@type\":\"ImageObject\",\"inLanguage\":\"sl-SI\",\"@id\":\"https:\/\/hudo.com\/si\/#\/schema\/person\/image\/\",\"url\":\"https:\/\/secure.gravatar.com\/avatar\/c4ca25fa72cace7a696b52ff5db9e095?s=96&d=mm&r=g\",\"contentUrl\":\"https:\/\/secure.gravatar.com\/avatar\/c4ca25fa72cace7a696b52ff5db9e095?s=96&d=mm&r=g\",\"caption\":\"hudo\"},\"url\":\"https:\/\/hudo.com\/si\/author\/hudo\/\"}]}<\/script>\n<!-- \/ Yoast SEO plugin. -->","yoast_head_json":{"title":"Evropski prvaki praznih rok, podprvaki s to\u010dko - Hudo Slovenija","robots":{"index":"index","follow":"follow","max-snippet":"max-snippet:-1","max-image-preview":"max-image-preview:large","max-video-preview":"max-video-preview:-1"},"canonical":"https:\/\/hudo.com\/si\/aktualno\/evropski-prvaki-praznih-rok-podprvaki-s-tocko\/","og_locale":"sl_SI","og_type":"article","og_title":"Evropski prvaki praznih rok, podprvaki s to\u010dko - Hudo Slovenija","og_description":"Kategorija: Nogomet Tue, 06 Sep 2016 23:54:00 +0200 Basel - Nogometni evropski prvaki Portugalci, resda brez prvega zvezdnika Cristiana Ronalda, so ciklus kvalifikacij za svetovno prvenstvo leta 2018 v Rusiji za\u010deli neprepri\u010dljivo. Na gostovanju v Baslu so morali namre\u010d priznati premo\u010d \u0160vici, ki je bila - po zaslugi u\u010dinkovitega prvega pol\u010dasa - bolj\u0161a z 2:0, pa \u010deravno je obra\u010dun kon\u010dala z igralcem manj na zelenici. Tik pred zadnjim sodnikovim \u017evi\u017egom, v tretji minuti dodatka, si je namre\u010d Granit Xhaka prislu\u017eil dva zaporedna rumena kartona in moral pred\u010dasno v garderobo. Prvi\u010d se je mre\u017ea \u0161ampionov stare celine zatresla \u017ee v 24. minuti. Ricardo Rodriguez je s prostega strela s kakih 24 metrov spro\u017eil natan\u010dno, Rui Patricio je njegov poskus \u0161e odbil, vendar natanko na glavo Breela Emboloja, ki je poskrbel za izbruh navdu\u0161enja na tribunah. \u017de \u0161est minut pozneje je\u00a0...","og_url":"https:\/\/hudo.com\/si\/aktualno\/evropski-prvaki-praznih-rok-podprvaki-s-tocko\/","og_site_name":"Hudo Slovenija","article_publisher":"https:\/\/www.facebook.com\/hudo.si","article_published_time":"2016-09-06T19:54:00+00:00","article_modified_time":"2016-09-07T05:57:45+00:00","og_image":[{"width":480,"height":290,"url":"https:\/\/hudo.com\/si\/wp-content\/uploads\/sites\/2\/2016\/09\/480x290_AFP_Photo-20160906213012-46242100.jpeg","type":"image\/jpeg"}],"author":"hudo","twitter_card":"summary_large_image","twitter_creator":"@hudo_si","twitter_site":"@hudo_si","twitter_misc":{"Written by":"hudo","Est. reading time":"1 minuta"},"schema":{"@context":"https:\/\/schema.org","@graph":[{"@type":"Article","@id":"https:\/\/hudo.com\/si\/aktualno\/evropski-prvaki-praznih-rok-podprvaki-s-tocko\/#article","isPartOf":{"@id":"https:\/\/hudo.com\/si\/aktualno\/evropski-prvaki-praznih-rok-podprvaki-s-tocko\/"},"author":{"name":"hudo","@id":"https:\/\/hudo.com\/si\/#\/schema\/person\/601cf3379633985b20f7e50f2bb47707"},"headline":"Evropski prvaki praznih rok, podprvaki s to\u010dko","datePublished":"2016-09-06T19:54:00+00:00","dateModified":"2016-09-07T05:57:45+00:00","mainEntityOfPage":{"@id":"https:\/\/hudo.com\/si\/aktualno\/evropski-prvaki-praznih-rok-podprvaki-s-tocko\/"},"wordCount":153,"publisher":{"@id":"https:\/\/hudo.com\/si\/#organization"},"articleSection":["Aktualno"],"inLanguage":"sl-SI"},{"@type":"WebPage","@id":"https:\/\/hudo.com\/si\/aktualno\/evropski-prvaki-praznih-rok-podprvaki-s-tocko\/","url":"https:\/\/hudo.com\/si\/aktualno\/evropski-prvaki-praznih-rok-podprvaki-s-tocko\/","name":"Evropski prvaki praznih rok, podprvaki s to\u010dko - Hudo Slovenija","isPartOf":{"@id":"https:\/\/hudo.com\/si\/#website"},"datePublished":"2016-09-06T19:54:00+00:00","dateModified":"2016-09-07T05:57:45+00:00","breadcrumb":{"@id":"https:\/\/hudo.com\/si\/aktualno\/evropski-prvaki-praznih-rok-podprvaki-s-tocko\/#breadcrumb"},"inLanguage":"sl-SI","potentialAction":[{"@type":"ReadAction","target":["https:\/\/hudo.com\/si\/aktualno\/evropski-prvaki-praznih-rok-podprvaki-s-tocko\/"]}]},{"@type":"BreadcrumbList","@id":"https:\/\/hudo.com\/si\/aktualno\/evropski-prvaki-praznih-rok-podprvaki-s-tocko\/#breadcrumb","itemListElement":[{"@type":"ListItem","position":1,"name":"Home","item":"https:\/\/hudo.com\/si\/"},{"@type":"ListItem","position":2,"name":"Evropski prvaki praznih rok, podprvaki s to\u010dko"}]},{"@type":"WebSite","@id":"https:\/\/hudo.com\/si\/#website","url":"https:\/\/hudo.com\/si\/","name":"Hudo Slovenija","description":"Vse novice iz Slovenije in sveta","publisher":{"@id":"https:\/\/hudo.com\/si\/#organization"},"potentialAction":[{"@type":"SearchAction","target":{"@type":"EntryPoint","urlTemplate":"https:\/\/hudo.com\/si\/?s={search_term_string}"},"query-input":"required name=search_term_string"}],"inLanguage":"sl-SI"},{"@type":"Organization","@id":"https:\/\/hudo.com\/si\/#organization","name":"VSN Media","url":"https:\/\/hudo.com\/si\/","logo":{"@type":"ImageObject","inLanguage":"sl-SI","@id":"https:\/\/hudo.com\/si\/#\/schema\/logo\/image\/","url":"https:\/\/hudo.com\/si\/wp-content\/uploads\/sites\/2\/2021\/03\/hudo-app-2.png","contentUrl":"https:\/\/hudo.com\/si\/wp-content\/uploads\/sites\/2\/2021\/03\/hudo-app-2.png","width":2185,"height":2167,"caption":"VSN Media"},"image":{"@id":"https:\/\/hudo.com\/si\/#\/schema\/logo\/image\/"},"sameAs":["https:\/\/www.facebook.com\/hudo.si","https:\/\/twitter.com\/hudo_si"]},{"@type":"Person","@id":"https:\/\/hudo.com\/si\/#\/schema\/person\/601cf3379633985b20f7e50f2bb47707","name":"hudo","image":{"@type":"ImageObject","inLanguage":"sl-SI","@id":"https:\/\/hudo.com\/si\/#\/schema\/person\/image\/","url":"https:\/\/secure.gravatar.com\/avatar\/c4ca25fa72cace7a696b52ff5db9e095?s=96&d=mm&r=g","contentUrl":"https:\/\/secure.gravatar.com\/avatar\/c4ca25fa72cace7a696b52ff5db9e095?s=96&d=mm&r=g","caption":"hudo"},"url":"https:\/\/hudo.com\/si\/author\/hudo\/"}]}},"amp_enabled":true,"_links":{"self":[{"href":"https:\/\/hudo.com\/si\/wp-json\/wp\/v2\/posts\/127944"}],"collection":[{"href":"https:\/\/hudo.com\/si\/wp-json\/wp\/v2\/posts"}],"about":[{"href":"https:\/\/hudo.com\/si\/wp-json\/wp\/v2\/types\/post"}],"author":[{"embeddable":true,"href":"https:\/\/hudo.com\/si\/wp-json\/wp\/v2\/users\/1"}],"replies":[{"embeddable":true,"href":"https:\/\/hudo.com\/si\/wp-json\/wp\/v2\/comments?post=127944"}],"version-history":[{"count":1,"href":"https:\/\/hudo.com\/si\/wp-json\/wp\/v2\/posts\/127944\/revisions"}],"predecessor-version":[{"id":127975,"href":"https:\/\/hudo.com\/si\/wp-json\/wp\/v2\/posts\/127944\/revisions\/127975"}],"wp:attachment":[{"href":"https:\/\/hudo.com\/si\/wp-json\/wp\/v2\/media?parent=127944"}],"wp:term":[{"taxonomy":"category","embeddable":true,"href":"https:\/\/hudo.com\/si\/wp-json\/wp\/v2\/categories?post=127944"},{"taxonomy":"post_tag","embeddable":true,"href":"https:\/\/hudo.com\/si\/wp-json\/wp\/v2\/tags?post=127944"},{"taxonomy":"source","embeddable":true,"href":"https:\/\/hudo.com\/si\/wp-json\/wp\/v2\/source?post=127944"},{"taxonomy":"supertag","embeddable":true,"href":"https:\/\/hudo.com\/si\/wp-json\/wp\/v2\/supertag?post=127944"}],"curies":[{"name":"wp","href":"https:\/\/api.w.org\/{rel}","templated":true}]}}