{"id":128147,"date":"2016-09-07T07:07:15","date_gmt":"2016-09-07T05:07:15","guid":{"rendered":"http:\/\/hudo.com\/si\/2016\/09\/07\/zacenjajo-se-paraolimpijske-igre-v-riu\/"},"modified":"2016-09-07T07:07:15","modified_gmt":"2016-09-07T05:07:15","slug":"zacenjajo-se-paraolimpijske-igre-v-riu","status":"publish","type":"post","link":"https:\/\/hudo.com\/si\/aktualno\/zacenjajo-se-paraolimpijske-igre-v-riu\/","title":{"rendered":"Za\u010denjajo se paraolimpijske igre v Riu"},"content":{"rendered":"<p>Potem ko so v Riu de Janeiru pred dobrima dvema tednoma ugasnili olimpijski ogenj, bodo zdaj pri\u017egali \u0161e paraolimpijskega. Po tradiciji velikih \u0161portnih tekmovanj se bodo na olimpijskih prizori\u0161\u010dih zdaj merili \u0161e najbolj\u0161i \u0161portniki invalidi na svetu. Paraolimpijske igre se bodo za\u010dele z ve\u010dernim slavnostnim odprtjem ob 23. uri po slovenskem \u010dasu. Paraolimpijske igre v<\/p>\n","protected":false},"excerpt":{"rendered":"<p>Potem ko so v Riu de Janeiru pred dobrima dvema tednoma ugasnili olimpijski ogenj, bodo zdaj pri\u017egali \u0161e paraolimpijskega. Po tradiciji velikih \u0161portnih tekmovanj se bodo na olimpijskih prizori\u0161\u010dih zdaj merili \u0161e najbolj\u0161i \u0161portniki invalidi na svetu. Paraolimpijske igre se bodo za\u010dele z ve\u010dernim slavnostnim odprtjem ob 23. uri po slovenskem \u010dasu. Paraolimpijske igre v<\/p>\n","protected":false},"author":1,"featured_media":0,"comment_status":"closed","ping_status":"closed","sticky":false,"template":"","format":"standard","meta":{"footnotes":""},"categories":[1179],"tags":[],"source":[1710],"supertag":[],"acf":[],"yoast_head":"<!-- This site is optimized with the Yoast SEO plugin v21.3 - https:\/\/yoast.com\/wordpress\/plugins\/seo\/ -->\n<title>Za\u010denjajo se paraolimpijske igre v Riu - Hudo Slovenija<\/title>\n<meta name=\"robots\" content=\"index, follow, max-snippet:-1, max-image-preview:large, max-video-preview:-1\" \/>\n<link rel=\"canonical\" href=\"https:\/\/hudo.com\/si\/aktualno\/zacenjajo-se-paraolimpijske-igre-v-riu\/\" \/>\n<meta property=\"og:locale\" content=\"sl_SI\" \/>\n<meta property=\"og:type\" content=\"article\" \/>\n<meta property=\"og:title\" content=\"Za\u010denjajo se paraolimpijske igre v Riu - Hudo Slovenija\" \/>\n<meta property=\"og:description\" content=\"Potem ko so v Riu de Janeiru pred dobrima dvema tednoma ugasnili olimpijski ogenj, bodo zdaj pri\u017egali \u0161e paraolimpijskega. Po tradiciji velikih \u0161portnih tekmovanj se bodo na olimpijskih prizori\u0161\u010dih zdaj merili \u0161e najbolj\u0161i \u0161portniki invalidi na svetu. Paraolimpijske igre se bodo za\u010dele z ve\u010dernim slavnostnim odprtjem ob 23. uri po slovenskem \u010dasu. Paraolimpijske igre v\" \/>\n<meta property=\"og:url\" content=\"https:\/\/hudo.com\/si\/aktualno\/zacenjajo-se-paraolimpijske-igre-v-riu\/\" \/>\n<meta property=\"og:site_name\" content=\"Hudo Slovenija\" \/>\n<meta property=\"article:publisher\" content=\"https:\/\/www.facebook.com\/hudo.si\" \/>\n<meta property=\"article:published_time\" content=\"2016-09-07T05:07:15+00:00\" \/>\n<meta property=\"og:image\" content=\"https:\/\/hudo.com\/si\/wp-content\/uploads\/sites\/2\/2016\/09\/zacenjajo-se-paraolimpijske-igre-v-riu-01.jpg\" \/>\n\t<meta property=\"og:image:width\" content=\"1653\" \/>\n\t<meta property=\"og:image:height\" content=\"1080\" \/>\n\t<meta property=\"og:image:type\" content=\"image\/jpeg\" \/>\n<meta name=\"author\" content=\"hudo\" \/>\n<meta name=\"twitter:card\" content=\"summary_large_image\" \/>\n<meta name=\"twitter:creator\" content=\"@hudo_si\" \/>\n<meta name=\"twitter:site\" content=\"@hudo_si\" \/>\n<meta name=\"twitter:label1\" content=\"Written by\" \/>\n\t<meta name=\"twitter:data1\" content=\"hudo\" \/>\n<script type=\"application\/ld+json\" class=\"yoast-schema-graph\">{\"@context\":\"https:\/\/schema.org\",\"@graph\":[{\"@type\":\"Article\",\"@id\":\"https:\/\/hudo.com\/si\/aktualno\/zacenjajo-se-paraolimpijske-igre-v-riu\/#article\",\"isPartOf\":{\"@id\":\"https:\/\/hudo.com\/si\/aktualno\/zacenjajo-se-paraolimpijske-igre-v-riu\/\"},\"author\":{\"name\":\"hudo\",\"@id\":\"https:\/\/hudo.com\/si\/#\/schema\/person\/601cf3379633985b20f7e50f2bb47707\"},\"headline\":\"Za\u010denjajo se paraolimpijske igre v Riu\",\"datePublished\":\"2016-09-07T05:07:15+00:00\",\"dateModified\":\"2016-09-07T05:07:15+00:00\",\"mainEntityOfPage\":{\"@id\":\"https:\/\/hudo.com\/si\/aktualno\/zacenjajo-se-paraolimpijske-igre-v-riu\/\"},\"wordCount\":66,\"publisher\":{\"@id\":\"https:\/\/hudo.com\/si\/#organization\"},\"articleSection\":[\"Aktualno\"],\"inLanguage\":\"sl-SI\"},{\"@type\":\"WebPage\",\"@id\":\"https:\/\/hudo.com\/si\/aktualno\/zacenjajo-se-paraolimpijske-igre-v-riu\/\",\"url\":\"https:\/\/hudo.com\/si\/aktualno\/zacenjajo-se-paraolimpijske-igre-v-riu\/\",\"name\":\"Za\u010denjajo se paraolimpijske igre v Riu - Hudo Slovenija\",\"isPartOf\":{\"@id\":\"https:\/\/hudo.com\/si\/#website\"},\"datePublished\":\"2016-09-07T05:07:15+00:00\",\"dateModified\":\"2016-09-07T05:07:15+00:00\",\"breadcrumb\":{\"@id\":\"https:\/\/hudo.com\/si\/aktualno\/zacenjajo-se-paraolimpijske-igre-v-riu\/#breadcrumb\"},\"inLanguage\":\"sl-SI\",\"potentialAction\":[{\"@type\":\"ReadAction\",\"target\":[\"https:\/\/hudo.com\/si\/aktualno\/zacenjajo-se-paraolimpijske-igre-v-riu\/\"]}]},{\"@type\":\"BreadcrumbList\",\"@id\":\"https:\/\/hudo.com\/si\/aktualno\/zacenjajo-se-paraolimpijske-igre-v-riu\/#breadcrumb\",\"itemListElement\":[{\"@type\":\"ListItem\",\"position\":1,\"name\":\"Home\",\"item\":\"https:\/\/hudo.com\/si\/\"},{\"@type\":\"ListItem\",\"position\":2,\"name\":\"Za\u010denjajo se paraolimpijske igre v Riu\"}]},{\"@type\":\"WebSite\",\"@id\":\"https:\/\/hudo.com\/si\/#website\",\"url\":\"https:\/\/hudo.com\/si\/\",\"name\":\"Hudo Slovenija\",\"description\":\"Vse novice iz Slovenije in sveta\",\"publisher\":{\"@id\":\"https:\/\/hudo.com\/si\/#organization\"},\"potentialAction\":[{\"@type\":\"SearchAction\",\"target\":{\"@type\":\"EntryPoint\",\"urlTemplate\":\"https:\/\/hudo.com\/si\/?s={search_term_string}\"},\"query-input\":\"required name=search_term_string\"}],\"inLanguage\":\"sl-SI\"},{\"@type\":\"Organization\",\"@id\":\"https:\/\/hudo.com\/si\/#organization\",\"name\":\"VSN Media\",\"url\":\"https:\/\/hudo.com\/si\/\",\"logo\":{\"@type\":\"ImageObject\",\"inLanguage\":\"sl-SI\",\"@id\":\"https:\/\/hudo.com\/si\/#\/schema\/logo\/image\/\",\"url\":\"https:\/\/hudo.com\/si\/wp-content\/uploads\/sites\/2\/2021\/03\/hudo-app-2.png\",\"contentUrl\":\"https:\/\/hudo.com\/si\/wp-content\/uploads\/sites\/2\/2021\/03\/hudo-app-2.png\",\"width\":2185,\"height\":2167,\"caption\":\"VSN Media\"},\"image\":{\"@id\":\"https:\/\/hudo.com\/si\/#\/schema\/logo\/image\/\"},\"sameAs\":[\"https:\/\/www.facebook.com\/hudo.si\",\"https:\/\/twitter.com\/hudo_si\"]},{\"@type\":\"Person\",\"@id\":\"https:\/\/hudo.com\/si\/#\/schema\/person\/601cf3379633985b20f7e50f2bb47707\",\"name\":\"hudo\",\"image\":{\"@type\":\"ImageObject\",\"inLanguage\":\"sl-SI\",\"@id\":\"https:\/\/hudo.com\/si\/#\/schema\/person\/image\/\",\"url\":\"https:\/\/secure.gravatar.com\/avatar\/c4ca25fa72cace7a696b52ff5db9e095?s=96&d=mm&r=g\",\"contentUrl\":\"https:\/\/secure.gravatar.com\/avatar\/c4ca25fa72cace7a696b52ff5db9e095?s=96&d=mm&r=g\",\"caption\":\"hudo\"},\"url\":\"https:\/\/hudo.com\/si\/author\/hudo\/\"}]}<\/script>\n<!-- \/ Yoast SEO plugin. -->","yoast_head_json":{"title":"Za\u010denjajo se paraolimpijske igre v Riu - Hudo Slovenija","robots":{"index":"index","follow":"follow","max-snippet":"max-snippet:-1","max-image-preview":"max-image-preview:large","max-video-preview":"max-video-preview:-1"},"canonical":"https:\/\/hudo.com\/si\/aktualno\/zacenjajo-se-paraolimpijske-igre-v-riu\/","og_locale":"sl_SI","og_type":"article","og_title":"Za\u010denjajo se paraolimpijske igre v Riu - Hudo Slovenija","og_description":"Potem ko so v Riu de Janeiru pred dobrima dvema tednoma ugasnili olimpijski ogenj, bodo zdaj pri\u017egali \u0161e paraolimpijskega. Po tradiciji velikih \u0161portnih tekmovanj se bodo na olimpijskih prizori\u0161\u010dih zdaj merili \u0161e najbolj\u0161i \u0161portniki invalidi na svetu. Paraolimpijske igre se bodo za\u010dele z ve\u010dernim slavnostnim odprtjem ob 23. uri po slovenskem \u010dasu. Paraolimpijske igre v","og_url":"https:\/\/hudo.com\/si\/aktualno\/zacenjajo-se-paraolimpijske-igre-v-riu\/","og_site_name":"Hudo Slovenija","article_publisher":"https:\/\/www.facebook.com\/hudo.si","article_published_time":"2016-09-07T05:07:15+00:00","og_image":[{"width":1653,"height":1080,"url":"https:\/\/hudo.com\/si\/wp-content\/uploads\/sites\/2\/2016\/09\/zacenjajo-se-paraolimpijske-igre-v-riu-01.jpg","type":"image\/jpeg"}],"author":"hudo","twitter_card":"summary_large_image","twitter_creator":"@hudo_si","twitter_site":"@hudo_si","twitter_misc":{"Written by":"hudo"},"schema":{"@context":"https:\/\/schema.org","@graph":[{"@type":"Article","@id":"https:\/\/hudo.com\/si\/aktualno\/zacenjajo-se-paraolimpijske-igre-v-riu\/#article","isPartOf":{"@id":"https:\/\/hudo.com\/si\/aktualno\/zacenjajo-se-paraolimpijske-igre-v-riu\/"},"author":{"name":"hudo","@id":"https:\/\/hudo.com\/si\/#\/schema\/person\/601cf3379633985b20f7e50f2bb47707"},"headline":"Za\u010denjajo se paraolimpijske igre v Riu","datePublished":"2016-09-07T05:07:15+00:00","dateModified":"2016-09-07T05:07:15+00:00","mainEntityOfPage":{"@id":"https:\/\/hudo.com\/si\/aktualno\/zacenjajo-se-paraolimpijske-igre-v-riu\/"},"wordCount":66,"publisher":{"@id":"https:\/\/hudo.com\/si\/#organization"},"articleSection":["Aktualno"],"inLanguage":"sl-SI"},{"@type":"WebPage","@id":"https:\/\/hudo.com\/si\/aktualno\/zacenjajo-se-paraolimpijske-igre-v-riu\/","url":"https:\/\/hudo.com\/si\/aktualno\/zacenjajo-se-paraolimpijske-igre-v-riu\/","name":"Za\u010denjajo se paraolimpijske igre v Riu - Hudo Slovenija","isPartOf":{"@id":"https:\/\/hudo.com\/si\/#website"},"datePublished":"2016-09-07T05:07:15+00:00","dateModified":"2016-09-07T05:07:15+00:00","breadcrumb":{"@id":"https:\/\/hudo.com\/si\/aktualno\/zacenjajo-se-paraolimpijske-igre-v-riu\/#breadcrumb"},"inLanguage":"sl-SI","potentialAction":[{"@type":"ReadAction","target":["https:\/\/hudo.com\/si\/aktualno\/zacenjajo-se-paraolimpijske-igre-v-riu\/"]}]},{"@type":"BreadcrumbList","@id":"https:\/\/hudo.com\/si\/aktualno\/zacenjajo-se-paraolimpijske-igre-v-riu\/#breadcrumb","itemListElement":[{"@type":"ListItem","position":1,"name":"Home","item":"https:\/\/hudo.com\/si\/"},{"@type":"ListItem","position":2,"name":"Za\u010denjajo se paraolimpijske igre v Riu"}]},{"@type":"WebSite","@id":"https:\/\/hudo.com\/si\/#website","url":"https:\/\/hudo.com\/si\/","name":"Hudo Slovenija","description":"Vse novice iz Slovenije in sveta","publisher":{"@id":"https:\/\/hudo.com\/si\/#organization"},"potentialAction":[{"@type":"SearchAction","target":{"@type":"EntryPoint","urlTemplate":"https:\/\/hudo.com\/si\/?s={search_term_string}"},"query-input":"required name=search_term_string"}],"inLanguage":"sl-SI"},{"@type":"Organization","@id":"https:\/\/hudo.com\/si\/#organization","name":"VSN Media","url":"https:\/\/hudo.com\/si\/","logo":{"@type":"ImageObject","inLanguage":"sl-SI","@id":"https:\/\/hudo.com\/si\/#\/schema\/logo\/image\/","url":"https:\/\/hudo.com\/si\/wp-content\/uploads\/sites\/2\/2021\/03\/hudo-app-2.png","contentUrl":"https:\/\/hudo.com\/si\/wp-content\/uploads\/sites\/2\/2021\/03\/hudo-app-2.png","width":2185,"height":2167,"caption":"VSN Media"},"image":{"@id":"https:\/\/hudo.com\/si\/#\/schema\/logo\/image\/"},"sameAs":["https:\/\/www.facebook.com\/hudo.si","https:\/\/twitter.com\/hudo_si"]},{"@type":"Person","@id":"https:\/\/hudo.com\/si\/#\/schema\/person\/601cf3379633985b20f7e50f2bb47707","name":"hudo","image":{"@type":"ImageObject","inLanguage":"sl-SI","@id":"https:\/\/hudo.com\/si\/#\/schema\/person\/image\/","url":"https:\/\/secure.gravatar.com\/avatar\/c4ca25fa72cace7a696b52ff5db9e095?s=96&d=mm&r=g","contentUrl":"https:\/\/secure.gravatar.com\/avatar\/c4ca25fa72cace7a696b52ff5db9e095?s=96&d=mm&r=g","caption":"hudo"},"url":"https:\/\/hudo.com\/si\/author\/hudo\/"}]}},"amp_enabled":true,"_links":{"self":[{"href":"https:\/\/hudo.com\/si\/wp-json\/wp\/v2\/posts\/128147"}],"collection":[{"href":"https:\/\/hudo.com\/si\/wp-json\/wp\/v2\/posts"}],"about":[{"href":"https:\/\/hudo.com\/si\/wp-json\/wp\/v2\/types\/post"}],"author":[{"embeddable":true,"href":"https:\/\/hudo.com\/si\/wp-json\/wp\/v2\/users\/1"}],"replies":[{"embeddable":true,"href":"https:\/\/hudo.com\/si\/wp-json\/wp\/v2\/comments?post=128147"}],"version-history":[{"count":0,"href":"https:\/\/hudo.com\/si\/wp-json\/wp\/v2\/posts\/128147\/revisions"}],"wp:attachment":[{"href":"https:\/\/hudo.com\/si\/wp-json\/wp\/v2\/media?parent=128147"}],"wp:term":[{"taxonomy":"category","embeddable":true,"href":"https:\/\/hudo.com\/si\/wp-json\/wp\/v2\/categories?post=128147"},{"taxonomy":"post_tag","embeddable":true,"href":"https:\/\/hudo.com\/si\/wp-json\/wp\/v2\/tags?post=128147"},{"taxonomy":"source","embeddable":true,"href":"https:\/\/hudo.com\/si\/wp-json\/wp\/v2\/source?post=128147"},{"taxonomy":"supertag","embeddable":true,"href":"https:\/\/hudo.com\/si\/wp-json\/wp\/v2\/supertag?post=128147"}],"curies":[{"name":"wp","href":"https:\/\/api.w.org\/{rel}","templated":true}]}}