{"id":128171,"date":"2016-09-07T06:40:00","date_gmt":"2016-09-07T04:40:00","guid":{"rendered":"http:\/\/hudo.com\/si\/2016\/09\/07\/zaradi-pohorja-protest-kolesarjev-pred-obcino\/"},"modified":"2016-09-08T04:47:38","modified_gmt":"2016-09-08T02:47:38","slug":"zaradi-pohorja-protest-kolesarjev-pred-obcino","status":"publish","type":"post","link":"https:\/\/hudo.com\/si\/aktualno\/zaradi-pohorja-protest-kolesarjev-pred-obcino\/","title":{"rendered":"Zaradi Pohorja protest kolesarjev pred ob\u010dino"},"content":{"rendered":"<p>Na slabo upravljanje z infrastrukturo na Pohorju nameravajo danes popoldne opozoriti tudi kolesarji, ki na omre\u017eju Facebook za ob 15.30 pred stavbo mariborske ob\u010dine napovedujejo zbor, ki so ga poimenovali Urbani ride po mestu Maribor. V svoji kritki se zlasti osredoto\u010dajo na Bike park, ki je po zadnjem neurju tudi zaprt in ga trenutno sanirajo. Izpostavljajo pa \u0161e slede\u010de pomembne to\u010dke: 1. Upravljanje bike parka se ne zaupa Marpromu, saj se je izkazal kot neodgovoren, nevesten in nesposoben upravitelj, ki je kolesarje zavestno izpostavljal v \u017eivljenjsko nevarnost! 2. Za upravljanje bike parka se mora razpisati javni razpis. 3. Podeliti se mora dolgoletna pogodba za upravljanje bike parka (15 let kot za vse ostalo). 4. MOM mora prisluhniti zasebnim investitorjem, ki bodo v park vlo\u017eili tudi svoj kapital in ga ne bodo vodili le z ob\u010dinskim prora\u010dunom! 5. Do sedaj je MOM ukradla \u017ee 2 sezoni, trenutni upravitelji pa prodajajo karte za nevzdr\u017eevano in smrtno nevarno progo, ki so jo za\u010deli sanirati \u0161ele po pritisku uporabnikov prek dru\u017eabnega omre\u017eja! 6. Kolesarski turizem naj postane ena izmed vodilnih tem pri nas. Okoli tega se lahko \u0161irijo tudi suplementarne dejavnosti: trgovina, servis, turizem, gostinstvo, no\u010dno zivljenje itd. S kvalitetno kolesrsko ponudbo bi privabili tujce iz vse Evrope. 7. Veljake in oblast \u017eelimo opozoriti, da je potrebno spremenit zakonodajo glede kolesarjenja v naravi, saj to mo\u010dno ovira na\u0161 razvoj in razvoj po dr\u017eavi. Izpostavljajo tudi, da niso dru\u0161tvo ali klub, ampak le &#8220;uporabniki parka, gorski kolesarji, ki imajo te \u017ealosti na Pohorju vrh glav&#8221;. Pri\u010dakujejo odlo\u010dno ukrepanje in odgovorno ravnanje z javno lastnino ter prihodnostjo mesta in Pohorja.Maribor<\/p>\n","protected":false},"excerpt":{"rendered":"<p>Na slabo upravljanje z infrastrukturo na Pohorju nameravajo danes popoldne opozoriti tudi kolesarji, ki na omre\u017eju Facebook za ob 15.30 pred stavbo mariborske ob\u010dine napovedujejo zbor, ki so ga poimenovali Urbani ride po mestu Maribor. V svoji kritki se zlasti osredoto\u010dajo na Bike park, ki je po zadnjem neurju tudi zaprt in ga trenutno sanirajo. Izpostavljajo pa \u0161e slede\u010de pomembne to\u010dke: 1. Upravljanje bike parka se ne zaupa Marpromu, saj se je izkazal kot neodgovoren, nevesten in nesposoben upravitelj, ki je kolesarje zavestno izpostavljal v \u017eivljenjsko nevarnost! 2. Za upravljanje bike parka se mora razpisati javni razpis. 3. Podeliti se mora dolgoletna pogodba za upravljanje bike parka (15 let kot za vse ostalo). 4. MOM mora prisluhniti zasebnim investitorjem, ki bodo v park vlo\u017eili tudi svoj kapital in ga ne bodo vodili le z ob\u010dinskim prora\u010dunom! 5. Do sedaj je MOM ukradla \u017ee 2 sezoni, trenutni upravitelji pa prodajajo karte za nevzdr\u017eevano in smrtno nevarno progo, ki so jo za\u010deli sanirati \u0161ele po pritisku uporabnikov prek dru\u017eabnega omre\u017eja! 6. Kolesarski turizem naj postane ena izmed vodilnih tem pri nas. Okoli tega se lahko \u0161irijo tudi suplementarne dejavnosti: trgovina, servis, turizem, gostinstvo, no\u010dno zivljenje itd. S kvalitetno kolesrsko ponudbo bi privabili tujce iz vse Evrope. 7. Veljake in oblast \u017eelimo opozoriti, da je potrebno spremenit zakonodajo glede kolesarjenja v naravi, saj to mo\u010dno ovira na\u0161 razvoj in razvoj po dr\u017eavi. Izpostavljajo tudi, da niso dru\u0161tvo ali klub, ampak le &#8220;uporabniki parka, gorski kolesarji, ki imajo te \u017ealosti na Pohorju vrh glav&#8221;. Pri\u010dakujejo odlo\u010dno ukrepanje in odgovorno ravnanje z javno lastnino ter prihodnostjo mesta in Pohorja.Maribor<\/p>\n","protected":false},"author":1,"featured_media":0,"comment_status":"closed","ping_status":"closed","sticky":false,"template":"","format":"standard","meta":{"footnotes":""},"categories":[1179],"tags":[],"source":[1711],"supertag":[],"acf":[],"yoast_head":"<!-- This site is optimized with the Yoast SEO plugin v21.3 - https:\/\/yoast.com\/wordpress\/plugins\/seo\/ -->\n<title>Zaradi Pohorja protest kolesarjev pred ob\u010dino - Hudo Slovenija<\/title>\n<meta name=\"robots\" content=\"index, follow, max-snippet:-1, max-image-preview:large, max-video-preview:-1\" \/>\n<link rel=\"canonical\" href=\"https:\/\/hudo.com\/si\/aktualno\/zaradi-pohorja-protest-kolesarjev-pred-obcino\/\" \/>\n<meta property=\"og:locale\" content=\"sl_SI\" \/>\n<meta property=\"og:type\" content=\"article\" \/>\n<meta property=\"og:title\" content=\"Zaradi Pohorja protest kolesarjev pred ob\u010dino - Hudo Slovenija\" \/>\n<meta property=\"og:description\" content=\"Na slabo upravljanje z infrastrukturo na Pohorju nameravajo danes popoldne opozoriti tudi kolesarji, ki na omre\u017eju Facebook za ob 15.30 pred stavbo mariborske ob\u010dine napovedujejo zbor, ki so ga poimenovali Urbani ride po mestu Maribor. V svoji kritki se zlasti osredoto\u010dajo na Bike park, ki je po zadnjem neurju tudi zaprt in ga trenutno sanirajo. Izpostavljajo pa \u0161e slede\u010de pomembne to\u010dke: 1. Upravljanje bike parka se ne zaupa Marpromu, saj se je izkazal kot neodgovoren, nevesten in nesposoben upravitelj, ki je kolesarje zavestno izpostavljal v \u017eivljenjsko nevarnost! 2. Za upravljanje bike parka se mora razpisati javni razpis. 3. Podeliti se mora dolgoletna pogodba za upravljanje bike parka (15 let kot za vse ostalo). 4. MOM mora prisluhniti zasebnim investitorjem, ki bodo v park vlo\u017eili tudi svoj kapital in ga ne bodo vodili le z ob\u010dinskim prora\u010dunom! 5. Do sedaj je MOM ukradla \u017ee 2 sezoni, trenutni upravitelji pa prodajajo karte za nevzdr\u017eevano in smrtno nevarno progo, ki so jo za\u010deli sanirati \u0161ele po pritisku uporabnikov prek dru\u017eabnega omre\u017eja! 6. Kolesarski turizem naj postane ena izmed vodilnih tem pri nas. Okoli tega se lahko \u0161irijo tudi suplementarne dejavnosti: trgovina, servis, turizem, gostinstvo, no\u010dno zivljenje itd. S kvalitetno kolesrsko ponudbo bi privabili tujce iz vse Evrope. 7. Veljake in oblast \u017eelimo opozoriti, da je potrebno spremenit zakonodajo glede kolesarjenja v naravi, saj to mo\u010dno ovira na\u0161 razvoj in razvoj po dr\u017eavi. Izpostavljajo tudi, da niso dru\u0161tvo ali klub, ampak le &quot;uporabniki parka, gorski kolesarji, ki imajo te \u017ealosti na Pohorju vrh glav&quot;. Pri\u010dakujejo odlo\u010dno ukrepanje in odgovorno ravnanje z javno lastnino ter prihodnostjo mesta in Pohorja.Maribor\" \/>\n<meta property=\"og:url\" content=\"https:\/\/hudo.com\/si\/aktualno\/zaradi-pohorja-protest-kolesarjev-pred-obcino\/\" \/>\n<meta property=\"og:site_name\" content=\"Hudo Slovenija\" \/>\n<meta property=\"article:publisher\" content=\"https:\/\/www.facebook.com\/hudo.si\" \/>\n<meta property=\"article:published_time\" content=\"2016-09-07T04:40:00+00:00\" \/>\n<meta property=\"article:modified_time\" content=\"2016-09-08T02:47:38+00:00\" \/>\n<meta property=\"og:image\" content=\"https:\/\/hudo.com\/si\/wp-content\/uploads\/sites\/2\/2016\/09\/urbani_ride-300.jpg\" \/>\n\t<meta property=\"og:image:width\" content=\"450\" \/>\n\t<meta property=\"og:image:height\" content=\"299\" \/>\n\t<meta property=\"og:image:type\" content=\"image\/jpeg\" \/>\n<meta name=\"author\" content=\"hudo\" \/>\n<meta name=\"twitter:card\" content=\"summary_large_image\" \/>\n<meta name=\"twitter:creator\" content=\"@hudo_si\" \/>\n<meta name=\"twitter:site\" content=\"@hudo_si\" \/>\n<meta name=\"twitter:label1\" content=\"Written by\" \/>\n\t<meta name=\"twitter:data1\" content=\"hudo\" \/>\n\t<meta name=\"twitter:label2\" content=\"Est. reading time\" \/>\n\t<meta name=\"twitter:data2\" content=\"1 minuta\" \/>\n<script type=\"application\/ld+json\" class=\"yoast-schema-graph\">{\"@context\":\"https:\/\/schema.org\",\"@graph\":[{\"@type\":\"Article\",\"@id\":\"https:\/\/hudo.com\/si\/aktualno\/zaradi-pohorja-protest-kolesarjev-pred-obcino\/#article\",\"isPartOf\":{\"@id\":\"https:\/\/hudo.com\/si\/aktualno\/zaradi-pohorja-protest-kolesarjev-pred-obcino\/\"},\"author\":{\"name\":\"hudo\",\"@id\":\"https:\/\/hudo.com\/si\/#\/schema\/person\/601cf3379633985b20f7e50f2bb47707\"},\"headline\":\"Zaradi Pohorja protest kolesarjev pred ob\u010dino\",\"datePublished\":\"2016-09-07T04:40:00+00:00\",\"dateModified\":\"2016-09-08T02:47:38+00:00\",\"mainEntityOfPage\":{\"@id\":\"https:\/\/hudo.com\/si\/aktualno\/zaradi-pohorja-protest-kolesarjev-pred-obcino\/\"},\"wordCount\":280,\"publisher\":{\"@id\":\"https:\/\/hudo.com\/si\/#organization\"},\"articleSection\":[\"Aktualno\"],\"inLanguage\":\"sl-SI\"},{\"@type\":\"WebPage\",\"@id\":\"https:\/\/hudo.com\/si\/aktualno\/zaradi-pohorja-protest-kolesarjev-pred-obcino\/\",\"url\":\"https:\/\/hudo.com\/si\/aktualno\/zaradi-pohorja-protest-kolesarjev-pred-obcino\/\",\"name\":\"Zaradi Pohorja protest kolesarjev pred ob\u010dino - Hudo Slovenija\",\"isPartOf\":{\"@id\":\"https:\/\/hudo.com\/si\/#website\"},\"datePublished\":\"2016-09-07T04:40:00+00:00\",\"dateModified\":\"2016-09-08T02:47:38+00:00\",\"breadcrumb\":{\"@id\":\"https:\/\/hudo.com\/si\/aktualno\/zaradi-pohorja-protest-kolesarjev-pred-obcino\/#breadcrumb\"},\"inLanguage\":\"sl-SI\",\"potentialAction\":[{\"@type\":\"ReadAction\",\"target\":[\"https:\/\/hudo.com\/si\/aktualno\/zaradi-pohorja-protest-kolesarjev-pred-obcino\/\"]}]},{\"@type\":\"BreadcrumbList\",\"@id\":\"https:\/\/hudo.com\/si\/aktualno\/zaradi-pohorja-protest-kolesarjev-pred-obcino\/#breadcrumb\",\"itemListElement\":[{\"@type\":\"ListItem\",\"position\":1,\"name\":\"Home\",\"item\":\"https:\/\/hudo.com\/si\/\"},{\"@type\":\"ListItem\",\"position\":2,\"name\":\"Zaradi Pohorja protest kolesarjev pred ob\u010dino\"}]},{\"@type\":\"WebSite\",\"@id\":\"https:\/\/hudo.com\/si\/#website\",\"url\":\"https:\/\/hudo.com\/si\/\",\"name\":\"Hudo Slovenija\",\"description\":\"Vse novice iz Slovenije in sveta\",\"publisher\":{\"@id\":\"https:\/\/hudo.com\/si\/#organization\"},\"potentialAction\":[{\"@type\":\"SearchAction\",\"target\":{\"@type\":\"EntryPoint\",\"urlTemplate\":\"https:\/\/hudo.com\/si\/?s={search_term_string}\"},\"query-input\":\"required name=search_term_string\"}],\"inLanguage\":\"sl-SI\"},{\"@type\":\"Organization\",\"@id\":\"https:\/\/hudo.com\/si\/#organization\",\"name\":\"VSN Media\",\"url\":\"https:\/\/hudo.com\/si\/\",\"logo\":{\"@type\":\"ImageObject\",\"inLanguage\":\"sl-SI\",\"@id\":\"https:\/\/hudo.com\/si\/#\/schema\/logo\/image\/\",\"url\":\"https:\/\/hudo.com\/si\/wp-content\/uploads\/sites\/2\/2021\/03\/hudo-app-2.png\",\"contentUrl\":\"https:\/\/hudo.com\/si\/wp-content\/uploads\/sites\/2\/2021\/03\/hudo-app-2.png\",\"width\":2185,\"height\":2167,\"caption\":\"VSN Media\"},\"image\":{\"@id\":\"https:\/\/hudo.com\/si\/#\/schema\/logo\/image\/\"},\"sameAs\":[\"https:\/\/www.facebook.com\/hudo.si\",\"https:\/\/twitter.com\/hudo_si\"]},{\"@type\":\"Person\",\"@id\":\"https:\/\/hudo.com\/si\/#\/schema\/person\/601cf3379633985b20f7e50f2bb47707\",\"name\":\"hudo\",\"image\":{\"@type\":\"ImageObject\",\"inLanguage\":\"sl-SI\",\"@id\":\"https:\/\/hudo.com\/si\/#\/schema\/person\/image\/\",\"url\":\"https:\/\/secure.gravatar.com\/avatar\/c4ca25fa72cace7a696b52ff5db9e095?s=96&d=mm&r=g\",\"contentUrl\":\"https:\/\/secure.gravatar.com\/avatar\/c4ca25fa72cace7a696b52ff5db9e095?s=96&d=mm&r=g\",\"caption\":\"hudo\"},\"url\":\"https:\/\/hudo.com\/si\/author\/hudo\/\"}]}<\/script>\n<!-- \/ Yoast SEO plugin. -->","yoast_head_json":{"title":"Zaradi Pohorja protest kolesarjev pred ob\u010dino - Hudo Slovenija","robots":{"index":"index","follow":"follow","max-snippet":"max-snippet:-1","max-image-preview":"max-image-preview:large","max-video-preview":"max-video-preview:-1"},"canonical":"https:\/\/hudo.com\/si\/aktualno\/zaradi-pohorja-protest-kolesarjev-pred-obcino\/","og_locale":"sl_SI","og_type":"article","og_title":"Zaradi Pohorja protest kolesarjev pred ob\u010dino - Hudo Slovenija","og_description":"Na slabo upravljanje z infrastrukturo na Pohorju nameravajo danes popoldne opozoriti tudi kolesarji, ki na omre\u017eju Facebook za ob 15.30 pred stavbo mariborske ob\u010dine napovedujejo zbor, ki so ga poimenovali Urbani ride po mestu Maribor. V svoji kritki se zlasti osredoto\u010dajo na Bike park, ki je po zadnjem neurju tudi zaprt in ga trenutno sanirajo. Izpostavljajo pa \u0161e slede\u010de pomembne to\u010dke: 1. Upravljanje bike parka se ne zaupa Marpromu, saj se je izkazal kot neodgovoren, nevesten in nesposoben upravitelj, ki je kolesarje zavestno izpostavljal v \u017eivljenjsko nevarnost! 2. Za upravljanje bike parka se mora razpisati javni razpis. 3. Podeliti se mora dolgoletna pogodba za upravljanje bike parka (15 let kot za vse ostalo). 4. MOM mora prisluhniti zasebnim investitorjem, ki bodo v park vlo\u017eili tudi svoj kapital in ga ne bodo vodili le z ob\u010dinskim prora\u010dunom! 5. Do sedaj je MOM ukradla \u017ee 2 sezoni, trenutni upravitelji pa prodajajo karte za nevzdr\u017eevano in smrtno nevarno progo, ki so jo za\u010deli sanirati \u0161ele po pritisku uporabnikov prek dru\u017eabnega omre\u017eja! 6. Kolesarski turizem naj postane ena izmed vodilnih tem pri nas. Okoli tega se lahko \u0161irijo tudi suplementarne dejavnosti: trgovina, servis, turizem, gostinstvo, no\u010dno zivljenje itd. S kvalitetno kolesrsko ponudbo bi privabili tujce iz vse Evrope. 7. Veljake in oblast \u017eelimo opozoriti, da je potrebno spremenit zakonodajo glede kolesarjenja v naravi, saj to mo\u010dno ovira na\u0161 razvoj in razvoj po dr\u017eavi. Izpostavljajo tudi, da niso dru\u0161tvo ali klub, ampak le \"uporabniki parka, gorski kolesarji, ki imajo te \u017ealosti na Pohorju vrh glav\". Pri\u010dakujejo odlo\u010dno ukrepanje in odgovorno ravnanje z javno lastnino ter prihodnostjo mesta in Pohorja.Maribor","og_url":"https:\/\/hudo.com\/si\/aktualno\/zaradi-pohorja-protest-kolesarjev-pred-obcino\/","og_site_name":"Hudo Slovenija","article_publisher":"https:\/\/www.facebook.com\/hudo.si","article_published_time":"2016-09-07T04:40:00+00:00","article_modified_time":"2016-09-08T02:47:38+00:00","og_image":[{"width":450,"height":299,"url":"https:\/\/hudo.com\/si\/wp-content\/uploads\/sites\/2\/2016\/09\/urbani_ride-300.jpg","type":"image\/jpeg"}],"author":"hudo","twitter_card":"summary_large_image","twitter_creator":"@hudo_si","twitter_site":"@hudo_si","twitter_misc":{"Written by":"hudo","Est. reading time":"1 minuta"},"schema":{"@context":"https:\/\/schema.org","@graph":[{"@type":"Article","@id":"https:\/\/hudo.com\/si\/aktualno\/zaradi-pohorja-protest-kolesarjev-pred-obcino\/#article","isPartOf":{"@id":"https:\/\/hudo.com\/si\/aktualno\/zaradi-pohorja-protest-kolesarjev-pred-obcino\/"},"author":{"name":"hudo","@id":"https:\/\/hudo.com\/si\/#\/schema\/person\/601cf3379633985b20f7e50f2bb47707"},"headline":"Zaradi Pohorja protest kolesarjev pred ob\u010dino","datePublished":"2016-09-07T04:40:00+00:00","dateModified":"2016-09-08T02:47:38+00:00","mainEntityOfPage":{"@id":"https:\/\/hudo.com\/si\/aktualno\/zaradi-pohorja-protest-kolesarjev-pred-obcino\/"},"wordCount":280,"publisher":{"@id":"https:\/\/hudo.com\/si\/#organization"},"articleSection":["Aktualno"],"inLanguage":"sl-SI"},{"@type":"WebPage","@id":"https:\/\/hudo.com\/si\/aktualno\/zaradi-pohorja-protest-kolesarjev-pred-obcino\/","url":"https:\/\/hudo.com\/si\/aktualno\/zaradi-pohorja-protest-kolesarjev-pred-obcino\/","name":"Zaradi Pohorja protest kolesarjev pred ob\u010dino - Hudo Slovenija","isPartOf":{"@id":"https:\/\/hudo.com\/si\/#website"},"datePublished":"2016-09-07T04:40:00+00:00","dateModified":"2016-09-08T02:47:38+00:00","breadcrumb":{"@id":"https:\/\/hudo.com\/si\/aktualno\/zaradi-pohorja-protest-kolesarjev-pred-obcino\/#breadcrumb"},"inLanguage":"sl-SI","potentialAction":[{"@type":"ReadAction","target":["https:\/\/hudo.com\/si\/aktualno\/zaradi-pohorja-protest-kolesarjev-pred-obcino\/"]}]},{"@type":"BreadcrumbList","@id":"https:\/\/hudo.com\/si\/aktualno\/zaradi-pohorja-protest-kolesarjev-pred-obcino\/#breadcrumb","itemListElement":[{"@type":"ListItem","position":1,"name":"Home","item":"https:\/\/hudo.com\/si\/"},{"@type":"ListItem","position":2,"name":"Zaradi Pohorja protest kolesarjev pred ob\u010dino"}]},{"@type":"WebSite","@id":"https:\/\/hudo.com\/si\/#website","url":"https:\/\/hudo.com\/si\/","name":"Hudo Slovenija","description":"Vse novice iz Slovenije in sveta","publisher":{"@id":"https:\/\/hudo.com\/si\/#organization"},"potentialAction":[{"@type":"SearchAction","target":{"@type":"EntryPoint","urlTemplate":"https:\/\/hudo.com\/si\/?s={search_term_string}"},"query-input":"required name=search_term_string"}],"inLanguage":"sl-SI"},{"@type":"Organization","@id":"https:\/\/hudo.com\/si\/#organization","name":"VSN Media","url":"https:\/\/hudo.com\/si\/","logo":{"@type":"ImageObject","inLanguage":"sl-SI","@id":"https:\/\/hudo.com\/si\/#\/schema\/logo\/image\/","url":"https:\/\/hudo.com\/si\/wp-content\/uploads\/sites\/2\/2021\/03\/hudo-app-2.png","contentUrl":"https:\/\/hudo.com\/si\/wp-content\/uploads\/sites\/2\/2021\/03\/hudo-app-2.png","width":2185,"height":2167,"caption":"VSN Media"},"image":{"@id":"https:\/\/hudo.com\/si\/#\/schema\/logo\/image\/"},"sameAs":["https:\/\/www.facebook.com\/hudo.si","https:\/\/twitter.com\/hudo_si"]},{"@type":"Person","@id":"https:\/\/hudo.com\/si\/#\/schema\/person\/601cf3379633985b20f7e50f2bb47707","name":"hudo","image":{"@type":"ImageObject","inLanguage":"sl-SI","@id":"https:\/\/hudo.com\/si\/#\/schema\/person\/image\/","url":"https:\/\/secure.gravatar.com\/avatar\/c4ca25fa72cace7a696b52ff5db9e095?s=96&d=mm&r=g","contentUrl":"https:\/\/secure.gravatar.com\/avatar\/c4ca25fa72cace7a696b52ff5db9e095?s=96&d=mm&r=g","caption":"hudo"},"url":"https:\/\/hudo.com\/si\/author\/hudo\/"}]}},"amp_enabled":true,"_links":{"self":[{"href":"https:\/\/hudo.com\/si\/wp-json\/wp\/v2\/posts\/128171"}],"collection":[{"href":"https:\/\/hudo.com\/si\/wp-json\/wp\/v2\/posts"}],"about":[{"href":"https:\/\/hudo.com\/si\/wp-json\/wp\/v2\/types\/post"}],"author":[{"embeddable":true,"href":"https:\/\/hudo.com\/si\/wp-json\/wp\/v2\/users\/1"}],"replies":[{"embeddable":true,"href":"https:\/\/hudo.com\/si\/wp-json\/wp\/v2\/comments?post=128171"}],"version-history":[{"count":1,"href":"https:\/\/hudo.com\/si\/wp-json\/wp\/v2\/posts\/128171\/revisions"}],"predecessor-version":[{"id":128348,"href":"https:\/\/hudo.com\/si\/wp-json\/wp\/v2\/posts\/128171\/revisions\/128348"}],"wp:attachment":[{"href":"https:\/\/hudo.com\/si\/wp-json\/wp\/v2\/media?parent=128171"}],"wp:term":[{"taxonomy":"category","embeddable":true,"href":"https:\/\/hudo.com\/si\/wp-json\/wp\/v2\/categories?post=128171"},{"taxonomy":"post_tag","embeddable":true,"href":"https:\/\/hudo.com\/si\/wp-json\/wp\/v2\/tags?post=128171"},{"taxonomy":"source","embeddable":true,"href":"https:\/\/hudo.com\/si\/wp-json\/wp\/v2\/source?post=128171"},{"taxonomy":"supertag","embeddable":true,"href":"https:\/\/hudo.com\/si\/wp-json\/wp\/v2\/supertag?post=128171"}],"curies":[{"name":"wp","href":"https:\/\/api.w.org\/{rel}","templated":true}]}}