{"id":128188,"date":"2016-09-07T06:00:00","date_gmt":"2016-09-07T04:00:00","guid":{"rendered":"http:\/\/hudo.com\/si\/2016\/09\/07\/zaradi-ikee-ustanovili-civilno-iniciativo\/"},"modified":"2016-09-07T22:51:53","modified_gmt":"2016-09-07T20:51:53","slug":"zaradi-ikee-ustanovili-civilno-iniciativo","status":"publish","type":"post","link":"https:\/\/hudo.com\/si\/aktualno\/zaradi-ikee-ustanovili-civilno-iniciativo\/","title":{"rendered":"Zaradi Ikee ustanovili civilno iniciativo"},"content":{"rendered":"<p>Kategorija: Ljubljana Wed, 07 Sep 2016 08:00:00 +0200  Ljubljana &#8211; Okoli osemdeset ob\u010danov se je v ponedeljek zve\u010der zbralo na igri\u0161\u010du ob Ro\u017ei\u010devi ulici in podprlo ustanovitev civilne iniciative Zelena jama, v katero je vklju\u010denih pet ulic: Kajuhova, Kav\u010di\u010deva, Vzajemna, Ro\u017ei\u010deva in Cilen\u0161kova. Razlog? Napovedana gradnja trgovskega centra Ikea in skrb, da se bo z njo poslab\u0161ala kakovost bivanja v soseski. Ljubljanska Ikea, ki naj bi jo po napovedih za\u010deli graditi prihodnje leto, odprli pa leta 2018, bo na zahodni strani neposredno mejila na sosesko stanovanjskih hi\u0161. Tamkaj\u0161nje stanovalce najbolj skrbijo nove povezovalne poti, na katerih se pri\u010dakuje veliko ve\u010d prometa kot zdaj, zato bi se lahko poslab\u0161ali prometna varnost ter varnost otrok na obmo\u010djih igri\u0161\u010d, vrtcev in \u0161ol. \u00bbKako bodo na\u0161i otroci hodili v \u0161olo po tako prometnih cestah?\u00ab je zanimalo eno od stanovalk, a je ostala brez\u00a0&#8230;<\/p>\n","protected":false},"excerpt":{"rendered":"<p>Kategorija: Ljubljana Wed, 07 Sep 2016 08:00:00 +0200  Ljubljana &#8211; Okoli osemdeset ob\u010danov se je v ponedeljek zve\u010der zbralo na igri\u0161\u010du ob Ro\u017ei\u010devi ulici in podprlo ustanovitev civilne iniciative Zelena jama, v katero je vklju\u010denih pet ulic: Kajuhova, Kav\u010di\u010deva, Vzajemna, Ro\u017ei\u010deva in Cilen\u0161kova. Razlog? Napovedana gradnja trgovskega centra Ikea in skrb, da se bo z njo poslab\u0161ala kakovost bivanja v soseski. Ljubljanska Ikea, ki naj bi jo po napovedih za\u010deli graditi prihodnje leto, odprli pa leta 2018, bo na zahodni strani neposredno mejila na sosesko stanovanjskih hi\u0161. Tamkaj\u0161nje stanovalce najbolj skrbijo nove povezovalne poti, na katerih se pri\u010dakuje veliko ve\u010d prometa kot zdaj, zato bi se lahko poslab\u0161ali prometna varnost ter varnost otrok na obmo\u010djih igri\u0161\u010d, vrtcev in \u0161ol. \u00bbKako bodo na\u0161i otroci hodili v \u0161olo po tako prometnih cestah?\u00ab je zanimalo eno od stanovalk, a je ostala brez\u00a0&#8230;<\/p>\n","protected":false},"author":1,"featured_media":0,"comment_status":"closed","ping_status":"closed","sticky":false,"template":"","format":"standard","meta":{"footnotes":""},"categories":[1179],"tags":[],"source":[1703],"supertag":[],"acf":[],"yoast_head":"<!-- This site is optimized with the Yoast SEO plugin v21.3 - https:\/\/yoast.com\/wordpress\/plugins\/seo\/ -->\n<title>Zaradi Ikee ustanovili civilno iniciativo - Hudo Slovenija<\/title>\n<meta name=\"robots\" content=\"index, follow, max-snippet:-1, max-image-preview:large, max-video-preview:-1\" \/>\n<link rel=\"canonical\" href=\"https:\/\/hudo.com\/si\/aktualno\/zaradi-ikee-ustanovili-civilno-iniciativo\/\" \/>\n<meta property=\"og:locale\" content=\"sl_SI\" \/>\n<meta property=\"og:type\" content=\"article\" \/>\n<meta property=\"og:title\" content=\"Zaradi Ikee ustanovili civilno iniciativo - Hudo Slovenija\" \/>\n<meta property=\"og:description\" content=\"Kategorija: Ljubljana Wed, 07 Sep 2016 08:00:00 +0200 Ljubljana - Okoli osemdeset ob\u010danov se je v ponedeljek zve\u010der zbralo na igri\u0161\u010du ob Ro\u017ei\u010devi ulici in podprlo ustanovitev civilne iniciative Zelena jama, v katero je vklju\u010denih pet ulic: Kajuhova, Kav\u010di\u010deva, Vzajemna, Ro\u017ei\u010deva in Cilen\u0161kova. Razlog? Napovedana gradnja trgovskega centra Ikea in skrb, da se bo z njo poslab\u0161ala kakovost bivanja v soseski. Ljubljanska Ikea, ki naj bi jo po napovedih za\u010deli graditi prihodnje leto, odprli pa leta 2018, bo na zahodni strani neposredno mejila na sosesko stanovanjskih hi\u0161. Tamkaj\u0161nje stanovalce najbolj skrbijo nove povezovalne poti, na katerih se pri\u010dakuje veliko ve\u010d prometa kot zdaj, zato bi se lahko poslab\u0161ali prometna varnost ter varnost otrok na obmo\u010djih igri\u0161\u010d, vrtcev in \u0161ol. \u00bbKako bodo na\u0161i otroci hodili v \u0161olo po tako prometnih cestah?\u00ab je zanimalo eno od stanovalk, a je ostala brez\u00a0...\" \/>\n<meta property=\"og:url\" content=\"https:\/\/hudo.com\/si\/aktualno\/zaradi-ikee-ustanovili-civilno-iniciativo\/\" \/>\n<meta property=\"og:site_name\" content=\"Hudo Slovenija\" \/>\n<meta property=\"article:publisher\" content=\"https:\/\/www.facebook.com\/hudo.si\" \/>\n<meta property=\"article:published_time\" content=\"2016-09-07T04:00:00+00:00\" \/>\n<meta property=\"article:modified_time\" content=\"2016-09-07T20:51:53+00:00\" \/>\n<meta property=\"og:image\" content=\"https:\/\/hudo.com\/si\/wp-content\/uploads\/sites\/2\/2016\/09\/480x290_Ljubljanska__Delo_Foto_2016.1_hires0.jpeg\" \/>\n\t<meta property=\"og:image:width\" content=\"480\" \/>\n\t<meta property=\"og:image:height\" content=\"290\" \/>\n\t<meta property=\"og:image:type\" content=\"image\/jpeg\" \/>\n<meta name=\"author\" content=\"hudo\" \/>\n<meta name=\"twitter:card\" content=\"summary_large_image\" \/>\n<meta name=\"twitter:creator\" content=\"@hudo_si\" \/>\n<meta name=\"twitter:site\" content=\"@hudo_si\" \/>\n<meta name=\"twitter:label1\" content=\"Written by\" \/>\n\t<meta name=\"twitter:data1\" content=\"hudo\" \/>\n\t<meta name=\"twitter:label2\" content=\"Est. reading time\" \/>\n\t<meta name=\"twitter:data2\" content=\"1 minuta\" \/>\n<script type=\"application\/ld+json\" class=\"yoast-schema-graph\">{\"@context\":\"https:\/\/schema.org\",\"@graph\":[{\"@type\":\"Article\",\"@id\":\"https:\/\/hudo.com\/si\/aktualno\/zaradi-ikee-ustanovili-civilno-iniciativo\/#article\",\"isPartOf\":{\"@id\":\"https:\/\/hudo.com\/si\/aktualno\/zaradi-ikee-ustanovili-civilno-iniciativo\/\"},\"author\":{\"name\":\"hudo\",\"@id\":\"https:\/\/hudo.com\/si\/#\/schema\/person\/601cf3379633985b20f7e50f2bb47707\"},\"headline\":\"Zaradi Ikee ustanovili civilno iniciativo\",\"datePublished\":\"2016-09-07T04:00:00+00:00\",\"dateModified\":\"2016-09-07T20:51:53+00:00\",\"mainEntityOfPage\":{\"@id\":\"https:\/\/hudo.com\/si\/aktualno\/zaradi-ikee-ustanovili-civilno-iniciativo\/\"},\"wordCount\":157,\"publisher\":{\"@id\":\"https:\/\/hudo.com\/si\/#organization\"},\"articleSection\":[\"Aktualno\"],\"inLanguage\":\"sl-SI\"},{\"@type\":\"WebPage\",\"@id\":\"https:\/\/hudo.com\/si\/aktualno\/zaradi-ikee-ustanovili-civilno-iniciativo\/\",\"url\":\"https:\/\/hudo.com\/si\/aktualno\/zaradi-ikee-ustanovili-civilno-iniciativo\/\",\"name\":\"Zaradi Ikee ustanovili civilno iniciativo - Hudo Slovenija\",\"isPartOf\":{\"@id\":\"https:\/\/hudo.com\/si\/#website\"},\"datePublished\":\"2016-09-07T04:00:00+00:00\",\"dateModified\":\"2016-09-07T20:51:53+00:00\",\"breadcrumb\":{\"@id\":\"https:\/\/hudo.com\/si\/aktualno\/zaradi-ikee-ustanovili-civilno-iniciativo\/#breadcrumb\"},\"inLanguage\":\"sl-SI\",\"potentialAction\":[{\"@type\":\"ReadAction\",\"target\":[\"https:\/\/hudo.com\/si\/aktualno\/zaradi-ikee-ustanovili-civilno-iniciativo\/\"]}]},{\"@type\":\"BreadcrumbList\",\"@id\":\"https:\/\/hudo.com\/si\/aktualno\/zaradi-ikee-ustanovili-civilno-iniciativo\/#breadcrumb\",\"itemListElement\":[{\"@type\":\"ListItem\",\"position\":1,\"name\":\"Home\",\"item\":\"https:\/\/hudo.com\/si\/\"},{\"@type\":\"ListItem\",\"position\":2,\"name\":\"Zaradi Ikee ustanovili civilno iniciativo\"}]},{\"@type\":\"WebSite\",\"@id\":\"https:\/\/hudo.com\/si\/#website\",\"url\":\"https:\/\/hudo.com\/si\/\",\"name\":\"Hudo Slovenija\",\"description\":\"Vse novice iz Slovenije in sveta\",\"publisher\":{\"@id\":\"https:\/\/hudo.com\/si\/#organization\"},\"potentialAction\":[{\"@type\":\"SearchAction\",\"target\":{\"@type\":\"EntryPoint\",\"urlTemplate\":\"https:\/\/hudo.com\/si\/?s={search_term_string}\"},\"query-input\":\"required name=search_term_string\"}],\"inLanguage\":\"sl-SI\"},{\"@type\":\"Organization\",\"@id\":\"https:\/\/hudo.com\/si\/#organization\",\"name\":\"VSN Media\",\"url\":\"https:\/\/hudo.com\/si\/\",\"logo\":{\"@type\":\"ImageObject\",\"inLanguage\":\"sl-SI\",\"@id\":\"https:\/\/hudo.com\/si\/#\/schema\/logo\/image\/\",\"url\":\"https:\/\/hudo.com\/si\/wp-content\/uploads\/sites\/2\/2021\/03\/hudo-app-2.png\",\"contentUrl\":\"https:\/\/hudo.com\/si\/wp-content\/uploads\/sites\/2\/2021\/03\/hudo-app-2.png\",\"width\":2185,\"height\":2167,\"caption\":\"VSN Media\"},\"image\":{\"@id\":\"https:\/\/hudo.com\/si\/#\/schema\/logo\/image\/\"},\"sameAs\":[\"https:\/\/www.facebook.com\/hudo.si\",\"https:\/\/twitter.com\/hudo_si\"]},{\"@type\":\"Person\",\"@id\":\"https:\/\/hudo.com\/si\/#\/schema\/person\/601cf3379633985b20f7e50f2bb47707\",\"name\":\"hudo\",\"image\":{\"@type\":\"ImageObject\",\"inLanguage\":\"sl-SI\",\"@id\":\"https:\/\/hudo.com\/si\/#\/schema\/person\/image\/\",\"url\":\"https:\/\/secure.gravatar.com\/avatar\/c4ca25fa72cace7a696b52ff5db9e095?s=96&d=mm&r=g\",\"contentUrl\":\"https:\/\/secure.gravatar.com\/avatar\/c4ca25fa72cace7a696b52ff5db9e095?s=96&d=mm&r=g\",\"caption\":\"hudo\"},\"url\":\"https:\/\/hudo.com\/si\/author\/hudo\/\"}]}<\/script>\n<!-- \/ Yoast SEO plugin. -->","yoast_head_json":{"title":"Zaradi Ikee ustanovili civilno iniciativo - Hudo Slovenija","robots":{"index":"index","follow":"follow","max-snippet":"max-snippet:-1","max-image-preview":"max-image-preview:large","max-video-preview":"max-video-preview:-1"},"canonical":"https:\/\/hudo.com\/si\/aktualno\/zaradi-ikee-ustanovili-civilno-iniciativo\/","og_locale":"sl_SI","og_type":"article","og_title":"Zaradi Ikee ustanovili civilno iniciativo - Hudo Slovenija","og_description":"Kategorija: Ljubljana Wed, 07 Sep 2016 08:00:00 +0200 Ljubljana - Okoli osemdeset ob\u010danov se je v ponedeljek zve\u010der zbralo na igri\u0161\u010du ob Ro\u017ei\u010devi ulici in podprlo ustanovitev civilne iniciative Zelena jama, v katero je vklju\u010denih pet ulic: Kajuhova, Kav\u010di\u010deva, Vzajemna, Ro\u017ei\u010deva in Cilen\u0161kova. Razlog? Napovedana gradnja trgovskega centra Ikea in skrb, da se bo z njo poslab\u0161ala kakovost bivanja v soseski. Ljubljanska Ikea, ki naj bi jo po napovedih za\u010deli graditi prihodnje leto, odprli pa leta 2018, bo na zahodni strani neposredno mejila na sosesko stanovanjskih hi\u0161. Tamkaj\u0161nje stanovalce najbolj skrbijo nove povezovalne poti, na katerih se pri\u010dakuje veliko ve\u010d prometa kot zdaj, zato bi se lahko poslab\u0161ali prometna varnost ter varnost otrok na obmo\u010djih igri\u0161\u010d, vrtcev in \u0161ol. \u00bbKako bodo na\u0161i otroci hodili v \u0161olo po tako prometnih cestah?\u00ab je zanimalo eno od stanovalk, a je ostala brez\u00a0...","og_url":"https:\/\/hudo.com\/si\/aktualno\/zaradi-ikee-ustanovili-civilno-iniciativo\/","og_site_name":"Hudo Slovenija","article_publisher":"https:\/\/www.facebook.com\/hudo.si","article_published_time":"2016-09-07T04:00:00+00:00","article_modified_time":"2016-09-07T20:51:53+00:00","og_image":[{"width":480,"height":290,"url":"https:\/\/hudo.com\/si\/wp-content\/uploads\/sites\/2\/2016\/09\/480x290_Ljubljanska__Delo_Foto_2016.1_hires0.jpeg","type":"image\/jpeg"}],"author":"hudo","twitter_card":"summary_large_image","twitter_creator":"@hudo_si","twitter_site":"@hudo_si","twitter_misc":{"Written by":"hudo","Est. reading time":"1 minuta"},"schema":{"@context":"https:\/\/schema.org","@graph":[{"@type":"Article","@id":"https:\/\/hudo.com\/si\/aktualno\/zaradi-ikee-ustanovili-civilno-iniciativo\/#article","isPartOf":{"@id":"https:\/\/hudo.com\/si\/aktualno\/zaradi-ikee-ustanovili-civilno-iniciativo\/"},"author":{"name":"hudo","@id":"https:\/\/hudo.com\/si\/#\/schema\/person\/601cf3379633985b20f7e50f2bb47707"},"headline":"Zaradi Ikee ustanovili civilno iniciativo","datePublished":"2016-09-07T04:00:00+00:00","dateModified":"2016-09-07T20:51:53+00:00","mainEntityOfPage":{"@id":"https:\/\/hudo.com\/si\/aktualno\/zaradi-ikee-ustanovili-civilno-iniciativo\/"},"wordCount":157,"publisher":{"@id":"https:\/\/hudo.com\/si\/#organization"},"articleSection":["Aktualno"],"inLanguage":"sl-SI"},{"@type":"WebPage","@id":"https:\/\/hudo.com\/si\/aktualno\/zaradi-ikee-ustanovili-civilno-iniciativo\/","url":"https:\/\/hudo.com\/si\/aktualno\/zaradi-ikee-ustanovili-civilno-iniciativo\/","name":"Zaradi Ikee ustanovili civilno iniciativo - Hudo Slovenija","isPartOf":{"@id":"https:\/\/hudo.com\/si\/#website"},"datePublished":"2016-09-07T04:00:00+00:00","dateModified":"2016-09-07T20:51:53+00:00","breadcrumb":{"@id":"https:\/\/hudo.com\/si\/aktualno\/zaradi-ikee-ustanovili-civilno-iniciativo\/#breadcrumb"},"inLanguage":"sl-SI","potentialAction":[{"@type":"ReadAction","target":["https:\/\/hudo.com\/si\/aktualno\/zaradi-ikee-ustanovili-civilno-iniciativo\/"]}]},{"@type":"BreadcrumbList","@id":"https:\/\/hudo.com\/si\/aktualno\/zaradi-ikee-ustanovili-civilno-iniciativo\/#breadcrumb","itemListElement":[{"@type":"ListItem","position":1,"name":"Home","item":"https:\/\/hudo.com\/si\/"},{"@type":"ListItem","position":2,"name":"Zaradi Ikee ustanovili civilno iniciativo"}]},{"@type":"WebSite","@id":"https:\/\/hudo.com\/si\/#website","url":"https:\/\/hudo.com\/si\/","name":"Hudo Slovenija","description":"Vse novice iz Slovenije in sveta","publisher":{"@id":"https:\/\/hudo.com\/si\/#organization"},"potentialAction":[{"@type":"SearchAction","target":{"@type":"EntryPoint","urlTemplate":"https:\/\/hudo.com\/si\/?s={search_term_string}"},"query-input":"required name=search_term_string"}],"inLanguage":"sl-SI"},{"@type":"Organization","@id":"https:\/\/hudo.com\/si\/#organization","name":"VSN Media","url":"https:\/\/hudo.com\/si\/","logo":{"@type":"ImageObject","inLanguage":"sl-SI","@id":"https:\/\/hudo.com\/si\/#\/schema\/logo\/image\/","url":"https:\/\/hudo.com\/si\/wp-content\/uploads\/sites\/2\/2021\/03\/hudo-app-2.png","contentUrl":"https:\/\/hudo.com\/si\/wp-content\/uploads\/sites\/2\/2021\/03\/hudo-app-2.png","width":2185,"height":2167,"caption":"VSN Media"},"image":{"@id":"https:\/\/hudo.com\/si\/#\/schema\/logo\/image\/"},"sameAs":["https:\/\/www.facebook.com\/hudo.si","https:\/\/twitter.com\/hudo_si"]},{"@type":"Person","@id":"https:\/\/hudo.com\/si\/#\/schema\/person\/601cf3379633985b20f7e50f2bb47707","name":"hudo","image":{"@type":"ImageObject","inLanguage":"sl-SI","@id":"https:\/\/hudo.com\/si\/#\/schema\/person\/image\/","url":"https:\/\/secure.gravatar.com\/avatar\/c4ca25fa72cace7a696b52ff5db9e095?s=96&d=mm&r=g","contentUrl":"https:\/\/secure.gravatar.com\/avatar\/c4ca25fa72cace7a696b52ff5db9e095?s=96&d=mm&r=g","caption":"hudo"},"url":"https:\/\/hudo.com\/si\/author\/hudo\/"}]}},"amp_enabled":true,"_links":{"self":[{"href":"https:\/\/hudo.com\/si\/wp-json\/wp\/v2\/posts\/128188"}],"collection":[{"href":"https:\/\/hudo.com\/si\/wp-json\/wp\/v2\/posts"}],"about":[{"href":"https:\/\/hudo.com\/si\/wp-json\/wp\/v2\/types\/post"}],"author":[{"embeddable":true,"href":"https:\/\/hudo.com\/si\/wp-json\/wp\/v2\/users\/1"}],"replies":[{"embeddable":true,"href":"https:\/\/hudo.com\/si\/wp-json\/wp\/v2\/comments?post=128188"}],"version-history":[{"count":1,"href":"https:\/\/hudo.com\/si\/wp-json\/wp\/v2\/posts\/128188\/revisions"}],"predecessor-version":[{"id":128354,"href":"https:\/\/hudo.com\/si\/wp-json\/wp\/v2\/posts\/128188\/revisions\/128354"}],"wp:attachment":[{"href":"https:\/\/hudo.com\/si\/wp-json\/wp\/v2\/media?parent=128188"}],"wp:term":[{"taxonomy":"category","embeddable":true,"href":"https:\/\/hudo.com\/si\/wp-json\/wp\/v2\/categories?post=128188"},{"taxonomy":"post_tag","embeddable":true,"href":"https:\/\/hudo.com\/si\/wp-json\/wp\/v2\/tags?post=128188"},{"taxonomy":"source","embeddable":true,"href":"https:\/\/hudo.com\/si\/wp-json\/wp\/v2\/source?post=128188"},{"taxonomy":"supertag","embeddable":true,"href":"https:\/\/hudo.com\/si\/wp-json\/wp\/v2\/supertag?post=128188"}],"curies":[{"name":"wp","href":"https:\/\/api.w.org\/{rel}","templated":true}]}}