{"id":128344,"date":"2016-09-07T07:00:00","date_gmt":"2016-09-07T05:00:00","guid":{"rendered":"http:\/\/hudo.com\/si\/2016\/09\/07\/k-psihiatru-bi-sel-skupaj-z-laudo\/"},"modified":"2016-09-07T22:51:10","modified_gmt":"2016-09-07T20:51:10","slug":"k-psihiatru-bi-sel-skupaj-z-laudo","status":"publish","type":"post","link":"https:\/\/hudo.com\/si\/aktualno\/k-psihiatru-bi-sel-skupaj-z-laudo\/","title":{"rendered":"K psihiatru bi \u0161el skupaj z Laudo"},"content":{"rendered":"<p>Kategorija: Avtomoto Wed, 07 Sep 2016 09:00:00 +0200  Ljubljana \u2013 \u010ce upo\u0161tevamo Mercedesovo prevlado v formuli 1, sta Ferrarijeva dirka\u010da Sebastian Vettel in Kimi R\u00e4ikk\u00f6nen s tretjim in \u010detrtim mestom na veliki nagradi Italije \u2013 kot sta tudi sama izjavila \u2013 dejansko izvlekla najve\u010d, kolikor sta lahko. To je bila tudi prva uvrstitev na zmagovalni oder za mo\u0161tvo iz Maranella po neuspe\u0161nih \u0161tirih dirkah.Toda Ferrarijev predsednik Sergio Marchionne kljub temu ni bil zadovoljen z izkupi\u010dkom. \u00bbNo, dose\u017eka na\u0161ih dirka\u010dev v Monzi nista bila dobra, vendar tudi ne slaba,\u00ab je dal 64-letni Italijan jasno vedeti, da si je od doma\u010de preizku\u0161nje vendarle obetal (\u0161e) ve\u010d. Zato se niti ne trudi skrivati, da po\u010dasi izgublja potrpljenje. \u00bbZ dosedanjo sezono ne moremo biti zadovoljni. Vemo, kje ti\u010dijo na\u0161i problemi, zdaj moramo le \u0161e prave ljudi postaviti na pravi polo\u017eaj in\u00a0&#8230;<\/p>\n","protected":false},"excerpt":{"rendered":"<p>Kategorija: Avtomoto Wed, 07 Sep 2016 09:00:00 +0200  Ljubljana \u2013 \u010ce upo\u0161tevamo Mercedesovo prevlado v formuli 1, sta Ferrarijeva dirka\u010da Sebastian Vettel in Kimi R\u00e4ikk\u00f6nen s tretjim in \u010detrtim mestom na veliki nagradi Italije \u2013 kot sta tudi sama izjavila \u2013 dejansko izvlekla najve\u010d, kolikor sta lahko. To je bila tudi prva uvrstitev na zmagovalni oder za mo\u0161tvo iz Maranella po neuspe\u0161nih \u0161tirih dirkah.Toda Ferrarijev predsednik Sergio Marchionne kljub temu ni bil zadovoljen z izkupi\u010dkom. \u00bbNo, dose\u017eka na\u0161ih dirka\u010dev v Monzi nista bila dobra, vendar tudi ne slaba,\u00ab je dal 64-letni Italijan jasno vedeti, da si je od doma\u010de preizku\u0161nje vendarle obetal (\u0161e) ve\u010d. Zato se niti ne trudi skrivati, da po\u010dasi izgublja potrpljenje. \u00bbZ dosedanjo sezono ne moremo biti zadovoljni. Vemo, kje ti\u010dijo na\u0161i problemi, zdaj moramo le \u0161e prave ljudi postaviti na pravi polo\u017eaj in\u00a0&#8230;<\/p>\n","protected":false},"author":1,"featured_media":0,"comment_status":"closed","ping_status":"closed","sticky":false,"template":"","format":"standard","meta":{"footnotes":""},"categories":[1179],"tags":[],"source":[1703],"supertag":[],"acf":[],"yoast_head":"<!-- This site is optimized with the Yoast SEO plugin v21.3 - https:\/\/yoast.com\/wordpress\/plugins\/seo\/ -->\n<title>K psihiatru bi \u0161el skupaj z Laudo - Hudo Slovenija<\/title>\n<meta name=\"robots\" content=\"index, follow, max-snippet:-1, max-image-preview:large, max-video-preview:-1\" \/>\n<link rel=\"canonical\" href=\"https:\/\/hudo.com\/si\/aktualno\/k-psihiatru-bi-sel-skupaj-z-laudo\/\" \/>\n<meta property=\"og:locale\" content=\"sl_SI\" \/>\n<meta property=\"og:type\" content=\"article\" \/>\n<meta property=\"og:title\" content=\"K psihiatru bi \u0161el skupaj z Laudo - Hudo Slovenija\" \/>\n<meta property=\"og:description\" content=\"Kategorija: Avtomoto Wed, 07 Sep 2016 09:00:00 +0200 Ljubljana \u2013 \u010ce upo\u0161tevamo Mercedesovo prevlado v formuli 1, sta Ferrarijeva dirka\u010da Sebastian Vettel in Kimi R\u00e4ikk\u00f6nen s tretjim in \u010detrtim mestom na veliki nagradi Italije \u2013 kot sta tudi sama izjavila \u2013 dejansko izvlekla najve\u010d, kolikor sta lahko. To je bila tudi prva uvrstitev na zmagovalni oder za mo\u0161tvo iz Maranella po neuspe\u0161nih \u0161tirih dirkah.Toda Ferrarijev predsednik Sergio Marchionne kljub temu ni bil zadovoljen z izkupi\u010dkom. \u00bbNo, dose\u017eka na\u0161ih dirka\u010dev v Monzi nista bila dobra, vendar tudi ne slaba,\u00ab je dal 64-letni Italijan jasno vedeti, da si je od doma\u010de preizku\u0161nje vendarle obetal (\u0161e) ve\u010d. Zato se niti ne trudi skrivati, da po\u010dasi izgublja potrpljenje. \u00bbZ dosedanjo sezono ne moremo biti zadovoljni. Vemo, kje ti\u010dijo na\u0161i problemi, zdaj moramo le \u0161e prave ljudi postaviti na pravi polo\u017eaj in\u00a0...\" \/>\n<meta property=\"og:url\" content=\"https:\/\/hudo.com\/si\/aktualno\/k-psihiatru-bi-sel-skupaj-z-laudo\/\" \/>\n<meta property=\"og:site_name\" content=\"Hudo Slovenija\" \/>\n<meta property=\"article:publisher\" content=\"https:\/\/www.facebook.com\/hudo.si\" \/>\n<meta property=\"article:published_time\" content=\"2016-09-07T05:00:00+00:00\" \/>\n<meta property=\"article:modified_time\" content=\"2016-09-07T20:51:10+00:00\" \/>\n<meta property=\"og:image\" content=\"https:\/\/hudo.com\/si\/wp-content\/uploads\/sites\/2\/2016\/09\/480x290_Sport__AFP_Photo_2016090312.1_hires1.jpeg\" \/>\n\t<meta property=\"og:image:width\" content=\"480\" \/>\n\t<meta property=\"og:image:height\" content=\"290\" \/>\n\t<meta property=\"og:image:type\" content=\"image\/jpeg\" \/>\n<meta name=\"author\" content=\"hudo\" \/>\n<meta name=\"twitter:card\" content=\"summary_large_image\" \/>\n<meta name=\"twitter:creator\" content=\"@hudo_si\" \/>\n<meta name=\"twitter:site\" content=\"@hudo_si\" \/>\n<meta name=\"twitter:label1\" content=\"Written by\" \/>\n\t<meta name=\"twitter:data1\" content=\"hudo\" \/>\n\t<meta name=\"twitter:label2\" content=\"Est. reading time\" \/>\n\t<meta name=\"twitter:data2\" content=\"1 minuta\" \/>\n<script type=\"application\/ld+json\" class=\"yoast-schema-graph\">{\"@context\":\"https:\/\/schema.org\",\"@graph\":[{\"@type\":\"Article\",\"@id\":\"https:\/\/hudo.com\/si\/aktualno\/k-psihiatru-bi-sel-skupaj-z-laudo\/#article\",\"isPartOf\":{\"@id\":\"https:\/\/hudo.com\/si\/aktualno\/k-psihiatru-bi-sel-skupaj-z-laudo\/\"},\"author\":{\"name\":\"hudo\",\"@id\":\"https:\/\/hudo.com\/si\/#\/schema\/person\/601cf3379633985b20f7e50f2bb47707\"},\"headline\":\"K psihiatru bi \u0161el skupaj z Laudo\",\"datePublished\":\"2016-09-07T05:00:00+00:00\",\"dateModified\":\"2016-09-07T20:51:10+00:00\",\"mainEntityOfPage\":{\"@id\":\"https:\/\/hudo.com\/si\/aktualno\/k-psihiatru-bi-sel-skupaj-z-laudo\/\"},\"wordCount\":153,\"publisher\":{\"@id\":\"https:\/\/hudo.com\/si\/#organization\"},\"articleSection\":[\"Aktualno\"],\"inLanguage\":\"sl-SI\"},{\"@type\":\"WebPage\",\"@id\":\"https:\/\/hudo.com\/si\/aktualno\/k-psihiatru-bi-sel-skupaj-z-laudo\/\",\"url\":\"https:\/\/hudo.com\/si\/aktualno\/k-psihiatru-bi-sel-skupaj-z-laudo\/\",\"name\":\"K psihiatru bi \u0161el skupaj z Laudo - Hudo Slovenija\",\"isPartOf\":{\"@id\":\"https:\/\/hudo.com\/si\/#website\"},\"datePublished\":\"2016-09-07T05:00:00+00:00\",\"dateModified\":\"2016-09-07T20:51:10+00:00\",\"breadcrumb\":{\"@id\":\"https:\/\/hudo.com\/si\/aktualno\/k-psihiatru-bi-sel-skupaj-z-laudo\/#breadcrumb\"},\"inLanguage\":\"sl-SI\",\"potentialAction\":[{\"@type\":\"ReadAction\",\"target\":[\"https:\/\/hudo.com\/si\/aktualno\/k-psihiatru-bi-sel-skupaj-z-laudo\/\"]}]},{\"@type\":\"BreadcrumbList\",\"@id\":\"https:\/\/hudo.com\/si\/aktualno\/k-psihiatru-bi-sel-skupaj-z-laudo\/#breadcrumb\",\"itemListElement\":[{\"@type\":\"ListItem\",\"position\":1,\"name\":\"Home\",\"item\":\"https:\/\/hudo.com\/si\/\"},{\"@type\":\"ListItem\",\"position\":2,\"name\":\"K psihiatru bi \u0161el skupaj z Laudo\"}]},{\"@type\":\"WebSite\",\"@id\":\"https:\/\/hudo.com\/si\/#website\",\"url\":\"https:\/\/hudo.com\/si\/\",\"name\":\"Hudo Slovenija\",\"description\":\"Vse novice iz Slovenije in sveta\",\"publisher\":{\"@id\":\"https:\/\/hudo.com\/si\/#organization\"},\"potentialAction\":[{\"@type\":\"SearchAction\",\"target\":{\"@type\":\"EntryPoint\",\"urlTemplate\":\"https:\/\/hudo.com\/si\/?s={search_term_string}\"},\"query-input\":\"required name=search_term_string\"}],\"inLanguage\":\"sl-SI\"},{\"@type\":\"Organization\",\"@id\":\"https:\/\/hudo.com\/si\/#organization\",\"name\":\"VSN Media\",\"url\":\"https:\/\/hudo.com\/si\/\",\"logo\":{\"@type\":\"ImageObject\",\"inLanguage\":\"sl-SI\",\"@id\":\"https:\/\/hudo.com\/si\/#\/schema\/logo\/image\/\",\"url\":\"https:\/\/hudo.com\/si\/wp-content\/uploads\/sites\/2\/2021\/03\/hudo-app-2.png\",\"contentUrl\":\"https:\/\/hudo.com\/si\/wp-content\/uploads\/sites\/2\/2021\/03\/hudo-app-2.png\",\"width\":2185,\"height\":2167,\"caption\":\"VSN Media\"},\"image\":{\"@id\":\"https:\/\/hudo.com\/si\/#\/schema\/logo\/image\/\"},\"sameAs\":[\"https:\/\/www.facebook.com\/hudo.si\",\"https:\/\/twitter.com\/hudo_si\"]},{\"@type\":\"Person\",\"@id\":\"https:\/\/hudo.com\/si\/#\/schema\/person\/601cf3379633985b20f7e50f2bb47707\",\"name\":\"hudo\",\"image\":{\"@type\":\"ImageObject\",\"inLanguage\":\"sl-SI\",\"@id\":\"https:\/\/hudo.com\/si\/#\/schema\/person\/image\/\",\"url\":\"https:\/\/secure.gravatar.com\/avatar\/c4ca25fa72cace7a696b52ff5db9e095?s=96&d=mm&r=g\",\"contentUrl\":\"https:\/\/secure.gravatar.com\/avatar\/c4ca25fa72cace7a696b52ff5db9e095?s=96&d=mm&r=g\",\"caption\":\"hudo\"},\"url\":\"https:\/\/hudo.com\/si\/author\/hudo\/\"}]}<\/script>\n<!-- \/ Yoast SEO plugin. -->","yoast_head_json":{"title":"K psihiatru bi \u0161el skupaj z Laudo - Hudo Slovenija","robots":{"index":"index","follow":"follow","max-snippet":"max-snippet:-1","max-image-preview":"max-image-preview:large","max-video-preview":"max-video-preview:-1"},"canonical":"https:\/\/hudo.com\/si\/aktualno\/k-psihiatru-bi-sel-skupaj-z-laudo\/","og_locale":"sl_SI","og_type":"article","og_title":"K psihiatru bi \u0161el skupaj z Laudo - Hudo Slovenija","og_description":"Kategorija: Avtomoto Wed, 07 Sep 2016 09:00:00 +0200 Ljubljana \u2013 \u010ce upo\u0161tevamo Mercedesovo prevlado v formuli 1, sta Ferrarijeva dirka\u010da Sebastian Vettel in Kimi R\u00e4ikk\u00f6nen s tretjim in \u010detrtim mestom na veliki nagradi Italije \u2013 kot sta tudi sama izjavila \u2013 dejansko izvlekla najve\u010d, kolikor sta lahko. To je bila tudi prva uvrstitev na zmagovalni oder za mo\u0161tvo iz Maranella po neuspe\u0161nih \u0161tirih dirkah.Toda Ferrarijev predsednik Sergio Marchionne kljub temu ni bil zadovoljen z izkupi\u010dkom. \u00bbNo, dose\u017eka na\u0161ih dirka\u010dev v Monzi nista bila dobra, vendar tudi ne slaba,\u00ab je dal 64-letni Italijan jasno vedeti, da si je od doma\u010de preizku\u0161nje vendarle obetal (\u0161e) ve\u010d. Zato se niti ne trudi skrivati, da po\u010dasi izgublja potrpljenje. \u00bbZ dosedanjo sezono ne moremo biti zadovoljni. Vemo, kje ti\u010dijo na\u0161i problemi, zdaj moramo le \u0161e prave ljudi postaviti na pravi polo\u017eaj in\u00a0...","og_url":"https:\/\/hudo.com\/si\/aktualno\/k-psihiatru-bi-sel-skupaj-z-laudo\/","og_site_name":"Hudo Slovenija","article_publisher":"https:\/\/www.facebook.com\/hudo.si","article_published_time":"2016-09-07T05:00:00+00:00","article_modified_time":"2016-09-07T20:51:10+00:00","og_image":[{"width":480,"height":290,"url":"https:\/\/hudo.com\/si\/wp-content\/uploads\/sites\/2\/2016\/09\/480x290_Sport__AFP_Photo_2016090312.1_hires1.jpeg","type":"image\/jpeg"}],"author":"hudo","twitter_card":"summary_large_image","twitter_creator":"@hudo_si","twitter_site":"@hudo_si","twitter_misc":{"Written by":"hudo","Est. reading time":"1 minuta"},"schema":{"@context":"https:\/\/schema.org","@graph":[{"@type":"Article","@id":"https:\/\/hudo.com\/si\/aktualno\/k-psihiatru-bi-sel-skupaj-z-laudo\/#article","isPartOf":{"@id":"https:\/\/hudo.com\/si\/aktualno\/k-psihiatru-bi-sel-skupaj-z-laudo\/"},"author":{"name":"hudo","@id":"https:\/\/hudo.com\/si\/#\/schema\/person\/601cf3379633985b20f7e50f2bb47707"},"headline":"K psihiatru bi \u0161el skupaj z Laudo","datePublished":"2016-09-07T05:00:00+00:00","dateModified":"2016-09-07T20:51:10+00:00","mainEntityOfPage":{"@id":"https:\/\/hudo.com\/si\/aktualno\/k-psihiatru-bi-sel-skupaj-z-laudo\/"},"wordCount":153,"publisher":{"@id":"https:\/\/hudo.com\/si\/#organization"},"articleSection":["Aktualno"],"inLanguage":"sl-SI"},{"@type":"WebPage","@id":"https:\/\/hudo.com\/si\/aktualno\/k-psihiatru-bi-sel-skupaj-z-laudo\/","url":"https:\/\/hudo.com\/si\/aktualno\/k-psihiatru-bi-sel-skupaj-z-laudo\/","name":"K psihiatru bi \u0161el skupaj z Laudo - Hudo Slovenija","isPartOf":{"@id":"https:\/\/hudo.com\/si\/#website"},"datePublished":"2016-09-07T05:00:00+00:00","dateModified":"2016-09-07T20:51:10+00:00","breadcrumb":{"@id":"https:\/\/hudo.com\/si\/aktualno\/k-psihiatru-bi-sel-skupaj-z-laudo\/#breadcrumb"},"inLanguage":"sl-SI","potentialAction":[{"@type":"ReadAction","target":["https:\/\/hudo.com\/si\/aktualno\/k-psihiatru-bi-sel-skupaj-z-laudo\/"]}]},{"@type":"BreadcrumbList","@id":"https:\/\/hudo.com\/si\/aktualno\/k-psihiatru-bi-sel-skupaj-z-laudo\/#breadcrumb","itemListElement":[{"@type":"ListItem","position":1,"name":"Home","item":"https:\/\/hudo.com\/si\/"},{"@type":"ListItem","position":2,"name":"K psihiatru bi \u0161el skupaj z Laudo"}]},{"@type":"WebSite","@id":"https:\/\/hudo.com\/si\/#website","url":"https:\/\/hudo.com\/si\/","name":"Hudo Slovenija","description":"Vse novice iz Slovenije in sveta","publisher":{"@id":"https:\/\/hudo.com\/si\/#organization"},"potentialAction":[{"@type":"SearchAction","target":{"@type":"EntryPoint","urlTemplate":"https:\/\/hudo.com\/si\/?s={search_term_string}"},"query-input":"required name=search_term_string"}],"inLanguage":"sl-SI"},{"@type":"Organization","@id":"https:\/\/hudo.com\/si\/#organization","name":"VSN Media","url":"https:\/\/hudo.com\/si\/","logo":{"@type":"ImageObject","inLanguage":"sl-SI","@id":"https:\/\/hudo.com\/si\/#\/schema\/logo\/image\/","url":"https:\/\/hudo.com\/si\/wp-content\/uploads\/sites\/2\/2021\/03\/hudo-app-2.png","contentUrl":"https:\/\/hudo.com\/si\/wp-content\/uploads\/sites\/2\/2021\/03\/hudo-app-2.png","width":2185,"height":2167,"caption":"VSN Media"},"image":{"@id":"https:\/\/hudo.com\/si\/#\/schema\/logo\/image\/"},"sameAs":["https:\/\/www.facebook.com\/hudo.si","https:\/\/twitter.com\/hudo_si"]},{"@type":"Person","@id":"https:\/\/hudo.com\/si\/#\/schema\/person\/601cf3379633985b20f7e50f2bb47707","name":"hudo","image":{"@type":"ImageObject","inLanguage":"sl-SI","@id":"https:\/\/hudo.com\/si\/#\/schema\/person\/image\/","url":"https:\/\/secure.gravatar.com\/avatar\/c4ca25fa72cace7a696b52ff5db9e095?s=96&d=mm&r=g","contentUrl":"https:\/\/secure.gravatar.com\/avatar\/c4ca25fa72cace7a696b52ff5db9e095?s=96&d=mm&r=g","caption":"hudo"},"url":"https:\/\/hudo.com\/si\/author\/hudo\/"}]}},"amp_enabled":true,"_links":{"self":[{"href":"https:\/\/hudo.com\/si\/wp-json\/wp\/v2\/posts\/128344"}],"collection":[{"href":"https:\/\/hudo.com\/si\/wp-json\/wp\/v2\/posts"}],"about":[{"href":"https:\/\/hudo.com\/si\/wp-json\/wp\/v2\/types\/post"}],"author":[{"embeddable":true,"href":"https:\/\/hudo.com\/si\/wp-json\/wp\/v2\/users\/1"}],"replies":[{"embeddable":true,"href":"https:\/\/hudo.com\/si\/wp-json\/wp\/v2\/comments?post=128344"}],"version-history":[{"count":1,"href":"https:\/\/hudo.com\/si\/wp-json\/wp\/v2\/posts\/128344\/revisions"}],"predecessor-version":[{"id":128466,"href":"https:\/\/hudo.com\/si\/wp-json\/wp\/v2\/posts\/128344\/revisions\/128466"}],"wp:attachment":[{"href":"https:\/\/hudo.com\/si\/wp-json\/wp\/v2\/media?parent=128344"}],"wp:term":[{"taxonomy":"category","embeddable":true,"href":"https:\/\/hudo.com\/si\/wp-json\/wp\/v2\/categories?post=128344"},{"taxonomy":"post_tag","embeddable":true,"href":"https:\/\/hudo.com\/si\/wp-json\/wp\/v2\/tags?post=128344"},{"taxonomy":"source","embeddable":true,"href":"https:\/\/hudo.com\/si\/wp-json\/wp\/v2\/source?post=128344"},{"taxonomy":"supertag","embeddable":true,"href":"https:\/\/hudo.com\/si\/wp-json\/wp\/v2\/supertag?post=128344"}],"curies":[{"name":"wp","href":"https:\/\/api.w.org\/{rel}","templated":true}]}}