{"id":12941,"date":"2015-12-02T09:28:31","date_gmt":"2015-12-02T08:28:31","guid":{"rendered":"http:\/\/master.hudo.com\/si\/2015\/12\/02\/savina-atai-vabi-na-popolni-dan-za-popolne-zenske-na-gospodarsko-razstavisce\/"},"modified":"2015-12-02T09:28:31","modified_gmt":"2015-12-02T08:28:31","slug":"savina-atai-vabi-na-popolni-dan-za-popolne-zenske-na-gospodarsko-razstavisce","status":"publish","type":"post","link":"https:\/\/hudo.com\/si\/lifestyle\/savina-atai-vabi-na-popolni-dan-za-popolne-zenske-na-gospodarsko-razstavisce\/","title":{"rendered":"Savina Atai vabi na Popolni dan za Popolne \u017eenske na Gospodarsko razstavi\u0161\u010de!"},"content":{"rendered":"<p><a href=\"http:\/\/www.zenska.si\/prosti-cas\/zanimivi-dogodki\/savina-atai-vabi-na-popolni-dan-za-popolne-zenske-na-gospodarsko-razstavisce\/galerija\/popolni-dan\/\" rel=\"attachment wp-att-250083\"><img loading=\"lazy\" decoding=\"async\" class=\"alignnone size-large wp-image-250083\" src=\"http:\/\/www.zenska.si\/files\/2015\/12\/popolni-dan-660x660.jpg\" alt=\"Popolni dan\" width=\"660\" height=\"660\" \/><\/a><\/p>\n<p><span style=\"font-weight: 400;\">Skozi cel dan boste imele prilo\u017enost vsrkati dragoceno znanje o super\u017eivilih, jogi obraza, se nau\u010dili vaj, in skrivnosti lepe ko\u017ee, \u010diste energije, hormonskega ravnovesja, za\u0161\u010dite pred stresom &#8230; Vseh 10 delavnic, mini \u0161ol in vadb boste obiskovalke izvedle pred velikim odrom v dru\u017ebi Savine Atai in \u0161tevilnih in\u0161truktoric. Dogodek pa ne bo posve\u010den samo \u017eenskam, temve\u010d tudi va\u0161im dru\u017einam.<\/span><\/p>\n<p><a href=\"http:\/\/www.zenska.si\/prosti-cas\/zanimivi-dogodki\/savina-atai-vabi-na-popolni-dan-za-popolne-zenske-na-gospodarsko-razstavisce\/galerija\/bazar-dobrih-daril\/\" rel=\"attachment wp-att-250082\"><img loading=\"lazy\" decoding=\"async\" class=\"alignnone size-large wp-image-250082\" src=\"http:\/\/www.zenska.si\/files\/2015\/12\/bazar-dobrih-daril-660x660.jpg\" alt=\"Bazar dobrih daril\" width=\"660\" height=\"660\" \/><\/a><\/p>\n<p><span style=\"font-weight: 400;\">Letos bo namre\u010d poleg izobra\u017eevalnega programa Popolnega dne, potekal tudi <\/span><b>prvi predprazni\u010dni Bazar dobrih daril z miklav\u017eevanjem za vso dru\u017eino in predstavama za otroke Ma\u0161a in medved ter Ma\u010dek Muri<\/b><span style=\"font-weight: 400;\">, na katerem boste lahko kupili vsa zdrava, lepa darila in letos obdarovali va\u0161e najbli\u017eje s posebno pozornostjo. Na bazarju boste na\u0161li zdrave izdelke, kreativna in domiselna darila, najkvalitetnej\u0161e produkte in najnaprednej\u0161e storitve. Vstopnina za dogodek Popolni dan \u017ee vklju\u010duje tudi obisk predprazni\u010dnega bazarja. Lahko pa obi\u0161\u010dete le Bazar.<\/span><\/p>\n<p><span style=\"font-weight: 400;\">Veliki oder bo gostil tudi prav posebne gostje, \u017eenske, ki so in ki bodo s svojim spodbudnim delovanjem delile svojo zgodbo. Te \u017eenske so: <\/span><b>Rebeka Dremelj, Tanja Ribi\u010d, dr. \u0160pelca Morojna, Azra \u0160irovnik, Neli Rep, Elizabet Brandt, Polona Sepe<\/b><span style=\"font-weight: 400;\">.<\/span><\/p>\n<p><span style=\"font-weight: 400;\">Vse Popolne \u017eenske in dru\u017eine se boste lahko dru\u017eile v nedeljo, 6. decembra, na Gospodarskem razstavi\u0161\u010du od 10. do 19. ure.<\/span><\/p>\n<p><span style=\"font-weight: 400;\">Izbirate lahko med dvema vrstama vstopnice:<\/span><\/p>\n<ul>\n<li style=\"font-weight: 400;\"><span style=\"font-weight: 400;\">vstopnica za Popolni dan, ki vklju\u010duje obisk celotnega programa in bazarja (redna cena dogodka je 40 EUR)<\/span><\/li>\n<li style=\"font-weight: 400;\"><span style=\"font-weight: 400;\">vstopnica za predprazni\u010dni Bazar dobrih daril, ki vklju\u010duje obisk bazarja je 5 EUR.<\/span><\/li>\n<\/ul>\n<p><b>Otroci do 8. leta imajo brezpla\u010den vstop!<\/b><\/p>\n<p>&nbsp;<\/p>\n<p><span style=\"font-weight: 400;\">Oddajte svojo prijavnico tukaj &gt;&gt; <\/span><a href=\"http:\/\/www.popolnidan.com\"><span style=\"font-weight: 400;\">www.popolnidan.com<\/span><\/a><\/p>\n","protected":false},"excerpt":{"rendered":"<p>Popolni dan, ki bo na Gospodarskem razstavi\u0161\u010du potekal 6. decembra 2015, v ospredje postavlja \u017eensko, ki se ceni, spo\u0161tuje, ki je pripravljena na spremembo pri sebi in je inspiracija za premike pri drugih. S svojo ne\u017enostjo, a hkrati neomajno mo\u010djo je zgled celotni dru\u017eini, skupnosti in vsem \u017eenskam okoli nje. \u017denske bi morale biti ena drugi kot mame, zaveznice, u\u010diteljice, podpornice \u2013 ne v smislu la\u017enih smehljajev, temve\u010d iskrenosti.<\/p>\n","protected":false},"author":1,"featured_media":0,"comment_status":"closed","ping_status":"closed","sticky":false,"template":"","format":"standard","meta":{"footnotes":""},"categories":[1091],"tags":[3001,3002],"source":[1381,1382,1334],"supertag":[],"acf":[],"yoast_head":"<!-- This site is optimized with the Yoast SEO plugin v21.3 - https:\/\/yoast.com\/wordpress\/plugins\/seo\/ -->\n<title>Savina Atai vabi na Popolni dan za Popolne \u017eenske na Gospodarsko razstavi\u0161\u010de! - Hudo Slovenija<\/title>\n<meta name=\"robots\" content=\"index, follow, max-snippet:-1, max-image-preview:large, max-video-preview:-1\" \/>\n<link rel=\"canonical\" href=\"https:\/\/hudo.com\/si\/lifestyle\/savina-atai-vabi-na-popolni-dan-za-popolne-zenske-na-gospodarsko-razstavisce\/\" \/>\n<meta property=\"og:locale\" content=\"sl_SI\" \/>\n<meta property=\"og:type\" content=\"article\" \/>\n<meta property=\"og:title\" content=\"Savina Atai vabi na Popolni dan za Popolne \u017eenske na Gospodarsko razstavi\u0161\u010de! - Hudo Slovenija\" \/>\n<meta property=\"og:description\" content=\"Popolni dan, ki bo na Gospodarskem razstavi\u0161\u010du potekal 6. decembra 2015, v ospredje postavlja \u017eensko, ki se ceni, spo\u0161tuje, ki je pripravljena na spremembo pri sebi in je inspiracija za premike pri drugih. S svojo ne\u017enostjo, a hkrati neomajno mo\u010djo je zgled celotni dru\u017eini, skupnosti in vsem \u017eenskam okoli nje. \u017denske bi morale biti ena drugi kot mame, zaveznice, u\u010diteljice, podpornice \u2013 ne v smislu la\u017enih smehljajev, temve\u010d iskrenosti.\" \/>\n<meta property=\"og:url\" content=\"https:\/\/hudo.com\/si\/lifestyle\/savina-atai-vabi-na-popolni-dan-za-popolne-zenske-na-gospodarsko-razstavisce\/\" \/>\n<meta property=\"og:site_name\" content=\"Hudo Slovenija\" \/>\n<meta property=\"article:publisher\" content=\"https:\/\/www.facebook.com\/hudo.si\" \/>\n<meta property=\"article:published_time\" content=\"2015-12-02T08:28:31+00:00\" \/>\n<meta property=\"og:image\" content=\"https:\/\/hudo.com\/si\/wp-content\/uploads\/sites\/2\/2016\/04\/popolni-dan.jpg\" \/>\n\t<meta property=\"og:image:width\" content=\"960\" \/>\n\t<meta property=\"og:image:height\" content=\"960\" \/>\n\t<meta property=\"og:image:type\" content=\"image\/jpeg\" \/>\n<meta name=\"author\" content=\"hudo\" \/>\n<meta name=\"twitter:card\" content=\"summary_large_image\" \/>\n<meta name=\"twitter:creator\" content=\"@hudo_si\" \/>\n<meta name=\"twitter:site\" content=\"@hudo_si\" \/>\n<meta name=\"twitter:label1\" content=\"Written by\" \/>\n\t<meta name=\"twitter:data1\" content=\"hudo\" \/>\n\t<meta name=\"twitter:label2\" content=\"Est. reading time\" \/>\n\t<meta name=\"twitter:data2\" content=\"1 minuta\" \/>\n<script type=\"application\/ld+json\" class=\"yoast-schema-graph\">{\"@context\":\"https:\/\/schema.org\",\"@graph\":[{\"@type\":\"Article\",\"@id\":\"https:\/\/hudo.com\/si\/lifestyle\/savina-atai-vabi-na-popolni-dan-za-popolne-zenske-na-gospodarsko-razstavisce\/#article\",\"isPartOf\":{\"@id\":\"https:\/\/hudo.com\/si\/lifestyle\/savina-atai-vabi-na-popolni-dan-za-popolne-zenske-na-gospodarsko-razstavisce\/\"},\"author\":{\"name\":\"hudo\",\"@id\":\"https:\/\/hudo.com\/si\/#\/schema\/person\/601cf3379633985b20f7e50f2bb47707\"},\"headline\":\"Savina Atai vabi na Popolni dan za Popolne \u017eenske na Gospodarsko razstavi\u0161\u010de!\",\"datePublished\":\"2015-12-02T08:28:31+00:00\",\"dateModified\":\"2015-12-02T08:28:31+00:00\",\"mainEntityOfPage\":{\"@id\":\"https:\/\/hudo.com\/si\/lifestyle\/savina-atai-vabi-na-popolni-dan-za-popolne-zenske-na-gospodarsko-razstavisce\/\"},\"wordCount\":286,\"publisher\":{\"@id\":\"https:\/\/hudo.com\/si\/#organization\"},\"keywords\":[\"Popolni dan s Savino Atai\",\"Savina Atai\"],\"articleSection\":[\"Lifestyle\"],\"inLanguage\":\"sl-SI\"},{\"@type\":\"WebPage\",\"@id\":\"https:\/\/hudo.com\/si\/lifestyle\/savina-atai-vabi-na-popolni-dan-za-popolne-zenske-na-gospodarsko-razstavisce\/\",\"url\":\"https:\/\/hudo.com\/si\/lifestyle\/savina-atai-vabi-na-popolni-dan-za-popolne-zenske-na-gospodarsko-razstavisce\/\",\"name\":\"Savina Atai vabi na Popolni dan za Popolne \u017eenske na Gospodarsko razstavi\u0161\u010de! - Hudo Slovenija\",\"isPartOf\":{\"@id\":\"https:\/\/hudo.com\/si\/#website\"},\"datePublished\":\"2015-12-02T08:28:31+00:00\",\"dateModified\":\"2015-12-02T08:28:31+00:00\",\"breadcrumb\":{\"@id\":\"https:\/\/hudo.com\/si\/lifestyle\/savina-atai-vabi-na-popolni-dan-za-popolne-zenske-na-gospodarsko-razstavisce\/#breadcrumb\"},\"inLanguage\":\"sl-SI\",\"potentialAction\":[{\"@type\":\"ReadAction\",\"target\":[\"https:\/\/hudo.com\/si\/lifestyle\/savina-atai-vabi-na-popolni-dan-za-popolne-zenske-na-gospodarsko-razstavisce\/\"]}]},{\"@type\":\"BreadcrumbList\",\"@id\":\"https:\/\/hudo.com\/si\/lifestyle\/savina-atai-vabi-na-popolni-dan-za-popolne-zenske-na-gospodarsko-razstavisce\/#breadcrumb\",\"itemListElement\":[{\"@type\":\"ListItem\",\"position\":1,\"name\":\"Home\",\"item\":\"https:\/\/hudo.com\/si\/\"},{\"@type\":\"ListItem\",\"position\":2,\"name\":\"Savina Atai vabi na Popolni dan za Popolne \u017eenske na Gospodarsko razstavi\u0161\u010de!\"}]},{\"@type\":\"WebSite\",\"@id\":\"https:\/\/hudo.com\/si\/#website\",\"url\":\"https:\/\/hudo.com\/si\/\",\"name\":\"Hudo Slovenija\",\"description\":\"Vse novice iz Slovenije in sveta\",\"publisher\":{\"@id\":\"https:\/\/hudo.com\/si\/#organization\"},\"potentialAction\":[{\"@type\":\"SearchAction\",\"target\":{\"@type\":\"EntryPoint\",\"urlTemplate\":\"https:\/\/hudo.com\/si\/?s={search_term_string}\"},\"query-input\":\"required name=search_term_string\"}],\"inLanguage\":\"sl-SI\"},{\"@type\":\"Organization\",\"@id\":\"https:\/\/hudo.com\/si\/#organization\",\"name\":\"VSN Media\",\"url\":\"https:\/\/hudo.com\/si\/\",\"logo\":{\"@type\":\"ImageObject\",\"inLanguage\":\"sl-SI\",\"@id\":\"https:\/\/hudo.com\/si\/#\/schema\/logo\/image\/\",\"url\":\"https:\/\/hudo.com\/si\/wp-content\/uploads\/sites\/2\/2021\/03\/hudo-app-2.png\",\"contentUrl\":\"https:\/\/hudo.com\/si\/wp-content\/uploads\/sites\/2\/2021\/03\/hudo-app-2.png\",\"width\":2185,\"height\":2167,\"caption\":\"VSN Media\"},\"image\":{\"@id\":\"https:\/\/hudo.com\/si\/#\/schema\/logo\/image\/\"},\"sameAs\":[\"https:\/\/www.facebook.com\/hudo.si\",\"https:\/\/twitter.com\/hudo_si\"]},{\"@type\":\"Person\",\"@id\":\"https:\/\/hudo.com\/si\/#\/schema\/person\/601cf3379633985b20f7e50f2bb47707\",\"name\":\"hudo\",\"image\":{\"@type\":\"ImageObject\",\"inLanguage\":\"sl-SI\",\"@id\":\"https:\/\/hudo.com\/si\/#\/schema\/person\/image\/\",\"url\":\"https:\/\/secure.gravatar.com\/avatar\/c4ca25fa72cace7a696b52ff5db9e095?s=96&d=mm&r=g\",\"contentUrl\":\"https:\/\/secure.gravatar.com\/avatar\/c4ca25fa72cace7a696b52ff5db9e095?s=96&d=mm&r=g\",\"caption\":\"hudo\"},\"url\":\"https:\/\/hudo.com\/si\/author\/hudo\/\"}]}<\/script>\n<!-- \/ Yoast SEO plugin. -->","yoast_head_json":{"title":"Savina Atai vabi na Popolni dan za Popolne \u017eenske na Gospodarsko razstavi\u0161\u010de! - Hudo Slovenija","robots":{"index":"index","follow":"follow","max-snippet":"max-snippet:-1","max-image-preview":"max-image-preview:large","max-video-preview":"max-video-preview:-1"},"canonical":"https:\/\/hudo.com\/si\/lifestyle\/savina-atai-vabi-na-popolni-dan-za-popolne-zenske-na-gospodarsko-razstavisce\/","og_locale":"sl_SI","og_type":"article","og_title":"Savina Atai vabi na Popolni dan za Popolne \u017eenske na Gospodarsko razstavi\u0161\u010de! - Hudo Slovenija","og_description":"Popolni dan, ki bo na Gospodarskem razstavi\u0161\u010du potekal 6. decembra 2015, v ospredje postavlja \u017eensko, ki se ceni, spo\u0161tuje, ki je pripravljena na spremembo pri sebi in je inspiracija za premike pri drugih. S svojo ne\u017enostjo, a hkrati neomajno mo\u010djo je zgled celotni dru\u017eini, skupnosti in vsem \u017eenskam okoli nje. \u017denske bi morale biti ena drugi kot mame, zaveznice, u\u010diteljice, podpornice \u2013 ne v smislu la\u017enih smehljajev, temve\u010d iskrenosti.","og_url":"https:\/\/hudo.com\/si\/lifestyle\/savina-atai-vabi-na-popolni-dan-za-popolne-zenske-na-gospodarsko-razstavisce\/","og_site_name":"Hudo Slovenija","article_publisher":"https:\/\/www.facebook.com\/hudo.si","article_published_time":"2015-12-02T08:28:31+00:00","og_image":[{"width":960,"height":960,"url":"https:\/\/hudo.com\/si\/wp-content\/uploads\/sites\/2\/2016\/04\/popolni-dan.jpg","type":"image\/jpeg"}],"author":"hudo","twitter_card":"summary_large_image","twitter_creator":"@hudo_si","twitter_site":"@hudo_si","twitter_misc":{"Written by":"hudo","Est. reading time":"1 minuta"},"schema":{"@context":"https:\/\/schema.org","@graph":[{"@type":"Article","@id":"https:\/\/hudo.com\/si\/lifestyle\/savina-atai-vabi-na-popolni-dan-za-popolne-zenske-na-gospodarsko-razstavisce\/#article","isPartOf":{"@id":"https:\/\/hudo.com\/si\/lifestyle\/savina-atai-vabi-na-popolni-dan-za-popolne-zenske-na-gospodarsko-razstavisce\/"},"author":{"name":"hudo","@id":"https:\/\/hudo.com\/si\/#\/schema\/person\/601cf3379633985b20f7e50f2bb47707"},"headline":"Savina Atai vabi na Popolni dan za Popolne \u017eenske na Gospodarsko razstavi\u0161\u010de!","datePublished":"2015-12-02T08:28:31+00:00","dateModified":"2015-12-02T08:28:31+00:00","mainEntityOfPage":{"@id":"https:\/\/hudo.com\/si\/lifestyle\/savina-atai-vabi-na-popolni-dan-za-popolne-zenske-na-gospodarsko-razstavisce\/"},"wordCount":286,"publisher":{"@id":"https:\/\/hudo.com\/si\/#organization"},"keywords":["Popolni dan s Savino Atai","Savina Atai"],"articleSection":["Lifestyle"],"inLanguage":"sl-SI"},{"@type":"WebPage","@id":"https:\/\/hudo.com\/si\/lifestyle\/savina-atai-vabi-na-popolni-dan-za-popolne-zenske-na-gospodarsko-razstavisce\/","url":"https:\/\/hudo.com\/si\/lifestyle\/savina-atai-vabi-na-popolni-dan-za-popolne-zenske-na-gospodarsko-razstavisce\/","name":"Savina Atai vabi na Popolni dan za Popolne \u017eenske na Gospodarsko razstavi\u0161\u010de! - Hudo Slovenija","isPartOf":{"@id":"https:\/\/hudo.com\/si\/#website"},"datePublished":"2015-12-02T08:28:31+00:00","dateModified":"2015-12-02T08:28:31+00:00","breadcrumb":{"@id":"https:\/\/hudo.com\/si\/lifestyle\/savina-atai-vabi-na-popolni-dan-za-popolne-zenske-na-gospodarsko-razstavisce\/#breadcrumb"},"inLanguage":"sl-SI","potentialAction":[{"@type":"ReadAction","target":["https:\/\/hudo.com\/si\/lifestyle\/savina-atai-vabi-na-popolni-dan-za-popolne-zenske-na-gospodarsko-razstavisce\/"]}]},{"@type":"BreadcrumbList","@id":"https:\/\/hudo.com\/si\/lifestyle\/savina-atai-vabi-na-popolni-dan-za-popolne-zenske-na-gospodarsko-razstavisce\/#breadcrumb","itemListElement":[{"@type":"ListItem","position":1,"name":"Home","item":"https:\/\/hudo.com\/si\/"},{"@type":"ListItem","position":2,"name":"Savina Atai vabi na Popolni dan za Popolne \u017eenske na Gospodarsko razstavi\u0161\u010de!"}]},{"@type":"WebSite","@id":"https:\/\/hudo.com\/si\/#website","url":"https:\/\/hudo.com\/si\/","name":"Hudo Slovenija","description":"Vse novice iz Slovenije in sveta","publisher":{"@id":"https:\/\/hudo.com\/si\/#organization"},"potentialAction":[{"@type":"SearchAction","target":{"@type":"EntryPoint","urlTemplate":"https:\/\/hudo.com\/si\/?s={search_term_string}"},"query-input":"required name=search_term_string"}],"inLanguage":"sl-SI"},{"@type":"Organization","@id":"https:\/\/hudo.com\/si\/#organization","name":"VSN Media","url":"https:\/\/hudo.com\/si\/","logo":{"@type":"ImageObject","inLanguage":"sl-SI","@id":"https:\/\/hudo.com\/si\/#\/schema\/logo\/image\/","url":"https:\/\/hudo.com\/si\/wp-content\/uploads\/sites\/2\/2021\/03\/hudo-app-2.png","contentUrl":"https:\/\/hudo.com\/si\/wp-content\/uploads\/sites\/2\/2021\/03\/hudo-app-2.png","width":2185,"height":2167,"caption":"VSN Media"},"image":{"@id":"https:\/\/hudo.com\/si\/#\/schema\/logo\/image\/"},"sameAs":["https:\/\/www.facebook.com\/hudo.si","https:\/\/twitter.com\/hudo_si"]},{"@type":"Person","@id":"https:\/\/hudo.com\/si\/#\/schema\/person\/601cf3379633985b20f7e50f2bb47707","name":"hudo","image":{"@type":"ImageObject","inLanguage":"sl-SI","@id":"https:\/\/hudo.com\/si\/#\/schema\/person\/image\/","url":"https:\/\/secure.gravatar.com\/avatar\/c4ca25fa72cace7a696b52ff5db9e095?s=96&d=mm&r=g","contentUrl":"https:\/\/secure.gravatar.com\/avatar\/c4ca25fa72cace7a696b52ff5db9e095?s=96&d=mm&r=g","caption":"hudo"},"url":"https:\/\/hudo.com\/si\/author\/hudo\/"}]}},"amp_enabled":true,"_links":{"self":[{"href":"https:\/\/hudo.com\/si\/wp-json\/wp\/v2\/posts\/12941"}],"collection":[{"href":"https:\/\/hudo.com\/si\/wp-json\/wp\/v2\/posts"}],"about":[{"href":"https:\/\/hudo.com\/si\/wp-json\/wp\/v2\/types\/post"}],"author":[{"embeddable":true,"href":"https:\/\/hudo.com\/si\/wp-json\/wp\/v2\/users\/1"}],"replies":[{"embeddable":true,"href":"https:\/\/hudo.com\/si\/wp-json\/wp\/v2\/comments?post=12941"}],"version-history":[{"count":0,"href":"https:\/\/hudo.com\/si\/wp-json\/wp\/v2\/posts\/12941\/revisions"}],"wp:attachment":[{"href":"https:\/\/hudo.com\/si\/wp-json\/wp\/v2\/media?parent=12941"}],"wp:term":[{"taxonomy":"category","embeddable":true,"href":"https:\/\/hudo.com\/si\/wp-json\/wp\/v2\/categories?post=12941"},{"taxonomy":"post_tag","embeddable":true,"href":"https:\/\/hudo.com\/si\/wp-json\/wp\/v2\/tags?post=12941"},{"taxonomy":"source","embeddable":true,"href":"https:\/\/hudo.com\/si\/wp-json\/wp\/v2\/source?post=12941"},{"taxonomy":"supertag","embeddable":true,"href":"https:\/\/hudo.com\/si\/wp-json\/wp\/v2\/supertag?post=12941"}],"curies":[{"name":"wp","href":"https:\/\/api.w.org\/{rel}","templated":true}]}}