{"id":129549,"date":"2016-09-09T11:15:45","date_gmt":"2016-09-09T09:15:45","guid":{"rendered":"http:\/\/hudo.com\/si\/?p=129549"},"modified":"2016-09-09T11:33:27","modified_gmt":"2016-09-09T09:33:27","slug":"sef-evroskupine-kriticno-grcije-poleti-storjeno-premalo","status":"publish","type":"post","link":"https:\/\/hudo.com\/si\/aktualno\/sef-evroskupine-kriticno-grcije-poleti-storjeno-premalo\/","title":{"rendered":"Evropa kriti\u010dna do Gr\u010dije: Poleti je bilo storjeno premalo"},"content":{"rendered":"<p>&#8220;Poleti je bilo storjenega premalo, a je to mogo\u010de pojasniti &#8230; Vsi potrebujemo odmor, vendar pa bo sedaj treba pritisniti na plin in se vrniti na delo,&#8221; je ob prihodu na sre\u010danje novinarjem dejal Dijsselbloem. &#8220;Pritisk se nadaljuje,&#8221; je dodal.<\/p>\n<p>Gr\u010dija bo danes v ospredju sre\u010danja ministrov dr\u017eav obmo\u010dja z evrom v slova\u0161ki prestolnici, ki se ga v funkciji finan\u010dne ministrice udele\u017euje tudi Alenka Smerkolj.<\/p>\n<p>Razpravljali bodo o napredku pri izvajanju tretjega programa pomo\u010di in uresni\u010devanju dogovorjenih ciljev. Gre za 15 ciljev, ki se med drugim nana\u0161ajo na privatizacijo, upravljanje bank in energetski sektor. Od njihove izpolnitve je odvisno izpla\u010dilo drugega obroka druge tran\u0161e pomo\u010di, ki zna\u0161a skupno 10,3 milijarde evrov.<\/p>\n<p>Gr\u010dija je junija prejela 7,5 milijarde evrov. O izpla\u010dilu preostalih 2,8 milijarde ministri tokrat sicer \u0161e ne bodo odlo\u010dali.<\/p>\n<p>Atene so se z mednarodnimi posojilodajalci dogovorile, da bodo omenjene cilje izpolnile do sredine septembra, a viri pri evroskupini so nedavno dali vedeti, da njihovo izpolnitev pri\u010dakujejo do konca meseca.<\/p>\n<p>&#8220;Upam, da bomo konec meseca videli veliko ve\u010d napredka,&#8221; je \u0161e dejal Dijsselbloem.<\/p>\n<p>&#8220;Da smo pri Gr\u010diji pri\u010da uresni\u010ditvi dogovorjenih ukrepov \u0161ele v sklepni fazi dogovorjenega \u010dasovnega roka, ni vendar ni\u010d novega,&#8221; pa je gr\u0161ko izpolnjevanje zavez komentiral nem\u0161ki finan\u010dni minister Wolfgang Sch\u00e4uble. Po njegovem mnenju je nekaj \u010dasa sicer \u0161e na voljo. A Gr\u010dija lahko izpla\u010dilo naslednjega obroka pri\u010dakuje \u0161ele, ko bo izpolnila vse obveznosti, je \u0161e opozoril Sch\u00e4uble.<\/p>\n<p>V okviru tretjega programa pomo\u010di je Gr\u010diji zagotovljena finan\u010dna pomo\u010d v vi\u0161ini do 86 milijard evrov iz Evropskega mehanizma za stabilnost, vendar pa mora dr\u017eava izvesti potrebne reforme, da bi se znova vrnila na pot gospodarske rasti.<\/p>\n","protected":false},"excerpt":{"rendered":"<p>Gr\u010dija bo morala pospe\u0161iti uresni\u010devanje dogovorjenih reform v okviru tretjega programa pomo\u010di, je prepri\u010dan predsednik evroskupine Jeroen Dijsselbloem. Atene so namre\u010d poleti naredile premalo pri izpolnjevanju dogovorjenih zavez, je dejal pred za\u010detkom neformalnega sre\u010danja finan\u010dnih ministrov evroskupine v Bratislavi.<\/p>\n","protected":false},"author":8,"featured_media":129558,"comment_status":"closed","ping_status":"closed","sticky":false,"template":"","format":"standard","meta":{"footnotes":""},"categories":[1179],"tags":[4548,3235],"source":[],"supertag":[6103],"acf":[],"yoast_head":"<!-- This site is optimized with the Yoast SEO plugin v21.3 - https:\/\/yoast.com\/wordpress\/plugins\/seo\/ -->\n<title>Evropa kriti\u010dna do Gr\u010dije: Poleti je bilo storjeno premalo - Hudo Slovenija<\/title>\n<meta name=\"robots\" content=\"index, follow, max-snippet:-1, max-image-preview:large, max-video-preview:-1\" \/>\n<link rel=\"canonical\" href=\"https:\/\/hudo.com\/si\/aktualno\/sef-evroskupine-kriticno-grcije-poleti-storjeno-premalo\/\" \/>\n<meta property=\"og:locale\" content=\"sl_SI\" \/>\n<meta property=\"og:type\" content=\"article\" \/>\n<meta property=\"og:title\" content=\"Evropa kriti\u010dna do Gr\u010dije: Poleti je bilo storjeno premalo - Hudo Slovenija\" \/>\n<meta property=\"og:description\" content=\"Gr\u010dija bo morala pospe\u0161iti uresni\u010devanje dogovorjenih reform v okviru tretjega programa pomo\u010di, je prepri\u010dan predsednik evroskupine Jeroen Dijsselbloem. Atene so namre\u010d poleti naredile premalo pri izpolnjevanju dogovorjenih zavez, je dejal pred za\u010detkom neformalnega sre\u010danja finan\u010dnih ministrov evroskupine v Bratislavi.\" \/>\n<meta property=\"og:url\" content=\"https:\/\/hudo.com\/si\/aktualno\/sef-evroskupine-kriticno-grcije-poleti-storjeno-premalo\/\" \/>\n<meta property=\"og:site_name\" content=\"Hudo Slovenija\" \/>\n<meta property=\"article:publisher\" content=\"https:\/\/www.facebook.com\/hudo.si\" \/>\n<meta property=\"article:published_time\" content=\"2016-09-09T09:15:45+00:00\" \/>\n<meta property=\"article:modified_time\" content=\"2016-09-09T09:33:27+00:00\" \/>\n<meta property=\"og:image\" content=\"https:\/\/hudo.com\/si\/wp-content\/uploads\/sites\/2\/2016\/09\/profimedia-0294059134.jpg\" \/>\n\t<meta property=\"og:image:width\" content=\"1250\" \/>\n\t<meta property=\"og:image:height\" content=\"833\" \/>\n\t<meta property=\"og:image:type\" content=\"image\/jpeg\" \/>\n<meta name=\"author\" content=\"M. N., STA\" \/>\n<meta name=\"twitter:card\" content=\"summary_large_image\" \/>\n<meta name=\"twitter:creator\" content=\"@hudo_si\" \/>\n<meta name=\"twitter:site\" content=\"@hudo_si\" \/>\n<meta name=\"twitter:label1\" content=\"Written by\" \/>\n\t<meta name=\"twitter:data1\" content=\"M. N., STA\" \/>\n\t<meta name=\"twitter:label2\" content=\"Est. reading time\" \/>\n\t<meta name=\"twitter:data2\" content=\"1 minuta\" \/>\n<script type=\"application\/ld+json\" class=\"yoast-schema-graph\">{\"@context\":\"https:\/\/schema.org\",\"@graph\":[{\"@type\":\"Article\",\"@id\":\"https:\/\/hudo.com\/si\/aktualno\/sef-evroskupine-kriticno-grcije-poleti-storjeno-premalo\/#article\",\"isPartOf\":{\"@id\":\"https:\/\/hudo.com\/si\/aktualno\/sef-evroskupine-kriticno-grcije-poleti-storjeno-premalo\/\"},\"author\":{\"name\":\"M. N., STA\",\"@id\":\"https:\/\/hudo.com\/si\/#\/schema\/person\/c2f10ce65d2e6ede2aeda5be2a0611fa\"},\"headline\":\"Evropa kriti\u010dna do Gr\u010dije: Poleti je bilo storjeno premalo\",\"datePublished\":\"2016-09-09T09:15:45+00:00\",\"dateModified\":\"2016-09-09T09:33:27+00:00\",\"mainEntityOfPage\":{\"@id\":\"https:\/\/hudo.com\/si\/aktualno\/sef-evroskupine-kriticno-grcije-poleti-storjeno-premalo\/\"},\"wordCount\":308,\"publisher\":{\"@id\":\"https:\/\/hudo.com\/si\/#organization\"},\"keywords\":[\"EU\",\"gr\u010dija\"],\"articleSection\":[\"Aktualno\"],\"inLanguage\":\"sl-SI\"},{\"@type\":\"WebPage\",\"@id\":\"https:\/\/hudo.com\/si\/aktualno\/sef-evroskupine-kriticno-grcije-poleti-storjeno-premalo\/\",\"url\":\"https:\/\/hudo.com\/si\/aktualno\/sef-evroskupine-kriticno-grcije-poleti-storjeno-premalo\/\",\"name\":\"Evropa kriti\u010dna do Gr\u010dije: Poleti je bilo storjeno premalo - Hudo Slovenija\",\"isPartOf\":{\"@id\":\"https:\/\/hudo.com\/si\/#website\"},\"datePublished\":\"2016-09-09T09:15:45+00:00\",\"dateModified\":\"2016-09-09T09:33:27+00:00\",\"breadcrumb\":{\"@id\":\"https:\/\/hudo.com\/si\/aktualno\/sef-evroskupine-kriticno-grcije-poleti-storjeno-premalo\/#breadcrumb\"},\"inLanguage\":\"sl-SI\",\"potentialAction\":[{\"@type\":\"ReadAction\",\"target\":[\"https:\/\/hudo.com\/si\/aktualno\/sef-evroskupine-kriticno-grcije-poleti-storjeno-premalo\/\"]}]},{\"@type\":\"BreadcrumbList\",\"@id\":\"https:\/\/hudo.com\/si\/aktualno\/sef-evroskupine-kriticno-grcije-poleti-storjeno-premalo\/#breadcrumb\",\"itemListElement\":[{\"@type\":\"ListItem\",\"position\":1,\"name\":\"Home\",\"item\":\"https:\/\/hudo.com\/si\/\"},{\"@type\":\"ListItem\",\"position\":2,\"name\":\"Evropa kriti\u010dna do Gr\u010dije: Poleti je bilo storjeno premalo\"}]},{\"@type\":\"WebSite\",\"@id\":\"https:\/\/hudo.com\/si\/#website\",\"url\":\"https:\/\/hudo.com\/si\/\",\"name\":\"Hudo Slovenija\",\"description\":\"Vse novice iz Slovenije in sveta\",\"publisher\":{\"@id\":\"https:\/\/hudo.com\/si\/#organization\"},\"potentialAction\":[{\"@type\":\"SearchAction\",\"target\":{\"@type\":\"EntryPoint\",\"urlTemplate\":\"https:\/\/hudo.com\/si\/?s={search_term_string}\"},\"query-input\":\"required name=search_term_string\"}],\"inLanguage\":\"sl-SI\"},{\"@type\":\"Organization\",\"@id\":\"https:\/\/hudo.com\/si\/#organization\",\"name\":\"VSN Media\",\"url\":\"https:\/\/hudo.com\/si\/\",\"logo\":{\"@type\":\"ImageObject\",\"inLanguage\":\"sl-SI\",\"@id\":\"https:\/\/hudo.com\/si\/#\/schema\/logo\/image\/\",\"url\":\"https:\/\/hudo.com\/si\/wp-content\/uploads\/sites\/2\/2021\/03\/hudo-app-2.png\",\"contentUrl\":\"https:\/\/hudo.com\/si\/wp-content\/uploads\/sites\/2\/2021\/03\/hudo-app-2.png\",\"width\":2185,\"height\":2167,\"caption\":\"VSN Media\"},\"image\":{\"@id\":\"https:\/\/hudo.com\/si\/#\/schema\/logo\/image\/\"},\"sameAs\":[\"https:\/\/www.facebook.com\/hudo.si\",\"https:\/\/twitter.com\/hudo_si\"]},{\"@type\":\"Person\",\"@id\":\"https:\/\/hudo.com\/si\/#\/schema\/person\/c2f10ce65d2e6ede2aeda5be2a0611fa\",\"name\":\"M. N., STA\",\"image\":{\"@type\":\"ImageObject\",\"inLanguage\":\"sl-SI\",\"@id\":\"https:\/\/hudo.com\/si\/#\/schema\/person\/image\/\",\"url\":\"https:\/\/secure.gravatar.com\/avatar\/f370d38daa10467f755c5c766a4cac20?s=96&d=mm&r=g\",\"contentUrl\":\"https:\/\/secure.gravatar.com\/avatar\/f370d38daa10467f755c5c766a4cac20?s=96&d=mm&r=g\",\"caption\":\"M. N., STA\"},\"url\":\"https:\/\/hudo.com\/si\/author\/mana\/\"}]}<\/script>\n<!-- \/ Yoast SEO plugin. -->","yoast_head_json":{"title":"Evropa kriti\u010dna do Gr\u010dije: Poleti je bilo storjeno premalo - Hudo Slovenija","robots":{"index":"index","follow":"follow","max-snippet":"max-snippet:-1","max-image-preview":"max-image-preview:large","max-video-preview":"max-video-preview:-1"},"canonical":"https:\/\/hudo.com\/si\/aktualno\/sef-evroskupine-kriticno-grcije-poleti-storjeno-premalo\/","og_locale":"sl_SI","og_type":"article","og_title":"Evropa kriti\u010dna do Gr\u010dije: Poleti je bilo storjeno premalo - Hudo Slovenija","og_description":"Gr\u010dija bo morala pospe\u0161iti uresni\u010devanje dogovorjenih reform v okviru tretjega programa pomo\u010di, je prepri\u010dan predsednik evroskupine Jeroen Dijsselbloem. Atene so namre\u010d poleti naredile premalo pri izpolnjevanju dogovorjenih zavez, je dejal pred za\u010detkom neformalnega sre\u010danja finan\u010dnih ministrov evroskupine v Bratislavi.","og_url":"https:\/\/hudo.com\/si\/aktualno\/sef-evroskupine-kriticno-grcije-poleti-storjeno-premalo\/","og_site_name":"Hudo Slovenija","article_publisher":"https:\/\/www.facebook.com\/hudo.si","article_published_time":"2016-09-09T09:15:45+00:00","article_modified_time":"2016-09-09T09:33:27+00:00","og_image":[{"width":1250,"height":833,"url":"https:\/\/hudo.com\/si\/wp-content\/uploads\/sites\/2\/2016\/09\/profimedia-0294059134.jpg","type":"image\/jpeg"}],"author":"M. N., STA","twitter_card":"summary_large_image","twitter_creator":"@hudo_si","twitter_site":"@hudo_si","twitter_misc":{"Written by":"M. N., STA","Est. reading time":"1 minuta"},"schema":{"@context":"https:\/\/schema.org","@graph":[{"@type":"Article","@id":"https:\/\/hudo.com\/si\/aktualno\/sef-evroskupine-kriticno-grcije-poleti-storjeno-premalo\/#article","isPartOf":{"@id":"https:\/\/hudo.com\/si\/aktualno\/sef-evroskupine-kriticno-grcije-poleti-storjeno-premalo\/"},"author":{"name":"M. N., STA","@id":"https:\/\/hudo.com\/si\/#\/schema\/person\/c2f10ce65d2e6ede2aeda5be2a0611fa"},"headline":"Evropa kriti\u010dna do Gr\u010dije: Poleti je bilo storjeno premalo","datePublished":"2016-09-09T09:15:45+00:00","dateModified":"2016-09-09T09:33:27+00:00","mainEntityOfPage":{"@id":"https:\/\/hudo.com\/si\/aktualno\/sef-evroskupine-kriticno-grcije-poleti-storjeno-premalo\/"},"wordCount":308,"publisher":{"@id":"https:\/\/hudo.com\/si\/#organization"},"keywords":["EU","gr\u010dija"],"articleSection":["Aktualno"],"inLanguage":"sl-SI"},{"@type":"WebPage","@id":"https:\/\/hudo.com\/si\/aktualno\/sef-evroskupine-kriticno-grcije-poleti-storjeno-premalo\/","url":"https:\/\/hudo.com\/si\/aktualno\/sef-evroskupine-kriticno-grcije-poleti-storjeno-premalo\/","name":"Evropa kriti\u010dna do Gr\u010dije: Poleti je bilo storjeno premalo - Hudo Slovenija","isPartOf":{"@id":"https:\/\/hudo.com\/si\/#website"},"datePublished":"2016-09-09T09:15:45+00:00","dateModified":"2016-09-09T09:33:27+00:00","breadcrumb":{"@id":"https:\/\/hudo.com\/si\/aktualno\/sef-evroskupine-kriticno-grcije-poleti-storjeno-premalo\/#breadcrumb"},"inLanguage":"sl-SI","potentialAction":[{"@type":"ReadAction","target":["https:\/\/hudo.com\/si\/aktualno\/sef-evroskupine-kriticno-grcije-poleti-storjeno-premalo\/"]}]},{"@type":"BreadcrumbList","@id":"https:\/\/hudo.com\/si\/aktualno\/sef-evroskupine-kriticno-grcije-poleti-storjeno-premalo\/#breadcrumb","itemListElement":[{"@type":"ListItem","position":1,"name":"Home","item":"https:\/\/hudo.com\/si\/"},{"@type":"ListItem","position":2,"name":"Evropa kriti\u010dna do Gr\u010dije: Poleti je bilo storjeno premalo"}]},{"@type":"WebSite","@id":"https:\/\/hudo.com\/si\/#website","url":"https:\/\/hudo.com\/si\/","name":"Hudo Slovenija","description":"Vse novice iz Slovenije in sveta","publisher":{"@id":"https:\/\/hudo.com\/si\/#organization"},"potentialAction":[{"@type":"SearchAction","target":{"@type":"EntryPoint","urlTemplate":"https:\/\/hudo.com\/si\/?s={search_term_string}"},"query-input":"required name=search_term_string"}],"inLanguage":"sl-SI"},{"@type":"Organization","@id":"https:\/\/hudo.com\/si\/#organization","name":"VSN Media","url":"https:\/\/hudo.com\/si\/","logo":{"@type":"ImageObject","inLanguage":"sl-SI","@id":"https:\/\/hudo.com\/si\/#\/schema\/logo\/image\/","url":"https:\/\/hudo.com\/si\/wp-content\/uploads\/sites\/2\/2021\/03\/hudo-app-2.png","contentUrl":"https:\/\/hudo.com\/si\/wp-content\/uploads\/sites\/2\/2021\/03\/hudo-app-2.png","width":2185,"height":2167,"caption":"VSN Media"},"image":{"@id":"https:\/\/hudo.com\/si\/#\/schema\/logo\/image\/"},"sameAs":["https:\/\/www.facebook.com\/hudo.si","https:\/\/twitter.com\/hudo_si"]},{"@type":"Person","@id":"https:\/\/hudo.com\/si\/#\/schema\/person\/c2f10ce65d2e6ede2aeda5be2a0611fa","name":"M. N., STA","image":{"@type":"ImageObject","inLanguage":"sl-SI","@id":"https:\/\/hudo.com\/si\/#\/schema\/person\/image\/","url":"https:\/\/secure.gravatar.com\/avatar\/f370d38daa10467f755c5c766a4cac20?s=96&d=mm&r=g","contentUrl":"https:\/\/secure.gravatar.com\/avatar\/f370d38daa10467f755c5c766a4cac20?s=96&d=mm&r=g","caption":"M. N., STA"},"url":"https:\/\/hudo.com\/si\/author\/mana\/"}]}},"amp_enabled":true,"_links":{"self":[{"href":"https:\/\/hudo.com\/si\/wp-json\/wp\/v2\/posts\/129549"}],"collection":[{"href":"https:\/\/hudo.com\/si\/wp-json\/wp\/v2\/posts"}],"about":[{"href":"https:\/\/hudo.com\/si\/wp-json\/wp\/v2\/types\/post"}],"author":[{"embeddable":true,"href":"https:\/\/hudo.com\/si\/wp-json\/wp\/v2\/users\/8"}],"replies":[{"embeddable":true,"href":"https:\/\/hudo.com\/si\/wp-json\/wp\/v2\/comments?post=129549"}],"version-history":[{"count":1,"href":"https:\/\/hudo.com\/si\/wp-json\/wp\/v2\/posts\/129549\/revisions"}],"predecessor-version":[{"id":129555,"href":"https:\/\/hudo.com\/si\/wp-json\/wp\/v2\/posts\/129549\/revisions\/129555"}],"wp:featuredmedia":[{"embeddable":true,"href":"https:\/\/hudo.com\/si\/wp-json\/wp\/v2\/media\/129558"}],"wp:attachment":[{"href":"https:\/\/hudo.com\/si\/wp-json\/wp\/v2\/media?parent=129549"}],"wp:term":[{"taxonomy":"category","embeddable":true,"href":"https:\/\/hudo.com\/si\/wp-json\/wp\/v2\/categories?post=129549"},{"taxonomy":"post_tag","embeddable":true,"href":"https:\/\/hudo.com\/si\/wp-json\/wp\/v2\/tags?post=129549"},{"taxonomy":"source","embeddable":true,"href":"https:\/\/hudo.com\/si\/wp-json\/wp\/v2\/source?post=129549"},{"taxonomy":"supertag","embeddable":true,"href":"https:\/\/hudo.com\/si\/wp-json\/wp\/v2\/supertag?post=129549"}],"curies":[{"name":"wp","href":"https:\/\/api.w.org\/{rel}","templated":true}]}}