{"id":129696,"date":"2016-09-09T09:43:00","date_gmt":"2016-09-09T07:43:00","guid":{"rendered":"http:\/\/hudo.com\/si\/2016\/09\/09\/na-sardiniji-moski-zapeljal-v-mnozico-na-festivalu-31-ranjenih\/"},"modified":"2016-09-10T08:26:58","modified_gmt":"2016-09-10T06:26:58","slug":"na-sardiniji-moski-zapeljal-v-mnozico-na-festivalu-31-ranjenih","status":"publish","type":"post","link":"https:\/\/hudo.com\/si\/aktualno\/na-sardiniji-moski-zapeljal-v-mnozico-na-festivalu-31-ranjenih\/","title":{"rendered":"Na Sardiniji mo\u0161ki zapeljal v mno\u017eico na festivalu, 31 ranjenih"},"content":{"rendered":"<p>Italijan na Sardiniji je v no\u010di na danes z avtomobilom zapeljal med ljudi na va\u0161kem festivalu in pri tem po\u0161kodoval 31 ljudi, med njimi tudi otroke, poro\u010dajo lokalni italijanski mediji, ki se sklicujejo na tamkaj\u0161njo policijo. Mo\u0161ki je s fiatom panda v vasi Nule na Sardiniji pribli\u017eno ob 1. uri pono\u010di zapeljal v mno\u017eico, ki je proslavljala praznik lokalnega svetnika. Lokalni \u010dasopis Unione Sarda poro\u010da, da je bil za volanom veterinar iz bli\u017enjega mesta, ki je izgubil nadzor nad vozilom zaradi slabosti ali celo alkoholiziranosti. Ko se je avtomobil ustavil, ga je iz avta izvlekla lokalna tolpa, ga pretepla in zabodla. Nem\u0161ka tiskovna agencija dpa poro\u010da, da v nesre\u010di ni nih\u010de utrpel huj\u0161ih po\u0161kodb. Voznik je v bolni\u0161nici pod nadzorom policije, ki ga bo aretirala takoj, ko se njegovo zdravstveno stanje izbolj\u0161a. Policija je \u017ee za\u010dela preiskavo incidenta.Svet<\/p>\n","protected":false},"excerpt":{"rendered":"<p>Italijan na Sardiniji je v no\u010di na danes z avtomobilom zapeljal med ljudi na va\u0161kem festivalu in pri tem po\u0161kodoval 31 ljudi, med njimi tudi otroke, poro\u010dajo lokalni italijanski mediji, ki se sklicujejo na tamkaj\u0161njo policijo. Mo\u0161ki je s fiatom panda v vasi Nule na Sardiniji pribli\u017eno ob 1. uri pono\u010di zapeljal v mno\u017eico, ki je proslavljala praznik lokalnega svetnika. Lokalni \u010dasopis Unione Sarda poro\u010da, da je bil za volanom veterinar iz bli\u017enjega mesta, ki je izgubil nadzor nad vozilom zaradi slabosti ali celo alkoholiziranosti. Ko se je avtomobil ustavil, ga je iz avta izvlekla lokalna tolpa, ga pretepla in zabodla. Nem\u0161ka tiskovna agencija dpa poro\u010da, da v nesre\u010di ni nih\u010de utrpel huj\u0161ih po\u0161kodb. Voznik je v bolni\u0161nici pod nadzorom policije, ki ga bo aretirala takoj, ko se njegovo zdravstveno stanje izbolj\u0161a. Policija je \u017ee za\u010dela preiskavo incidenta.Svet<\/p>\n","protected":false},"author":1,"featured_media":0,"comment_status":"closed","ping_status":"closed","sticky":false,"template":"","format":"standard","meta":{"footnotes":""},"categories":[1179],"tags":[],"source":[1711],"supertag":[],"acf":[],"yoast_head":"<!-- This site is optimized with the Yoast SEO plugin v21.3 - https:\/\/yoast.com\/wordpress\/plugins\/seo\/ -->\n<title>Na Sardiniji mo\u0161ki zapeljal v mno\u017eico na festivalu, 31 ranjenih - Hudo Slovenija<\/title>\n<meta name=\"robots\" content=\"index, follow, max-snippet:-1, max-image-preview:large, max-video-preview:-1\" \/>\n<link rel=\"canonical\" href=\"https:\/\/hudo.com\/si\/aktualno\/na-sardiniji-moski-zapeljal-v-mnozico-na-festivalu-31-ranjenih\/\" \/>\n<meta property=\"og:locale\" content=\"sl_SI\" \/>\n<meta property=\"og:type\" content=\"article\" \/>\n<meta property=\"og:title\" content=\"Na Sardiniji mo\u0161ki zapeljal v mno\u017eico na festivalu, 31 ranjenih - Hudo Slovenija\" \/>\n<meta property=\"og:description\" content=\"Italijan na Sardiniji je v no\u010di na danes z avtomobilom zapeljal med ljudi na va\u0161kem festivalu in pri tem po\u0161kodoval 31 ljudi, med njimi tudi otroke, poro\u010dajo lokalni italijanski mediji, ki se sklicujejo na tamkaj\u0161njo policijo. Mo\u0161ki je s fiatom panda v vasi Nule na Sardiniji pribli\u017eno ob 1. uri pono\u010di zapeljal v mno\u017eico, ki je proslavljala praznik lokalnega svetnika. Lokalni \u010dasopis Unione Sarda poro\u010da, da je bil za volanom veterinar iz bli\u017enjega mesta, ki je izgubil nadzor nad vozilom zaradi slabosti ali celo alkoholiziranosti. Ko se je avtomobil ustavil, ga je iz avta izvlekla lokalna tolpa, ga pretepla in zabodla. Nem\u0161ka tiskovna agencija dpa poro\u010da, da v nesre\u010di ni nih\u010de utrpel huj\u0161ih po\u0161kodb. Voznik je v bolni\u0161nici pod nadzorom policije, ki ga bo aretirala takoj, ko se njegovo zdravstveno stanje izbolj\u0161a. Policija je \u017ee za\u010dela preiskavo incidenta.Svet\" \/>\n<meta property=\"og:url\" content=\"https:\/\/hudo.com\/si\/aktualno\/na-sardiniji-moski-zapeljal-v-mnozico-na-festivalu-31-ranjenih\/\" \/>\n<meta property=\"og:site_name\" content=\"Hudo Slovenija\" \/>\n<meta property=\"article:publisher\" content=\"https:\/\/www.facebook.com\/hudo.si\" \/>\n<meta property=\"article:published_time\" content=\"2016-09-09T07:43:00+00:00\" \/>\n<meta property=\"article:modified_time\" content=\"2016-09-10T06:26:58+00:00\" \/>\n<meta property=\"og:image\" content=\"https:\/\/hudo.com\/si\/wp-content\/uploads\/sites\/2\/2016\/09\/00323243F-300.jpg\" \/>\n\t<meta property=\"og:image:width\" content=\"450\" \/>\n\t<meta property=\"og:image:height\" content=\"326\" \/>\n\t<meta property=\"og:image:type\" content=\"image\/jpeg\" \/>\n<meta name=\"author\" content=\"hudo\" \/>\n<meta name=\"twitter:card\" content=\"summary_large_image\" \/>\n<meta name=\"twitter:creator\" content=\"@hudo_si\" \/>\n<meta name=\"twitter:site\" content=\"@hudo_si\" \/>\n<meta name=\"twitter:label1\" content=\"Written by\" \/>\n\t<meta name=\"twitter:data1\" content=\"hudo\" \/>\n\t<meta name=\"twitter:label2\" content=\"Est. reading time\" \/>\n\t<meta name=\"twitter:data2\" content=\"1 minuta\" \/>\n<script type=\"application\/ld+json\" class=\"yoast-schema-graph\">{\"@context\":\"https:\/\/schema.org\",\"@graph\":[{\"@type\":\"Article\",\"@id\":\"https:\/\/hudo.com\/si\/aktualno\/na-sardiniji-moski-zapeljal-v-mnozico-na-festivalu-31-ranjenih\/#article\",\"isPartOf\":{\"@id\":\"https:\/\/hudo.com\/si\/aktualno\/na-sardiniji-moski-zapeljal-v-mnozico-na-festivalu-31-ranjenih\/\"},\"author\":{\"name\":\"hudo\",\"@id\":\"https:\/\/hudo.com\/si\/#\/schema\/person\/601cf3379633985b20f7e50f2bb47707\"},\"headline\":\"Na Sardiniji mo\u0161ki zapeljal v mno\u017eico na festivalu, 31 ranjenih\",\"datePublished\":\"2016-09-09T07:43:00+00:00\",\"dateModified\":\"2016-09-10T06:26:58+00:00\",\"mainEntityOfPage\":{\"@id\":\"https:\/\/hudo.com\/si\/aktualno\/na-sardiniji-moski-zapeljal-v-mnozico-na-festivalu-31-ranjenih\/\"},\"wordCount\":168,\"publisher\":{\"@id\":\"https:\/\/hudo.com\/si\/#organization\"},\"articleSection\":[\"Aktualno\"],\"inLanguage\":\"sl-SI\"},{\"@type\":\"WebPage\",\"@id\":\"https:\/\/hudo.com\/si\/aktualno\/na-sardiniji-moski-zapeljal-v-mnozico-na-festivalu-31-ranjenih\/\",\"url\":\"https:\/\/hudo.com\/si\/aktualno\/na-sardiniji-moski-zapeljal-v-mnozico-na-festivalu-31-ranjenih\/\",\"name\":\"Na Sardiniji mo\u0161ki zapeljal v mno\u017eico na festivalu, 31 ranjenih - Hudo Slovenija\",\"isPartOf\":{\"@id\":\"https:\/\/hudo.com\/si\/#website\"},\"datePublished\":\"2016-09-09T07:43:00+00:00\",\"dateModified\":\"2016-09-10T06:26:58+00:00\",\"breadcrumb\":{\"@id\":\"https:\/\/hudo.com\/si\/aktualno\/na-sardiniji-moski-zapeljal-v-mnozico-na-festivalu-31-ranjenih\/#breadcrumb\"},\"inLanguage\":\"sl-SI\",\"potentialAction\":[{\"@type\":\"ReadAction\",\"target\":[\"https:\/\/hudo.com\/si\/aktualno\/na-sardiniji-moski-zapeljal-v-mnozico-na-festivalu-31-ranjenih\/\"]}]},{\"@type\":\"BreadcrumbList\",\"@id\":\"https:\/\/hudo.com\/si\/aktualno\/na-sardiniji-moski-zapeljal-v-mnozico-na-festivalu-31-ranjenih\/#breadcrumb\",\"itemListElement\":[{\"@type\":\"ListItem\",\"position\":1,\"name\":\"Home\",\"item\":\"https:\/\/hudo.com\/si\/\"},{\"@type\":\"ListItem\",\"position\":2,\"name\":\"Na Sardiniji mo\u0161ki zapeljal v mno\u017eico na festivalu, 31 ranjenih\"}]},{\"@type\":\"WebSite\",\"@id\":\"https:\/\/hudo.com\/si\/#website\",\"url\":\"https:\/\/hudo.com\/si\/\",\"name\":\"Hudo Slovenija\",\"description\":\"Vse novice iz Slovenije in sveta\",\"publisher\":{\"@id\":\"https:\/\/hudo.com\/si\/#organization\"},\"potentialAction\":[{\"@type\":\"SearchAction\",\"target\":{\"@type\":\"EntryPoint\",\"urlTemplate\":\"https:\/\/hudo.com\/si\/?s={search_term_string}\"},\"query-input\":\"required name=search_term_string\"}],\"inLanguage\":\"sl-SI\"},{\"@type\":\"Organization\",\"@id\":\"https:\/\/hudo.com\/si\/#organization\",\"name\":\"VSN Media\",\"url\":\"https:\/\/hudo.com\/si\/\",\"logo\":{\"@type\":\"ImageObject\",\"inLanguage\":\"sl-SI\",\"@id\":\"https:\/\/hudo.com\/si\/#\/schema\/logo\/image\/\",\"url\":\"https:\/\/hudo.com\/si\/wp-content\/uploads\/sites\/2\/2021\/03\/hudo-app-2.png\",\"contentUrl\":\"https:\/\/hudo.com\/si\/wp-content\/uploads\/sites\/2\/2021\/03\/hudo-app-2.png\",\"width\":2185,\"height\":2167,\"caption\":\"VSN Media\"},\"image\":{\"@id\":\"https:\/\/hudo.com\/si\/#\/schema\/logo\/image\/\"},\"sameAs\":[\"https:\/\/www.facebook.com\/hudo.si\",\"https:\/\/twitter.com\/hudo_si\"]},{\"@type\":\"Person\",\"@id\":\"https:\/\/hudo.com\/si\/#\/schema\/person\/601cf3379633985b20f7e50f2bb47707\",\"name\":\"hudo\",\"image\":{\"@type\":\"ImageObject\",\"inLanguage\":\"sl-SI\",\"@id\":\"https:\/\/hudo.com\/si\/#\/schema\/person\/image\/\",\"url\":\"https:\/\/secure.gravatar.com\/avatar\/c4ca25fa72cace7a696b52ff5db9e095?s=96&d=mm&r=g\",\"contentUrl\":\"https:\/\/secure.gravatar.com\/avatar\/c4ca25fa72cace7a696b52ff5db9e095?s=96&d=mm&r=g\",\"caption\":\"hudo\"},\"url\":\"https:\/\/hudo.com\/si\/author\/hudo\/\"}]}<\/script>\n<!-- \/ Yoast SEO plugin. -->","yoast_head_json":{"title":"Na Sardiniji mo\u0161ki zapeljal v mno\u017eico na festivalu, 31 ranjenih - Hudo Slovenija","robots":{"index":"index","follow":"follow","max-snippet":"max-snippet:-1","max-image-preview":"max-image-preview:large","max-video-preview":"max-video-preview:-1"},"canonical":"https:\/\/hudo.com\/si\/aktualno\/na-sardiniji-moski-zapeljal-v-mnozico-na-festivalu-31-ranjenih\/","og_locale":"sl_SI","og_type":"article","og_title":"Na Sardiniji mo\u0161ki zapeljal v mno\u017eico na festivalu, 31 ranjenih - Hudo Slovenija","og_description":"Italijan na Sardiniji je v no\u010di na danes z avtomobilom zapeljal med ljudi na va\u0161kem festivalu in pri tem po\u0161kodoval 31 ljudi, med njimi tudi otroke, poro\u010dajo lokalni italijanski mediji, ki se sklicujejo na tamkaj\u0161njo policijo. Mo\u0161ki je s fiatom panda v vasi Nule na Sardiniji pribli\u017eno ob 1. uri pono\u010di zapeljal v mno\u017eico, ki je proslavljala praznik lokalnega svetnika. Lokalni \u010dasopis Unione Sarda poro\u010da, da je bil za volanom veterinar iz bli\u017enjega mesta, ki je izgubil nadzor nad vozilom zaradi slabosti ali celo alkoholiziranosti. Ko se je avtomobil ustavil, ga je iz avta izvlekla lokalna tolpa, ga pretepla in zabodla. Nem\u0161ka tiskovna agencija dpa poro\u010da, da v nesre\u010di ni nih\u010de utrpel huj\u0161ih po\u0161kodb. Voznik je v bolni\u0161nici pod nadzorom policije, ki ga bo aretirala takoj, ko se njegovo zdravstveno stanje izbolj\u0161a. Policija je \u017ee za\u010dela preiskavo incidenta.Svet","og_url":"https:\/\/hudo.com\/si\/aktualno\/na-sardiniji-moski-zapeljal-v-mnozico-na-festivalu-31-ranjenih\/","og_site_name":"Hudo Slovenija","article_publisher":"https:\/\/www.facebook.com\/hudo.si","article_published_time":"2016-09-09T07:43:00+00:00","article_modified_time":"2016-09-10T06:26:58+00:00","og_image":[{"width":450,"height":326,"url":"https:\/\/hudo.com\/si\/wp-content\/uploads\/sites\/2\/2016\/09\/00323243F-300.jpg","type":"image\/jpeg"}],"author":"hudo","twitter_card":"summary_large_image","twitter_creator":"@hudo_si","twitter_site":"@hudo_si","twitter_misc":{"Written by":"hudo","Est. reading time":"1 minuta"},"schema":{"@context":"https:\/\/schema.org","@graph":[{"@type":"Article","@id":"https:\/\/hudo.com\/si\/aktualno\/na-sardiniji-moski-zapeljal-v-mnozico-na-festivalu-31-ranjenih\/#article","isPartOf":{"@id":"https:\/\/hudo.com\/si\/aktualno\/na-sardiniji-moski-zapeljal-v-mnozico-na-festivalu-31-ranjenih\/"},"author":{"name":"hudo","@id":"https:\/\/hudo.com\/si\/#\/schema\/person\/601cf3379633985b20f7e50f2bb47707"},"headline":"Na Sardiniji mo\u0161ki zapeljal v mno\u017eico na festivalu, 31 ranjenih","datePublished":"2016-09-09T07:43:00+00:00","dateModified":"2016-09-10T06:26:58+00:00","mainEntityOfPage":{"@id":"https:\/\/hudo.com\/si\/aktualno\/na-sardiniji-moski-zapeljal-v-mnozico-na-festivalu-31-ranjenih\/"},"wordCount":168,"publisher":{"@id":"https:\/\/hudo.com\/si\/#organization"},"articleSection":["Aktualno"],"inLanguage":"sl-SI"},{"@type":"WebPage","@id":"https:\/\/hudo.com\/si\/aktualno\/na-sardiniji-moski-zapeljal-v-mnozico-na-festivalu-31-ranjenih\/","url":"https:\/\/hudo.com\/si\/aktualno\/na-sardiniji-moski-zapeljal-v-mnozico-na-festivalu-31-ranjenih\/","name":"Na Sardiniji mo\u0161ki zapeljal v mno\u017eico na festivalu, 31 ranjenih - Hudo Slovenija","isPartOf":{"@id":"https:\/\/hudo.com\/si\/#website"},"datePublished":"2016-09-09T07:43:00+00:00","dateModified":"2016-09-10T06:26:58+00:00","breadcrumb":{"@id":"https:\/\/hudo.com\/si\/aktualno\/na-sardiniji-moski-zapeljal-v-mnozico-na-festivalu-31-ranjenih\/#breadcrumb"},"inLanguage":"sl-SI","potentialAction":[{"@type":"ReadAction","target":["https:\/\/hudo.com\/si\/aktualno\/na-sardiniji-moski-zapeljal-v-mnozico-na-festivalu-31-ranjenih\/"]}]},{"@type":"BreadcrumbList","@id":"https:\/\/hudo.com\/si\/aktualno\/na-sardiniji-moski-zapeljal-v-mnozico-na-festivalu-31-ranjenih\/#breadcrumb","itemListElement":[{"@type":"ListItem","position":1,"name":"Home","item":"https:\/\/hudo.com\/si\/"},{"@type":"ListItem","position":2,"name":"Na Sardiniji mo\u0161ki zapeljal v mno\u017eico na festivalu, 31 ranjenih"}]},{"@type":"WebSite","@id":"https:\/\/hudo.com\/si\/#website","url":"https:\/\/hudo.com\/si\/","name":"Hudo Slovenija","description":"Vse novice iz Slovenije in sveta","publisher":{"@id":"https:\/\/hudo.com\/si\/#organization"},"potentialAction":[{"@type":"SearchAction","target":{"@type":"EntryPoint","urlTemplate":"https:\/\/hudo.com\/si\/?s={search_term_string}"},"query-input":"required name=search_term_string"}],"inLanguage":"sl-SI"},{"@type":"Organization","@id":"https:\/\/hudo.com\/si\/#organization","name":"VSN Media","url":"https:\/\/hudo.com\/si\/","logo":{"@type":"ImageObject","inLanguage":"sl-SI","@id":"https:\/\/hudo.com\/si\/#\/schema\/logo\/image\/","url":"https:\/\/hudo.com\/si\/wp-content\/uploads\/sites\/2\/2021\/03\/hudo-app-2.png","contentUrl":"https:\/\/hudo.com\/si\/wp-content\/uploads\/sites\/2\/2021\/03\/hudo-app-2.png","width":2185,"height":2167,"caption":"VSN Media"},"image":{"@id":"https:\/\/hudo.com\/si\/#\/schema\/logo\/image\/"},"sameAs":["https:\/\/www.facebook.com\/hudo.si","https:\/\/twitter.com\/hudo_si"]},{"@type":"Person","@id":"https:\/\/hudo.com\/si\/#\/schema\/person\/601cf3379633985b20f7e50f2bb47707","name":"hudo","image":{"@type":"ImageObject","inLanguage":"sl-SI","@id":"https:\/\/hudo.com\/si\/#\/schema\/person\/image\/","url":"https:\/\/secure.gravatar.com\/avatar\/c4ca25fa72cace7a696b52ff5db9e095?s=96&d=mm&r=g","contentUrl":"https:\/\/secure.gravatar.com\/avatar\/c4ca25fa72cace7a696b52ff5db9e095?s=96&d=mm&r=g","caption":"hudo"},"url":"https:\/\/hudo.com\/si\/author\/hudo\/"}]}},"amp_enabled":true,"_links":{"self":[{"href":"https:\/\/hudo.com\/si\/wp-json\/wp\/v2\/posts\/129696"}],"collection":[{"href":"https:\/\/hudo.com\/si\/wp-json\/wp\/v2\/posts"}],"about":[{"href":"https:\/\/hudo.com\/si\/wp-json\/wp\/v2\/types\/post"}],"author":[{"embeddable":true,"href":"https:\/\/hudo.com\/si\/wp-json\/wp\/v2\/users\/1"}],"replies":[{"embeddable":true,"href":"https:\/\/hudo.com\/si\/wp-json\/wp\/v2\/comments?post=129696"}],"version-history":[{"count":1,"href":"https:\/\/hudo.com\/si\/wp-json\/wp\/v2\/posts\/129696\/revisions"}],"predecessor-version":[{"id":129930,"href":"https:\/\/hudo.com\/si\/wp-json\/wp\/v2\/posts\/129696\/revisions\/129930"}],"wp:attachment":[{"href":"https:\/\/hudo.com\/si\/wp-json\/wp\/v2\/media?parent=129696"}],"wp:term":[{"taxonomy":"category","embeddable":true,"href":"https:\/\/hudo.com\/si\/wp-json\/wp\/v2\/categories?post=129696"},{"taxonomy":"post_tag","embeddable":true,"href":"https:\/\/hudo.com\/si\/wp-json\/wp\/v2\/tags?post=129696"},{"taxonomy":"source","embeddable":true,"href":"https:\/\/hudo.com\/si\/wp-json\/wp\/v2\/source?post=129696"},{"taxonomy":"supertag","embeddable":true,"href":"https:\/\/hudo.com\/si\/wp-json\/wp\/v2\/supertag?post=129696"}],"curies":[{"name":"wp","href":"https:\/\/api.w.org\/{rel}","templated":true}]}}