{"id":129830,"date":"2016-09-09T17:08:00","date_gmt":"2016-09-09T15:08:00","guid":{"rendered":"http:\/\/hudo.com\/si\/2016\/09\/09\/kauzerju-manjkalo-treninga-a-ob-bucni-podpori-ni-razocaral\/"},"modified":"2016-09-09T17:08:00","modified_gmt":"2016-09-09T15:08:00","slug":"kauzerju-manjkalo-treninga-a-ob-bucni-podpori-ni-razocaral","status":"publish","type":"post","link":"https:\/\/hudo.com\/si\/aktualno\/kauzerju-manjkalo-treninga-a-ob-bucni-podpori-ni-razocaral\/","title":{"rendered":"Kauzerju manjkalo treninga, a ob bu\u010dni podpori ni razo\u010daral"},"content":{"rendered":"<p>Kategorija: Drugi \u0161porti Fri, 09 Sep 2016 19:08:00 +0200  Tacen &#8211; S kvalifikacijami se je v Tacnu za\u010dela zadnja tekma svetovnega pokala v slalomu na divjih vodah. Slovenci so bili uspe\u0161ni, saj je v kvalifikacijah obstala le debitantka na tekmah svetovnega pokala, kanuistka Lea Novak, najbolj pa sta izstopala Peter Kauzer, ki je bil drugi med kajaka\u0161i, Eva Ter\u010delj pa druga med kajaka\u0161icami. Uvodni dan svetovnega pokala v Tacnu so ob bu\u010dni podpori u\u010dencev in u\u010denk ljubljanskih in hrastni\u0161kih \u0161ol ter drugih navija\u010dev slovenski slalomisti na divjih vodah svojo nalogo opravili z odliko. Kauzer, ki v zadnjih dneh zaradi \u0161tevilnih obveznosti ni opravil prav veliko treninga, ni razo\u010daral. \u00bbManjkalo mi je nekaj treninga. V Tacnu je tako, da se v primeru, da \u010doln ne ste\u010de, zelo mu\u010di\u0161. \u017de za\u010detni sprint na startu sem moral vzeti bolj na lahko, da me\u00a0&#8230;<\/p>\n","protected":false},"excerpt":{"rendered":"<p>Kategorija: Drugi \u0161porti Fri, 09 Sep 2016 19:08:00 +0200  Tacen &#8211; S kvalifikacijami se je v Tacnu za\u010dela zadnja tekma svetovnega pokala v slalomu na divjih vodah. Slovenci so bili uspe\u0161ni, saj je v kvalifikacijah obstala le debitantka na tekmah svetovnega pokala, kanuistka Lea Novak, najbolj pa sta izstopala Peter Kauzer, ki je bil drugi med kajaka\u0161i, Eva Ter\u010delj pa druga med kajaka\u0161icami. Uvodni dan svetovnega pokala v Tacnu so ob bu\u010dni podpori u\u010dencev in u\u010denk ljubljanskih in hrastni\u0161kih \u0161ol ter drugih navija\u010dev slovenski slalomisti na divjih vodah svojo nalogo opravili z odliko. Kauzer, ki v zadnjih dneh zaradi \u0161tevilnih obveznosti ni opravil prav veliko treninga, ni razo\u010daral. \u00bbManjkalo mi je nekaj treninga. V Tacnu je tako, da se v primeru, da \u010doln ne ste\u010de, zelo mu\u010di\u0161. \u017de za\u010detni sprint na startu sem moral vzeti bolj na lahko, da me\u00a0&#8230;<\/p>\n","protected":false},"author":1,"featured_media":0,"comment_status":"closed","ping_status":"closed","sticky":false,"template":"","format":"standard","meta":{"footnotes":""},"categories":[1179],"tags":[],"source":[1703],"supertag":[],"acf":[],"yoast_head":"<!-- This site is optimized with the Yoast SEO plugin v21.3 - https:\/\/yoast.com\/wordpress\/plugins\/seo\/ -->\n<title>Kauzerju manjkalo treninga, a ob bu\u010dni podpori ni razo\u010daral - Hudo Slovenija<\/title>\n<meta name=\"robots\" content=\"index, follow, max-snippet:-1, max-image-preview:large, max-video-preview:-1\" \/>\n<link rel=\"canonical\" href=\"https:\/\/hudo.com\/si\/aktualno\/kauzerju-manjkalo-treninga-a-ob-bucni-podpori-ni-razocaral\/\" \/>\n<meta property=\"og:locale\" content=\"sl_SI\" \/>\n<meta property=\"og:type\" content=\"article\" \/>\n<meta property=\"og:title\" content=\"Kauzerju manjkalo treninga, a ob bu\u010dni podpori ni razo\u010daral - Hudo Slovenija\" \/>\n<meta property=\"og:description\" content=\"Kategorija: Drugi \u0161porti Fri, 09 Sep 2016 19:08:00 +0200 Tacen - S kvalifikacijami se je v Tacnu za\u010dela zadnja tekma svetovnega pokala v slalomu na divjih vodah. Slovenci so bili uspe\u0161ni, saj je v kvalifikacijah obstala le debitantka na tekmah svetovnega pokala, kanuistka Lea Novak, najbolj pa sta izstopala Peter Kauzer, ki je bil drugi med kajaka\u0161i, Eva Ter\u010delj pa druga med kajaka\u0161icami. Uvodni dan svetovnega pokala v Tacnu so ob bu\u010dni podpori u\u010dencev in u\u010denk ljubljanskih in hrastni\u0161kih \u0161ol ter drugih navija\u010dev slovenski slalomisti na divjih vodah svojo nalogo opravili z odliko. Kauzer, ki v zadnjih dneh zaradi \u0161tevilnih obveznosti ni opravil prav veliko treninga, ni razo\u010daral. \u00bbManjkalo mi je nekaj treninga. V Tacnu je tako, da se v primeru, da \u010doln ne ste\u010de, zelo mu\u010di\u0161. \u017de za\u010detni sprint na startu sem moral vzeti bolj na lahko, da me\u00a0...\" \/>\n<meta property=\"og:url\" content=\"https:\/\/hudo.com\/si\/aktualno\/kauzerju-manjkalo-treninga-a-ob-bucni-podpori-ni-razocaral\/\" \/>\n<meta property=\"og:site_name\" content=\"Hudo Slovenija\" \/>\n<meta property=\"article:publisher\" content=\"https:\/\/www.facebook.com\/hudo.si\" \/>\n<meta property=\"article:published_time\" content=\"2016-09-09T15:08:00+00:00\" \/>\n<meta property=\"og:image\" content=\"https:\/\/hudo.com\/si\/wp-content\/uploads\/sites\/2\/2016\/09\/480x290_Delo_Foto-20160907211520-68788300.jpeg\" \/>\n\t<meta property=\"og:image:width\" content=\"480\" \/>\n\t<meta property=\"og:image:height\" content=\"290\" \/>\n\t<meta property=\"og:image:type\" content=\"image\/jpeg\" \/>\n<meta name=\"author\" content=\"hudo\" \/>\n<meta name=\"twitter:card\" content=\"summary_large_image\" \/>\n<meta name=\"twitter:creator\" content=\"@hudo_si\" \/>\n<meta name=\"twitter:site\" content=\"@hudo_si\" \/>\n<meta name=\"twitter:label1\" content=\"Written by\" \/>\n\t<meta name=\"twitter:data1\" content=\"hudo\" \/>\n\t<meta name=\"twitter:label2\" content=\"Est. reading time\" \/>\n\t<meta name=\"twitter:data2\" content=\"1 minuta\" \/>\n<script type=\"application\/ld+json\" class=\"yoast-schema-graph\">{\"@context\":\"https:\/\/schema.org\",\"@graph\":[{\"@type\":\"Article\",\"@id\":\"https:\/\/hudo.com\/si\/aktualno\/kauzerju-manjkalo-treninga-a-ob-bucni-podpori-ni-razocaral\/#article\",\"isPartOf\":{\"@id\":\"https:\/\/hudo.com\/si\/aktualno\/kauzerju-manjkalo-treninga-a-ob-bucni-podpori-ni-razocaral\/\"},\"author\":{\"name\":\"hudo\",\"@id\":\"https:\/\/hudo.com\/si\/#\/schema\/person\/601cf3379633985b20f7e50f2bb47707\"},\"headline\":\"Kauzerju manjkalo treninga, a ob bu\u010dni podpori ni razo\u010daral\",\"datePublished\":\"2016-09-09T15:08:00+00:00\",\"dateModified\":\"2016-09-09T15:08:00+00:00\",\"mainEntityOfPage\":{\"@id\":\"https:\/\/hudo.com\/si\/aktualno\/kauzerju-manjkalo-treninga-a-ob-bucni-podpori-ni-razocaral\/\"},\"wordCount\":161,\"publisher\":{\"@id\":\"https:\/\/hudo.com\/si\/#organization\"},\"articleSection\":[\"Aktualno\"],\"inLanguage\":\"sl-SI\"},{\"@type\":\"WebPage\",\"@id\":\"https:\/\/hudo.com\/si\/aktualno\/kauzerju-manjkalo-treninga-a-ob-bucni-podpori-ni-razocaral\/\",\"url\":\"https:\/\/hudo.com\/si\/aktualno\/kauzerju-manjkalo-treninga-a-ob-bucni-podpori-ni-razocaral\/\",\"name\":\"Kauzerju manjkalo treninga, a ob bu\u010dni podpori ni razo\u010daral - Hudo Slovenija\",\"isPartOf\":{\"@id\":\"https:\/\/hudo.com\/si\/#website\"},\"datePublished\":\"2016-09-09T15:08:00+00:00\",\"dateModified\":\"2016-09-09T15:08:00+00:00\",\"breadcrumb\":{\"@id\":\"https:\/\/hudo.com\/si\/aktualno\/kauzerju-manjkalo-treninga-a-ob-bucni-podpori-ni-razocaral\/#breadcrumb\"},\"inLanguage\":\"sl-SI\",\"potentialAction\":[{\"@type\":\"ReadAction\",\"target\":[\"https:\/\/hudo.com\/si\/aktualno\/kauzerju-manjkalo-treninga-a-ob-bucni-podpori-ni-razocaral\/\"]}]},{\"@type\":\"BreadcrumbList\",\"@id\":\"https:\/\/hudo.com\/si\/aktualno\/kauzerju-manjkalo-treninga-a-ob-bucni-podpori-ni-razocaral\/#breadcrumb\",\"itemListElement\":[{\"@type\":\"ListItem\",\"position\":1,\"name\":\"Home\",\"item\":\"https:\/\/hudo.com\/si\/\"},{\"@type\":\"ListItem\",\"position\":2,\"name\":\"Kauzerju manjkalo treninga, a ob bu\u010dni podpori ni razo\u010daral\"}]},{\"@type\":\"WebSite\",\"@id\":\"https:\/\/hudo.com\/si\/#website\",\"url\":\"https:\/\/hudo.com\/si\/\",\"name\":\"Hudo Slovenija\",\"description\":\"Vse novice iz Slovenije in sveta\",\"publisher\":{\"@id\":\"https:\/\/hudo.com\/si\/#organization\"},\"potentialAction\":[{\"@type\":\"SearchAction\",\"target\":{\"@type\":\"EntryPoint\",\"urlTemplate\":\"https:\/\/hudo.com\/si\/?s={search_term_string}\"},\"query-input\":\"required name=search_term_string\"}],\"inLanguage\":\"sl-SI\"},{\"@type\":\"Organization\",\"@id\":\"https:\/\/hudo.com\/si\/#organization\",\"name\":\"VSN Media\",\"url\":\"https:\/\/hudo.com\/si\/\",\"logo\":{\"@type\":\"ImageObject\",\"inLanguage\":\"sl-SI\",\"@id\":\"https:\/\/hudo.com\/si\/#\/schema\/logo\/image\/\",\"url\":\"https:\/\/hudo.com\/si\/wp-content\/uploads\/sites\/2\/2021\/03\/hudo-app-2.png\",\"contentUrl\":\"https:\/\/hudo.com\/si\/wp-content\/uploads\/sites\/2\/2021\/03\/hudo-app-2.png\",\"width\":2185,\"height\":2167,\"caption\":\"VSN Media\"},\"image\":{\"@id\":\"https:\/\/hudo.com\/si\/#\/schema\/logo\/image\/\"},\"sameAs\":[\"https:\/\/www.facebook.com\/hudo.si\",\"https:\/\/twitter.com\/hudo_si\"]},{\"@type\":\"Person\",\"@id\":\"https:\/\/hudo.com\/si\/#\/schema\/person\/601cf3379633985b20f7e50f2bb47707\",\"name\":\"hudo\",\"image\":{\"@type\":\"ImageObject\",\"inLanguage\":\"sl-SI\",\"@id\":\"https:\/\/hudo.com\/si\/#\/schema\/person\/image\/\",\"url\":\"https:\/\/secure.gravatar.com\/avatar\/c4ca25fa72cace7a696b52ff5db9e095?s=96&d=mm&r=g\",\"contentUrl\":\"https:\/\/secure.gravatar.com\/avatar\/c4ca25fa72cace7a696b52ff5db9e095?s=96&d=mm&r=g\",\"caption\":\"hudo\"},\"url\":\"https:\/\/hudo.com\/si\/author\/hudo\/\"}]}<\/script>\n<!-- \/ Yoast SEO plugin. -->","yoast_head_json":{"title":"Kauzerju manjkalo treninga, a ob bu\u010dni podpori ni razo\u010daral - Hudo Slovenija","robots":{"index":"index","follow":"follow","max-snippet":"max-snippet:-1","max-image-preview":"max-image-preview:large","max-video-preview":"max-video-preview:-1"},"canonical":"https:\/\/hudo.com\/si\/aktualno\/kauzerju-manjkalo-treninga-a-ob-bucni-podpori-ni-razocaral\/","og_locale":"sl_SI","og_type":"article","og_title":"Kauzerju manjkalo treninga, a ob bu\u010dni podpori ni razo\u010daral - Hudo Slovenija","og_description":"Kategorija: Drugi \u0161porti Fri, 09 Sep 2016 19:08:00 +0200 Tacen - S kvalifikacijami se je v Tacnu za\u010dela zadnja tekma svetovnega pokala v slalomu na divjih vodah. Slovenci so bili uspe\u0161ni, saj je v kvalifikacijah obstala le debitantka na tekmah svetovnega pokala, kanuistka Lea Novak, najbolj pa sta izstopala Peter Kauzer, ki je bil drugi med kajaka\u0161i, Eva Ter\u010delj pa druga med kajaka\u0161icami. Uvodni dan svetovnega pokala v Tacnu so ob bu\u010dni podpori u\u010dencev in u\u010denk ljubljanskih in hrastni\u0161kih \u0161ol ter drugih navija\u010dev slovenski slalomisti na divjih vodah svojo nalogo opravili z odliko. Kauzer, ki v zadnjih dneh zaradi \u0161tevilnih obveznosti ni opravil prav veliko treninga, ni razo\u010daral. \u00bbManjkalo mi je nekaj treninga. V Tacnu je tako, da se v primeru, da \u010doln ne ste\u010de, zelo mu\u010di\u0161. \u017de za\u010detni sprint na startu sem moral vzeti bolj na lahko, da me\u00a0...","og_url":"https:\/\/hudo.com\/si\/aktualno\/kauzerju-manjkalo-treninga-a-ob-bucni-podpori-ni-razocaral\/","og_site_name":"Hudo Slovenija","article_publisher":"https:\/\/www.facebook.com\/hudo.si","article_published_time":"2016-09-09T15:08:00+00:00","og_image":[{"width":480,"height":290,"url":"https:\/\/hudo.com\/si\/wp-content\/uploads\/sites\/2\/2016\/09\/480x290_Delo_Foto-20160907211520-68788300.jpeg","type":"image\/jpeg"}],"author":"hudo","twitter_card":"summary_large_image","twitter_creator":"@hudo_si","twitter_site":"@hudo_si","twitter_misc":{"Written by":"hudo","Est. reading time":"1 minuta"},"schema":{"@context":"https:\/\/schema.org","@graph":[{"@type":"Article","@id":"https:\/\/hudo.com\/si\/aktualno\/kauzerju-manjkalo-treninga-a-ob-bucni-podpori-ni-razocaral\/#article","isPartOf":{"@id":"https:\/\/hudo.com\/si\/aktualno\/kauzerju-manjkalo-treninga-a-ob-bucni-podpori-ni-razocaral\/"},"author":{"name":"hudo","@id":"https:\/\/hudo.com\/si\/#\/schema\/person\/601cf3379633985b20f7e50f2bb47707"},"headline":"Kauzerju manjkalo treninga, a ob bu\u010dni podpori ni razo\u010daral","datePublished":"2016-09-09T15:08:00+00:00","dateModified":"2016-09-09T15:08:00+00:00","mainEntityOfPage":{"@id":"https:\/\/hudo.com\/si\/aktualno\/kauzerju-manjkalo-treninga-a-ob-bucni-podpori-ni-razocaral\/"},"wordCount":161,"publisher":{"@id":"https:\/\/hudo.com\/si\/#organization"},"articleSection":["Aktualno"],"inLanguage":"sl-SI"},{"@type":"WebPage","@id":"https:\/\/hudo.com\/si\/aktualno\/kauzerju-manjkalo-treninga-a-ob-bucni-podpori-ni-razocaral\/","url":"https:\/\/hudo.com\/si\/aktualno\/kauzerju-manjkalo-treninga-a-ob-bucni-podpori-ni-razocaral\/","name":"Kauzerju manjkalo treninga, a ob bu\u010dni podpori ni razo\u010daral - Hudo Slovenija","isPartOf":{"@id":"https:\/\/hudo.com\/si\/#website"},"datePublished":"2016-09-09T15:08:00+00:00","dateModified":"2016-09-09T15:08:00+00:00","breadcrumb":{"@id":"https:\/\/hudo.com\/si\/aktualno\/kauzerju-manjkalo-treninga-a-ob-bucni-podpori-ni-razocaral\/#breadcrumb"},"inLanguage":"sl-SI","potentialAction":[{"@type":"ReadAction","target":["https:\/\/hudo.com\/si\/aktualno\/kauzerju-manjkalo-treninga-a-ob-bucni-podpori-ni-razocaral\/"]}]},{"@type":"BreadcrumbList","@id":"https:\/\/hudo.com\/si\/aktualno\/kauzerju-manjkalo-treninga-a-ob-bucni-podpori-ni-razocaral\/#breadcrumb","itemListElement":[{"@type":"ListItem","position":1,"name":"Home","item":"https:\/\/hudo.com\/si\/"},{"@type":"ListItem","position":2,"name":"Kauzerju manjkalo treninga, a ob bu\u010dni podpori ni razo\u010daral"}]},{"@type":"WebSite","@id":"https:\/\/hudo.com\/si\/#website","url":"https:\/\/hudo.com\/si\/","name":"Hudo Slovenija","description":"Vse novice iz Slovenije in sveta","publisher":{"@id":"https:\/\/hudo.com\/si\/#organization"},"potentialAction":[{"@type":"SearchAction","target":{"@type":"EntryPoint","urlTemplate":"https:\/\/hudo.com\/si\/?s={search_term_string}"},"query-input":"required name=search_term_string"}],"inLanguage":"sl-SI"},{"@type":"Organization","@id":"https:\/\/hudo.com\/si\/#organization","name":"VSN Media","url":"https:\/\/hudo.com\/si\/","logo":{"@type":"ImageObject","inLanguage":"sl-SI","@id":"https:\/\/hudo.com\/si\/#\/schema\/logo\/image\/","url":"https:\/\/hudo.com\/si\/wp-content\/uploads\/sites\/2\/2021\/03\/hudo-app-2.png","contentUrl":"https:\/\/hudo.com\/si\/wp-content\/uploads\/sites\/2\/2021\/03\/hudo-app-2.png","width":2185,"height":2167,"caption":"VSN Media"},"image":{"@id":"https:\/\/hudo.com\/si\/#\/schema\/logo\/image\/"},"sameAs":["https:\/\/www.facebook.com\/hudo.si","https:\/\/twitter.com\/hudo_si"]},{"@type":"Person","@id":"https:\/\/hudo.com\/si\/#\/schema\/person\/601cf3379633985b20f7e50f2bb47707","name":"hudo","image":{"@type":"ImageObject","inLanguage":"sl-SI","@id":"https:\/\/hudo.com\/si\/#\/schema\/person\/image\/","url":"https:\/\/secure.gravatar.com\/avatar\/c4ca25fa72cace7a696b52ff5db9e095?s=96&d=mm&r=g","contentUrl":"https:\/\/secure.gravatar.com\/avatar\/c4ca25fa72cace7a696b52ff5db9e095?s=96&d=mm&r=g","caption":"hudo"},"url":"https:\/\/hudo.com\/si\/author\/hudo\/"}]}},"amp_enabled":true,"_links":{"self":[{"href":"https:\/\/hudo.com\/si\/wp-json\/wp\/v2\/posts\/129830"}],"collection":[{"href":"https:\/\/hudo.com\/si\/wp-json\/wp\/v2\/posts"}],"about":[{"href":"https:\/\/hudo.com\/si\/wp-json\/wp\/v2\/types\/post"}],"author":[{"embeddable":true,"href":"https:\/\/hudo.com\/si\/wp-json\/wp\/v2\/users\/1"}],"replies":[{"embeddable":true,"href":"https:\/\/hudo.com\/si\/wp-json\/wp\/v2\/comments?post=129830"}],"version-history":[{"count":0,"href":"https:\/\/hudo.com\/si\/wp-json\/wp\/v2\/posts\/129830\/revisions"}],"wp:attachment":[{"href":"https:\/\/hudo.com\/si\/wp-json\/wp\/v2\/media?parent=129830"}],"wp:term":[{"taxonomy":"category","embeddable":true,"href":"https:\/\/hudo.com\/si\/wp-json\/wp\/v2\/categories?post=129830"},{"taxonomy":"post_tag","embeddable":true,"href":"https:\/\/hudo.com\/si\/wp-json\/wp\/v2\/tags?post=129830"},{"taxonomy":"source","embeddable":true,"href":"https:\/\/hudo.com\/si\/wp-json\/wp\/v2\/source?post=129830"},{"taxonomy":"supertag","embeddable":true,"href":"https:\/\/hudo.com\/si\/wp-json\/wp\/v2\/supertag?post=129830"}],"curies":[{"name":"wp","href":"https:\/\/api.w.org\/{rel}","templated":true}]}}