{"id":129834,"date":"2016-09-09T16:53:00","date_gmt":"2016-09-09T14:53:00","guid":{"rendered":"http:\/\/hudo.com\/si\/2016\/09\/09\/umrl-je-akrobatski-pilot-hannes-arch\/"},"modified":"2016-09-10T11:31:50","modified_gmt":"2016-09-10T09:31:50","slug":"umrl-je-akrobatski-pilot-hannes-arch","status":"publish","type":"post","link":"https:\/\/hudo.com\/si\/aktualno\/umrl-je-akrobatski-pilot-hannes-arch\/","title":{"rendered":"Umrl je akrobatski pilot Hannes Arch"},"content":{"rendered":"<p>Kategorija: Kronika Fri, 09 Sep 2016 18:53:00 +0200  Dunaj &#8211; Osemin\u0161tiridesetletni nesre\u010dni Avstrijec je tekmoval na preizku\u0161njah za svetovno prvenstvo Red Bull Air Race, v tem tekmovanju sodeluje tudi Slovenec Peter Podlun\u0161ek. Arch je pogosto letel v njemu tako ljubih gorah in najvi\u0161je gorske ko\u010de oskrboval z \u017eivljenjskimi dobrinami. Alpinist in pilot je \u010dez vse v \u017eivljenju ljubil dvoje: gore in letenje, zanj pa je bil usoden trk v steno 2346 metrov visoke gore Seehoehe. Z njim je bil tudi 62-letni Nemec, ki je utrpel te\u017eje telesne po\u0161kodbe. \u00bbHannes Arch je imel posebno energijo, neverjetno voljo in velik smisel za humor. Dobrega prijatelja in neusmiljenega tekmeca se bo ekipa Peter Podlun\u0161ek Racing spominjala z velikim spo\u0161tovanjem in toplino v srcu. Za Hannesom bo ostala praznina, ki jo je nemogo\u010de zapolniti in kar te\u017eko si predstavljamo, da na naslednji dirki ne\u00a0&#8230;<\/p>\n","protected":false},"excerpt":{"rendered":"<p>Kategorija: Kronika Fri, 09 Sep 2016 18:53:00 +0200  Dunaj &#8211; Osemin\u0161tiridesetletni nesre\u010dni Avstrijec je tekmoval na preizku\u0161njah za svetovno prvenstvo Red Bull Air Race, v tem tekmovanju sodeluje tudi Slovenec Peter Podlun\u0161ek. Arch je pogosto letel v njemu tako ljubih gorah in najvi\u0161je gorske ko\u010de oskrboval z \u017eivljenjskimi dobrinami. Alpinist in pilot je \u010dez vse v \u017eivljenju ljubil dvoje: gore in letenje, zanj pa je bil usoden trk v steno 2346 metrov visoke gore Seehoehe. Z njim je bil tudi 62-letni Nemec, ki je utrpel te\u017eje telesne po\u0161kodbe. \u00bbHannes Arch je imel posebno energijo, neverjetno voljo in velik smisel za humor. Dobrega prijatelja in neusmiljenega tekmeca se bo ekipa Peter Podlun\u0161ek Racing spominjala z velikim spo\u0161tovanjem in toplino v srcu. Za Hannesom bo ostala praznina, ki jo je nemogo\u010de zapolniti in kar te\u017eko si predstavljamo, da na naslednji dirki ne\u00a0&#8230;<\/p>\n","protected":false},"author":1,"featured_media":0,"comment_status":"closed","ping_status":"closed","sticky":false,"template":"","format":"standard","meta":{"footnotes":""},"categories":[1179],"tags":[],"source":[1703],"supertag":[],"acf":[],"yoast_head":"<!-- This site is optimized with the Yoast SEO plugin v21.3 - https:\/\/yoast.com\/wordpress\/plugins\/seo\/ -->\n<title>Umrl je akrobatski pilot Hannes Arch - Hudo Slovenija<\/title>\n<meta name=\"robots\" content=\"index, follow, max-snippet:-1, max-image-preview:large, max-video-preview:-1\" \/>\n<link rel=\"canonical\" href=\"https:\/\/hudo.com\/si\/aktualno\/umrl-je-akrobatski-pilot-hannes-arch\/\" \/>\n<meta property=\"og:locale\" content=\"sl_SI\" \/>\n<meta property=\"og:type\" content=\"article\" \/>\n<meta property=\"og:title\" content=\"Umrl je akrobatski pilot Hannes Arch - Hudo Slovenija\" \/>\n<meta property=\"og:description\" content=\"Kategorija: Kronika Fri, 09 Sep 2016 18:53:00 +0200 Dunaj - Osemin\u0161tiridesetletni nesre\u010dni Avstrijec je tekmoval na preizku\u0161njah za svetovno prvenstvo Red Bull Air Race, v tem tekmovanju sodeluje tudi Slovenec Peter Podlun\u0161ek. Arch je pogosto letel v njemu tako ljubih gorah in najvi\u0161je gorske ko\u010de oskrboval z \u017eivljenjskimi dobrinami. Alpinist in pilot je \u010dez vse v \u017eivljenju ljubil dvoje: gore in letenje, zanj pa je bil usoden trk v steno 2346 metrov visoke gore Seehoehe. Z njim je bil tudi 62-letni Nemec, ki je utrpel te\u017eje telesne po\u0161kodbe. \u00bbHannes Arch je imel posebno energijo, neverjetno voljo in velik smisel za humor. Dobrega prijatelja in neusmiljenega tekmeca se bo ekipa Peter Podlun\u0161ek Racing spominjala z velikim spo\u0161tovanjem in toplino v srcu. Za Hannesom bo ostala praznina, ki jo je nemogo\u010de zapolniti in kar te\u017eko si predstavljamo, da na naslednji dirki ne\u00a0...\" \/>\n<meta property=\"og:url\" content=\"https:\/\/hudo.com\/si\/aktualno\/umrl-je-akrobatski-pilot-hannes-arch\/\" \/>\n<meta property=\"og:site_name\" content=\"Hudo Slovenija\" \/>\n<meta property=\"article:publisher\" content=\"https:\/\/www.facebook.com\/hudo.si\" \/>\n<meta property=\"article:published_time\" content=\"2016-09-09T14:53:00+00:00\" \/>\n<meta property=\"article:modified_time\" content=\"2016-09-10T09:31:50+00:00\" \/>\n<meta property=\"og:image\" content=\"https:\/\/hudo.com\/si\/wp-content\/uploads\/sites\/2\/2016\/09\/480x290_AFP_Photo-20160909120340-38608500.jpeg\" \/>\n\t<meta property=\"og:image:width\" content=\"480\" \/>\n\t<meta property=\"og:image:height\" content=\"290\" \/>\n\t<meta property=\"og:image:type\" content=\"image\/jpeg\" \/>\n<meta name=\"author\" content=\"hudo\" \/>\n<meta name=\"twitter:card\" content=\"summary_large_image\" \/>\n<meta name=\"twitter:creator\" content=\"@hudo_si\" \/>\n<meta name=\"twitter:site\" content=\"@hudo_si\" \/>\n<meta name=\"twitter:label1\" content=\"Written by\" \/>\n\t<meta name=\"twitter:data1\" content=\"hudo\" \/>\n\t<meta name=\"twitter:label2\" content=\"Est. reading time\" \/>\n\t<meta name=\"twitter:data2\" content=\"1 minuta\" \/>\n<script type=\"application\/ld+json\" class=\"yoast-schema-graph\">{\"@context\":\"https:\/\/schema.org\",\"@graph\":[{\"@type\":\"Article\",\"@id\":\"https:\/\/hudo.com\/si\/aktualno\/umrl-je-akrobatski-pilot-hannes-arch\/#article\",\"isPartOf\":{\"@id\":\"https:\/\/hudo.com\/si\/aktualno\/umrl-je-akrobatski-pilot-hannes-arch\/\"},\"author\":{\"name\":\"hudo\",\"@id\":\"https:\/\/hudo.com\/si\/#\/schema\/person\/601cf3379633985b20f7e50f2bb47707\"},\"headline\":\"Umrl je akrobatski pilot Hannes Arch\",\"datePublished\":\"2016-09-09T14:53:00+00:00\",\"dateModified\":\"2016-09-10T09:31:50+00:00\",\"mainEntityOfPage\":{\"@id\":\"https:\/\/hudo.com\/si\/aktualno\/umrl-je-akrobatski-pilot-hannes-arch\/\"},\"wordCount\":153,\"publisher\":{\"@id\":\"https:\/\/hudo.com\/si\/#organization\"},\"articleSection\":[\"Aktualno\"],\"inLanguage\":\"sl-SI\"},{\"@type\":\"WebPage\",\"@id\":\"https:\/\/hudo.com\/si\/aktualno\/umrl-je-akrobatski-pilot-hannes-arch\/\",\"url\":\"https:\/\/hudo.com\/si\/aktualno\/umrl-je-akrobatski-pilot-hannes-arch\/\",\"name\":\"Umrl je akrobatski pilot Hannes Arch - Hudo Slovenija\",\"isPartOf\":{\"@id\":\"https:\/\/hudo.com\/si\/#website\"},\"datePublished\":\"2016-09-09T14:53:00+00:00\",\"dateModified\":\"2016-09-10T09:31:50+00:00\",\"breadcrumb\":{\"@id\":\"https:\/\/hudo.com\/si\/aktualno\/umrl-je-akrobatski-pilot-hannes-arch\/#breadcrumb\"},\"inLanguage\":\"sl-SI\",\"potentialAction\":[{\"@type\":\"ReadAction\",\"target\":[\"https:\/\/hudo.com\/si\/aktualno\/umrl-je-akrobatski-pilot-hannes-arch\/\"]}]},{\"@type\":\"BreadcrumbList\",\"@id\":\"https:\/\/hudo.com\/si\/aktualno\/umrl-je-akrobatski-pilot-hannes-arch\/#breadcrumb\",\"itemListElement\":[{\"@type\":\"ListItem\",\"position\":1,\"name\":\"Home\",\"item\":\"https:\/\/hudo.com\/si\/\"},{\"@type\":\"ListItem\",\"position\":2,\"name\":\"Umrl je akrobatski pilot Hannes Arch\"}]},{\"@type\":\"WebSite\",\"@id\":\"https:\/\/hudo.com\/si\/#website\",\"url\":\"https:\/\/hudo.com\/si\/\",\"name\":\"Hudo Slovenija\",\"description\":\"Vse novice iz Slovenije in sveta\",\"publisher\":{\"@id\":\"https:\/\/hudo.com\/si\/#organization\"},\"potentialAction\":[{\"@type\":\"SearchAction\",\"target\":{\"@type\":\"EntryPoint\",\"urlTemplate\":\"https:\/\/hudo.com\/si\/?s={search_term_string}\"},\"query-input\":\"required name=search_term_string\"}],\"inLanguage\":\"sl-SI\"},{\"@type\":\"Organization\",\"@id\":\"https:\/\/hudo.com\/si\/#organization\",\"name\":\"VSN Media\",\"url\":\"https:\/\/hudo.com\/si\/\",\"logo\":{\"@type\":\"ImageObject\",\"inLanguage\":\"sl-SI\",\"@id\":\"https:\/\/hudo.com\/si\/#\/schema\/logo\/image\/\",\"url\":\"https:\/\/hudo.com\/si\/wp-content\/uploads\/sites\/2\/2021\/03\/hudo-app-2.png\",\"contentUrl\":\"https:\/\/hudo.com\/si\/wp-content\/uploads\/sites\/2\/2021\/03\/hudo-app-2.png\",\"width\":2185,\"height\":2167,\"caption\":\"VSN Media\"},\"image\":{\"@id\":\"https:\/\/hudo.com\/si\/#\/schema\/logo\/image\/\"},\"sameAs\":[\"https:\/\/www.facebook.com\/hudo.si\",\"https:\/\/twitter.com\/hudo_si\"]},{\"@type\":\"Person\",\"@id\":\"https:\/\/hudo.com\/si\/#\/schema\/person\/601cf3379633985b20f7e50f2bb47707\",\"name\":\"hudo\",\"image\":{\"@type\":\"ImageObject\",\"inLanguage\":\"sl-SI\",\"@id\":\"https:\/\/hudo.com\/si\/#\/schema\/person\/image\/\",\"url\":\"https:\/\/secure.gravatar.com\/avatar\/c4ca25fa72cace7a696b52ff5db9e095?s=96&d=mm&r=g\",\"contentUrl\":\"https:\/\/secure.gravatar.com\/avatar\/c4ca25fa72cace7a696b52ff5db9e095?s=96&d=mm&r=g\",\"caption\":\"hudo\"},\"url\":\"https:\/\/hudo.com\/si\/author\/hudo\/\"}]}<\/script>\n<!-- \/ Yoast SEO plugin. -->","yoast_head_json":{"title":"Umrl je akrobatski pilot Hannes Arch - Hudo Slovenija","robots":{"index":"index","follow":"follow","max-snippet":"max-snippet:-1","max-image-preview":"max-image-preview:large","max-video-preview":"max-video-preview:-1"},"canonical":"https:\/\/hudo.com\/si\/aktualno\/umrl-je-akrobatski-pilot-hannes-arch\/","og_locale":"sl_SI","og_type":"article","og_title":"Umrl je akrobatski pilot Hannes Arch - Hudo Slovenija","og_description":"Kategorija: Kronika Fri, 09 Sep 2016 18:53:00 +0200 Dunaj - Osemin\u0161tiridesetletni nesre\u010dni Avstrijec je tekmoval na preizku\u0161njah za svetovno prvenstvo Red Bull Air Race, v tem tekmovanju sodeluje tudi Slovenec Peter Podlun\u0161ek. Arch je pogosto letel v njemu tako ljubih gorah in najvi\u0161je gorske ko\u010de oskrboval z \u017eivljenjskimi dobrinami. Alpinist in pilot je \u010dez vse v \u017eivljenju ljubil dvoje: gore in letenje, zanj pa je bil usoden trk v steno 2346 metrov visoke gore Seehoehe. Z njim je bil tudi 62-letni Nemec, ki je utrpel te\u017eje telesne po\u0161kodbe. \u00bbHannes Arch je imel posebno energijo, neverjetno voljo in velik smisel za humor. Dobrega prijatelja in neusmiljenega tekmeca se bo ekipa Peter Podlun\u0161ek Racing spominjala z velikim spo\u0161tovanjem in toplino v srcu. Za Hannesom bo ostala praznina, ki jo je nemogo\u010de zapolniti in kar te\u017eko si predstavljamo, da na naslednji dirki ne\u00a0...","og_url":"https:\/\/hudo.com\/si\/aktualno\/umrl-je-akrobatski-pilot-hannes-arch\/","og_site_name":"Hudo Slovenija","article_publisher":"https:\/\/www.facebook.com\/hudo.si","article_published_time":"2016-09-09T14:53:00+00:00","article_modified_time":"2016-09-10T09:31:50+00:00","og_image":[{"width":480,"height":290,"url":"https:\/\/hudo.com\/si\/wp-content\/uploads\/sites\/2\/2016\/09\/480x290_AFP_Photo-20160909120340-38608500.jpeg","type":"image\/jpeg"}],"author":"hudo","twitter_card":"summary_large_image","twitter_creator":"@hudo_si","twitter_site":"@hudo_si","twitter_misc":{"Written by":"hudo","Est. reading time":"1 minuta"},"schema":{"@context":"https:\/\/schema.org","@graph":[{"@type":"Article","@id":"https:\/\/hudo.com\/si\/aktualno\/umrl-je-akrobatski-pilot-hannes-arch\/#article","isPartOf":{"@id":"https:\/\/hudo.com\/si\/aktualno\/umrl-je-akrobatski-pilot-hannes-arch\/"},"author":{"name":"hudo","@id":"https:\/\/hudo.com\/si\/#\/schema\/person\/601cf3379633985b20f7e50f2bb47707"},"headline":"Umrl je akrobatski pilot Hannes Arch","datePublished":"2016-09-09T14:53:00+00:00","dateModified":"2016-09-10T09:31:50+00:00","mainEntityOfPage":{"@id":"https:\/\/hudo.com\/si\/aktualno\/umrl-je-akrobatski-pilot-hannes-arch\/"},"wordCount":153,"publisher":{"@id":"https:\/\/hudo.com\/si\/#organization"},"articleSection":["Aktualno"],"inLanguage":"sl-SI"},{"@type":"WebPage","@id":"https:\/\/hudo.com\/si\/aktualno\/umrl-je-akrobatski-pilot-hannes-arch\/","url":"https:\/\/hudo.com\/si\/aktualno\/umrl-je-akrobatski-pilot-hannes-arch\/","name":"Umrl je akrobatski pilot Hannes Arch - Hudo Slovenija","isPartOf":{"@id":"https:\/\/hudo.com\/si\/#website"},"datePublished":"2016-09-09T14:53:00+00:00","dateModified":"2016-09-10T09:31:50+00:00","breadcrumb":{"@id":"https:\/\/hudo.com\/si\/aktualno\/umrl-je-akrobatski-pilot-hannes-arch\/#breadcrumb"},"inLanguage":"sl-SI","potentialAction":[{"@type":"ReadAction","target":["https:\/\/hudo.com\/si\/aktualno\/umrl-je-akrobatski-pilot-hannes-arch\/"]}]},{"@type":"BreadcrumbList","@id":"https:\/\/hudo.com\/si\/aktualno\/umrl-je-akrobatski-pilot-hannes-arch\/#breadcrumb","itemListElement":[{"@type":"ListItem","position":1,"name":"Home","item":"https:\/\/hudo.com\/si\/"},{"@type":"ListItem","position":2,"name":"Umrl je akrobatski pilot Hannes Arch"}]},{"@type":"WebSite","@id":"https:\/\/hudo.com\/si\/#website","url":"https:\/\/hudo.com\/si\/","name":"Hudo Slovenija","description":"Vse novice iz Slovenije in sveta","publisher":{"@id":"https:\/\/hudo.com\/si\/#organization"},"potentialAction":[{"@type":"SearchAction","target":{"@type":"EntryPoint","urlTemplate":"https:\/\/hudo.com\/si\/?s={search_term_string}"},"query-input":"required name=search_term_string"}],"inLanguage":"sl-SI"},{"@type":"Organization","@id":"https:\/\/hudo.com\/si\/#organization","name":"VSN Media","url":"https:\/\/hudo.com\/si\/","logo":{"@type":"ImageObject","inLanguage":"sl-SI","@id":"https:\/\/hudo.com\/si\/#\/schema\/logo\/image\/","url":"https:\/\/hudo.com\/si\/wp-content\/uploads\/sites\/2\/2021\/03\/hudo-app-2.png","contentUrl":"https:\/\/hudo.com\/si\/wp-content\/uploads\/sites\/2\/2021\/03\/hudo-app-2.png","width":2185,"height":2167,"caption":"VSN Media"},"image":{"@id":"https:\/\/hudo.com\/si\/#\/schema\/logo\/image\/"},"sameAs":["https:\/\/www.facebook.com\/hudo.si","https:\/\/twitter.com\/hudo_si"]},{"@type":"Person","@id":"https:\/\/hudo.com\/si\/#\/schema\/person\/601cf3379633985b20f7e50f2bb47707","name":"hudo","image":{"@type":"ImageObject","inLanguage":"sl-SI","@id":"https:\/\/hudo.com\/si\/#\/schema\/person\/image\/","url":"https:\/\/secure.gravatar.com\/avatar\/c4ca25fa72cace7a696b52ff5db9e095?s=96&d=mm&r=g","contentUrl":"https:\/\/secure.gravatar.com\/avatar\/c4ca25fa72cace7a696b52ff5db9e095?s=96&d=mm&r=g","caption":"hudo"},"url":"https:\/\/hudo.com\/si\/author\/hudo\/"}]}},"amp_enabled":true,"_links":{"self":[{"href":"https:\/\/hudo.com\/si\/wp-json\/wp\/v2\/posts\/129834"}],"collection":[{"href":"https:\/\/hudo.com\/si\/wp-json\/wp\/v2\/posts"}],"about":[{"href":"https:\/\/hudo.com\/si\/wp-json\/wp\/v2\/types\/post"}],"author":[{"embeddable":true,"href":"https:\/\/hudo.com\/si\/wp-json\/wp\/v2\/users\/1"}],"replies":[{"embeddable":true,"href":"https:\/\/hudo.com\/si\/wp-json\/wp\/v2\/comments?post=129834"}],"version-history":[{"count":1,"href":"https:\/\/hudo.com\/si\/wp-json\/wp\/v2\/posts\/129834\/revisions"}],"predecessor-version":[{"id":130022,"href":"https:\/\/hudo.com\/si\/wp-json\/wp\/v2\/posts\/129834\/revisions\/130022"}],"wp:attachment":[{"href":"https:\/\/hudo.com\/si\/wp-json\/wp\/v2\/media?parent=129834"}],"wp:term":[{"taxonomy":"category","embeddable":true,"href":"https:\/\/hudo.com\/si\/wp-json\/wp\/v2\/categories?post=129834"},{"taxonomy":"post_tag","embeddable":true,"href":"https:\/\/hudo.com\/si\/wp-json\/wp\/v2\/tags?post=129834"},{"taxonomy":"source","embeddable":true,"href":"https:\/\/hudo.com\/si\/wp-json\/wp\/v2\/source?post=129834"},{"taxonomy":"supertag","embeddable":true,"href":"https:\/\/hudo.com\/si\/wp-json\/wp\/v2\/supertag?post=129834"}],"curies":[{"name":"wp","href":"https:\/\/api.w.org\/{rel}","templated":true}]}}