{"id":130018,"date":"2016-09-09T17:37:00","date_gmt":"2016-09-09T15:37:00","guid":{"rendered":"http:\/\/hudo.com\/si\/2016\/09\/09\/kranjec-za-35-metra-preletel-rekord\/"},"modified":"2016-09-10T11:31:40","modified_gmt":"2016-09-10T09:31:40","slug":"kranjec-za-35-metra-preletel-rekord","status":"publish","type":"post","link":"https:\/\/hudo.com\/si\/aktualno\/kranjec-za-35-metra-preletel-rekord\/","title":{"rendered":"Kranjec za 3,5 metra preletel rekord"},"content":{"rendered":"<p>Kategorija: Drugi \u0161porti Fri, 09 Sep 2016 19:37:00 +0200  \u010cajkovski &#8211; Ker je na rusko prizori\u0161\u010de velike nagrade FIS pripotovalo le 48 smu\u010darskih skakalcev iz 12 dr\u017eav, kvalifikacije niso bile potrebne. Na veliki napravi Sne\u017einka (HS-140) so tako izpeljali zgolj dve seriji za uradni trening, na katerem je blestel Robert Kranjec, ki je bil s 130 in 137 metri obakrat najbolj\u0161i. V drugo je celo za 3,5 metra preletel uradni \u00bbpoletni\u00ab rekord skakalnice, ki ga je lani dosegel Poljak Piotr Zyla. Znamko 130 metrov so od na\u0161ih premagali \u0161e Nejc De\u017eman (128 m\/4. in 132,5 m\/14.), Jaka Hvala (122,5 m\/14. in 133 m\/9.) in An\u017ee Semeni\u010d (124 m\/6. in 133 m\/6.). To\u010dke se nasmihajo tudi An\u017eetu Lani\u0161ku (123,5 m\/21. in 125,5 m\/29.), medtem ko bosta morala Jernej Damjan (115 m\/38. in 118 m\/35.) in Ernest Pri\u0161li\u010d (119,5 m\/35. in 117\u00a0&#8230;<\/p>\n","protected":false},"excerpt":{"rendered":"<p>Kategorija: Drugi \u0161porti Fri, 09 Sep 2016 19:37:00 +0200  \u010cajkovski &#8211; Ker je na rusko prizori\u0161\u010de velike nagrade FIS pripotovalo le 48 smu\u010darskih skakalcev iz 12 dr\u017eav, kvalifikacije niso bile potrebne. Na veliki napravi Sne\u017einka (HS-140) so tako izpeljali zgolj dve seriji za uradni trening, na katerem je blestel Robert Kranjec, ki je bil s 130 in 137 metri obakrat najbolj\u0161i. V drugo je celo za 3,5 metra preletel uradni \u00bbpoletni\u00ab rekord skakalnice, ki ga je lani dosegel Poljak Piotr Zyla. Znamko 130 metrov so od na\u0161ih premagali \u0161e Nejc De\u017eman (128 m\/4. in 132,5 m\/14.), Jaka Hvala (122,5 m\/14. in 133 m\/9.) in An\u017ee Semeni\u010d (124 m\/6. in 133 m\/6.). To\u010dke se nasmihajo tudi An\u017eetu Lani\u0161ku (123,5 m\/21. in 125,5 m\/29.), medtem ko bosta morala Jernej Damjan (115 m\/38. in 118 m\/35.) in Ernest Pri\u0161li\u010d (119,5 m\/35. in 117\u00a0&#8230;<\/p>\n","protected":false},"author":1,"featured_media":0,"comment_status":"closed","ping_status":"closed","sticky":false,"template":"","format":"standard","meta":{"footnotes":""},"categories":[1179],"tags":[],"source":[1703],"supertag":[],"acf":[],"yoast_head":"<!-- This site is optimized with the Yoast SEO plugin v21.3 - https:\/\/yoast.com\/wordpress\/plugins\/seo\/ -->\n<title>Kranjec za 3,5 metra preletel rekord - Hudo Slovenija<\/title>\n<meta name=\"robots\" content=\"index, follow, max-snippet:-1, max-image-preview:large, max-video-preview:-1\" \/>\n<link rel=\"canonical\" href=\"https:\/\/hudo.com\/si\/aktualno\/kranjec-za-35-metra-preletel-rekord\/\" \/>\n<meta property=\"og:locale\" content=\"sl_SI\" \/>\n<meta property=\"og:type\" content=\"article\" \/>\n<meta property=\"og:title\" content=\"Kranjec za 3,5 metra preletel rekord - Hudo Slovenija\" \/>\n<meta property=\"og:description\" content=\"Kategorija: Drugi \u0161porti Fri, 09 Sep 2016 19:37:00 +0200 \u010cajkovski - Ker je na rusko prizori\u0161\u010de velike nagrade FIS pripotovalo le 48 smu\u010darskih skakalcev iz 12 dr\u017eav, kvalifikacije niso bile potrebne. Na veliki napravi Sne\u017einka (HS-140) so tako izpeljali zgolj dve seriji za uradni trening, na katerem je blestel Robert Kranjec, ki je bil s 130 in 137 metri obakrat najbolj\u0161i. V drugo je celo za 3,5 metra preletel uradni \u00bbpoletni\u00ab rekord skakalnice, ki ga je lani dosegel Poljak Piotr Zyla. Znamko 130 metrov so od na\u0161ih premagali \u0161e Nejc De\u017eman (128 m\/4. in 132,5 m\/14.), Jaka Hvala (122,5 m\/14. in 133 m\/9.) in An\u017ee Semeni\u010d (124 m\/6. in 133 m\/6.). To\u010dke se nasmihajo tudi An\u017eetu Lani\u0161ku (123,5 m\/21. in 125,5 m\/29.), medtem ko bosta morala Jernej Damjan (115 m\/38. in 118 m\/35.) in Ernest Pri\u0161li\u010d (119,5 m\/35. in 117\u00a0...\" \/>\n<meta property=\"og:url\" content=\"https:\/\/hudo.com\/si\/aktualno\/kranjec-za-35-metra-preletel-rekord\/\" \/>\n<meta property=\"og:site_name\" content=\"Hudo Slovenija\" \/>\n<meta property=\"article:publisher\" content=\"https:\/\/www.facebook.com\/hudo.si\" \/>\n<meta property=\"article:published_time\" content=\"2016-09-09T15:37:00+00:00\" \/>\n<meta property=\"article:modified_time\" content=\"2016-09-10T09:31:40+00:00\" \/>\n<meta property=\"og:image\" content=\"https:\/\/hudo.com\/si\/wp-content\/uploads\/sites\/2\/2016\/09\/480x290_Delo_Foto-20160701191253-90749700.jpeg\" \/>\n\t<meta property=\"og:image:width\" content=\"480\" \/>\n\t<meta property=\"og:image:height\" content=\"290\" \/>\n\t<meta property=\"og:image:type\" content=\"image\/jpeg\" \/>\n<meta name=\"author\" content=\"hudo\" \/>\n<meta name=\"twitter:card\" content=\"summary_large_image\" \/>\n<meta name=\"twitter:creator\" content=\"@hudo_si\" \/>\n<meta name=\"twitter:site\" content=\"@hudo_si\" \/>\n<meta name=\"twitter:label1\" content=\"Written by\" \/>\n\t<meta name=\"twitter:data1\" content=\"hudo\" \/>\n\t<meta name=\"twitter:label2\" content=\"Est. reading time\" \/>\n\t<meta name=\"twitter:data2\" content=\"1 minuta\" \/>\n<script type=\"application\/ld+json\" class=\"yoast-schema-graph\">{\"@context\":\"https:\/\/schema.org\",\"@graph\":[{\"@type\":\"Article\",\"@id\":\"https:\/\/hudo.com\/si\/aktualno\/kranjec-za-35-metra-preletel-rekord\/#article\",\"isPartOf\":{\"@id\":\"https:\/\/hudo.com\/si\/aktualno\/kranjec-za-35-metra-preletel-rekord\/\"},\"author\":{\"name\":\"hudo\",\"@id\":\"https:\/\/hudo.com\/si\/#\/schema\/person\/601cf3379633985b20f7e50f2bb47707\"},\"headline\":\"Kranjec za 3,5 metra preletel rekord\",\"datePublished\":\"2016-09-09T15:37:00+00:00\",\"dateModified\":\"2016-09-10T09:31:40+00:00\",\"mainEntityOfPage\":{\"@id\":\"https:\/\/hudo.com\/si\/aktualno\/kranjec-za-35-metra-preletel-rekord\/\"},\"wordCount\":135,\"publisher\":{\"@id\":\"https:\/\/hudo.com\/si\/#organization\"},\"articleSection\":[\"Aktualno\"],\"inLanguage\":\"sl-SI\"},{\"@type\":\"WebPage\",\"@id\":\"https:\/\/hudo.com\/si\/aktualno\/kranjec-za-35-metra-preletel-rekord\/\",\"url\":\"https:\/\/hudo.com\/si\/aktualno\/kranjec-za-35-metra-preletel-rekord\/\",\"name\":\"Kranjec za 3,5 metra preletel rekord - Hudo Slovenija\",\"isPartOf\":{\"@id\":\"https:\/\/hudo.com\/si\/#website\"},\"datePublished\":\"2016-09-09T15:37:00+00:00\",\"dateModified\":\"2016-09-10T09:31:40+00:00\",\"breadcrumb\":{\"@id\":\"https:\/\/hudo.com\/si\/aktualno\/kranjec-za-35-metra-preletel-rekord\/#breadcrumb\"},\"inLanguage\":\"sl-SI\",\"potentialAction\":[{\"@type\":\"ReadAction\",\"target\":[\"https:\/\/hudo.com\/si\/aktualno\/kranjec-za-35-metra-preletel-rekord\/\"]}]},{\"@type\":\"BreadcrumbList\",\"@id\":\"https:\/\/hudo.com\/si\/aktualno\/kranjec-za-35-metra-preletel-rekord\/#breadcrumb\",\"itemListElement\":[{\"@type\":\"ListItem\",\"position\":1,\"name\":\"Home\",\"item\":\"https:\/\/hudo.com\/si\/\"},{\"@type\":\"ListItem\",\"position\":2,\"name\":\"Kranjec za 3,5 metra preletel rekord\"}]},{\"@type\":\"WebSite\",\"@id\":\"https:\/\/hudo.com\/si\/#website\",\"url\":\"https:\/\/hudo.com\/si\/\",\"name\":\"Hudo Slovenija\",\"description\":\"Vse novice iz Slovenije in sveta\",\"publisher\":{\"@id\":\"https:\/\/hudo.com\/si\/#organization\"},\"potentialAction\":[{\"@type\":\"SearchAction\",\"target\":{\"@type\":\"EntryPoint\",\"urlTemplate\":\"https:\/\/hudo.com\/si\/?s={search_term_string}\"},\"query-input\":\"required name=search_term_string\"}],\"inLanguage\":\"sl-SI\"},{\"@type\":\"Organization\",\"@id\":\"https:\/\/hudo.com\/si\/#organization\",\"name\":\"VSN Media\",\"url\":\"https:\/\/hudo.com\/si\/\",\"logo\":{\"@type\":\"ImageObject\",\"inLanguage\":\"sl-SI\",\"@id\":\"https:\/\/hudo.com\/si\/#\/schema\/logo\/image\/\",\"url\":\"https:\/\/hudo.com\/si\/wp-content\/uploads\/sites\/2\/2021\/03\/hudo-app-2.png\",\"contentUrl\":\"https:\/\/hudo.com\/si\/wp-content\/uploads\/sites\/2\/2021\/03\/hudo-app-2.png\",\"width\":2185,\"height\":2167,\"caption\":\"VSN Media\"},\"image\":{\"@id\":\"https:\/\/hudo.com\/si\/#\/schema\/logo\/image\/\"},\"sameAs\":[\"https:\/\/www.facebook.com\/hudo.si\",\"https:\/\/twitter.com\/hudo_si\"]},{\"@type\":\"Person\",\"@id\":\"https:\/\/hudo.com\/si\/#\/schema\/person\/601cf3379633985b20f7e50f2bb47707\",\"name\":\"hudo\",\"image\":{\"@type\":\"ImageObject\",\"inLanguage\":\"sl-SI\",\"@id\":\"https:\/\/hudo.com\/si\/#\/schema\/person\/image\/\",\"url\":\"https:\/\/secure.gravatar.com\/avatar\/c4ca25fa72cace7a696b52ff5db9e095?s=96&d=mm&r=g\",\"contentUrl\":\"https:\/\/secure.gravatar.com\/avatar\/c4ca25fa72cace7a696b52ff5db9e095?s=96&d=mm&r=g\",\"caption\":\"hudo\"},\"url\":\"https:\/\/hudo.com\/si\/author\/hudo\/\"}]}<\/script>\n<!-- \/ Yoast SEO plugin. -->","yoast_head_json":{"title":"Kranjec za 3,5 metra preletel rekord - Hudo Slovenija","robots":{"index":"index","follow":"follow","max-snippet":"max-snippet:-1","max-image-preview":"max-image-preview:large","max-video-preview":"max-video-preview:-1"},"canonical":"https:\/\/hudo.com\/si\/aktualno\/kranjec-za-35-metra-preletel-rekord\/","og_locale":"sl_SI","og_type":"article","og_title":"Kranjec za 3,5 metra preletel rekord - Hudo Slovenija","og_description":"Kategorija: Drugi \u0161porti Fri, 09 Sep 2016 19:37:00 +0200 \u010cajkovski - Ker je na rusko prizori\u0161\u010de velike nagrade FIS pripotovalo le 48 smu\u010darskih skakalcev iz 12 dr\u017eav, kvalifikacije niso bile potrebne. Na veliki napravi Sne\u017einka (HS-140) so tako izpeljali zgolj dve seriji za uradni trening, na katerem je blestel Robert Kranjec, ki je bil s 130 in 137 metri obakrat najbolj\u0161i. V drugo je celo za 3,5 metra preletel uradni \u00bbpoletni\u00ab rekord skakalnice, ki ga je lani dosegel Poljak Piotr Zyla. Znamko 130 metrov so od na\u0161ih premagali \u0161e Nejc De\u017eman (128 m\/4. in 132,5 m\/14.), Jaka Hvala (122,5 m\/14. in 133 m\/9.) in An\u017ee Semeni\u010d (124 m\/6. in 133 m\/6.). To\u010dke se nasmihajo tudi An\u017eetu Lani\u0161ku (123,5 m\/21. in 125,5 m\/29.), medtem ko bosta morala Jernej Damjan (115 m\/38. in 118 m\/35.) in Ernest Pri\u0161li\u010d (119,5 m\/35. in 117\u00a0...","og_url":"https:\/\/hudo.com\/si\/aktualno\/kranjec-za-35-metra-preletel-rekord\/","og_site_name":"Hudo Slovenija","article_publisher":"https:\/\/www.facebook.com\/hudo.si","article_published_time":"2016-09-09T15:37:00+00:00","article_modified_time":"2016-09-10T09:31:40+00:00","og_image":[{"width":480,"height":290,"url":"https:\/\/hudo.com\/si\/wp-content\/uploads\/sites\/2\/2016\/09\/480x290_Delo_Foto-20160701191253-90749700.jpeg","type":"image\/jpeg"}],"author":"hudo","twitter_card":"summary_large_image","twitter_creator":"@hudo_si","twitter_site":"@hudo_si","twitter_misc":{"Written by":"hudo","Est. reading time":"1 minuta"},"schema":{"@context":"https:\/\/schema.org","@graph":[{"@type":"Article","@id":"https:\/\/hudo.com\/si\/aktualno\/kranjec-za-35-metra-preletel-rekord\/#article","isPartOf":{"@id":"https:\/\/hudo.com\/si\/aktualno\/kranjec-za-35-metra-preletel-rekord\/"},"author":{"name":"hudo","@id":"https:\/\/hudo.com\/si\/#\/schema\/person\/601cf3379633985b20f7e50f2bb47707"},"headline":"Kranjec za 3,5 metra preletel rekord","datePublished":"2016-09-09T15:37:00+00:00","dateModified":"2016-09-10T09:31:40+00:00","mainEntityOfPage":{"@id":"https:\/\/hudo.com\/si\/aktualno\/kranjec-za-35-metra-preletel-rekord\/"},"wordCount":135,"publisher":{"@id":"https:\/\/hudo.com\/si\/#organization"},"articleSection":["Aktualno"],"inLanguage":"sl-SI"},{"@type":"WebPage","@id":"https:\/\/hudo.com\/si\/aktualno\/kranjec-za-35-metra-preletel-rekord\/","url":"https:\/\/hudo.com\/si\/aktualno\/kranjec-za-35-metra-preletel-rekord\/","name":"Kranjec za 3,5 metra preletel rekord - Hudo Slovenija","isPartOf":{"@id":"https:\/\/hudo.com\/si\/#website"},"datePublished":"2016-09-09T15:37:00+00:00","dateModified":"2016-09-10T09:31:40+00:00","breadcrumb":{"@id":"https:\/\/hudo.com\/si\/aktualno\/kranjec-za-35-metra-preletel-rekord\/#breadcrumb"},"inLanguage":"sl-SI","potentialAction":[{"@type":"ReadAction","target":["https:\/\/hudo.com\/si\/aktualno\/kranjec-za-35-metra-preletel-rekord\/"]}]},{"@type":"BreadcrumbList","@id":"https:\/\/hudo.com\/si\/aktualno\/kranjec-za-35-metra-preletel-rekord\/#breadcrumb","itemListElement":[{"@type":"ListItem","position":1,"name":"Home","item":"https:\/\/hudo.com\/si\/"},{"@type":"ListItem","position":2,"name":"Kranjec za 3,5 metra preletel rekord"}]},{"@type":"WebSite","@id":"https:\/\/hudo.com\/si\/#website","url":"https:\/\/hudo.com\/si\/","name":"Hudo Slovenija","description":"Vse novice iz Slovenije in sveta","publisher":{"@id":"https:\/\/hudo.com\/si\/#organization"},"potentialAction":[{"@type":"SearchAction","target":{"@type":"EntryPoint","urlTemplate":"https:\/\/hudo.com\/si\/?s={search_term_string}"},"query-input":"required name=search_term_string"}],"inLanguage":"sl-SI"},{"@type":"Organization","@id":"https:\/\/hudo.com\/si\/#organization","name":"VSN Media","url":"https:\/\/hudo.com\/si\/","logo":{"@type":"ImageObject","inLanguage":"sl-SI","@id":"https:\/\/hudo.com\/si\/#\/schema\/logo\/image\/","url":"https:\/\/hudo.com\/si\/wp-content\/uploads\/sites\/2\/2021\/03\/hudo-app-2.png","contentUrl":"https:\/\/hudo.com\/si\/wp-content\/uploads\/sites\/2\/2021\/03\/hudo-app-2.png","width":2185,"height":2167,"caption":"VSN Media"},"image":{"@id":"https:\/\/hudo.com\/si\/#\/schema\/logo\/image\/"},"sameAs":["https:\/\/www.facebook.com\/hudo.si","https:\/\/twitter.com\/hudo_si"]},{"@type":"Person","@id":"https:\/\/hudo.com\/si\/#\/schema\/person\/601cf3379633985b20f7e50f2bb47707","name":"hudo","image":{"@type":"ImageObject","inLanguage":"sl-SI","@id":"https:\/\/hudo.com\/si\/#\/schema\/person\/image\/","url":"https:\/\/secure.gravatar.com\/avatar\/c4ca25fa72cace7a696b52ff5db9e095?s=96&d=mm&r=g","contentUrl":"https:\/\/secure.gravatar.com\/avatar\/c4ca25fa72cace7a696b52ff5db9e095?s=96&d=mm&r=g","caption":"hudo"},"url":"https:\/\/hudo.com\/si\/author\/hudo\/"}]}},"amp_enabled":true,"_links":{"self":[{"href":"https:\/\/hudo.com\/si\/wp-json\/wp\/v2\/posts\/130018"}],"collection":[{"href":"https:\/\/hudo.com\/si\/wp-json\/wp\/v2\/posts"}],"about":[{"href":"https:\/\/hudo.com\/si\/wp-json\/wp\/v2\/types\/post"}],"author":[{"embeddable":true,"href":"https:\/\/hudo.com\/si\/wp-json\/wp\/v2\/users\/1"}],"replies":[{"embeddable":true,"href":"https:\/\/hudo.com\/si\/wp-json\/wp\/v2\/comments?post=130018"}],"version-history":[{"count":1,"href":"https:\/\/hudo.com\/si\/wp-json\/wp\/v2\/posts\/130018\/revisions"}],"predecessor-version":[{"id":130111,"href":"https:\/\/hudo.com\/si\/wp-json\/wp\/v2\/posts\/130018\/revisions\/130111"}],"wp:attachment":[{"href":"https:\/\/hudo.com\/si\/wp-json\/wp\/v2\/media?parent=130018"}],"wp:term":[{"taxonomy":"category","embeddable":true,"href":"https:\/\/hudo.com\/si\/wp-json\/wp\/v2\/categories?post=130018"},{"taxonomy":"post_tag","embeddable":true,"href":"https:\/\/hudo.com\/si\/wp-json\/wp\/v2\/tags?post=130018"},{"taxonomy":"source","embeddable":true,"href":"https:\/\/hudo.com\/si\/wp-json\/wp\/v2\/source?post=130018"},{"taxonomy":"supertag","embeddable":true,"href":"https:\/\/hudo.com\/si\/wp-json\/wp\/v2\/supertag?post=130018"}],"curies":[{"name":"wp","href":"https:\/\/api.w.org\/{rel}","templated":true}]}}