{"id":13011,"date":"2015-11-26T10:32:48","date_gmt":"2015-11-26T09:32:48","guid":{"rendered":"http:\/\/master.hudo.com\/si\/2015\/11\/26\/junakinje-dneva-kombinatke-so-se-s-pesmijo-protestno-zavzele-za-pravice-zensk\/"},"modified":"2015-11-26T10:32:48","modified_gmt":"2015-11-26T09:32:48","slug":"junakinje-dneva-kombinatke-so-se-s-pesmijo-protestno-zavzele-za-pravice-zensk","status":"publish","type":"post","link":"https:\/\/hudo.com\/si\/zabava\/junakinje-dneva-kombinatke-so-se-s-pesmijo-protestno-zavzele-za-pravice-zensk\/","title":{"rendered":"Junakinje dneva: Kombinatke so se s pesmijo protestno zavzele za pravice \u017eensk"},"content":{"rendered":"<p>\u017de prvi dan se je v sklopu sejma odvila nekak\u0161na okrogla miza z naslovom Nova levica in kr\u0161\u010danstvo, kjer so, po poro\u010danju Mladine, govorci kot so\u00a0Ale\u0161 Primc (Koalicija Za otroke gre),\u00a0\u00a0Jo\u017eef Horvat (\u010dlan NSi in nekdanji poslanec) in teolog Branko Cestnik, spregovorili\u00a0o liberalizaciji splava, novi opredelitvi zakonske zveze, propagiranju \u00bbnovih modelov dru\u017eine\u00ab in radikalnemu feminizmu. Okroglo mizo, ki sicer ni imela prav dosti veze s knji\u017enim sejmom,\u00a0pa je prekinil protestni nastop \u017eenskega pevskega zbora Kombinatke, ki so se s pesmijo Sestre, le k soncu, svobodi!, zavzele za pravice \u017eensk in njihovo svobodno odlo\u010danje. Nam se zdi poteza pevskega zbora, ki prepeva izklju\u010dno pesmi upora, da uti\u0161ajo Primca in ostale, nadvse pogumna in spo\u0161tovanja vredna.<\/p>\n<p><strong>Njihov nastop si lahko pogledate v spodnjem videu:<\/strong><\/p>\n<div class=\"wp-caption video\" style=\"padding-top:56.212121212121%\">  \t<div class=\"embed\"><div class=\"embed-notice\">Za ogled vstavljene vsebine morate omogo\u010diti <a href=\"#\" onclick=\"Optanon.ToggleInfoDisplay()\">shranjevanje pi\u0161kotkov v napravi<\/a><\/div><iframe loading=\"lazy\" width=\"660\" height=\"371\"  class=\"optanon-category-C0002-C0003-C0004\" optanon-src=\"https:\/\/www.youtube.com\/embed\/OLWaWiCPy6Y?autohide=1&#038;fs=1&#038;autoplay=0&#038;iv_load_policy=3&#038;rel=0&#038;modestbranding=1&#038;showinfo=0&#038;hd=1\" frameborder=\"0\" allowfullscreen><\/iframe><\/div>  <\/div>\n","protected":false},"excerpt":{"rendered":"<p>V\u010deraj se je v\u00a0Cankarjevem domu za\u010del 31. Slovenski knji\u017eni sejem, ki pa je \u017ee prvi dan poskrbel za manj\u0161i incident, \u010desar na knji\u017enem sejmu sicer ne bi ravno pri\u010dakovali.<\/p>\n","protected":false},"author":1,"featured_media":0,"comment_status":"closed","ping_status":"closed","sticky":false,"template":"","format":"standard","meta":{"footnotes":""},"categories":[1095],"tags":[3024,3025,3026,3027],"source":[1351,1466,1334],"supertag":[],"acf":[],"yoast_head":"<!-- This site is optimized with the Yoast SEO plugin v21.3 - https:\/\/yoast.com\/wordpress\/plugins\/seo\/ -->\n<title>Junakinje dneva: Kombinatke so se s pesmijo protestno zavzele za pravice \u017eensk - Hudo Slovenija<\/title>\n<meta name=\"robots\" content=\"index, follow, max-snippet:-1, max-image-preview:large, max-video-preview:-1\" \/>\n<link rel=\"canonical\" href=\"https:\/\/hudo.com\/si\/zabava\/junakinje-dneva-kombinatke-so-se-s-pesmijo-protestno-zavzele-za-pravice-zensk\/\" \/>\n<meta property=\"og:locale\" content=\"sl_SI\" \/>\n<meta property=\"og:type\" content=\"article\" \/>\n<meta property=\"og:title\" content=\"Junakinje dneva: Kombinatke so se s pesmijo protestno zavzele za pravice \u017eensk - Hudo Slovenija\" \/>\n<meta property=\"og:description\" content=\"V\u010deraj se je v\u00a0Cankarjevem domu za\u010del 31. Slovenski knji\u017eni sejem, ki pa je \u017ee prvi dan poskrbel za manj\u0161i incident, \u010desar na knji\u017enem sejmu sicer ne bi ravno pri\u010dakovali.\" \/>\n<meta property=\"og:url\" content=\"https:\/\/hudo.com\/si\/zabava\/junakinje-dneva-kombinatke-so-se-s-pesmijo-protestno-zavzele-za-pravice-zensk\/\" \/>\n<meta property=\"og:site_name\" content=\"Hudo Slovenija\" \/>\n<meta property=\"article:publisher\" content=\"https:\/\/www.facebook.com\/hudo.si\" \/>\n<meta property=\"article:published_time\" content=\"2015-11-26T09:32:48+00:00\" \/>\n<meta property=\"og:image\" content=\"https:\/\/hudo.com\/si\/wp-content\/uploads\/sites\/2\/2016\/04\/junakinje-dneva-kombinatke-so-se.jpg\" \/>\n\t<meta property=\"og:image:width\" content=\"1280\" \/>\n\t<meta property=\"og:image:height\" content=\"720\" \/>\n\t<meta property=\"og:image:type\" content=\"image\/jpeg\" \/>\n<meta name=\"author\" content=\"hudo\" \/>\n<meta name=\"twitter:card\" content=\"summary_large_image\" \/>\n<meta name=\"twitter:creator\" content=\"@hudo_si\" \/>\n<meta name=\"twitter:site\" content=\"@hudo_si\" \/>\n<meta name=\"twitter:label1\" content=\"Written by\" \/>\n\t<meta name=\"twitter:data1\" content=\"hudo\" \/>\n\t<meta name=\"twitter:label2\" content=\"Est. reading time\" \/>\n\t<meta name=\"twitter:data2\" content=\"1 minuta\" \/>\n<script type=\"application\/ld+json\" class=\"yoast-schema-graph\">{\"@context\":\"https:\/\/schema.org\",\"@graph\":[{\"@type\":\"Article\",\"@id\":\"https:\/\/hudo.com\/si\/zabava\/junakinje-dneva-kombinatke-so-se-s-pesmijo-protestno-zavzele-za-pravice-zensk\/#article\",\"isPartOf\":{\"@id\":\"https:\/\/hudo.com\/si\/zabava\/junakinje-dneva-kombinatke-so-se-s-pesmijo-protestno-zavzele-za-pravice-zensk\/\"},\"author\":{\"name\":\"hudo\",\"@id\":\"https:\/\/hudo.com\/si\/#\/schema\/person\/601cf3379633985b20f7e50f2bb47707\"},\"headline\":\"Junakinje dneva: Kombinatke so se s pesmijo protestno zavzele za pravice \u017eensk\",\"datePublished\":\"2015-11-26T09:32:48+00:00\",\"dateModified\":\"2015-11-26T09:32:48+00:00\",\"mainEntityOfPage\":{\"@id\":\"https:\/\/hudo.com\/si\/zabava\/junakinje-dneva-kombinatke-so-se-s-pesmijo-protestno-zavzele-za-pravice-zensk\/\"},\"wordCount\":148,\"publisher\":{\"@id\":\"https:\/\/hudo.com\/si\/#organization\"},\"keywords\":[\"Ale\u0161 Primc\",\"feminizem\",\"Kombinatke\",\"pravice \u017eensk\"],\"articleSection\":[\"Zabava\"],\"inLanguage\":\"sl-SI\"},{\"@type\":\"WebPage\",\"@id\":\"https:\/\/hudo.com\/si\/zabava\/junakinje-dneva-kombinatke-so-se-s-pesmijo-protestno-zavzele-za-pravice-zensk\/\",\"url\":\"https:\/\/hudo.com\/si\/zabava\/junakinje-dneva-kombinatke-so-se-s-pesmijo-protestno-zavzele-za-pravice-zensk\/\",\"name\":\"Junakinje dneva: Kombinatke so se s pesmijo protestno zavzele za pravice \u017eensk - Hudo Slovenija\",\"isPartOf\":{\"@id\":\"https:\/\/hudo.com\/si\/#website\"},\"datePublished\":\"2015-11-26T09:32:48+00:00\",\"dateModified\":\"2015-11-26T09:32:48+00:00\",\"breadcrumb\":{\"@id\":\"https:\/\/hudo.com\/si\/zabava\/junakinje-dneva-kombinatke-so-se-s-pesmijo-protestno-zavzele-za-pravice-zensk\/#breadcrumb\"},\"inLanguage\":\"sl-SI\",\"potentialAction\":[{\"@type\":\"ReadAction\",\"target\":[\"https:\/\/hudo.com\/si\/zabava\/junakinje-dneva-kombinatke-so-se-s-pesmijo-protestno-zavzele-za-pravice-zensk\/\"]}]},{\"@type\":\"BreadcrumbList\",\"@id\":\"https:\/\/hudo.com\/si\/zabava\/junakinje-dneva-kombinatke-so-se-s-pesmijo-protestno-zavzele-za-pravice-zensk\/#breadcrumb\",\"itemListElement\":[{\"@type\":\"ListItem\",\"position\":1,\"name\":\"Home\",\"item\":\"https:\/\/hudo.com\/si\/\"},{\"@type\":\"ListItem\",\"position\":2,\"name\":\"Junakinje dneva: Kombinatke so se s pesmijo protestno zavzele za pravice \u017eensk\"}]},{\"@type\":\"WebSite\",\"@id\":\"https:\/\/hudo.com\/si\/#website\",\"url\":\"https:\/\/hudo.com\/si\/\",\"name\":\"Hudo Slovenija\",\"description\":\"Vse novice iz Slovenije in sveta\",\"publisher\":{\"@id\":\"https:\/\/hudo.com\/si\/#organization\"},\"potentialAction\":[{\"@type\":\"SearchAction\",\"target\":{\"@type\":\"EntryPoint\",\"urlTemplate\":\"https:\/\/hudo.com\/si\/?s={search_term_string}\"},\"query-input\":\"required name=search_term_string\"}],\"inLanguage\":\"sl-SI\"},{\"@type\":\"Organization\",\"@id\":\"https:\/\/hudo.com\/si\/#organization\",\"name\":\"VSN Media\",\"url\":\"https:\/\/hudo.com\/si\/\",\"logo\":{\"@type\":\"ImageObject\",\"inLanguage\":\"sl-SI\",\"@id\":\"https:\/\/hudo.com\/si\/#\/schema\/logo\/image\/\",\"url\":\"https:\/\/hudo.com\/si\/wp-content\/uploads\/sites\/2\/2021\/03\/hudo-app-2.png\",\"contentUrl\":\"https:\/\/hudo.com\/si\/wp-content\/uploads\/sites\/2\/2021\/03\/hudo-app-2.png\",\"width\":2185,\"height\":2167,\"caption\":\"VSN Media\"},\"image\":{\"@id\":\"https:\/\/hudo.com\/si\/#\/schema\/logo\/image\/\"},\"sameAs\":[\"https:\/\/www.facebook.com\/hudo.si\",\"https:\/\/twitter.com\/hudo_si\"]},{\"@type\":\"Person\",\"@id\":\"https:\/\/hudo.com\/si\/#\/schema\/person\/601cf3379633985b20f7e50f2bb47707\",\"name\":\"hudo\",\"image\":{\"@type\":\"ImageObject\",\"inLanguage\":\"sl-SI\",\"@id\":\"https:\/\/hudo.com\/si\/#\/schema\/person\/image\/\",\"url\":\"https:\/\/secure.gravatar.com\/avatar\/c4ca25fa72cace7a696b52ff5db9e095?s=96&d=mm&r=g\",\"contentUrl\":\"https:\/\/secure.gravatar.com\/avatar\/c4ca25fa72cace7a696b52ff5db9e095?s=96&d=mm&r=g\",\"caption\":\"hudo\"},\"url\":\"https:\/\/hudo.com\/si\/author\/hudo\/\"}]}<\/script>\n<!-- \/ Yoast SEO plugin. -->","yoast_head_json":{"title":"Junakinje dneva: Kombinatke so se s pesmijo protestno zavzele za pravice \u017eensk - Hudo Slovenija","robots":{"index":"index","follow":"follow","max-snippet":"max-snippet:-1","max-image-preview":"max-image-preview:large","max-video-preview":"max-video-preview:-1"},"canonical":"https:\/\/hudo.com\/si\/zabava\/junakinje-dneva-kombinatke-so-se-s-pesmijo-protestno-zavzele-za-pravice-zensk\/","og_locale":"sl_SI","og_type":"article","og_title":"Junakinje dneva: Kombinatke so se s pesmijo protestno zavzele za pravice \u017eensk - Hudo Slovenija","og_description":"V\u010deraj se je v\u00a0Cankarjevem domu za\u010del 31. Slovenski knji\u017eni sejem, ki pa je \u017ee prvi dan poskrbel za manj\u0161i incident, \u010desar na knji\u017enem sejmu sicer ne bi ravno pri\u010dakovali.","og_url":"https:\/\/hudo.com\/si\/zabava\/junakinje-dneva-kombinatke-so-se-s-pesmijo-protestno-zavzele-za-pravice-zensk\/","og_site_name":"Hudo Slovenija","article_publisher":"https:\/\/www.facebook.com\/hudo.si","article_published_time":"2015-11-26T09:32:48+00:00","og_image":[{"width":1280,"height":720,"url":"https:\/\/hudo.com\/si\/wp-content\/uploads\/sites\/2\/2016\/04\/junakinje-dneva-kombinatke-so-se.jpg","type":"image\/jpeg"}],"author":"hudo","twitter_card":"summary_large_image","twitter_creator":"@hudo_si","twitter_site":"@hudo_si","twitter_misc":{"Written by":"hudo","Est. reading time":"1 minuta"},"schema":{"@context":"https:\/\/schema.org","@graph":[{"@type":"Article","@id":"https:\/\/hudo.com\/si\/zabava\/junakinje-dneva-kombinatke-so-se-s-pesmijo-protestno-zavzele-za-pravice-zensk\/#article","isPartOf":{"@id":"https:\/\/hudo.com\/si\/zabava\/junakinje-dneva-kombinatke-so-se-s-pesmijo-protestno-zavzele-za-pravice-zensk\/"},"author":{"name":"hudo","@id":"https:\/\/hudo.com\/si\/#\/schema\/person\/601cf3379633985b20f7e50f2bb47707"},"headline":"Junakinje dneva: Kombinatke so se s pesmijo protestno zavzele za pravice \u017eensk","datePublished":"2015-11-26T09:32:48+00:00","dateModified":"2015-11-26T09:32:48+00:00","mainEntityOfPage":{"@id":"https:\/\/hudo.com\/si\/zabava\/junakinje-dneva-kombinatke-so-se-s-pesmijo-protestno-zavzele-za-pravice-zensk\/"},"wordCount":148,"publisher":{"@id":"https:\/\/hudo.com\/si\/#organization"},"keywords":["Ale\u0161 Primc","feminizem","Kombinatke","pravice \u017eensk"],"articleSection":["Zabava"],"inLanguage":"sl-SI"},{"@type":"WebPage","@id":"https:\/\/hudo.com\/si\/zabava\/junakinje-dneva-kombinatke-so-se-s-pesmijo-protestno-zavzele-za-pravice-zensk\/","url":"https:\/\/hudo.com\/si\/zabava\/junakinje-dneva-kombinatke-so-se-s-pesmijo-protestno-zavzele-za-pravice-zensk\/","name":"Junakinje dneva: Kombinatke so se s pesmijo protestno zavzele za pravice \u017eensk - Hudo Slovenija","isPartOf":{"@id":"https:\/\/hudo.com\/si\/#website"},"datePublished":"2015-11-26T09:32:48+00:00","dateModified":"2015-11-26T09:32:48+00:00","breadcrumb":{"@id":"https:\/\/hudo.com\/si\/zabava\/junakinje-dneva-kombinatke-so-se-s-pesmijo-protestno-zavzele-za-pravice-zensk\/#breadcrumb"},"inLanguage":"sl-SI","potentialAction":[{"@type":"ReadAction","target":["https:\/\/hudo.com\/si\/zabava\/junakinje-dneva-kombinatke-so-se-s-pesmijo-protestno-zavzele-za-pravice-zensk\/"]}]},{"@type":"BreadcrumbList","@id":"https:\/\/hudo.com\/si\/zabava\/junakinje-dneva-kombinatke-so-se-s-pesmijo-protestno-zavzele-za-pravice-zensk\/#breadcrumb","itemListElement":[{"@type":"ListItem","position":1,"name":"Home","item":"https:\/\/hudo.com\/si\/"},{"@type":"ListItem","position":2,"name":"Junakinje dneva: Kombinatke so se s pesmijo protestno zavzele za pravice \u017eensk"}]},{"@type":"WebSite","@id":"https:\/\/hudo.com\/si\/#website","url":"https:\/\/hudo.com\/si\/","name":"Hudo Slovenija","description":"Vse novice iz Slovenije in sveta","publisher":{"@id":"https:\/\/hudo.com\/si\/#organization"},"potentialAction":[{"@type":"SearchAction","target":{"@type":"EntryPoint","urlTemplate":"https:\/\/hudo.com\/si\/?s={search_term_string}"},"query-input":"required name=search_term_string"}],"inLanguage":"sl-SI"},{"@type":"Organization","@id":"https:\/\/hudo.com\/si\/#organization","name":"VSN Media","url":"https:\/\/hudo.com\/si\/","logo":{"@type":"ImageObject","inLanguage":"sl-SI","@id":"https:\/\/hudo.com\/si\/#\/schema\/logo\/image\/","url":"https:\/\/hudo.com\/si\/wp-content\/uploads\/sites\/2\/2021\/03\/hudo-app-2.png","contentUrl":"https:\/\/hudo.com\/si\/wp-content\/uploads\/sites\/2\/2021\/03\/hudo-app-2.png","width":2185,"height":2167,"caption":"VSN Media"},"image":{"@id":"https:\/\/hudo.com\/si\/#\/schema\/logo\/image\/"},"sameAs":["https:\/\/www.facebook.com\/hudo.si","https:\/\/twitter.com\/hudo_si"]},{"@type":"Person","@id":"https:\/\/hudo.com\/si\/#\/schema\/person\/601cf3379633985b20f7e50f2bb47707","name":"hudo","image":{"@type":"ImageObject","inLanguage":"sl-SI","@id":"https:\/\/hudo.com\/si\/#\/schema\/person\/image\/","url":"https:\/\/secure.gravatar.com\/avatar\/c4ca25fa72cace7a696b52ff5db9e095?s=96&d=mm&r=g","contentUrl":"https:\/\/secure.gravatar.com\/avatar\/c4ca25fa72cace7a696b52ff5db9e095?s=96&d=mm&r=g","caption":"hudo"},"url":"https:\/\/hudo.com\/si\/author\/hudo\/"}]}},"amp_enabled":true,"_links":{"self":[{"href":"https:\/\/hudo.com\/si\/wp-json\/wp\/v2\/posts\/13011"}],"collection":[{"href":"https:\/\/hudo.com\/si\/wp-json\/wp\/v2\/posts"}],"about":[{"href":"https:\/\/hudo.com\/si\/wp-json\/wp\/v2\/types\/post"}],"author":[{"embeddable":true,"href":"https:\/\/hudo.com\/si\/wp-json\/wp\/v2\/users\/1"}],"replies":[{"embeddable":true,"href":"https:\/\/hudo.com\/si\/wp-json\/wp\/v2\/comments?post=13011"}],"version-history":[{"count":0,"href":"https:\/\/hudo.com\/si\/wp-json\/wp\/v2\/posts\/13011\/revisions"}],"wp:attachment":[{"href":"https:\/\/hudo.com\/si\/wp-json\/wp\/v2\/media?parent=13011"}],"wp:term":[{"taxonomy":"category","embeddable":true,"href":"https:\/\/hudo.com\/si\/wp-json\/wp\/v2\/categories?post=13011"},{"taxonomy":"post_tag","embeddable":true,"href":"https:\/\/hudo.com\/si\/wp-json\/wp\/v2\/tags?post=13011"},{"taxonomy":"source","embeddable":true,"href":"https:\/\/hudo.com\/si\/wp-json\/wp\/v2\/source?post=13011"},{"taxonomy":"supertag","embeddable":true,"href":"https:\/\/hudo.com\/si\/wp-json\/wp\/v2\/supertag?post=13011"}],"curies":[{"name":"wp","href":"https:\/\/api.w.org\/{rel}","templated":true}]}}