{"id":130150,"date":"2016-09-10T03:24:01","date_gmt":"2016-09-10T01:24:01","guid":{"rendered":"http:\/\/hudo.com\/si\/2016\/09\/10\/janez-lavre-direktor-ukc-maribor-iz-nsi-ki-ze-leta-vara-zeno-v-javnosti-pa-zagovarja-krscanske-vrednote\/"},"modified":"2016-09-10T16:46:06","modified_gmt":"2016-09-10T14:46:06","slug":"janez-lavre-direktor-ukc-maribor-iz-nsi-ki-ze-leta-vara-zeno-v-javnosti-pa-zagovarja-krscanske-vrednote","status":"publish","type":"post","link":"https:\/\/hudo.com\/si\/aktualno\/janez-lavre-direktor-ukc-maribor-iz-nsi-ki-ze-leta-vara-zeno-v-javnosti-pa-zagovarja-krscanske-vrednote\/","title":{"rendered":"Janez Lavre \u2013 direktor UKC Maribor iz NSi, ki \u017ee leta vara \u017eeno, v javnosti pa zagovarja kr\u0161\u010danske vrednote"},"content":{"rendered":"<p>Zgodba o imenovanju Janeza Lavreta na mesto vr\u0161ilca dol\u017enosti generalnega direktorja UKC Maribor je sedaj \u017ee stara, dobiva pa vedno nove in nove razse\u017enosti. Od imenovanja svoje ljubice na delovno mesto za katerega so bili pogoji prirejeni zanjo, do o\u010ditnega zbli\u017eanja vladne strani in \u010dlanov Nove Slovenije. \u017de nekaj let se govori, da Nova Slovenija<\/p>\n","protected":false},"excerpt":{"rendered":"<p>Zgodba o imenovanju Janeza Lavreta na mesto vr\u0161ilca dol\u017enosti generalnega direktorja UKC Maribor je sedaj \u017ee stara, dobiva pa vedno nove in nove razse\u017enosti. Od imenovanja svoje ljubice na delovno mesto za katerega so bili pogoji prirejeni zanjo, do o\u010ditnega zbli\u017eanja vladne strani in \u010dlanov Nove Slovenije. \u017de nekaj let se govori, da Nova Slovenija<\/p>\n","protected":false},"author":1,"featured_media":0,"comment_status":"closed","ping_status":"closed","sticky":false,"template":"","format":"standard","meta":{"footnotes":""},"categories":[1179],"tags":[],"source":[1710],"supertag":[],"acf":[],"yoast_head":"<!-- This site is optimized with the Yoast SEO plugin v21.3 - https:\/\/yoast.com\/wordpress\/plugins\/seo\/ -->\n<title>Janez Lavre \u2013 direktor UKC Maribor iz NSi, ki \u017ee leta vara \u017eeno, v javnosti pa zagovarja kr\u0161\u010danske vrednote - Hudo Slovenija<\/title>\n<meta name=\"robots\" content=\"index, follow, max-snippet:-1, max-image-preview:large, max-video-preview:-1\" \/>\n<link rel=\"canonical\" href=\"https:\/\/hudo.com\/si\/aktualno\/janez-lavre-direktor-ukc-maribor-iz-nsi-ki-ze-leta-vara-zeno-v-javnosti-pa-zagovarja-krscanske-vrednote\/\" \/>\n<meta property=\"og:locale\" content=\"sl_SI\" \/>\n<meta property=\"og:type\" content=\"article\" \/>\n<meta property=\"og:title\" content=\"Janez Lavre \u2013 direktor UKC Maribor iz NSi, ki \u017ee leta vara \u017eeno, v javnosti pa zagovarja kr\u0161\u010danske vrednote - Hudo Slovenija\" \/>\n<meta property=\"og:description\" content=\"Zgodba o imenovanju Janeza Lavreta na mesto vr\u0161ilca dol\u017enosti generalnega direktorja UKC Maribor je sedaj \u017ee stara, dobiva pa vedno nove in nove razse\u017enosti. Od imenovanja svoje ljubice na delovno mesto za katerega so bili pogoji prirejeni zanjo, do o\u010ditnega zbli\u017eanja vladne strani in \u010dlanov Nove Slovenije. \u017de nekaj let se govori, da Nova Slovenija\" \/>\n<meta property=\"og:url\" content=\"https:\/\/hudo.com\/si\/aktualno\/janez-lavre-direktor-ukc-maribor-iz-nsi-ki-ze-leta-vara-zeno-v-javnosti-pa-zagovarja-krscanske-vrednote\/\" \/>\n<meta property=\"og:site_name\" content=\"Hudo Slovenija\" \/>\n<meta property=\"article:publisher\" content=\"https:\/\/www.facebook.com\/hudo.si\" \/>\n<meta property=\"article:published_time\" content=\"2016-09-10T01:24:01+00:00\" \/>\n<meta property=\"article:modified_time\" content=\"2016-09-10T14:46:06+00:00\" \/>\n<meta property=\"og:image\" content=\"https:\/\/hudo.com\/si\/wp-content\/uploads\/sites\/2\/2016\/09\/janez-lavre-direktor-ukc-maribor-iz-nsi-ki-ze-leta-vara-zeno-v-javnosti-pa-zagovarja-krscanske-vrednote-01.jpg\" \/>\n\t<meta property=\"og:image:width\" content=\"640\" \/>\n\t<meta property=\"og:image:height\" content=\"480\" \/>\n\t<meta property=\"og:image:type\" content=\"image\/jpeg\" \/>\n<meta name=\"author\" content=\"hudo\" \/>\n<meta name=\"twitter:card\" content=\"summary_large_image\" \/>\n<meta name=\"twitter:creator\" content=\"@hudo_si\" \/>\n<meta name=\"twitter:site\" content=\"@hudo_si\" \/>\n<meta name=\"twitter:label1\" content=\"Written by\" \/>\n\t<meta name=\"twitter:data1\" content=\"hudo\" \/>\n<script type=\"application\/ld+json\" class=\"yoast-schema-graph\">{\"@context\":\"https:\/\/schema.org\",\"@graph\":[{\"@type\":\"Article\",\"@id\":\"https:\/\/hudo.com\/si\/aktualno\/janez-lavre-direktor-ukc-maribor-iz-nsi-ki-ze-leta-vara-zeno-v-javnosti-pa-zagovarja-krscanske-vrednote\/#article\",\"isPartOf\":{\"@id\":\"https:\/\/hudo.com\/si\/aktualno\/janez-lavre-direktor-ukc-maribor-iz-nsi-ki-ze-leta-vara-zeno-v-javnosti-pa-zagovarja-krscanske-vrednote\/\"},\"author\":{\"name\":\"hudo\",\"@id\":\"https:\/\/hudo.com\/si\/#\/schema\/person\/601cf3379633985b20f7e50f2bb47707\"},\"headline\":\"Janez Lavre \u2013 direktor UKC Maribor iz NSi, ki \u017ee leta vara \u017eeno, v javnosti pa zagovarja kr\u0161\u010danske vrednote\",\"datePublished\":\"2016-09-10T01:24:01+00:00\",\"dateModified\":\"2016-09-10T14:46:06+00:00\",\"mainEntityOfPage\":{\"@id\":\"https:\/\/hudo.com\/si\/aktualno\/janez-lavre-direktor-ukc-maribor-iz-nsi-ki-ze-leta-vara-zeno-v-javnosti-pa-zagovarja-krscanske-vrednote\/\"},\"wordCount\":79,\"publisher\":{\"@id\":\"https:\/\/hudo.com\/si\/#organization\"},\"articleSection\":[\"Aktualno\"],\"inLanguage\":\"sl-SI\"},{\"@type\":\"WebPage\",\"@id\":\"https:\/\/hudo.com\/si\/aktualno\/janez-lavre-direktor-ukc-maribor-iz-nsi-ki-ze-leta-vara-zeno-v-javnosti-pa-zagovarja-krscanske-vrednote\/\",\"url\":\"https:\/\/hudo.com\/si\/aktualno\/janez-lavre-direktor-ukc-maribor-iz-nsi-ki-ze-leta-vara-zeno-v-javnosti-pa-zagovarja-krscanske-vrednote\/\",\"name\":\"Janez Lavre \u2013 direktor UKC Maribor iz NSi, ki \u017ee leta vara \u017eeno, v javnosti pa zagovarja kr\u0161\u010danske vrednote - Hudo Slovenija\",\"isPartOf\":{\"@id\":\"https:\/\/hudo.com\/si\/#website\"},\"datePublished\":\"2016-09-10T01:24:01+00:00\",\"dateModified\":\"2016-09-10T14:46:06+00:00\",\"breadcrumb\":{\"@id\":\"https:\/\/hudo.com\/si\/aktualno\/janez-lavre-direktor-ukc-maribor-iz-nsi-ki-ze-leta-vara-zeno-v-javnosti-pa-zagovarja-krscanske-vrednote\/#breadcrumb\"},\"inLanguage\":\"sl-SI\",\"potentialAction\":[{\"@type\":\"ReadAction\",\"target\":[\"https:\/\/hudo.com\/si\/aktualno\/janez-lavre-direktor-ukc-maribor-iz-nsi-ki-ze-leta-vara-zeno-v-javnosti-pa-zagovarja-krscanske-vrednote\/\"]}]},{\"@type\":\"BreadcrumbList\",\"@id\":\"https:\/\/hudo.com\/si\/aktualno\/janez-lavre-direktor-ukc-maribor-iz-nsi-ki-ze-leta-vara-zeno-v-javnosti-pa-zagovarja-krscanske-vrednote\/#breadcrumb\",\"itemListElement\":[{\"@type\":\"ListItem\",\"position\":1,\"name\":\"Home\",\"item\":\"https:\/\/hudo.com\/si\/\"},{\"@type\":\"ListItem\",\"position\":2,\"name\":\"Janez Lavre \u2013 direktor UKC Maribor iz NSi, ki \u017ee leta vara \u017eeno, v javnosti pa zagovarja kr\u0161\u010danske vrednote\"}]},{\"@type\":\"WebSite\",\"@id\":\"https:\/\/hudo.com\/si\/#website\",\"url\":\"https:\/\/hudo.com\/si\/\",\"name\":\"Hudo Slovenija\",\"description\":\"Vse novice iz Slovenije in sveta\",\"publisher\":{\"@id\":\"https:\/\/hudo.com\/si\/#organization\"},\"potentialAction\":[{\"@type\":\"SearchAction\",\"target\":{\"@type\":\"EntryPoint\",\"urlTemplate\":\"https:\/\/hudo.com\/si\/?s={search_term_string}\"},\"query-input\":\"required name=search_term_string\"}],\"inLanguage\":\"sl-SI\"},{\"@type\":\"Organization\",\"@id\":\"https:\/\/hudo.com\/si\/#organization\",\"name\":\"VSN Media\",\"url\":\"https:\/\/hudo.com\/si\/\",\"logo\":{\"@type\":\"ImageObject\",\"inLanguage\":\"sl-SI\",\"@id\":\"https:\/\/hudo.com\/si\/#\/schema\/logo\/image\/\",\"url\":\"https:\/\/hudo.com\/si\/wp-content\/uploads\/sites\/2\/2021\/03\/hudo-app-2.png\",\"contentUrl\":\"https:\/\/hudo.com\/si\/wp-content\/uploads\/sites\/2\/2021\/03\/hudo-app-2.png\",\"width\":2185,\"height\":2167,\"caption\":\"VSN Media\"},\"image\":{\"@id\":\"https:\/\/hudo.com\/si\/#\/schema\/logo\/image\/\"},\"sameAs\":[\"https:\/\/www.facebook.com\/hudo.si\",\"https:\/\/twitter.com\/hudo_si\"]},{\"@type\":\"Person\",\"@id\":\"https:\/\/hudo.com\/si\/#\/schema\/person\/601cf3379633985b20f7e50f2bb47707\",\"name\":\"hudo\",\"image\":{\"@type\":\"ImageObject\",\"inLanguage\":\"sl-SI\",\"@id\":\"https:\/\/hudo.com\/si\/#\/schema\/person\/image\/\",\"url\":\"https:\/\/secure.gravatar.com\/avatar\/c4ca25fa72cace7a696b52ff5db9e095?s=96&d=mm&r=g\",\"contentUrl\":\"https:\/\/secure.gravatar.com\/avatar\/c4ca25fa72cace7a696b52ff5db9e095?s=96&d=mm&r=g\",\"caption\":\"hudo\"},\"url\":\"https:\/\/hudo.com\/si\/author\/hudo\/\"}]}<\/script>\n<!-- \/ Yoast SEO plugin. -->","yoast_head_json":{"title":"Janez Lavre \u2013 direktor UKC Maribor iz NSi, ki \u017ee leta vara \u017eeno, v javnosti pa zagovarja kr\u0161\u010danske vrednote - Hudo Slovenija","robots":{"index":"index","follow":"follow","max-snippet":"max-snippet:-1","max-image-preview":"max-image-preview:large","max-video-preview":"max-video-preview:-1"},"canonical":"https:\/\/hudo.com\/si\/aktualno\/janez-lavre-direktor-ukc-maribor-iz-nsi-ki-ze-leta-vara-zeno-v-javnosti-pa-zagovarja-krscanske-vrednote\/","og_locale":"sl_SI","og_type":"article","og_title":"Janez Lavre \u2013 direktor UKC Maribor iz NSi, ki \u017ee leta vara \u017eeno, v javnosti pa zagovarja kr\u0161\u010danske vrednote - Hudo Slovenija","og_description":"Zgodba o imenovanju Janeza Lavreta na mesto vr\u0161ilca dol\u017enosti generalnega direktorja UKC Maribor je sedaj \u017ee stara, dobiva pa vedno nove in nove razse\u017enosti. Od imenovanja svoje ljubice na delovno mesto za katerega so bili pogoji prirejeni zanjo, do o\u010ditnega zbli\u017eanja vladne strani in \u010dlanov Nove Slovenije. \u017de nekaj let se govori, da Nova Slovenija","og_url":"https:\/\/hudo.com\/si\/aktualno\/janez-lavre-direktor-ukc-maribor-iz-nsi-ki-ze-leta-vara-zeno-v-javnosti-pa-zagovarja-krscanske-vrednote\/","og_site_name":"Hudo Slovenija","article_publisher":"https:\/\/www.facebook.com\/hudo.si","article_published_time":"2016-09-10T01:24:01+00:00","article_modified_time":"2016-09-10T14:46:06+00:00","og_image":[{"width":640,"height":480,"url":"https:\/\/hudo.com\/si\/wp-content\/uploads\/sites\/2\/2016\/09\/janez-lavre-direktor-ukc-maribor-iz-nsi-ki-ze-leta-vara-zeno-v-javnosti-pa-zagovarja-krscanske-vrednote-01.jpg","type":"image\/jpeg"}],"author":"hudo","twitter_card":"summary_large_image","twitter_creator":"@hudo_si","twitter_site":"@hudo_si","twitter_misc":{"Written by":"hudo"},"schema":{"@context":"https:\/\/schema.org","@graph":[{"@type":"Article","@id":"https:\/\/hudo.com\/si\/aktualno\/janez-lavre-direktor-ukc-maribor-iz-nsi-ki-ze-leta-vara-zeno-v-javnosti-pa-zagovarja-krscanske-vrednote\/#article","isPartOf":{"@id":"https:\/\/hudo.com\/si\/aktualno\/janez-lavre-direktor-ukc-maribor-iz-nsi-ki-ze-leta-vara-zeno-v-javnosti-pa-zagovarja-krscanske-vrednote\/"},"author":{"name":"hudo","@id":"https:\/\/hudo.com\/si\/#\/schema\/person\/601cf3379633985b20f7e50f2bb47707"},"headline":"Janez Lavre \u2013 direktor UKC Maribor iz NSi, ki \u017ee leta vara \u017eeno, v javnosti pa zagovarja kr\u0161\u010danske vrednote","datePublished":"2016-09-10T01:24:01+00:00","dateModified":"2016-09-10T14:46:06+00:00","mainEntityOfPage":{"@id":"https:\/\/hudo.com\/si\/aktualno\/janez-lavre-direktor-ukc-maribor-iz-nsi-ki-ze-leta-vara-zeno-v-javnosti-pa-zagovarja-krscanske-vrednote\/"},"wordCount":79,"publisher":{"@id":"https:\/\/hudo.com\/si\/#organization"},"articleSection":["Aktualno"],"inLanguage":"sl-SI"},{"@type":"WebPage","@id":"https:\/\/hudo.com\/si\/aktualno\/janez-lavre-direktor-ukc-maribor-iz-nsi-ki-ze-leta-vara-zeno-v-javnosti-pa-zagovarja-krscanske-vrednote\/","url":"https:\/\/hudo.com\/si\/aktualno\/janez-lavre-direktor-ukc-maribor-iz-nsi-ki-ze-leta-vara-zeno-v-javnosti-pa-zagovarja-krscanske-vrednote\/","name":"Janez Lavre \u2013 direktor UKC Maribor iz NSi, ki \u017ee leta vara \u017eeno, v javnosti pa zagovarja kr\u0161\u010danske vrednote - Hudo Slovenija","isPartOf":{"@id":"https:\/\/hudo.com\/si\/#website"},"datePublished":"2016-09-10T01:24:01+00:00","dateModified":"2016-09-10T14:46:06+00:00","breadcrumb":{"@id":"https:\/\/hudo.com\/si\/aktualno\/janez-lavre-direktor-ukc-maribor-iz-nsi-ki-ze-leta-vara-zeno-v-javnosti-pa-zagovarja-krscanske-vrednote\/#breadcrumb"},"inLanguage":"sl-SI","potentialAction":[{"@type":"ReadAction","target":["https:\/\/hudo.com\/si\/aktualno\/janez-lavre-direktor-ukc-maribor-iz-nsi-ki-ze-leta-vara-zeno-v-javnosti-pa-zagovarja-krscanske-vrednote\/"]}]},{"@type":"BreadcrumbList","@id":"https:\/\/hudo.com\/si\/aktualno\/janez-lavre-direktor-ukc-maribor-iz-nsi-ki-ze-leta-vara-zeno-v-javnosti-pa-zagovarja-krscanske-vrednote\/#breadcrumb","itemListElement":[{"@type":"ListItem","position":1,"name":"Home","item":"https:\/\/hudo.com\/si\/"},{"@type":"ListItem","position":2,"name":"Janez Lavre \u2013 direktor UKC Maribor iz NSi, ki \u017ee leta vara \u017eeno, v javnosti pa zagovarja kr\u0161\u010danske vrednote"}]},{"@type":"WebSite","@id":"https:\/\/hudo.com\/si\/#website","url":"https:\/\/hudo.com\/si\/","name":"Hudo Slovenija","description":"Vse novice iz Slovenije in sveta","publisher":{"@id":"https:\/\/hudo.com\/si\/#organization"},"potentialAction":[{"@type":"SearchAction","target":{"@type":"EntryPoint","urlTemplate":"https:\/\/hudo.com\/si\/?s={search_term_string}"},"query-input":"required name=search_term_string"}],"inLanguage":"sl-SI"},{"@type":"Organization","@id":"https:\/\/hudo.com\/si\/#organization","name":"VSN Media","url":"https:\/\/hudo.com\/si\/","logo":{"@type":"ImageObject","inLanguage":"sl-SI","@id":"https:\/\/hudo.com\/si\/#\/schema\/logo\/image\/","url":"https:\/\/hudo.com\/si\/wp-content\/uploads\/sites\/2\/2021\/03\/hudo-app-2.png","contentUrl":"https:\/\/hudo.com\/si\/wp-content\/uploads\/sites\/2\/2021\/03\/hudo-app-2.png","width":2185,"height":2167,"caption":"VSN Media"},"image":{"@id":"https:\/\/hudo.com\/si\/#\/schema\/logo\/image\/"},"sameAs":["https:\/\/www.facebook.com\/hudo.si","https:\/\/twitter.com\/hudo_si"]},{"@type":"Person","@id":"https:\/\/hudo.com\/si\/#\/schema\/person\/601cf3379633985b20f7e50f2bb47707","name":"hudo","image":{"@type":"ImageObject","inLanguage":"sl-SI","@id":"https:\/\/hudo.com\/si\/#\/schema\/person\/image\/","url":"https:\/\/secure.gravatar.com\/avatar\/c4ca25fa72cace7a696b52ff5db9e095?s=96&d=mm&r=g","contentUrl":"https:\/\/secure.gravatar.com\/avatar\/c4ca25fa72cace7a696b52ff5db9e095?s=96&d=mm&r=g","caption":"hudo"},"url":"https:\/\/hudo.com\/si\/author\/hudo\/"}]}},"amp_enabled":true,"_links":{"self":[{"href":"https:\/\/hudo.com\/si\/wp-json\/wp\/v2\/posts\/130150"}],"collection":[{"href":"https:\/\/hudo.com\/si\/wp-json\/wp\/v2\/posts"}],"about":[{"href":"https:\/\/hudo.com\/si\/wp-json\/wp\/v2\/types\/post"}],"author":[{"embeddable":true,"href":"https:\/\/hudo.com\/si\/wp-json\/wp\/v2\/users\/1"}],"replies":[{"embeddable":true,"href":"https:\/\/hudo.com\/si\/wp-json\/wp\/v2\/comments?post=130150"}],"version-history":[{"count":1,"href":"https:\/\/hudo.com\/si\/wp-json\/wp\/v2\/posts\/130150\/revisions"}],"predecessor-version":[{"id":130270,"href":"https:\/\/hudo.com\/si\/wp-json\/wp\/v2\/posts\/130150\/revisions\/130270"}],"wp:attachment":[{"href":"https:\/\/hudo.com\/si\/wp-json\/wp\/v2\/media?parent=130150"}],"wp:term":[{"taxonomy":"category","embeddable":true,"href":"https:\/\/hudo.com\/si\/wp-json\/wp\/v2\/categories?post=130150"},{"taxonomy":"post_tag","embeddable":true,"href":"https:\/\/hudo.com\/si\/wp-json\/wp\/v2\/tags?post=130150"},{"taxonomy":"source","embeddable":true,"href":"https:\/\/hudo.com\/si\/wp-json\/wp\/v2\/source?post=130150"},{"taxonomy":"supertag","embeddable":true,"href":"https:\/\/hudo.com\/si\/wp-json\/wp\/v2\/supertag?post=130150"}],"curies":[{"name":"wp","href":"https:\/\/api.w.org\/{rel}","templated":true}]}}