{"id":130177,"date":"2016-09-09T18:00:00","date_gmt":"2016-09-09T16:00:00","guid":{"rendered":"http:\/\/hudo.com\/si\/2016\/09\/09\/klemenciceva-tvegana-poteza\/"},"modified":"2016-09-10T11:31:06","modified_gmt":"2016-09-10T09:31:06","slug":"klemenciceva-tvegana-poteza","status":"publish","type":"post","link":"https:\/\/hudo.com\/si\/aktualno\/klemenciceva-tvegana-poteza\/","title":{"rendered":"Klemen\u010di\u010deva tvegana poteza"},"content":{"rendered":"<p>Kategorija: Politika Fri, 09 Sep 2016 20:00:00 +0200  Ljubljana \u2013 Predlog za odpravo dosmrtnega zapora je v \u010dasu varnostno nepredvidljivih razmer politi\u010dno tvegana poteza. In prav politika zna ustaviti predlog ministra za pravosodje Gorana Klemen\u010di\u010da. Tudi koalicija po na\u0161ih informacijah o tem nima enotnega mnenja. Gre za izpolnitev zaveze ministra za pravosodje Gorana Klemen\u010di\u010da, ki je \u017ee ob nastopu mandata napovedal, da bo predlagal odpravo dosmrtnega zapora. Vzroka za to sta do danes enaka: njegova uvedba, za katero se je odlo\u010dil takratni minister za pravosodje Lovro \u0160turm leta 2008, ni bila utemeljena z niti enim razlogom, hkrati slovenska sodi\u0161\u010da nikoli do zdaj niso izrekla tak\u0161ne kazni. Na ministrstvu so zato pripravili obse\u017een predlog spremenjenega kazenskega zakonika, ki se poleg drugih pomembnih vpra\u0161anj loteva tudi vpra\u0161anja najstro\u017eje kazni, ki jo je mogo\u010de pri nas izre\u010di za najte\u017eja kazniva dejanja\u00a0&#8230;<\/p>\n","protected":false},"excerpt":{"rendered":"<p>Kategorija: Politika Fri, 09 Sep 2016 20:00:00 +0200  Ljubljana \u2013 Predlog za odpravo dosmrtnega zapora je v \u010dasu varnostno nepredvidljivih razmer politi\u010dno tvegana poteza. In prav politika zna ustaviti predlog ministra za pravosodje Gorana Klemen\u010di\u010da. Tudi koalicija po na\u0161ih informacijah o tem nima enotnega mnenja. Gre za izpolnitev zaveze ministra za pravosodje Gorana Klemen\u010di\u010da, ki je \u017ee ob nastopu mandata napovedal, da bo predlagal odpravo dosmrtnega zapora. Vzroka za to sta do danes enaka: njegova uvedba, za katero se je odlo\u010dil takratni minister za pravosodje Lovro \u0160turm leta 2008, ni bila utemeljena z niti enim razlogom, hkrati slovenska sodi\u0161\u010da nikoli do zdaj niso izrekla tak\u0161ne kazni. Na ministrstvu so zato pripravili obse\u017een predlog spremenjenega kazenskega zakonika, ki se poleg drugih pomembnih vpra\u0161anj loteva tudi vpra\u0161anja najstro\u017eje kazni, ki jo je mogo\u010de pri nas izre\u010di za najte\u017eja kazniva dejanja\u00a0&#8230;<\/p>\n","protected":false},"author":1,"featured_media":0,"comment_status":"closed","ping_status":"closed","sticky":false,"template":"","format":"standard","meta":{"footnotes":""},"categories":[1179],"tags":[],"source":[1703],"supertag":[],"acf":[],"yoast_head":"<!-- This site is optimized with the Yoast SEO plugin v21.3 - https:\/\/yoast.com\/wordpress\/plugins\/seo\/ -->\n<title>Klemen\u010di\u010deva tvegana poteza - Hudo Slovenija<\/title>\n<meta name=\"robots\" content=\"index, follow, max-snippet:-1, max-image-preview:large, max-video-preview:-1\" \/>\n<link rel=\"canonical\" href=\"https:\/\/hudo.com\/si\/aktualno\/klemenciceva-tvegana-poteza\/\" \/>\n<meta property=\"og:locale\" content=\"sl_SI\" \/>\n<meta property=\"og:type\" content=\"article\" \/>\n<meta property=\"og:title\" content=\"Klemen\u010di\u010deva tvegana poteza - Hudo Slovenija\" \/>\n<meta property=\"og:description\" content=\"Kategorija: Politika Fri, 09 Sep 2016 20:00:00 +0200 Ljubljana \u2013 Predlog za odpravo dosmrtnega zapora je v \u010dasu varnostno nepredvidljivih razmer politi\u010dno tvegana poteza. In prav politika zna ustaviti predlog ministra za pravosodje Gorana Klemen\u010di\u010da. Tudi koalicija po na\u0161ih informacijah o tem nima enotnega mnenja. Gre za izpolnitev zaveze ministra za pravosodje Gorana Klemen\u010di\u010da, ki je \u017ee ob nastopu mandata napovedal, da bo predlagal odpravo dosmrtnega zapora. Vzroka za to sta do danes enaka: njegova uvedba, za katero se je odlo\u010dil takratni minister za pravosodje Lovro \u0160turm leta 2008, ni bila utemeljena z niti enim razlogom, hkrati slovenska sodi\u0161\u010da nikoli do zdaj niso izrekla tak\u0161ne kazni. Na ministrstvu so zato pripravili obse\u017een predlog spremenjenega kazenskega zakonika, ki se poleg drugih pomembnih vpra\u0161anj loteva tudi vpra\u0161anja najstro\u017eje kazni, ki jo je mogo\u010de pri nas izre\u010di za najte\u017eja kazniva dejanja\u00a0...\" \/>\n<meta property=\"og:url\" content=\"https:\/\/hudo.com\/si\/aktualno\/klemenciceva-tvegana-poteza\/\" \/>\n<meta property=\"og:site_name\" content=\"Hudo Slovenija\" \/>\n<meta property=\"article:publisher\" content=\"https:\/\/www.facebook.com\/hudo.si\" \/>\n<meta property=\"article:published_time\" content=\"2016-09-09T16:00:00+00:00\" \/>\n<meta property=\"article:modified_time\" content=\"2016-09-10T09:31:06+00:00\" \/>\n<meta property=\"og:image\" content=\"https:\/\/hudo.com\/si\/wp-content\/uploads\/sites\/2\/2016\/09\/480x290_Ozadja__djvu_2072129_mdr_lv_hires0.jpeg\" \/>\n\t<meta property=\"og:image:width\" content=\"480\" \/>\n\t<meta property=\"og:image:height\" content=\"290\" \/>\n\t<meta property=\"og:image:type\" content=\"image\/jpeg\" \/>\n<meta name=\"author\" content=\"hudo\" \/>\n<meta name=\"twitter:card\" content=\"summary_large_image\" \/>\n<meta name=\"twitter:creator\" content=\"@hudo_si\" \/>\n<meta name=\"twitter:site\" content=\"@hudo_si\" \/>\n<meta name=\"twitter:label1\" content=\"Written by\" \/>\n\t<meta name=\"twitter:data1\" content=\"hudo\" \/>\n\t<meta name=\"twitter:label2\" content=\"Est. reading time\" \/>\n\t<meta name=\"twitter:data2\" content=\"1 minuta\" \/>\n<script type=\"application\/ld+json\" class=\"yoast-schema-graph\">{\"@context\":\"https:\/\/schema.org\",\"@graph\":[{\"@type\":\"Article\",\"@id\":\"https:\/\/hudo.com\/si\/aktualno\/klemenciceva-tvegana-poteza\/#article\",\"isPartOf\":{\"@id\":\"https:\/\/hudo.com\/si\/aktualno\/klemenciceva-tvegana-poteza\/\"},\"author\":{\"name\":\"hudo\",\"@id\":\"https:\/\/hudo.com\/si\/#\/schema\/person\/601cf3379633985b20f7e50f2bb47707\"},\"headline\":\"Klemen\u010di\u010deva tvegana poteza\",\"datePublished\":\"2016-09-09T16:00:00+00:00\",\"dateModified\":\"2016-09-10T09:31:06+00:00\",\"mainEntityOfPage\":{\"@id\":\"https:\/\/hudo.com\/si\/aktualno\/klemenciceva-tvegana-poteza\/\"},\"wordCount\":153,\"publisher\":{\"@id\":\"https:\/\/hudo.com\/si\/#organization\"},\"articleSection\":[\"Aktualno\"],\"inLanguage\":\"sl-SI\"},{\"@type\":\"WebPage\",\"@id\":\"https:\/\/hudo.com\/si\/aktualno\/klemenciceva-tvegana-poteza\/\",\"url\":\"https:\/\/hudo.com\/si\/aktualno\/klemenciceva-tvegana-poteza\/\",\"name\":\"Klemen\u010di\u010deva tvegana poteza - Hudo Slovenija\",\"isPartOf\":{\"@id\":\"https:\/\/hudo.com\/si\/#website\"},\"datePublished\":\"2016-09-09T16:00:00+00:00\",\"dateModified\":\"2016-09-10T09:31:06+00:00\",\"breadcrumb\":{\"@id\":\"https:\/\/hudo.com\/si\/aktualno\/klemenciceva-tvegana-poteza\/#breadcrumb\"},\"inLanguage\":\"sl-SI\",\"potentialAction\":[{\"@type\":\"ReadAction\",\"target\":[\"https:\/\/hudo.com\/si\/aktualno\/klemenciceva-tvegana-poteza\/\"]}]},{\"@type\":\"BreadcrumbList\",\"@id\":\"https:\/\/hudo.com\/si\/aktualno\/klemenciceva-tvegana-poteza\/#breadcrumb\",\"itemListElement\":[{\"@type\":\"ListItem\",\"position\":1,\"name\":\"Home\",\"item\":\"https:\/\/hudo.com\/si\/\"},{\"@type\":\"ListItem\",\"position\":2,\"name\":\"Klemen\u010di\u010deva tvegana poteza\"}]},{\"@type\":\"WebSite\",\"@id\":\"https:\/\/hudo.com\/si\/#website\",\"url\":\"https:\/\/hudo.com\/si\/\",\"name\":\"Hudo Slovenija\",\"description\":\"Vse novice iz Slovenije in sveta\",\"publisher\":{\"@id\":\"https:\/\/hudo.com\/si\/#organization\"},\"potentialAction\":[{\"@type\":\"SearchAction\",\"target\":{\"@type\":\"EntryPoint\",\"urlTemplate\":\"https:\/\/hudo.com\/si\/?s={search_term_string}\"},\"query-input\":\"required name=search_term_string\"}],\"inLanguage\":\"sl-SI\"},{\"@type\":\"Organization\",\"@id\":\"https:\/\/hudo.com\/si\/#organization\",\"name\":\"VSN Media\",\"url\":\"https:\/\/hudo.com\/si\/\",\"logo\":{\"@type\":\"ImageObject\",\"inLanguage\":\"sl-SI\",\"@id\":\"https:\/\/hudo.com\/si\/#\/schema\/logo\/image\/\",\"url\":\"https:\/\/hudo.com\/si\/wp-content\/uploads\/sites\/2\/2021\/03\/hudo-app-2.png\",\"contentUrl\":\"https:\/\/hudo.com\/si\/wp-content\/uploads\/sites\/2\/2021\/03\/hudo-app-2.png\",\"width\":2185,\"height\":2167,\"caption\":\"VSN Media\"},\"image\":{\"@id\":\"https:\/\/hudo.com\/si\/#\/schema\/logo\/image\/\"},\"sameAs\":[\"https:\/\/www.facebook.com\/hudo.si\",\"https:\/\/twitter.com\/hudo_si\"]},{\"@type\":\"Person\",\"@id\":\"https:\/\/hudo.com\/si\/#\/schema\/person\/601cf3379633985b20f7e50f2bb47707\",\"name\":\"hudo\",\"image\":{\"@type\":\"ImageObject\",\"inLanguage\":\"sl-SI\",\"@id\":\"https:\/\/hudo.com\/si\/#\/schema\/person\/image\/\",\"url\":\"https:\/\/secure.gravatar.com\/avatar\/c4ca25fa72cace7a696b52ff5db9e095?s=96&d=mm&r=g\",\"contentUrl\":\"https:\/\/secure.gravatar.com\/avatar\/c4ca25fa72cace7a696b52ff5db9e095?s=96&d=mm&r=g\",\"caption\":\"hudo\"},\"url\":\"https:\/\/hudo.com\/si\/author\/hudo\/\"}]}<\/script>\n<!-- \/ Yoast SEO plugin. -->","yoast_head_json":{"title":"Klemen\u010di\u010deva tvegana poteza - Hudo Slovenija","robots":{"index":"index","follow":"follow","max-snippet":"max-snippet:-1","max-image-preview":"max-image-preview:large","max-video-preview":"max-video-preview:-1"},"canonical":"https:\/\/hudo.com\/si\/aktualno\/klemenciceva-tvegana-poteza\/","og_locale":"sl_SI","og_type":"article","og_title":"Klemen\u010di\u010deva tvegana poteza - Hudo Slovenija","og_description":"Kategorija: Politika Fri, 09 Sep 2016 20:00:00 +0200 Ljubljana \u2013 Predlog za odpravo dosmrtnega zapora je v \u010dasu varnostno nepredvidljivih razmer politi\u010dno tvegana poteza. In prav politika zna ustaviti predlog ministra za pravosodje Gorana Klemen\u010di\u010da. Tudi koalicija po na\u0161ih informacijah o tem nima enotnega mnenja. Gre za izpolnitev zaveze ministra za pravosodje Gorana Klemen\u010di\u010da, ki je \u017ee ob nastopu mandata napovedal, da bo predlagal odpravo dosmrtnega zapora. Vzroka za to sta do danes enaka: njegova uvedba, za katero se je odlo\u010dil takratni minister za pravosodje Lovro \u0160turm leta 2008, ni bila utemeljena z niti enim razlogom, hkrati slovenska sodi\u0161\u010da nikoli do zdaj niso izrekla tak\u0161ne kazni. Na ministrstvu so zato pripravili obse\u017een predlog spremenjenega kazenskega zakonika, ki se poleg drugih pomembnih vpra\u0161anj loteva tudi vpra\u0161anja najstro\u017eje kazni, ki jo je mogo\u010de pri nas izre\u010di za najte\u017eja kazniva dejanja\u00a0...","og_url":"https:\/\/hudo.com\/si\/aktualno\/klemenciceva-tvegana-poteza\/","og_site_name":"Hudo Slovenija","article_publisher":"https:\/\/www.facebook.com\/hudo.si","article_published_time":"2016-09-09T16:00:00+00:00","article_modified_time":"2016-09-10T09:31:06+00:00","og_image":[{"width":480,"height":290,"url":"https:\/\/hudo.com\/si\/wp-content\/uploads\/sites\/2\/2016\/09\/480x290_Ozadja__djvu_2072129_mdr_lv_hires0.jpeg","type":"image\/jpeg"}],"author":"hudo","twitter_card":"summary_large_image","twitter_creator":"@hudo_si","twitter_site":"@hudo_si","twitter_misc":{"Written by":"hudo","Est. reading time":"1 minuta"},"schema":{"@context":"https:\/\/schema.org","@graph":[{"@type":"Article","@id":"https:\/\/hudo.com\/si\/aktualno\/klemenciceva-tvegana-poteza\/#article","isPartOf":{"@id":"https:\/\/hudo.com\/si\/aktualno\/klemenciceva-tvegana-poteza\/"},"author":{"name":"hudo","@id":"https:\/\/hudo.com\/si\/#\/schema\/person\/601cf3379633985b20f7e50f2bb47707"},"headline":"Klemen\u010di\u010deva tvegana poteza","datePublished":"2016-09-09T16:00:00+00:00","dateModified":"2016-09-10T09:31:06+00:00","mainEntityOfPage":{"@id":"https:\/\/hudo.com\/si\/aktualno\/klemenciceva-tvegana-poteza\/"},"wordCount":153,"publisher":{"@id":"https:\/\/hudo.com\/si\/#organization"},"articleSection":["Aktualno"],"inLanguage":"sl-SI"},{"@type":"WebPage","@id":"https:\/\/hudo.com\/si\/aktualno\/klemenciceva-tvegana-poteza\/","url":"https:\/\/hudo.com\/si\/aktualno\/klemenciceva-tvegana-poteza\/","name":"Klemen\u010di\u010deva tvegana poteza - Hudo Slovenija","isPartOf":{"@id":"https:\/\/hudo.com\/si\/#website"},"datePublished":"2016-09-09T16:00:00+00:00","dateModified":"2016-09-10T09:31:06+00:00","breadcrumb":{"@id":"https:\/\/hudo.com\/si\/aktualno\/klemenciceva-tvegana-poteza\/#breadcrumb"},"inLanguage":"sl-SI","potentialAction":[{"@type":"ReadAction","target":["https:\/\/hudo.com\/si\/aktualno\/klemenciceva-tvegana-poteza\/"]}]},{"@type":"BreadcrumbList","@id":"https:\/\/hudo.com\/si\/aktualno\/klemenciceva-tvegana-poteza\/#breadcrumb","itemListElement":[{"@type":"ListItem","position":1,"name":"Home","item":"https:\/\/hudo.com\/si\/"},{"@type":"ListItem","position":2,"name":"Klemen\u010di\u010deva tvegana poteza"}]},{"@type":"WebSite","@id":"https:\/\/hudo.com\/si\/#website","url":"https:\/\/hudo.com\/si\/","name":"Hudo Slovenija","description":"Vse novice iz Slovenije in sveta","publisher":{"@id":"https:\/\/hudo.com\/si\/#organization"},"potentialAction":[{"@type":"SearchAction","target":{"@type":"EntryPoint","urlTemplate":"https:\/\/hudo.com\/si\/?s={search_term_string}"},"query-input":"required name=search_term_string"}],"inLanguage":"sl-SI"},{"@type":"Organization","@id":"https:\/\/hudo.com\/si\/#organization","name":"VSN Media","url":"https:\/\/hudo.com\/si\/","logo":{"@type":"ImageObject","inLanguage":"sl-SI","@id":"https:\/\/hudo.com\/si\/#\/schema\/logo\/image\/","url":"https:\/\/hudo.com\/si\/wp-content\/uploads\/sites\/2\/2021\/03\/hudo-app-2.png","contentUrl":"https:\/\/hudo.com\/si\/wp-content\/uploads\/sites\/2\/2021\/03\/hudo-app-2.png","width":2185,"height":2167,"caption":"VSN Media"},"image":{"@id":"https:\/\/hudo.com\/si\/#\/schema\/logo\/image\/"},"sameAs":["https:\/\/www.facebook.com\/hudo.si","https:\/\/twitter.com\/hudo_si"]},{"@type":"Person","@id":"https:\/\/hudo.com\/si\/#\/schema\/person\/601cf3379633985b20f7e50f2bb47707","name":"hudo","image":{"@type":"ImageObject","inLanguage":"sl-SI","@id":"https:\/\/hudo.com\/si\/#\/schema\/person\/image\/","url":"https:\/\/secure.gravatar.com\/avatar\/c4ca25fa72cace7a696b52ff5db9e095?s=96&d=mm&r=g","contentUrl":"https:\/\/secure.gravatar.com\/avatar\/c4ca25fa72cace7a696b52ff5db9e095?s=96&d=mm&r=g","caption":"hudo"},"url":"https:\/\/hudo.com\/si\/author\/hudo\/"}]}},"amp_enabled":true,"_links":{"self":[{"href":"https:\/\/hudo.com\/si\/wp-json\/wp\/v2\/posts\/130177"}],"collection":[{"href":"https:\/\/hudo.com\/si\/wp-json\/wp\/v2\/posts"}],"about":[{"href":"https:\/\/hudo.com\/si\/wp-json\/wp\/v2\/types\/post"}],"author":[{"embeddable":true,"href":"https:\/\/hudo.com\/si\/wp-json\/wp\/v2\/users\/1"}],"replies":[{"embeddable":true,"href":"https:\/\/hudo.com\/si\/wp-json\/wp\/v2\/comments?post=130177"}],"version-history":[{"count":1,"href":"https:\/\/hudo.com\/si\/wp-json\/wp\/v2\/posts\/130177\/revisions"}],"predecessor-version":[{"id":130274,"href":"https:\/\/hudo.com\/si\/wp-json\/wp\/v2\/posts\/130177\/revisions\/130274"}],"wp:attachment":[{"href":"https:\/\/hudo.com\/si\/wp-json\/wp\/v2\/media?parent=130177"}],"wp:term":[{"taxonomy":"category","embeddable":true,"href":"https:\/\/hudo.com\/si\/wp-json\/wp\/v2\/categories?post=130177"},{"taxonomy":"post_tag","embeddable":true,"href":"https:\/\/hudo.com\/si\/wp-json\/wp\/v2\/tags?post=130177"},{"taxonomy":"source","embeddable":true,"href":"https:\/\/hudo.com\/si\/wp-json\/wp\/v2\/source?post=130177"},{"taxonomy":"supertag","embeddable":true,"href":"https:\/\/hudo.com\/si\/wp-json\/wp\/v2\/supertag?post=130177"}],"curies":[{"name":"wp","href":"https:\/\/api.w.org\/{rel}","templated":true}]}}