{"id":13133,"date":"2015-11-16T10:24:38","date_gmt":"2015-11-16T09:24:38","guid":{"rendered":"http:\/\/master.hudo.com\/si\/2015\/11\/16\/niso-vsi-muslimani-teroristi\/"},"modified":"2015-11-16T10:24:38","modified_gmt":"2015-11-16T09:24:38","slug":"niso-vsi-muslimani-teroristi","status":"publish","type":"post","link":"https:\/\/hudo.com\/si\/zabava\/niso-vsi-muslimani-teroristi\/","title":{"rendered":"Niso vsi muslimani teroristi!"},"content":{"rendered":"<figure>\n\t\t\t\t\t<img loading=\"lazy\" decoding=\"async\" width=\"660\" height=\"320\" src=\"data:image\/gif;base64,R0lGODlhAQABAAAAACH5BAEKAAEALAAAAAABAAEAAAICTAEAOw==\" class=\"lazyload\" data-src=\"http:\/\/zenska.hudo.com\/files\/2015\/11\/profimedia-0266310682-320x155.jpg\" data-srcset=\"http:\/\/zenska.hudo.com\/files\/2015\/11\/profimedia-0266310682-660x320.jpg 660w,http:\/\/zenska.hudo.com\/files\/2015\/11\/profimedia-0266310682-320x155.jpg 330w\" sizes=\"(max-width: 660px) 100vw, 660px\"\/><figcaption>Foto: Profimedia<\/figcaption><\/figure>\n<h2>\u017dalostna izku\u0161nja z muslimanskim taksistom<\/h2>\n<p>Zadnje dni je po spletu viralno zaokro\u017eil tudi zapis iz twitterja, v katerem je 23-letni Newyor\u010dan Alex Malloy opisal svojo izku\u0161njo, kako je tik po napadih, ki so se zgodili v Parizu, sedel v taksi, ki ga je vozil objokani musliman. Njun pogovor se je za\u010del z besedami &#8220;hvala&#8221;, sledil pa je, po besedah Malloya, eden najbolj ganljivih trenutkov v njegovem \u017eivljenju. Kot mu je pojasnil taksist, je bil prav on njegova prva stranka v zadnjih dveh urah, saj naj bi bila ve\u010dina Newyor\u010danov preve\u010d prestra\u0161ena, da bi sedla v njegov taksi.<\/p>\n<blockquote>\n<p>\u0160okirani Alex je na twitterju zapisal: &#8220;25 minut sem moral temu tujcu, temu \u010dloveku, ki je kot ti in jaz, dopovedovati, da ni del tega kar se dogaja, da ni kriv. Celo pot do mojega stanovanje\u00a0je jokal in zajokal sem tudi jaz. Ves \u010das je ponavljal &#8216;Alah, moj bog, ne zagovarja takega po\u010detja. Ljudje mislijo, da sem del tega, pa nisem&#8217;&#8221;<\/p>\n<figure>\n\t\t\t\t\t<img loading=\"lazy\" decoding=\"async\" width=\"660\" height=\"320\" src=\"data:image\/gif;base64,R0lGODlhAQABAAAAACH5BAEKAAEALAAAAAABAAEAAAICTAEAOw==\" class=\"lazyload\" data-src=\"http:\/\/zenska.hudo.com\/files\/2015\/11\/new-yorker-posts-my-cab-ride-home-was-the-saddest-moment-ive-experienced-as-apart-of-the-human-race-goes-viral-320x155.jpg\" data-srcset=\"http:\/\/zenska.hudo.com\/files\/2015\/11\/new-yorker-posts-my-cab-ride-home-was-the-saddest-moment-ive-experienced-as-apart-of-the-human-race-goes-viral-660x320.jpg 660w,http:\/\/zenska.hudo.com\/files\/2015\/11\/new-yorker-posts-my-cab-ride-home-was-the-saddest-moment-ive-experienced-as-apart-of-the-human-race-goes-viral-320x155.jpg 330w\" sizes=\"(max-width: 660px) 100vw, 660px\"\/><figcaption>Foto; twitter<\/figcaption><\/figure>\n<p>&nbsp;<\/p>\n<\/blockquote>\n<p>Dodal je: &#8220;To je bil eden najte\u017ejih trenutkov v mojem \u017eivljenju. Bil je tako prijazen mo\u0161ki, pribli\u017eno mojih let, ni mogel biti starej\u0161i od 25. Nisem mogel in \u0161e vedno ne morem verjeti, da sem moral poslu\u0161ati, kar mi je govoril. Prosim, bodimo so\u010dutni do teh ljudi, saj niso samo \u017ertve diskriminacije, ampak v teh \u010dasi celo sovra\u0161tva. Prosim nehajmo posplo\u0161evati njihove skupnosti, nehajmo govoriti, da so muslimani problem, saj niso. To so na\u0161i bratje in sestre. Vsi smo ljudje.&#8221;<\/p>\n<p>Francoski predsednik Francois Hollande je sicer teroristi\u010dne napade v Parizu ozna\u010dil za najhuj\u0161e nasilje, ki je Francijo prizadelo po 2. svetovni vojni, dejanje je ozna\u010dil za &#8220;vojno dejanje&#8221; in kot krivca imenoval ISIS.<\/p>\n<h2>ISIS ne predstavlja muslimanske vere!<\/h2>\n<p class=\"title\">Ekstremisti\u010dna islamska dr\u017eava (ISIS) uspe\u0161no uporablja dru\u017ebena omre\u017eja za \u0161irjenje svoje propagande, tako z objavljanjem videov na youtube, kot z kampanjami z uporabo he\u0161tegov, da bi tako \u0161irili gro\u017enje proti ZDA. Toda sedaj so se jim nekateri muslimani odlo\u010dno uprli in za\u010deli s svojo he\u0161teg kampanjo #NotInMyName (ne v mojem imenu), da bi javnost opozorili, da ISIS ne predstavlja njihove vere. Kampanjo je sicer \u017ee septembra s spodnjim videom za\u010dela londonska organizacija Active Change Foundation.<\/p>\n<div class=\"wp-caption video\" style=\"padding-top:56.212121212121%\">  \t<div class=\"embed\"><div class=\"embed-notice\">Za ogled vstavljene vsebine morate omogo\u010diti <a href=\"#\" onclick=\"Optanon.ToggleInfoDisplay()\">shranjevanje pi\u0161kotkov v napravi<\/a><\/div><iframe loading=\"lazy\" width=\"660\" height=\"371\"  class=\"optanon-category-C0002-C0003-C0004\" optanon-src=\"https:\/\/www.youtube.com\/embed\/wfYanI-zJes?autohide=1&#038;fs=1&#038;autoplay=0&#038;iv_load_policy=3&#038;rel=0&#038;modestbranding=1&#038;showinfo=0&#038;hd=1\" frameborder=\"0\" allowfullscreen><\/iframe><\/div>  <\/div>\n<p>&#8220;Umor nedol\u017enega \u010dloveka nima opravi\u010dila, ne v veri, ne v kateremkoli drugem aspektu \u017eivljenja. ISIS teroristi niso pravi muslimani, saj ne sledijo resni\u010dnim zapovedim te vere, kot so mir, usmiljenje, ter so\u010dutje. Oni so sovra\u017enik vsemu \u010dlove\u0161tvu, &#8221; je ustanovitelj zgoraj omenjene organizacije Hanif Qadir povedal za Mirror. Ta kampanja je bila od za\u010detka in \u0161e posebno v teh dneh dele\u017ena ogromno pozornosti, predvsem na twitterju, kjer muslimani z vsega sveta pi\u0161ejo svoja sporo\u010dila o zavra\u010danju terorizma\u00a0in zraven dodajajo omenjeni he\u0161teg.<\/p>\n<p>&nbsp;<\/p>\n","protected":false},"excerpt":{"rendered":"<p>Ne moremo vseh muslimanov metati v isti ko\u0161 in za\u010deti vsesplo\u0161ne sovra\u017ene kampanje proti njim. Spodnji zapis je dokaz za to!<\/p>\n","protected":false},"author":1,"featured_media":0,"comment_status":"closed","ping_status":"closed","sticky":false,"template":"","format":"standard","meta":{"footnotes":""},"categories":[1095],"tags":[3072,3073,3074,2346],"source":[1351,1466,1334],"supertag":[7150],"acf":[],"yoast_head":"<!-- This site is optimized with the Yoast SEO plugin v21.3 - https:\/\/yoast.com\/wordpress\/plugins\/seo\/ -->\n<title>Niso vsi muslimani teroristi! - Hudo Slovenija<\/title>\n<meta name=\"robots\" content=\"index, follow, max-snippet:-1, max-image-preview:large, max-video-preview:-1\" \/>\n<link rel=\"canonical\" href=\"https:\/\/hudo.com\/si\/zabava\/niso-vsi-muslimani-teroristi\/\" \/>\n<meta property=\"og:locale\" content=\"sl_SI\" \/>\n<meta property=\"og:type\" content=\"article\" \/>\n<meta property=\"og:title\" content=\"Niso vsi muslimani teroristi! - Hudo Slovenija\" \/>\n<meta property=\"og:description\" content=\"Ne moremo vseh muslimanov metati v isti ko\u0161 in za\u010deti vsesplo\u0161ne sovra\u017ene kampanje proti njim. Spodnji zapis je dokaz za to!\" \/>\n<meta property=\"og:url\" content=\"https:\/\/hudo.com\/si\/zabava\/niso-vsi-muslimani-teroristi\/\" \/>\n<meta property=\"og:site_name\" content=\"Hudo Slovenija\" \/>\n<meta property=\"article:publisher\" content=\"https:\/\/www.facebook.com\/hudo.si\" \/>\n<meta property=\"article:published_time\" content=\"2015-11-16T09:24:38+00:00\" \/>\n<meta property=\"og:image\" content=\"https:\/\/hudo.com\/si\/wp-content\/uploads\/sites\/2\/2016\/04\/profimedia-0266310682.jpg\" \/>\n\t<meta property=\"og:image:width\" content=\"1250\" \/>\n\t<meta property=\"og:image:height\" content=\"830\" \/>\n\t<meta property=\"og:image:type\" content=\"image\/jpeg\" \/>\n<meta name=\"author\" content=\"hudo\" \/>\n<meta name=\"twitter:card\" content=\"summary_large_image\" \/>\n<meta name=\"twitter:creator\" content=\"@hudo_si\" \/>\n<meta name=\"twitter:site\" content=\"@hudo_si\" \/>\n<meta name=\"twitter:label1\" content=\"Written by\" \/>\n\t<meta name=\"twitter:data1\" content=\"hudo\" \/>\n\t<meta name=\"twitter:label2\" content=\"Est. reading time\" \/>\n\t<meta name=\"twitter:data2\" content=\"2 minuti\" \/>\n<script type=\"application\/ld+json\" class=\"yoast-schema-graph\">{\"@context\":\"https:\/\/schema.org\",\"@graph\":[{\"@type\":\"Article\",\"@id\":\"https:\/\/hudo.com\/si\/zabava\/niso-vsi-muslimani-teroristi\/#article\",\"isPartOf\":{\"@id\":\"https:\/\/hudo.com\/si\/zabava\/niso-vsi-muslimani-teroristi\/\"},\"author\":{\"name\":\"hudo\",\"@id\":\"https:\/\/hudo.com\/si\/#\/schema\/person\/601cf3379633985b20f7e50f2bb47707\"},\"headline\":\"Niso vsi muslimani teroristi!\",\"datePublished\":\"2015-11-16T09:24:38+00:00\",\"dateModified\":\"2015-11-16T09:24:38+00:00\",\"mainEntityOfPage\":{\"@id\":\"https:\/\/hudo.com\/si\/zabava\/niso-vsi-muslimani-teroristi\/\"},\"wordCount\":485,\"publisher\":{\"@id\":\"https:\/\/hudo.com\/si\/#organization\"},\"keywords\":[\"ISIS\",\"pariz\",\"teroristi\u010dni napad v Parizu\",\"terorizem\"],\"articleSection\":[\"Zabava\"],\"inLanguage\":\"sl-SI\"},{\"@type\":\"WebPage\",\"@id\":\"https:\/\/hudo.com\/si\/zabava\/niso-vsi-muslimani-teroristi\/\",\"url\":\"https:\/\/hudo.com\/si\/zabava\/niso-vsi-muslimani-teroristi\/\",\"name\":\"Niso vsi muslimani teroristi! - Hudo Slovenija\",\"isPartOf\":{\"@id\":\"https:\/\/hudo.com\/si\/#website\"},\"datePublished\":\"2015-11-16T09:24:38+00:00\",\"dateModified\":\"2015-11-16T09:24:38+00:00\",\"breadcrumb\":{\"@id\":\"https:\/\/hudo.com\/si\/zabava\/niso-vsi-muslimani-teroristi\/#breadcrumb\"},\"inLanguage\":\"sl-SI\",\"potentialAction\":[{\"@type\":\"ReadAction\",\"target\":[\"https:\/\/hudo.com\/si\/zabava\/niso-vsi-muslimani-teroristi\/\"]}]},{\"@type\":\"BreadcrumbList\",\"@id\":\"https:\/\/hudo.com\/si\/zabava\/niso-vsi-muslimani-teroristi\/#breadcrumb\",\"itemListElement\":[{\"@type\":\"ListItem\",\"position\":1,\"name\":\"Home\",\"item\":\"https:\/\/hudo.com\/si\/\"},{\"@type\":\"ListItem\",\"position\":2,\"name\":\"Niso vsi muslimani teroristi!\"}]},{\"@type\":\"WebSite\",\"@id\":\"https:\/\/hudo.com\/si\/#website\",\"url\":\"https:\/\/hudo.com\/si\/\",\"name\":\"Hudo Slovenija\",\"description\":\"Vse novice iz Slovenije in sveta\",\"publisher\":{\"@id\":\"https:\/\/hudo.com\/si\/#organization\"},\"potentialAction\":[{\"@type\":\"SearchAction\",\"target\":{\"@type\":\"EntryPoint\",\"urlTemplate\":\"https:\/\/hudo.com\/si\/?s={search_term_string}\"},\"query-input\":\"required name=search_term_string\"}],\"inLanguage\":\"sl-SI\"},{\"@type\":\"Organization\",\"@id\":\"https:\/\/hudo.com\/si\/#organization\",\"name\":\"VSN Media\",\"url\":\"https:\/\/hudo.com\/si\/\",\"logo\":{\"@type\":\"ImageObject\",\"inLanguage\":\"sl-SI\",\"@id\":\"https:\/\/hudo.com\/si\/#\/schema\/logo\/image\/\",\"url\":\"https:\/\/hudo.com\/si\/wp-content\/uploads\/sites\/2\/2021\/03\/hudo-app-2.png\",\"contentUrl\":\"https:\/\/hudo.com\/si\/wp-content\/uploads\/sites\/2\/2021\/03\/hudo-app-2.png\",\"width\":2185,\"height\":2167,\"caption\":\"VSN Media\"},\"image\":{\"@id\":\"https:\/\/hudo.com\/si\/#\/schema\/logo\/image\/\"},\"sameAs\":[\"https:\/\/www.facebook.com\/hudo.si\",\"https:\/\/twitter.com\/hudo_si\"]},{\"@type\":\"Person\",\"@id\":\"https:\/\/hudo.com\/si\/#\/schema\/person\/601cf3379633985b20f7e50f2bb47707\",\"name\":\"hudo\",\"image\":{\"@type\":\"ImageObject\",\"inLanguage\":\"sl-SI\",\"@id\":\"https:\/\/hudo.com\/si\/#\/schema\/person\/image\/\",\"url\":\"https:\/\/secure.gravatar.com\/avatar\/c4ca25fa72cace7a696b52ff5db9e095?s=96&d=mm&r=g\",\"contentUrl\":\"https:\/\/secure.gravatar.com\/avatar\/c4ca25fa72cace7a696b52ff5db9e095?s=96&d=mm&r=g\",\"caption\":\"hudo\"},\"url\":\"https:\/\/hudo.com\/si\/author\/hudo\/\"}]}<\/script>\n<!-- \/ Yoast SEO plugin. -->","yoast_head_json":{"title":"Niso vsi muslimani teroristi! - Hudo Slovenija","robots":{"index":"index","follow":"follow","max-snippet":"max-snippet:-1","max-image-preview":"max-image-preview:large","max-video-preview":"max-video-preview:-1"},"canonical":"https:\/\/hudo.com\/si\/zabava\/niso-vsi-muslimani-teroristi\/","og_locale":"sl_SI","og_type":"article","og_title":"Niso vsi muslimani teroristi! - Hudo Slovenija","og_description":"Ne moremo vseh muslimanov metati v isti ko\u0161 in za\u010deti vsesplo\u0161ne sovra\u017ene kampanje proti njim. Spodnji zapis je dokaz za to!","og_url":"https:\/\/hudo.com\/si\/zabava\/niso-vsi-muslimani-teroristi\/","og_site_name":"Hudo Slovenija","article_publisher":"https:\/\/www.facebook.com\/hudo.si","article_published_time":"2015-11-16T09:24:38+00:00","og_image":[{"width":1250,"height":830,"url":"https:\/\/hudo.com\/si\/wp-content\/uploads\/sites\/2\/2016\/04\/profimedia-0266310682.jpg","type":"image\/jpeg"}],"author":"hudo","twitter_card":"summary_large_image","twitter_creator":"@hudo_si","twitter_site":"@hudo_si","twitter_misc":{"Written by":"hudo","Est. reading time":"2 minuti"},"schema":{"@context":"https:\/\/schema.org","@graph":[{"@type":"Article","@id":"https:\/\/hudo.com\/si\/zabava\/niso-vsi-muslimani-teroristi\/#article","isPartOf":{"@id":"https:\/\/hudo.com\/si\/zabava\/niso-vsi-muslimani-teroristi\/"},"author":{"name":"hudo","@id":"https:\/\/hudo.com\/si\/#\/schema\/person\/601cf3379633985b20f7e50f2bb47707"},"headline":"Niso vsi muslimani teroristi!","datePublished":"2015-11-16T09:24:38+00:00","dateModified":"2015-11-16T09:24:38+00:00","mainEntityOfPage":{"@id":"https:\/\/hudo.com\/si\/zabava\/niso-vsi-muslimani-teroristi\/"},"wordCount":485,"publisher":{"@id":"https:\/\/hudo.com\/si\/#organization"},"keywords":["ISIS","pariz","teroristi\u010dni napad v Parizu","terorizem"],"articleSection":["Zabava"],"inLanguage":"sl-SI"},{"@type":"WebPage","@id":"https:\/\/hudo.com\/si\/zabava\/niso-vsi-muslimani-teroristi\/","url":"https:\/\/hudo.com\/si\/zabava\/niso-vsi-muslimani-teroristi\/","name":"Niso vsi muslimani teroristi! - Hudo Slovenija","isPartOf":{"@id":"https:\/\/hudo.com\/si\/#website"},"datePublished":"2015-11-16T09:24:38+00:00","dateModified":"2015-11-16T09:24:38+00:00","breadcrumb":{"@id":"https:\/\/hudo.com\/si\/zabava\/niso-vsi-muslimani-teroristi\/#breadcrumb"},"inLanguage":"sl-SI","potentialAction":[{"@type":"ReadAction","target":["https:\/\/hudo.com\/si\/zabava\/niso-vsi-muslimani-teroristi\/"]}]},{"@type":"BreadcrumbList","@id":"https:\/\/hudo.com\/si\/zabava\/niso-vsi-muslimani-teroristi\/#breadcrumb","itemListElement":[{"@type":"ListItem","position":1,"name":"Home","item":"https:\/\/hudo.com\/si\/"},{"@type":"ListItem","position":2,"name":"Niso vsi muslimani teroristi!"}]},{"@type":"WebSite","@id":"https:\/\/hudo.com\/si\/#website","url":"https:\/\/hudo.com\/si\/","name":"Hudo Slovenija","description":"Vse novice iz Slovenije in sveta","publisher":{"@id":"https:\/\/hudo.com\/si\/#organization"},"potentialAction":[{"@type":"SearchAction","target":{"@type":"EntryPoint","urlTemplate":"https:\/\/hudo.com\/si\/?s={search_term_string}"},"query-input":"required name=search_term_string"}],"inLanguage":"sl-SI"},{"@type":"Organization","@id":"https:\/\/hudo.com\/si\/#organization","name":"VSN Media","url":"https:\/\/hudo.com\/si\/","logo":{"@type":"ImageObject","inLanguage":"sl-SI","@id":"https:\/\/hudo.com\/si\/#\/schema\/logo\/image\/","url":"https:\/\/hudo.com\/si\/wp-content\/uploads\/sites\/2\/2021\/03\/hudo-app-2.png","contentUrl":"https:\/\/hudo.com\/si\/wp-content\/uploads\/sites\/2\/2021\/03\/hudo-app-2.png","width":2185,"height":2167,"caption":"VSN Media"},"image":{"@id":"https:\/\/hudo.com\/si\/#\/schema\/logo\/image\/"},"sameAs":["https:\/\/www.facebook.com\/hudo.si","https:\/\/twitter.com\/hudo_si"]},{"@type":"Person","@id":"https:\/\/hudo.com\/si\/#\/schema\/person\/601cf3379633985b20f7e50f2bb47707","name":"hudo","image":{"@type":"ImageObject","inLanguage":"sl-SI","@id":"https:\/\/hudo.com\/si\/#\/schema\/person\/image\/","url":"https:\/\/secure.gravatar.com\/avatar\/c4ca25fa72cace7a696b52ff5db9e095?s=96&d=mm&r=g","contentUrl":"https:\/\/secure.gravatar.com\/avatar\/c4ca25fa72cace7a696b52ff5db9e095?s=96&d=mm&r=g","caption":"hudo"},"url":"https:\/\/hudo.com\/si\/author\/hudo\/"}]}},"amp_enabled":true,"_links":{"self":[{"href":"https:\/\/hudo.com\/si\/wp-json\/wp\/v2\/posts\/13133"}],"collection":[{"href":"https:\/\/hudo.com\/si\/wp-json\/wp\/v2\/posts"}],"about":[{"href":"https:\/\/hudo.com\/si\/wp-json\/wp\/v2\/types\/post"}],"author":[{"embeddable":true,"href":"https:\/\/hudo.com\/si\/wp-json\/wp\/v2\/users\/1"}],"replies":[{"embeddable":true,"href":"https:\/\/hudo.com\/si\/wp-json\/wp\/v2\/comments?post=13133"}],"version-history":[{"count":0,"href":"https:\/\/hudo.com\/si\/wp-json\/wp\/v2\/posts\/13133\/revisions"}],"wp:attachment":[{"href":"https:\/\/hudo.com\/si\/wp-json\/wp\/v2\/media?parent=13133"}],"wp:term":[{"taxonomy":"category","embeddable":true,"href":"https:\/\/hudo.com\/si\/wp-json\/wp\/v2\/categories?post=13133"},{"taxonomy":"post_tag","embeddable":true,"href":"https:\/\/hudo.com\/si\/wp-json\/wp\/v2\/tags?post=13133"},{"taxonomy":"source","embeddable":true,"href":"https:\/\/hudo.com\/si\/wp-json\/wp\/v2\/source?post=13133"},{"taxonomy":"supertag","embeddable":true,"href":"https:\/\/hudo.com\/si\/wp-json\/wp\/v2\/supertag?post=13133"}],"curies":[{"name":"wp","href":"https:\/\/api.w.org\/{rel}","templated":true}]}}