{"id":131992,"date":"2016-09-13T10:30:00","date_gmt":"2016-09-13T08:30:00","guid":{"rendered":"http:\/\/hudo.com\/si\/2016\/09\/13\/furs-nismo-krivi-za-smrt-o-kateri-govori-sindikat-delavcev-migrantov\/"},"modified":"2016-09-14T08:46:22","modified_gmt":"2016-09-14T06:46:22","slug":"furs-nismo-krivi-za-smrt-o-kateri-govori-sindikat-delavcev-migrantov","status":"publish","type":"post","link":"https:\/\/hudo.com\/si\/aktualno\/furs-nismo-krivi-za-smrt-o-kateri-govori-sindikat-delavcev-migrantov\/","title":{"rendered":"Furs: Nismo krivi za smrt, o kateri govori Sindikat delavcev migrantov"},"content":{"rendered":"<p>Predstavniki Sindikata delavcev migrantov (SDMS) so pred sobotnim shodom v Mariboru pred zaprti vhod Finan\u010dne uprave Maribor polo\u017eili nagelj\u010dke v spomin na migrantko iz Prekmurja. Petdesetletna mati samohranilka, ki je delala v avstrijski tovarni s tekstilom, je ob prejetju polo\u017enice za pla\u010dilo 5000 evrov davka obupana ugotovila, da tega ne zmore pla\u010dati, in izhod videla v samomoru, je sporo\u010dil sindikat. Danes pa so iz Finan\u010dne uprave RS poslali sporo\u010dilo za javnost, da so od Sindikata delavcev migrantov Slovenije od za\u010detka dele\u017eni javnih obto\u017eevanj in o\u010ditkov okrog obdav\u010ditve \u010dezmejnih delavcev migrantov. Doslej se niso odzivali, &#8220;saj spo\u0161tujemo njihov boj za svoje pravice&#8221;. &#8220;Zadnji o\u010ditek, da naj bi bila Finan\u010dna uprava RS kriva za smrt posameznika, pa je po na\u0161em mnenju pre\u0161el mero dobrega okusa, zato smo se odlo\u010dili, da tokrat izjemoma javno odreagiramo.&#8221;  Od sindikata migrantov je Furs posku\u0161al dobiti ime osebe, ki naj bi bila zaradi Finan\u010dne uprave RS naredila samomor, uspe\u0161ni niso bili, so napisali v izjavo za javnost v zadevi, ki jo je Sindikat delavcev migrantov v soboto do konca poosebil. Kljub temu jim je, so sporo\u010dili, &#8220;na podlagi \u0161tevilnih neformalnih virov, tudi nekaterih medijev, uspelo ugotovili, za katero osebo gre&#8221;. &#8220;Zavezanka je v za\u010detku aprila prejela informativni izra\u010dun dohodnine za leto 2015. Sestavni del informativnega izra\u010duna, na osnovi katerega naj bi bila po mnenju SDMS naredila samomor, pa ni bila polo\u017enica v vi\u0161ini 5000 EUR. Omenjeni informativni izra\u010dun dohodnine sploh ni vseboval nobene polo\u017enice. Nasprotno. Na podlagi informativnega izra\u010duna za leto 2015 zavezanki pripada celo vra\u010dilo dohodnine.&#8221;  V Finan\u010dni upravi ne morejo in ne \u017eelijo soditi, &#8220;zakaj so se v SDMS odlo\u010dili za tako neutemeljene o\u010ditke&#8221;. &#8220;Upamo zgolj, da se v prihodnje v svojem boju za pravice ne bodo ve\u010d poslu\u017eevali tak\u0161nih in podobnih metod, ki neutemeljeno in brez konkretnih podatkov diskreditirajo Finan\u010dno upravo RS,&#8221; pi\u0161e v sporo\u010dilu za javnost.   Slovenija<\/p>\n","protected":false},"excerpt":{"rendered":"<p>Predstavniki Sindikata delavcev migrantov (SDMS) so pred sobotnim shodom v Mariboru pred zaprti vhod Finan\u010dne uprave Maribor polo\u017eili nagelj\u010dke v spomin na migrantko iz Prekmurja. Petdesetletna mati samohranilka, ki je delala v avstrijski tovarni s tekstilom, je ob prejetju polo\u017enice za pla\u010dilo 5000 evrov davka obupana ugotovila, da tega ne zmore pla\u010dati, in izhod videla v samomoru, je sporo\u010dil sindikat. Danes pa so iz Finan\u010dne uprave RS poslali sporo\u010dilo za javnost, da so od Sindikata delavcev migrantov Slovenije od za\u010detka dele\u017eni javnih obto\u017eevanj in o\u010ditkov okrog obdav\u010ditve \u010dezmejnih delavcev migrantov. Doslej se niso odzivali, &#8220;saj spo\u0161tujemo njihov boj za svoje pravice&#8221;. &#8220;Zadnji o\u010ditek, da naj bi bila Finan\u010dna uprava RS kriva za smrt posameznika, pa je po na\u0161em mnenju pre\u0161el mero dobrega okusa, zato smo se odlo\u010dili, da tokrat izjemoma javno odreagiramo.&#8221;  Od sindikata migrantov je Furs posku\u0161al dobiti ime osebe, ki naj bi bila zaradi Finan\u010dne uprave RS naredila samomor, uspe\u0161ni niso bili, so napisali v izjavo za javnost v zadevi, ki jo je Sindikat delavcev migrantov v soboto do konca poosebil. Kljub temu jim je, so sporo\u010dili, &#8220;na podlagi \u0161tevilnih neformalnih virov, tudi nekaterih medijev, uspelo ugotovili, za katero osebo gre&#8221;. &#8220;Zavezanka je v za\u010detku aprila prejela informativni izra\u010dun dohodnine za leto 2015. Sestavni del informativnega izra\u010duna, na osnovi katerega naj bi bila po mnenju SDMS naredila samomor, pa ni bila polo\u017enica v vi\u0161ini 5000 EUR. Omenjeni informativni izra\u010dun dohodnine sploh ni vseboval nobene polo\u017enice. Nasprotno. Na podlagi informativnega izra\u010duna za leto 2015 zavezanki pripada celo vra\u010dilo dohodnine.&#8221;  V Finan\u010dni upravi ne morejo in ne \u017eelijo soditi, &#8220;zakaj so se v SDMS odlo\u010dili za tako neutemeljene o\u010ditke&#8221;. &#8220;Upamo zgolj, da se v prihodnje v svojem boju za pravice ne bodo ve\u010d poslu\u017eevali tak\u0161nih in podobnih metod, ki neutemeljeno in brez konkretnih podatkov diskreditirajo Finan\u010dno upravo RS,&#8221; pi\u0161e v sporo\u010dilu za javnost.   Slovenija<\/p>\n","protected":false},"author":1,"featured_media":0,"comment_status":"closed","ping_status":"closed","sticky":false,"template":"","format":"standard","meta":{"footnotes":""},"categories":[1179],"tags":[],"source":[1711],"supertag":[],"acf":[],"yoast_head":"<!-- This site is optimized with the Yoast SEO plugin v21.3 - https:\/\/yoast.com\/wordpress\/plugins\/seo\/ -->\n<title>Furs: Nismo krivi za smrt, o kateri govori Sindikat delavcev migrantov - Hudo Slovenija<\/title>\n<meta name=\"robots\" content=\"index, follow, max-snippet:-1, max-image-preview:large, max-video-preview:-1\" \/>\n<link rel=\"canonical\" href=\"https:\/\/hudo.com\/si\/aktualno\/furs-nismo-krivi-za-smrt-o-kateri-govori-sindikat-delavcev-migrantov\/\" \/>\n<meta property=\"og:locale\" content=\"sl_SI\" \/>\n<meta property=\"og:type\" content=\"article\" \/>\n<meta property=\"og:title\" content=\"Furs: Nismo krivi za smrt, o kateri govori Sindikat delavcev migrantov - Hudo Slovenija\" \/>\n<meta property=\"og:description\" content=\"Predstavniki Sindikata delavcev migrantov (SDMS) so pred sobotnim shodom v Mariboru pred zaprti vhod Finan\u010dne uprave Maribor polo\u017eili nagelj\u010dke v spomin na migrantko iz Prekmurja. Petdesetletna mati samohranilka, ki je delala v avstrijski tovarni s tekstilom, je ob prejetju polo\u017enice za pla\u010dilo 5000 evrov davka obupana ugotovila, da tega ne zmore pla\u010dati, in izhod videla v samomoru, je sporo\u010dil sindikat. Danes pa so iz Finan\u010dne uprave RS poslali sporo\u010dilo za javnost, da so od Sindikata delavcev migrantov Slovenije od za\u010detka dele\u017eni javnih obto\u017eevanj in o\u010ditkov okrog obdav\u010ditve \u010dezmejnih delavcev migrantov. Doslej se niso odzivali, &quot;saj spo\u0161tujemo njihov boj za svoje pravice&quot;. &quot;Zadnji o\u010ditek, da naj bi bila Finan\u010dna uprava RS kriva za smrt posameznika, pa je po na\u0161em mnenju pre\u0161el mero dobrega okusa, zato smo se odlo\u010dili, da tokrat izjemoma javno odreagiramo.&quot; Od sindikata migrantov je Furs posku\u0161al dobiti ime osebe, ki naj bi bila zaradi Finan\u010dne uprave RS naredila samomor, uspe\u0161ni niso bili, so napisali v izjavo za javnost v zadevi, ki jo je Sindikat delavcev migrantov v soboto do konca poosebil. Kljub temu jim je, so sporo\u010dili, &quot;na podlagi \u0161tevilnih neformalnih virov, tudi nekaterih medijev, uspelo ugotovili, za katero osebo gre&quot;. &quot;Zavezanka je v za\u010detku aprila prejela informativni izra\u010dun dohodnine za leto 2015. Sestavni del informativnega izra\u010duna, na osnovi katerega naj bi bila po mnenju SDMS naredila samomor, pa ni bila polo\u017enica v vi\u0161ini 5000 EUR. Omenjeni informativni izra\u010dun dohodnine sploh ni vseboval nobene polo\u017enice. Nasprotno. Na podlagi informativnega izra\u010duna za leto 2015 zavezanki pripada celo vra\u010dilo dohodnine.&quot; V Finan\u010dni upravi ne morejo in ne \u017eelijo soditi, &quot;zakaj so se v SDMS odlo\u010dili za tako neutemeljene o\u010ditke&quot;. &quot;Upamo zgolj, da se v prihodnje v svojem boju za pravice ne bodo ve\u010d poslu\u017eevali tak\u0161nih in podobnih metod, ki neutemeljeno in brez konkretnih podatkov diskreditirajo Finan\u010dno upravo RS,&quot; pi\u0161e v sporo\u010dilu za javnost.  Slovenija\" \/>\n<meta property=\"og:url\" content=\"https:\/\/hudo.com\/si\/aktualno\/furs-nismo-krivi-za-smrt-o-kateri-govori-sindikat-delavcev-migrantov\/\" \/>\n<meta property=\"og:site_name\" content=\"Hudo Slovenija\" \/>\n<meta property=\"article:publisher\" content=\"https:\/\/www.facebook.com\/hudo.si\" \/>\n<meta property=\"article:published_time\" content=\"2016-09-13T08:30:00+00:00\" \/>\n<meta property=\"article:modified_time\" content=\"2016-09-14T06:46:22+00:00\" \/>\n<meta property=\"og:image\" content=\"https:\/\/hudo.com\/si\/wp-content\/uploads\/sites\/2\/2016\/09\/0910Sindikat11-300.jpg\" \/>\n\t<meta property=\"og:image:width\" content=\"450\" \/>\n\t<meta property=\"og:image:height\" content=\"300\" \/>\n\t<meta property=\"og:image:type\" content=\"image\/jpeg\" \/>\n<meta name=\"author\" content=\"hudo\" \/>\n<meta name=\"twitter:card\" content=\"summary_large_image\" \/>\n<meta name=\"twitter:creator\" content=\"@hudo_si\" \/>\n<meta name=\"twitter:site\" content=\"@hudo_si\" \/>\n<meta name=\"twitter:label1\" content=\"Written by\" \/>\n\t<meta name=\"twitter:data1\" content=\"hudo\" \/>\n\t<meta name=\"twitter:label2\" content=\"Est. reading time\" \/>\n\t<meta name=\"twitter:data2\" content=\"2 minuti\" \/>\n<script type=\"application\/ld+json\" class=\"yoast-schema-graph\">{\"@context\":\"https:\/\/schema.org\",\"@graph\":[{\"@type\":\"Article\",\"@id\":\"https:\/\/hudo.com\/si\/aktualno\/furs-nismo-krivi-za-smrt-o-kateri-govori-sindikat-delavcev-migrantov\/#article\",\"isPartOf\":{\"@id\":\"https:\/\/hudo.com\/si\/aktualno\/furs-nismo-krivi-za-smrt-o-kateri-govori-sindikat-delavcev-migrantov\/\"},\"author\":{\"name\":\"hudo\",\"@id\":\"https:\/\/hudo.com\/si\/#\/schema\/person\/601cf3379633985b20f7e50f2bb47707\"},\"headline\":\"Furs: Nismo krivi za smrt, o kateri govori Sindikat delavcev migrantov\",\"datePublished\":\"2016-09-13T08:30:00+00:00\",\"dateModified\":\"2016-09-14T06:46:22+00:00\",\"mainEntityOfPage\":{\"@id\":\"https:\/\/hudo.com\/si\/aktualno\/furs-nismo-krivi-za-smrt-o-kateri-govori-sindikat-delavcev-migrantov\/\"},\"wordCount\":352,\"publisher\":{\"@id\":\"https:\/\/hudo.com\/si\/#organization\"},\"articleSection\":[\"Aktualno\"],\"inLanguage\":\"sl-SI\"},{\"@type\":\"WebPage\",\"@id\":\"https:\/\/hudo.com\/si\/aktualno\/furs-nismo-krivi-za-smrt-o-kateri-govori-sindikat-delavcev-migrantov\/\",\"url\":\"https:\/\/hudo.com\/si\/aktualno\/furs-nismo-krivi-za-smrt-o-kateri-govori-sindikat-delavcev-migrantov\/\",\"name\":\"Furs: Nismo krivi za smrt, o kateri govori Sindikat delavcev migrantov - Hudo Slovenija\",\"isPartOf\":{\"@id\":\"https:\/\/hudo.com\/si\/#website\"},\"datePublished\":\"2016-09-13T08:30:00+00:00\",\"dateModified\":\"2016-09-14T06:46:22+00:00\",\"breadcrumb\":{\"@id\":\"https:\/\/hudo.com\/si\/aktualno\/furs-nismo-krivi-za-smrt-o-kateri-govori-sindikat-delavcev-migrantov\/#breadcrumb\"},\"inLanguage\":\"sl-SI\",\"potentialAction\":[{\"@type\":\"ReadAction\",\"target\":[\"https:\/\/hudo.com\/si\/aktualno\/furs-nismo-krivi-za-smrt-o-kateri-govori-sindikat-delavcev-migrantov\/\"]}]},{\"@type\":\"BreadcrumbList\",\"@id\":\"https:\/\/hudo.com\/si\/aktualno\/furs-nismo-krivi-za-smrt-o-kateri-govori-sindikat-delavcev-migrantov\/#breadcrumb\",\"itemListElement\":[{\"@type\":\"ListItem\",\"position\":1,\"name\":\"Home\",\"item\":\"https:\/\/hudo.com\/si\/\"},{\"@type\":\"ListItem\",\"position\":2,\"name\":\"Furs: Nismo krivi za smrt, o kateri govori Sindikat delavcev migrantov\"}]},{\"@type\":\"WebSite\",\"@id\":\"https:\/\/hudo.com\/si\/#website\",\"url\":\"https:\/\/hudo.com\/si\/\",\"name\":\"Hudo Slovenija\",\"description\":\"Vse novice iz Slovenije in sveta\",\"publisher\":{\"@id\":\"https:\/\/hudo.com\/si\/#organization\"},\"potentialAction\":[{\"@type\":\"SearchAction\",\"target\":{\"@type\":\"EntryPoint\",\"urlTemplate\":\"https:\/\/hudo.com\/si\/?s={search_term_string}\"},\"query-input\":\"required name=search_term_string\"}],\"inLanguage\":\"sl-SI\"},{\"@type\":\"Organization\",\"@id\":\"https:\/\/hudo.com\/si\/#organization\",\"name\":\"VSN Media\",\"url\":\"https:\/\/hudo.com\/si\/\",\"logo\":{\"@type\":\"ImageObject\",\"inLanguage\":\"sl-SI\",\"@id\":\"https:\/\/hudo.com\/si\/#\/schema\/logo\/image\/\",\"url\":\"https:\/\/hudo.com\/si\/wp-content\/uploads\/sites\/2\/2021\/03\/hudo-app-2.png\",\"contentUrl\":\"https:\/\/hudo.com\/si\/wp-content\/uploads\/sites\/2\/2021\/03\/hudo-app-2.png\",\"width\":2185,\"height\":2167,\"caption\":\"VSN Media\"},\"image\":{\"@id\":\"https:\/\/hudo.com\/si\/#\/schema\/logo\/image\/\"},\"sameAs\":[\"https:\/\/www.facebook.com\/hudo.si\",\"https:\/\/twitter.com\/hudo_si\"]},{\"@type\":\"Person\",\"@id\":\"https:\/\/hudo.com\/si\/#\/schema\/person\/601cf3379633985b20f7e50f2bb47707\",\"name\":\"hudo\",\"image\":{\"@type\":\"ImageObject\",\"inLanguage\":\"sl-SI\",\"@id\":\"https:\/\/hudo.com\/si\/#\/schema\/person\/image\/\",\"url\":\"https:\/\/secure.gravatar.com\/avatar\/c4ca25fa72cace7a696b52ff5db9e095?s=96&d=mm&r=g\",\"contentUrl\":\"https:\/\/secure.gravatar.com\/avatar\/c4ca25fa72cace7a696b52ff5db9e095?s=96&d=mm&r=g\",\"caption\":\"hudo\"},\"url\":\"https:\/\/hudo.com\/si\/author\/hudo\/\"}]}<\/script>\n<!-- \/ Yoast SEO plugin. -->","yoast_head_json":{"title":"Furs: Nismo krivi za smrt, o kateri govori Sindikat delavcev migrantov - Hudo Slovenija","robots":{"index":"index","follow":"follow","max-snippet":"max-snippet:-1","max-image-preview":"max-image-preview:large","max-video-preview":"max-video-preview:-1"},"canonical":"https:\/\/hudo.com\/si\/aktualno\/furs-nismo-krivi-za-smrt-o-kateri-govori-sindikat-delavcev-migrantov\/","og_locale":"sl_SI","og_type":"article","og_title":"Furs: Nismo krivi za smrt, o kateri govori Sindikat delavcev migrantov - Hudo Slovenija","og_description":"Predstavniki Sindikata delavcev migrantov (SDMS) so pred sobotnim shodom v Mariboru pred zaprti vhod Finan\u010dne uprave Maribor polo\u017eili nagelj\u010dke v spomin na migrantko iz Prekmurja. Petdesetletna mati samohranilka, ki je delala v avstrijski tovarni s tekstilom, je ob prejetju polo\u017enice za pla\u010dilo 5000 evrov davka obupana ugotovila, da tega ne zmore pla\u010dati, in izhod videla v samomoru, je sporo\u010dil sindikat. Danes pa so iz Finan\u010dne uprave RS poslali sporo\u010dilo za javnost, da so od Sindikata delavcev migrantov Slovenije od za\u010detka dele\u017eni javnih obto\u017eevanj in o\u010ditkov okrog obdav\u010ditve \u010dezmejnih delavcev migrantov. Doslej se niso odzivali, \"saj spo\u0161tujemo njihov boj za svoje pravice\". \"Zadnji o\u010ditek, da naj bi bila Finan\u010dna uprava RS kriva za smrt posameznika, pa je po na\u0161em mnenju pre\u0161el mero dobrega okusa, zato smo se odlo\u010dili, da tokrat izjemoma javno odreagiramo.\" Od sindikata migrantov je Furs posku\u0161al dobiti ime osebe, ki naj bi bila zaradi Finan\u010dne uprave RS naredila samomor, uspe\u0161ni niso bili, so napisali v izjavo za javnost v zadevi, ki jo je Sindikat delavcev migrantov v soboto do konca poosebil. Kljub temu jim je, so sporo\u010dili, \"na podlagi \u0161tevilnih neformalnih virov, tudi nekaterih medijev, uspelo ugotovili, za katero osebo gre\". \"Zavezanka je v za\u010detku aprila prejela informativni izra\u010dun dohodnine za leto 2015. Sestavni del informativnega izra\u010duna, na osnovi katerega naj bi bila po mnenju SDMS naredila samomor, pa ni bila polo\u017enica v vi\u0161ini 5000 EUR. Omenjeni informativni izra\u010dun dohodnine sploh ni vseboval nobene polo\u017enice. Nasprotno. Na podlagi informativnega izra\u010duna za leto 2015 zavezanki pripada celo vra\u010dilo dohodnine.\" V Finan\u010dni upravi ne morejo in ne \u017eelijo soditi, \"zakaj so se v SDMS odlo\u010dili za tako neutemeljene o\u010ditke\". \"Upamo zgolj, da se v prihodnje v svojem boju za pravice ne bodo ve\u010d poslu\u017eevali tak\u0161nih in podobnih metod, ki neutemeljeno in brez konkretnih podatkov diskreditirajo Finan\u010dno upravo RS,\" pi\u0161e v sporo\u010dilu za javnost.  Slovenija","og_url":"https:\/\/hudo.com\/si\/aktualno\/furs-nismo-krivi-za-smrt-o-kateri-govori-sindikat-delavcev-migrantov\/","og_site_name":"Hudo Slovenija","article_publisher":"https:\/\/www.facebook.com\/hudo.si","article_published_time":"2016-09-13T08:30:00+00:00","article_modified_time":"2016-09-14T06:46:22+00:00","og_image":[{"width":450,"height":300,"url":"https:\/\/hudo.com\/si\/wp-content\/uploads\/sites\/2\/2016\/09\/0910Sindikat11-300.jpg","type":"image\/jpeg"}],"author":"hudo","twitter_card":"summary_large_image","twitter_creator":"@hudo_si","twitter_site":"@hudo_si","twitter_misc":{"Written by":"hudo","Est. reading time":"2 minuti"},"schema":{"@context":"https:\/\/schema.org","@graph":[{"@type":"Article","@id":"https:\/\/hudo.com\/si\/aktualno\/furs-nismo-krivi-za-smrt-o-kateri-govori-sindikat-delavcev-migrantov\/#article","isPartOf":{"@id":"https:\/\/hudo.com\/si\/aktualno\/furs-nismo-krivi-za-smrt-o-kateri-govori-sindikat-delavcev-migrantov\/"},"author":{"name":"hudo","@id":"https:\/\/hudo.com\/si\/#\/schema\/person\/601cf3379633985b20f7e50f2bb47707"},"headline":"Furs: Nismo krivi za smrt, o kateri govori Sindikat delavcev migrantov","datePublished":"2016-09-13T08:30:00+00:00","dateModified":"2016-09-14T06:46:22+00:00","mainEntityOfPage":{"@id":"https:\/\/hudo.com\/si\/aktualno\/furs-nismo-krivi-za-smrt-o-kateri-govori-sindikat-delavcev-migrantov\/"},"wordCount":352,"publisher":{"@id":"https:\/\/hudo.com\/si\/#organization"},"articleSection":["Aktualno"],"inLanguage":"sl-SI"},{"@type":"WebPage","@id":"https:\/\/hudo.com\/si\/aktualno\/furs-nismo-krivi-za-smrt-o-kateri-govori-sindikat-delavcev-migrantov\/","url":"https:\/\/hudo.com\/si\/aktualno\/furs-nismo-krivi-za-smrt-o-kateri-govori-sindikat-delavcev-migrantov\/","name":"Furs: Nismo krivi za smrt, o kateri govori Sindikat delavcev migrantov - Hudo Slovenija","isPartOf":{"@id":"https:\/\/hudo.com\/si\/#website"},"datePublished":"2016-09-13T08:30:00+00:00","dateModified":"2016-09-14T06:46:22+00:00","breadcrumb":{"@id":"https:\/\/hudo.com\/si\/aktualno\/furs-nismo-krivi-za-smrt-o-kateri-govori-sindikat-delavcev-migrantov\/#breadcrumb"},"inLanguage":"sl-SI","potentialAction":[{"@type":"ReadAction","target":["https:\/\/hudo.com\/si\/aktualno\/furs-nismo-krivi-za-smrt-o-kateri-govori-sindikat-delavcev-migrantov\/"]}]},{"@type":"BreadcrumbList","@id":"https:\/\/hudo.com\/si\/aktualno\/furs-nismo-krivi-za-smrt-o-kateri-govori-sindikat-delavcev-migrantov\/#breadcrumb","itemListElement":[{"@type":"ListItem","position":1,"name":"Home","item":"https:\/\/hudo.com\/si\/"},{"@type":"ListItem","position":2,"name":"Furs: Nismo krivi za smrt, o kateri govori Sindikat delavcev migrantov"}]},{"@type":"WebSite","@id":"https:\/\/hudo.com\/si\/#website","url":"https:\/\/hudo.com\/si\/","name":"Hudo Slovenija","description":"Vse novice iz Slovenije in sveta","publisher":{"@id":"https:\/\/hudo.com\/si\/#organization"},"potentialAction":[{"@type":"SearchAction","target":{"@type":"EntryPoint","urlTemplate":"https:\/\/hudo.com\/si\/?s={search_term_string}"},"query-input":"required name=search_term_string"}],"inLanguage":"sl-SI"},{"@type":"Organization","@id":"https:\/\/hudo.com\/si\/#organization","name":"VSN Media","url":"https:\/\/hudo.com\/si\/","logo":{"@type":"ImageObject","inLanguage":"sl-SI","@id":"https:\/\/hudo.com\/si\/#\/schema\/logo\/image\/","url":"https:\/\/hudo.com\/si\/wp-content\/uploads\/sites\/2\/2021\/03\/hudo-app-2.png","contentUrl":"https:\/\/hudo.com\/si\/wp-content\/uploads\/sites\/2\/2021\/03\/hudo-app-2.png","width":2185,"height":2167,"caption":"VSN Media"},"image":{"@id":"https:\/\/hudo.com\/si\/#\/schema\/logo\/image\/"},"sameAs":["https:\/\/www.facebook.com\/hudo.si","https:\/\/twitter.com\/hudo_si"]},{"@type":"Person","@id":"https:\/\/hudo.com\/si\/#\/schema\/person\/601cf3379633985b20f7e50f2bb47707","name":"hudo","image":{"@type":"ImageObject","inLanguage":"sl-SI","@id":"https:\/\/hudo.com\/si\/#\/schema\/person\/image\/","url":"https:\/\/secure.gravatar.com\/avatar\/c4ca25fa72cace7a696b52ff5db9e095?s=96&d=mm&r=g","contentUrl":"https:\/\/secure.gravatar.com\/avatar\/c4ca25fa72cace7a696b52ff5db9e095?s=96&d=mm&r=g","caption":"hudo"},"url":"https:\/\/hudo.com\/si\/author\/hudo\/"}]}},"amp_enabled":true,"_links":{"self":[{"href":"https:\/\/hudo.com\/si\/wp-json\/wp\/v2\/posts\/131992"}],"collection":[{"href":"https:\/\/hudo.com\/si\/wp-json\/wp\/v2\/posts"}],"about":[{"href":"https:\/\/hudo.com\/si\/wp-json\/wp\/v2\/types\/post"}],"author":[{"embeddable":true,"href":"https:\/\/hudo.com\/si\/wp-json\/wp\/v2\/users\/1"}],"replies":[{"embeddable":true,"href":"https:\/\/hudo.com\/si\/wp-json\/wp\/v2\/comments?post=131992"}],"version-history":[{"count":1,"href":"https:\/\/hudo.com\/si\/wp-json\/wp\/v2\/posts\/131992\/revisions"}],"predecessor-version":[{"id":132275,"href":"https:\/\/hudo.com\/si\/wp-json\/wp\/v2\/posts\/131992\/revisions\/132275"}],"wp:attachment":[{"href":"https:\/\/hudo.com\/si\/wp-json\/wp\/v2\/media?parent=131992"}],"wp:term":[{"taxonomy":"category","embeddable":true,"href":"https:\/\/hudo.com\/si\/wp-json\/wp\/v2\/categories?post=131992"},{"taxonomy":"post_tag","embeddable":true,"href":"https:\/\/hudo.com\/si\/wp-json\/wp\/v2\/tags?post=131992"},{"taxonomy":"source","embeddable":true,"href":"https:\/\/hudo.com\/si\/wp-json\/wp\/v2\/source?post=131992"},{"taxonomy":"supertag","embeddable":true,"href":"https:\/\/hudo.com\/si\/wp-json\/wp\/v2\/supertag?post=131992"}],"curies":[{"name":"wp","href":"https:\/\/api.w.org\/{rel}","templated":true}]}}