{"id":132010,"date":"2016-09-13T10:00:00","date_gmt":"2016-09-13T08:00:00","guid":{"rendered":"http:\/\/hudo.com\/si\/2016\/09\/13\/ceferin-se-nikdar-blize-platiniju\/"},"modified":"2016-09-13T10:00:00","modified_gmt":"2016-09-13T08:00:00","slug":"ceferin-se-nikdar-blize-platiniju","status":"publish","type":"post","link":"https:\/\/hudo.com\/si\/aktualno\/ceferin-se-nikdar-blize-platiniju\/","title":{"rendered":"\u010ceferin \u0161e nikdar bli\u017ee Platiniju"},"content":{"rendered":"<p>Kategorija: Nogomet Tue, 13 Sep 2016 12:00:00 +0200  Ljubljana \u2013 Drevi bodo odprli sezono nogometne lige prvakov, manj kot 24 ur pozneje bo Evropska nogometna zveza (Uefa) dobila novega predsednika. Za nasledstvo Michela Platinija se bosta pomerila Michael van Praag in Aleksander \u010ceferin, kandidat Nogometne zveze Slovenije (NZS) pa velja za favorita tajnih volitev. To nam je potrdil tudi sam. \u00bbPriznam, da mi ka\u017ee zelo dobro, toda pred koncem volitev ne \u017eelim razmi\u0161ljati o morebitni zmagi, saj to ne bi bilo modro. Gotovo pa sem \u017ee zdaj vesel zaradi formalne in javne podpore, ki so mi jo izrazili \u0161tevilni kolegi in prijatelji z vseh koncev Evrope. Optimisti\u010dno pri\u010dakujem za\u010detek volitev,\u00ab je zatrdil \u010ceferin, ki je v dru\u017ebi generalnega sekretarja NZS Ale\u0161a Zavrla odpotoval v gr\u0161ko metropolo \u017ee v\u010deraj dopoldne. Na 12. izredni seji kongresa Uefe bo gotovo zelo\u00a0&#8230;<\/p>\n","protected":false},"excerpt":{"rendered":"<p>Kategorija: Nogomet Tue, 13 Sep 2016 12:00:00 +0200  Ljubljana \u2013 Drevi bodo odprli sezono nogometne lige prvakov, manj kot 24 ur pozneje bo Evropska nogometna zveza (Uefa) dobila novega predsednika. Za nasledstvo Michela Platinija se bosta pomerila Michael van Praag in Aleksander \u010ceferin, kandidat Nogometne zveze Slovenije (NZS) pa velja za favorita tajnih volitev. To nam je potrdil tudi sam. \u00bbPriznam, da mi ka\u017ee zelo dobro, toda pred koncem volitev ne \u017eelim razmi\u0161ljati o morebitni zmagi, saj to ne bi bilo modro. Gotovo pa sem \u017ee zdaj vesel zaradi formalne in javne podpore, ki so mi jo izrazili \u0161tevilni kolegi in prijatelji z vseh koncev Evrope. Optimisti\u010dno pri\u010dakujem za\u010detek volitev,\u00ab je zatrdil \u010ceferin, ki je v dru\u017ebi generalnega sekretarja NZS Ale\u0161a Zavrla odpotoval v gr\u0161ko metropolo \u017ee v\u010deraj dopoldne. Na 12. izredni seji kongresa Uefe bo gotovo zelo\u00a0&#8230;<\/p>\n","protected":false},"author":1,"featured_media":0,"comment_status":"closed","ping_status":"closed","sticky":false,"template":"","format":"standard","meta":{"footnotes":""},"categories":[1179],"tags":[],"source":[1703],"supertag":[],"acf":[],"yoast_head":"<!-- This site is optimized with the Yoast SEO plugin v21.3 - https:\/\/yoast.com\/wordpress\/plugins\/seo\/ -->\n<title>\u010ceferin \u0161e nikdar bli\u017ee Platiniju - Hudo Slovenija<\/title>\n<meta name=\"robots\" content=\"index, follow, max-snippet:-1, max-image-preview:large, max-video-preview:-1\" \/>\n<link rel=\"canonical\" href=\"https:\/\/hudo.com\/si\/aktualno\/ceferin-se-nikdar-blize-platiniju\/\" \/>\n<meta property=\"og:locale\" content=\"sl_SI\" \/>\n<meta property=\"og:type\" content=\"article\" \/>\n<meta property=\"og:title\" content=\"\u010ceferin \u0161e nikdar bli\u017ee Platiniju - Hudo Slovenija\" \/>\n<meta property=\"og:description\" content=\"Kategorija: Nogomet Tue, 13 Sep 2016 12:00:00 +0200 Ljubljana \u2013 Drevi bodo odprli sezono nogometne lige prvakov, manj kot 24 ur pozneje bo Evropska nogometna zveza (Uefa) dobila novega predsednika. Za nasledstvo Michela Platinija se bosta pomerila Michael van Praag in Aleksander \u010ceferin, kandidat Nogometne zveze Slovenije (NZS) pa velja za favorita tajnih volitev. To nam je potrdil tudi sam. \u00bbPriznam, da mi ka\u017ee zelo dobro, toda pred koncem volitev ne \u017eelim razmi\u0161ljati o morebitni zmagi, saj to ne bi bilo modro. Gotovo pa sem \u017ee zdaj vesel zaradi formalne in javne podpore, ki so mi jo izrazili \u0161tevilni kolegi in prijatelji z vseh koncev Evrope. Optimisti\u010dno pri\u010dakujem za\u010detek volitev,\u00ab je zatrdil \u010ceferin, ki je v dru\u017ebi generalnega sekretarja NZS Ale\u0161a Zavrla odpotoval v gr\u0161ko metropolo \u017ee v\u010deraj dopoldne. Na 12. izredni seji kongresa Uefe bo gotovo zelo\u00a0...\" \/>\n<meta property=\"og:url\" content=\"https:\/\/hudo.com\/si\/aktualno\/ceferin-se-nikdar-blize-platiniju\/\" \/>\n<meta property=\"og:site_name\" content=\"Hudo Slovenija\" \/>\n<meta property=\"article:publisher\" content=\"https:\/\/www.facebook.com\/hudo.si\" \/>\n<meta property=\"article:published_time\" content=\"2016-09-13T08:00:00+00:00\" \/>\n<meta property=\"og:image\" content=\"https:\/\/hudo.com\/si\/wp-content\/uploads\/sites\/2\/2016\/09\/480x290_Sport__djvu_2377235_jernejs_hires0.jpeg\" \/>\n\t<meta property=\"og:image:width\" content=\"480\" \/>\n\t<meta property=\"og:image:height\" content=\"290\" \/>\n\t<meta property=\"og:image:type\" content=\"image\/jpeg\" \/>\n<meta name=\"author\" content=\"hudo\" \/>\n<meta name=\"twitter:card\" content=\"summary_large_image\" \/>\n<meta name=\"twitter:creator\" content=\"@hudo_si\" \/>\n<meta name=\"twitter:site\" content=\"@hudo_si\" \/>\n<meta name=\"twitter:label1\" content=\"Written by\" \/>\n\t<meta name=\"twitter:data1\" content=\"hudo\" \/>\n\t<meta name=\"twitter:label2\" content=\"Est. reading time\" \/>\n\t<meta name=\"twitter:data2\" content=\"1 minuta\" \/>\n<script type=\"application\/ld+json\" class=\"yoast-schema-graph\">{\"@context\":\"https:\/\/schema.org\",\"@graph\":[{\"@type\":\"Article\",\"@id\":\"https:\/\/hudo.com\/si\/aktualno\/ceferin-se-nikdar-blize-platiniju\/#article\",\"isPartOf\":{\"@id\":\"https:\/\/hudo.com\/si\/aktualno\/ceferin-se-nikdar-blize-platiniju\/\"},\"author\":{\"name\":\"hudo\",\"@id\":\"https:\/\/hudo.com\/si\/#\/schema\/person\/601cf3379633985b20f7e50f2bb47707\"},\"headline\":\"\u010ceferin \u0161e nikdar bli\u017ee Platiniju\",\"datePublished\":\"2016-09-13T08:00:00+00:00\",\"dateModified\":\"2016-09-13T08:00:00+00:00\",\"mainEntityOfPage\":{\"@id\":\"https:\/\/hudo.com\/si\/aktualno\/ceferin-se-nikdar-blize-platiniju\/\"},\"wordCount\":146,\"publisher\":{\"@id\":\"https:\/\/hudo.com\/si\/#organization\"},\"articleSection\":[\"Aktualno\"],\"inLanguage\":\"sl-SI\"},{\"@type\":\"WebPage\",\"@id\":\"https:\/\/hudo.com\/si\/aktualno\/ceferin-se-nikdar-blize-platiniju\/\",\"url\":\"https:\/\/hudo.com\/si\/aktualno\/ceferin-se-nikdar-blize-platiniju\/\",\"name\":\"\u010ceferin \u0161e nikdar bli\u017ee Platiniju - Hudo Slovenija\",\"isPartOf\":{\"@id\":\"https:\/\/hudo.com\/si\/#website\"},\"datePublished\":\"2016-09-13T08:00:00+00:00\",\"dateModified\":\"2016-09-13T08:00:00+00:00\",\"breadcrumb\":{\"@id\":\"https:\/\/hudo.com\/si\/aktualno\/ceferin-se-nikdar-blize-platiniju\/#breadcrumb\"},\"inLanguage\":\"sl-SI\",\"potentialAction\":[{\"@type\":\"ReadAction\",\"target\":[\"https:\/\/hudo.com\/si\/aktualno\/ceferin-se-nikdar-blize-platiniju\/\"]}]},{\"@type\":\"BreadcrumbList\",\"@id\":\"https:\/\/hudo.com\/si\/aktualno\/ceferin-se-nikdar-blize-platiniju\/#breadcrumb\",\"itemListElement\":[{\"@type\":\"ListItem\",\"position\":1,\"name\":\"Home\",\"item\":\"https:\/\/hudo.com\/si\/\"},{\"@type\":\"ListItem\",\"position\":2,\"name\":\"\u010ceferin \u0161e nikdar bli\u017ee Platiniju\"}]},{\"@type\":\"WebSite\",\"@id\":\"https:\/\/hudo.com\/si\/#website\",\"url\":\"https:\/\/hudo.com\/si\/\",\"name\":\"Hudo Slovenija\",\"description\":\"Vse novice iz Slovenije in sveta\",\"publisher\":{\"@id\":\"https:\/\/hudo.com\/si\/#organization\"},\"potentialAction\":[{\"@type\":\"SearchAction\",\"target\":{\"@type\":\"EntryPoint\",\"urlTemplate\":\"https:\/\/hudo.com\/si\/?s={search_term_string}\"},\"query-input\":\"required name=search_term_string\"}],\"inLanguage\":\"sl-SI\"},{\"@type\":\"Organization\",\"@id\":\"https:\/\/hudo.com\/si\/#organization\",\"name\":\"VSN Media\",\"url\":\"https:\/\/hudo.com\/si\/\",\"logo\":{\"@type\":\"ImageObject\",\"inLanguage\":\"sl-SI\",\"@id\":\"https:\/\/hudo.com\/si\/#\/schema\/logo\/image\/\",\"url\":\"https:\/\/hudo.com\/si\/wp-content\/uploads\/sites\/2\/2021\/03\/hudo-app-2.png\",\"contentUrl\":\"https:\/\/hudo.com\/si\/wp-content\/uploads\/sites\/2\/2021\/03\/hudo-app-2.png\",\"width\":2185,\"height\":2167,\"caption\":\"VSN Media\"},\"image\":{\"@id\":\"https:\/\/hudo.com\/si\/#\/schema\/logo\/image\/\"},\"sameAs\":[\"https:\/\/www.facebook.com\/hudo.si\",\"https:\/\/twitter.com\/hudo_si\"]},{\"@type\":\"Person\",\"@id\":\"https:\/\/hudo.com\/si\/#\/schema\/person\/601cf3379633985b20f7e50f2bb47707\",\"name\":\"hudo\",\"image\":{\"@type\":\"ImageObject\",\"inLanguage\":\"sl-SI\",\"@id\":\"https:\/\/hudo.com\/si\/#\/schema\/person\/image\/\",\"url\":\"https:\/\/secure.gravatar.com\/avatar\/c4ca25fa72cace7a696b52ff5db9e095?s=96&d=mm&r=g\",\"contentUrl\":\"https:\/\/secure.gravatar.com\/avatar\/c4ca25fa72cace7a696b52ff5db9e095?s=96&d=mm&r=g\",\"caption\":\"hudo\"},\"url\":\"https:\/\/hudo.com\/si\/author\/hudo\/\"}]}<\/script>\n<!-- \/ Yoast SEO plugin. -->","yoast_head_json":{"title":"\u010ceferin \u0161e nikdar bli\u017ee Platiniju - Hudo Slovenija","robots":{"index":"index","follow":"follow","max-snippet":"max-snippet:-1","max-image-preview":"max-image-preview:large","max-video-preview":"max-video-preview:-1"},"canonical":"https:\/\/hudo.com\/si\/aktualno\/ceferin-se-nikdar-blize-platiniju\/","og_locale":"sl_SI","og_type":"article","og_title":"\u010ceferin \u0161e nikdar bli\u017ee Platiniju - Hudo Slovenija","og_description":"Kategorija: Nogomet Tue, 13 Sep 2016 12:00:00 +0200 Ljubljana \u2013 Drevi bodo odprli sezono nogometne lige prvakov, manj kot 24 ur pozneje bo Evropska nogometna zveza (Uefa) dobila novega predsednika. Za nasledstvo Michela Platinija se bosta pomerila Michael van Praag in Aleksander \u010ceferin, kandidat Nogometne zveze Slovenije (NZS) pa velja za favorita tajnih volitev. To nam je potrdil tudi sam. \u00bbPriznam, da mi ka\u017ee zelo dobro, toda pred koncem volitev ne \u017eelim razmi\u0161ljati o morebitni zmagi, saj to ne bi bilo modro. Gotovo pa sem \u017ee zdaj vesel zaradi formalne in javne podpore, ki so mi jo izrazili \u0161tevilni kolegi in prijatelji z vseh koncev Evrope. Optimisti\u010dno pri\u010dakujem za\u010detek volitev,\u00ab je zatrdil \u010ceferin, ki je v dru\u017ebi generalnega sekretarja NZS Ale\u0161a Zavrla odpotoval v gr\u0161ko metropolo \u017ee v\u010deraj dopoldne. Na 12. izredni seji kongresa Uefe bo gotovo zelo\u00a0...","og_url":"https:\/\/hudo.com\/si\/aktualno\/ceferin-se-nikdar-blize-platiniju\/","og_site_name":"Hudo Slovenija","article_publisher":"https:\/\/www.facebook.com\/hudo.si","article_published_time":"2016-09-13T08:00:00+00:00","og_image":[{"width":480,"height":290,"url":"https:\/\/hudo.com\/si\/wp-content\/uploads\/sites\/2\/2016\/09\/480x290_Sport__djvu_2377235_jernejs_hires0.jpeg","type":"image\/jpeg"}],"author":"hudo","twitter_card":"summary_large_image","twitter_creator":"@hudo_si","twitter_site":"@hudo_si","twitter_misc":{"Written by":"hudo","Est. reading time":"1 minuta"},"schema":{"@context":"https:\/\/schema.org","@graph":[{"@type":"Article","@id":"https:\/\/hudo.com\/si\/aktualno\/ceferin-se-nikdar-blize-platiniju\/#article","isPartOf":{"@id":"https:\/\/hudo.com\/si\/aktualno\/ceferin-se-nikdar-blize-platiniju\/"},"author":{"name":"hudo","@id":"https:\/\/hudo.com\/si\/#\/schema\/person\/601cf3379633985b20f7e50f2bb47707"},"headline":"\u010ceferin \u0161e nikdar bli\u017ee Platiniju","datePublished":"2016-09-13T08:00:00+00:00","dateModified":"2016-09-13T08:00:00+00:00","mainEntityOfPage":{"@id":"https:\/\/hudo.com\/si\/aktualno\/ceferin-se-nikdar-blize-platiniju\/"},"wordCount":146,"publisher":{"@id":"https:\/\/hudo.com\/si\/#organization"},"articleSection":["Aktualno"],"inLanguage":"sl-SI"},{"@type":"WebPage","@id":"https:\/\/hudo.com\/si\/aktualno\/ceferin-se-nikdar-blize-platiniju\/","url":"https:\/\/hudo.com\/si\/aktualno\/ceferin-se-nikdar-blize-platiniju\/","name":"\u010ceferin \u0161e nikdar bli\u017ee Platiniju - Hudo Slovenija","isPartOf":{"@id":"https:\/\/hudo.com\/si\/#website"},"datePublished":"2016-09-13T08:00:00+00:00","dateModified":"2016-09-13T08:00:00+00:00","breadcrumb":{"@id":"https:\/\/hudo.com\/si\/aktualno\/ceferin-se-nikdar-blize-platiniju\/#breadcrumb"},"inLanguage":"sl-SI","potentialAction":[{"@type":"ReadAction","target":["https:\/\/hudo.com\/si\/aktualno\/ceferin-se-nikdar-blize-platiniju\/"]}]},{"@type":"BreadcrumbList","@id":"https:\/\/hudo.com\/si\/aktualno\/ceferin-se-nikdar-blize-platiniju\/#breadcrumb","itemListElement":[{"@type":"ListItem","position":1,"name":"Home","item":"https:\/\/hudo.com\/si\/"},{"@type":"ListItem","position":2,"name":"\u010ceferin \u0161e nikdar bli\u017ee Platiniju"}]},{"@type":"WebSite","@id":"https:\/\/hudo.com\/si\/#website","url":"https:\/\/hudo.com\/si\/","name":"Hudo Slovenija","description":"Vse novice iz Slovenije in sveta","publisher":{"@id":"https:\/\/hudo.com\/si\/#organization"},"potentialAction":[{"@type":"SearchAction","target":{"@type":"EntryPoint","urlTemplate":"https:\/\/hudo.com\/si\/?s={search_term_string}"},"query-input":"required name=search_term_string"}],"inLanguage":"sl-SI"},{"@type":"Organization","@id":"https:\/\/hudo.com\/si\/#organization","name":"VSN Media","url":"https:\/\/hudo.com\/si\/","logo":{"@type":"ImageObject","inLanguage":"sl-SI","@id":"https:\/\/hudo.com\/si\/#\/schema\/logo\/image\/","url":"https:\/\/hudo.com\/si\/wp-content\/uploads\/sites\/2\/2021\/03\/hudo-app-2.png","contentUrl":"https:\/\/hudo.com\/si\/wp-content\/uploads\/sites\/2\/2021\/03\/hudo-app-2.png","width":2185,"height":2167,"caption":"VSN Media"},"image":{"@id":"https:\/\/hudo.com\/si\/#\/schema\/logo\/image\/"},"sameAs":["https:\/\/www.facebook.com\/hudo.si","https:\/\/twitter.com\/hudo_si"]},{"@type":"Person","@id":"https:\/\/hudo.com\/si\/#\/schema\/person\/601cf3379633985b20f7e50f2bb47707","name":"hudo","image":{"@type":"ImageObject","inLanguage":"sl-SI","@id":"https:\/\/hudo.com\/si\/#\/schema\/person\/image\/","url":"https:\/\/secure.gravatar.com\/avatar\/c4ca25fa72cace7a696b52ff5db9e095?s=96&d=mm&r=g","contentUrl":"https:\/\/secure.gravatar.com\/avatar\/c4ca25fa72cace7a696b52ff5db9e095?s=96&d=mm&r=g","caption":"hudo"},"url":"https:\/\/hudo.com\/si\/author\/hudo\/"}]}},"amp_enabled":true,"_links":{"self":[{"href":"https:\/\/hudo.com\/si\/wp-json\/wp\/v2\/posts\/132010"}],"collection":[{"href":"https:\/\/hudo.com\/si\/wp-json\/wp\/v2\/posts"}],"about":[{"href":"https:\/\/hudo.com\/si\/wp-json\/wp\/v2\/types\/post"}],"author":[{"embeddable":true,"href":"https:\/\/hudo.com\/si\/wp-json\/wp\/v2\/users\/1"}],"replies":[{"embeddable":true,"href":"https:\/\/hudo.com\/si\/wp-json\/wp\/v2\/comments?post=132010"}],"version-history":[{"count":0,"href":"https:\/\/hudo.com\/si\/wp-json\/wp\/v2\/posts\/132010\/revisions"}],"wp:attachment":[{"href":"https:\/\/hudo.com\/si\/wp-json\/wp\/v2\/media?parent=132010"}],"wp:term":[{"taxonomy":"category","embeddable":true,"href":"https:\/\/hudo.com\/si\/wp-json\/wp\/v2\/categories?post=132010"},{"taxonomy":"post_tag","embeddable":true,"href":"https:\/\/hudo.com\/si\/wp-json\/wp\/v2\/tags?post=132010"},{"taxonomy":"source","embeddable":true,"href":"https:\/\/hudo.com\/si\/wp-json\/wp\/v2\/source?post=132010"},{"taxonomy":"supertag","embeddable":true,"href":"https:\/\/hudo.com\/si\/wp-json\/wp\/v2\/supertag?post=132010"}],"curies":[{"name":"wp","href":"https:\/\/api.w.org\/{rel}","templated":true}]}}