{"id":132271,"date":"2016-09-13T11:10:00","date_gmt":"2016-09-13T09:10:00","guid":{"rendered":"http:\/\/hudo.com\/si\/2016\/09\/13\/upokojenski-poslanci-bodo-pogojno-zascitili-cerarjeve-ministre\/"},"modified":"2016-09-14T08:46:14","modified_gmt":"2016-09-14T06:46:14","slug":"upokojenski-poslanci-bodo-pogojno-zascitili-cerarjeve-ministre","status":"publish","type":"post","link":"https:\/\/hudo.com\/si\/aktualno\/upokojenski-poslanci-bodo-pogojno-zascitili-cerarjeve-ministre\/","title":{"rendered":"Upokojenski poslanci bodo pogojno za\u0161\u010ditili Cerarjeve ministre"},"content":{"rendered":"<p>Desus ne bo podprl interpelacij, vlo\u017eenih proti trem ministrom vlade Mira Cerarja. &#8220;Desus \u017eeli mirno, stabilno politi\u010dno jesen. Menim, da so rezultati, ki jih Slovenija dosega zlasti na gospodarskem podro\u010dju, dobri,&#8221; je poudaril predsednik Desusa Karl Erjavec po dana\u0161njem sre\u010danju poslanske skupine upokojenske stranke. Omenil je visoko gospodarska rast in zni\u017eanje nezaposlenosti. &#8220;Klju\u010dno je ohraniti politi\u010dno stabilnost. Opozicija je za\u010dela z akcijo vlaganj interpelacij. Ne moremo biti povsem zadovoljni z delom vseh ministrov. Zmeraj obstajajo mo\u017enosti za kritiko. Vendar menimo, da je klju\u010dno ohraniti politi\u010dno stabilnost, mo\u010dno vlado. Pri\u010dakujem tudi nove interpelacije. Govori se celo o nezaupnici vladi,&#8221; je dejal Erjavec. Poslanci Desusa bodo zagotovo zavrnili interpelaciji zoper ministrici za \u0161olstvo in zdravje, Majo Makovec Bren\u010di\u010d in Milojko Kolar Celarc. Pri glasovanju v zvezi z interpelacijo zoper ministra za infrastrukturo Petra Ga\u0161per\u0161i\u010da pa se utegne kdo od poslancev vzdr\u017eati. &#8220;Veliko je nezadovoljstva, ne le glede drugega tira, temve\u010d tudi glede tretje razvojne osi, na podro\u010dju energetike,&#8221; opozarja Erjavec, &#8220;Vendar dajemo \u0161e eno prilo\u017enost ministru, seveda od predsednika vlade pri\u010dakujemo, da opravi ustrezno zamenjavo, \u010de ne bo ustreznih rezultatov. Prilo\u017enost pogojujemo s tem, da mora minister do konca leta povedati, kako bo financiran drugi tir, kak\u0161na bo finan\u010dna konstrukcija, kak\u0161na bo vrednost tega projekta.&#8221; V zvezi z Majo Makovec Bren\u010di\u010d, ministrico za \u0161olstvo, v Desus ne vidjo problemov. &#8220;Desus ne bo podprl interpelacije. V na\u0161em programu se zavzemamo za javno \u0161olstvo, o\u010ditajo pa ji neuresni\u010devanje ustavne odlo\u010dbe, ki daje ve\u010djo te\u017eo zasebnemu \u0161olstvu. Na tem podro\u010dju imamo razli\u010dne odlo\u010dbe. V na\u0161em programu podpiramo javno \u0161olstvo. Zato ni nobenih mo\u017enosti, da bi podprli interpelacijo,&#8221; pojasnjuje Erjavec. V zvezi z Milojko Kolar Celarc, ministrico za zdravje, pa v Desus opozarjajo, da ji predsednik vlade \u0161e vedno zaupa. Zato Desus poziva, naj<\/p>\n","protected":false},"excerpt":{"rendered":"<p>Desus ne bo podprl interpelacij, vlo\u017eenih proti trem ministrom vlade Mira Cerarja. &#8220;Desus \u017eeli mirno, stabilno politi\u010dno jesen. Menim, da so rezultati, ki jih Slovenija dosega zlasti na gospodarskem podro\u010dju, dobri,&#8221; je poudaril predsednik Desusa Karl Erjavec po dana\u0161njem sre\u010danju poslanske skupine upokojenske stranke. Omenil je visoko gospodarska rast in zni\u017eanje nezaposlenosti. &#8220;Klju\u010dno je ohraniti politi\u010dno stabilnost. Opozicija je za\u010dela z akcijo vlaganj interpelacij. Ne moremo biti povsem zadovoljni z delom vseh ministrov. Zmeraj obstajajo mo\u017enosti za kritiko. Vendar menimo, da je klju\u010dno ohraniti politi\u010dno stabilnost, mo\u010dno vlado. Pri\u010dakujem tudi nove interpelacije. Govori se celo o nezaupnici vladi,&#8221; je dejal Erjavec. Poslanci Desusa bodo zagotovo zavrnili interpelaciji zoper ministrici za \u0161olstvo in zdravje, Majo Makovec Bren\u010di\u010d in Milojko Kolar Celarc. Pri glasovanju v zvezi z interpelacijo zoper ministra za infrastrukturo Petra Ga\u0161per\u0161i\u010da pa se utegne kdo od poslancev vzdr\u017eati. &#8220;Veliko je nezadovoljstva, ne le glede drugega tira, temve\u010d tudi glede tretje razvojne osi, na podro\u010dju energetike,&#8221; opozarja Erjavec, &#8220;Vendar dajemo \u0161e eno prilo\u017enost ministru, seveda od predsednika vlade pri\u010dakujemo, da opravi ustrezno zamenjavo, \u010de ne bo ustreznih rezultatov. Prilo\u017enost pogojujemo s tem, da mora minister do konca leta povedati, kako bo financiran drugi tir, kak\u0161na bo finan\u010dna konstrukcija, kak\u0161na bo vrednost tega projekta.&#8221; V zvezi z Majo Makovec Bren\u010di\u010d, ministrico za \u0161olstvo, v Desus ne vidjo problemov. &#8220;Desus ne bo podprl interpelacije. V na\u0161em programu se zavzemamo za javno \u0161olstvo, o\u010ditajo pa ji neuresni\u010devanje ustavne odlo\u010dbe, ki daje ve\u010djo te\u017eo zasebnemu \u0161olstvu. Na tem podro\u010dju imamo razli\u010dne odlo\u010dbe. V na\u0161em programu podpiramo javno \u0161olstvo. Zato ni nobenih mo\u017enosti, da bi podprli interpelacijo,&#8221; pojasnjuje Erjavec. V zvezi z Milojko Kolar Celarc, ministrico za zdravje, pa v Desus opozarjajo, da ji predsednik vlade \u0161e vedno zaupa. Zato Desus poziva, naj<\/p>\n","protected":false},"author":1,"featured_media":0,"comment_status":"closed","ping_status":"closed","sticky":false,"template":"","format":"standard","meta":{"footnotes":""},"categories":[1179],"tags":[],"source":[1711],"supertag":[],"acf":[],"yoast_head":"<!-- This site is optimized with the Yoast SEO plugin v21.3 - https:\/\/yoast.com\/wordpress\/plugins\/seo\/ -->\n<title>Upokojenski poslanci bodo pogojno za\u0161\u010ditili Cerarjeve ministre - Hudo Slovenija<\/title>\n<meta name=\"robots\" content=\"index, follow, max-snippet:-1, max-image-preview:large, max-video-preview:-1\" \/>\n<link rel=\"canonical\" href=\"https:\/\/hudo.com\/si\/aktualno\/upokojenski-poslanci-bodo-pogojno-zascitili-cerarjeve-ministre\/\" \/>\n<meta property=\"og:locale\" content=\"sl_SI\" \/>\n<meta property=\"og:type\" content=\"article\" \/>\n<meta property=\"og:title\" content=\"Upokojenski poslanci bodo pogojno za\u0161\u010ditili Cerarjeve ministre - Hudo Slovenija\" \/>\n<meta property=\"og:description\" content=\"Desus ne bo podprl interpelacij, vlo\u017eenih proti trem ministrom vlade Mira Cerarja. &quot;Desus \u017eeli mirno, stabilno politi\u010dno jesen. Menim, da so rezultati, ki jih Slovenija dosega zlasti na gospodarskem podro\u010dju, dobri,&quot; je poudaril predsednik Desusa Karl Erjavec po dana\u0161njem sre\u010danju poslanske skupine upokojenske stranke. Omenil je visoko gospodarska rast in zni\u017eanje nezaposlenosti. &quot;Klju\u010dno je ohraniti politi\u010dno stabilnost. Opozicija je za\u010dela z akcijo vlaganj interpelacij. Ne moremo biti povsem zadovoljni z delom vseh ministrov. Zmeraj obstajajo mo\u017enosti za kritiko. Vendar menimo, da je klju\u010dno ohraniti politi\u010dno stabilnost, mo\u010dno vlado. Pri\u010dakujem tudi nove interpelacije. Govori se celo o nezaupnici vladi,&quot; je dejal Erjavec. Poslanci Desusa bodo zagotovo zavrnili interpelaciji zoper ministrici za \u0161olstvo in zdravje, Majo Makovec Bren\u010di\u010d in Milojko Kolar Celarc. Pri glasovanju v zvezi z interpelacijo zoper ministra za infrastrukturo Petra Ga\u0161per\u0161i\u010da pa se utegne kdo od poslancev vzdr\u017eati. &quot;Veliko je nezadovoljstva, ne le glede drugega tira, temve\u010d tudi glede tretje razvojne osi, na podro\u010dju energetike,&quot; opozarja Erjavec, &quot;Vendar dajemo \u0161e eno prilo\u017enost ministru, seveda od predsednika vlade pri\u010dakujemo, da opravi ustrezno zamenjavo, \u010de ne bo ustreznih rezultatov. Prilo\u017enost pogojujemo s tem, da mora minister do konca leta povedati, kako bo financiran drugi tir, kak\u0161na bo finan\u010dna konstrukcija, kak\u0161na bo vrednost tega projekta.&quot; V zvezi z Majo Makovec Bren\u010di\u010d, ministrico za \u0161olstvo, v Desus ne vidjo problemov. &quot;Desus ne bo podprl interpelacije. V na\u0161em programu se zavzemamo za javno \u0161olstvo, o\u010ditajo pa ji neuresni\u010devanje ustavne odlo\u010dbe, ki daje ve\u010djo te\u017eo zasebnemu \u0161olstvu. Na tem podro\u010dju imamo razli\u010dne odlo\u010dbe. V na\u0161em programu podpiramo javno \u0161olstvo. Zato ni nobenih mo\u017enosti, da bi podprli interpelacijo,&quot; pojasnjuje Erjavec. V zvezi z Milojko Kolar Celarc, ministrico za zdravje, pa v Desus opozarjajo, da ji predsednik vlade \u0161e vedno zaupa. Zato Desus poziva, naj\" \/>\n<meta property=\"og:url\" content=\"https:\/\/hudo.com\/si\/aktualno\/upokojenski-poslanci-bodo-pogojno-zascitili-cerarjeve-ministre\/\" \/>\n<meta property=\"og:site_name\" content=\"Hudo Slovenija\" \/>\n<meta property=\"article:publisher\" content=\"https:\/\/www.facebook.com\/hudo.si\" \/>\n<meta property=\"article:published_time\" content=\"2016-09-13T09:10:00+00:00\" \/>\n<meta property=\"article:modified_time\" content=\"2016-09-14T06:46:14+00:00\" \/>\n<meta property=\"og:image\" content=\"https:\/\/hudo.com\/si\/wp-content\/uploads\/sites\/2\/2016\/09\/0630Erjavec9-300.jpg\" \/>\n\t<meta property=\"og:image:width\" content=\"450\" \/>\n\t<meta property=\"og:image:height\" content=\"300\" \/>\n\t<meta property=\"og:image:type\" content=\"image\/jpeg\" \/>\n<meta name=\"author\" content=\"hudo\" \/>\n<meta name=\"twitter:card\" content=\"summary_large_image\" \/>\n<meta name=\"twitter:creator\" content=\"@hudo_si\" \/>\n<meta name=\"twitter:site\" content=\"@hudo_si\" \/>\n<meta name=\"twitter:label1\" content=\"Written by\" \/>\n\t<meta name=\"twitter:data1\" content=\"hudo\" \/>\n\t<meta name=\"twitter:label2\" content=\"Est. reading time\" \/>\n\t<meta name=\"twitter:data2\" content=\"2 minuti\" \/>\n<script type=\"application\/ld+json\" class=\"yoast-schema-graph\">{\"@context\":\"https:\/\/schema.org\",\"@graph\":[{\"@type\":\"Article\",\"@id\":\"https:\/\/hudo.com\/si\/aktualno\/upokojenski-poslanci-bodo-pogojno-zascitili-cerarjeve-ministre\/#article\",\"isPartOf\":{\"@id\":\"https:\/\/hudo.com\/si\/aktualno\/upokojenski-poslanci-bodo-pogojno-zascitili-cerarjeve-ministre\/\"},\"author\":{\"name\":\"hudo\",\"@id\":\"https:\/\/hudo.com\/si\/#\/schema\/person\/601cf3379633985b20f7e50f2bb47707\"},\"headline\":\"Upokojenski poslanci bodo pogojno za\u0161\u010ditili Cerarjeve ministre\",\"datePublished\":\"2016-09-13T09:10:00+00:00\",\"dateModified\":\"2016-09-14T06:46:14+00:00\",\"mainEntityOfPage\":{\"@id\":\"https:\/\/hudo.com\/si\/aktualno\/upokojenski-poslanci-bodo-pogojno-zascitili-cerarjeve-ministre\/\"},\"wordCount\":334,\"publisher\":{\"@id\":\"https:\/\/hudo.com\/si\/#organization\"},\"articleSection\":[\"Aktualno\"],\"inLanguage\":\"sl-SI\"},{\"@type\":\"WebPage\",\"@id\":\"https:\/\/hudo.com\/si\/aktualno\/upokojenski-poslanci-bodo-pogojno-zascitili-cerarjeve-ministre\/\",\"url\":\"https:\/\/hudo.com\/si\/aktualno\/upokojenski-poslanci-bodo-pogojno-zascitili-cerarjeve-ministre\/\",\"name\":\"Upokojenski poslanci bodo pogojno za\u0161\u010ditili Cerarjeve ministre - Hudo Slovenija\",\"isPartOf\":{\"@id\":\"https:\/\/hudo.com\/si\/#website\"},\"datePublished\":\"2016-09-13T09:10:00+00:00\",\"dateModified\":\"2016-09-14T06:46:14+00:00\",\"breadcrumb\":{\"@id\":\"https:\/\/hudo.com\/si\/aktualno\/upokojenski-poslanci-bodo-pogojno-zascitili-cerarjeve-ministre\/#breadcrumb\"},\"inLanguage\":\"sl-SI\",\"potentialAction\":[{\"@type\":\"ReadAction\",\"target\":[\"https:\/\/hudo.com\/si\/aktualno\/upokojenski-poslanci-bodo-pogojno-zascitili-cerarjeve-ministre\/\"]}]},{\"@type\":\"BreadcrumbList\",\"@id\":\"https:\/\/hudo.com\/si\/aktualno\/upokojenski-poslanci-bodo-pogojno-zascitili-cerarjeve-ministre\/#breadcrumb\",\"itemListElement\":[{\"@type\":\"ListItem\",\"position\":1,\"name\":\"Home\",\"item\":\"https:\/\/hudo.com\/si\/\"},{\"@type\":\"ListItem\",\"position\":2,\"name\":\"Upokojenski poslanci bodo pogojno za\u0161\u010ditili Cerarjeve ministre\"}]},{\"@type\":\"WebSite\",\"@id\":\"https:\/\/hudo.com\/si\/#website\",\"url\":\"https:\/\/hudo.com\/si\/\",\"name\":\"Hudo Slovenija\",\"description\":\"Vse novice iz Slovenije in sveta\",\"publisher\":{\"@id\":\"https:\/\/hudo.com\/si\/#organization\"},\"potentialAction\":[{\"@type\":\"SearchAction\",\"target\":{\"@type\":\"EntryPoint\",\"urlTemplate\":\"https:\/\/hudo.com\/si\/?s={search_term_string}\"},\"query-input\":\"required name=search_term_string\"}],\"inLanguage\":\"sl-SI\"},{\"@type\":\"Organization\",\"@id\":\"https:\/\/hudo.com\/si\/#organization\",\"name\":\"VSN Media\",\"url\":\"https:\/\/hudo.com\/si\/\",\"logo\":{\"@type\":\"ImageObject\",\"inLanguage\":\"sl-SI\",\"@id\":\"https:\/\/hudo.com\/si\/#\/schema\/logo\/image\/\",\"url\":\"https:\/\/hudo.com\/si\/wp-content\/uploads\/sites\/2\/2021\/03\/hudo-app-2.png\",\"contentUrl\":\"https:\/\/hudo.com\/si\/wp-content\/uploads\/sites\/2\/2021\/03\/hudo-app-2.png\",\"width\":2185,\"height\":2167,\"caption\":\"VSN Media\"},\"image\":{\"@id\":\"https:\/\/hudo.com\/si\/#\/schema\/logo\/image\/\"},\"sameAs\":[\"https:\/\/www.facebook.com\/hudo.si\",\"https:\/\/twitter.com\/hudo_si\"]},{\"@type\":\"Person\",\"@id\":\"https:\/\/hudo.com\/si\/#\/schema\/person\/601cf3379633985b20f7e50f2bb47707\",\"name\":\"hudo\",\"image\":{\"@type\":\"ImageObject\",\"inLanguage\":\"sl-SI\",\"@id\":\"https:\/\/hudo.com\/si\/#\/schema\/person\/image\/\",\"url\":\"https:\/\/secure.gravatar.com\/avatar\/c4ca25fa72cace7a696b52ff5db9e095?s=96&d=mm&r=g\",\"contentUrl\":\"https:\/\/secure.gravatar.com\/avatar\/c4ca25fa72cace7a696b52ff5db9e095?s=96&d=mm&r=g\",\"caption\":\"hudo\"},\"url\":\"https:\/\/hudo.com\/si\/author\/hudo\/\"}]}<\/script>\n<!-- \/ Yoast SEO plugin. -->","yoast_head_json":{"title":"Upokojenski poslanci bodo pogojno za\u0161\u010ditili Cerarjeve ministre - Hudo Slovenija","robots":{"index":"index","follow":"follow","max-snippet":"max-snippet:-1","max-image-preview":"max-image-preview:large","max-video-preview":"max-video-preview:-1"},"canonical":"https:\/\/hudo.com\/si\/aktualno\/upokojenski-poslanci-bodo-pogojno-zascitili-cerarjeve-ministre\/","og_locale":"sl_SI","og_type":"article","og_title":"Upokojenski poslanci bodo pogojno za\u0161\u010ditili Cerarjeve ministre - Hudo Slovenija","og_description":"Desus ne bo podprl interpelacij, vlo\u017eenih proti trem ministrom vlade Mira Cerarja. \"Desus \u017eeli mirno, stabilno politi\u010dno jesen. Menim, da so rezultati, ki jih Slovenija dosega zlasti na gospodarskem podro\u010dju, dobri,\" je poudaril predsednik Desusa Karl Erjavec po dana\u0161njem sre\u010danju poslanske skupine upokojenske stranke. Omenil je visoko gospodarska rast in zni\u017eanje nezaposlenosti. \"Klju\u010dno je ohraniti politi\u010dno stabilnost. Opozicija je za\u010dela z akcijo vlaganj interpelacij. Ne moremo biti povsem zadovoljni z delom vseh ministrov. Zmeraj obstajajo mo\u017enosti za kritiko. Vendar menimo, da je klju\u010dno ohraniti politi\u010dno stabilnost, mo\u010dno vlado. Pri\u010dakujem tudi nove interpelacije. Govori se celo o nezaupnici vladi,\" je dejal Erjavec. Poslanci Desusa bodo zagotovo zavrnili interpelaciji zoper ministrici za \u0161olstvo in zdravje, Majo Makovec Bren\u010di\u010d in Milojko Kolar Celarc. Pri glasovanju v zvezi z interpelacijo zoper ministra za infrastrukturo Petra Ga\u0161per\u0161i\u010da pa se utegne kdo od poslancev vzdr\u017eati. \"Veliko je nezadovoljstva, ne le glede drugega tira, temve\u010d tudi glede tretje razvojne osi, na podro\u010dju energetike,\" opozarja Erjavec, \"Vendar dajemo \u0161e eno prilo\u017enost ministru, seveda od predsednika vlade pri\u010dakujemo, da opravi ustrezno zamenjavo, \u010de ne bo ustreznih rezultatov. Prilo\u017enost pogojujemo s tem, da mora minister do konca leta povedati, kako bo financiran drugi tir, kak\u0161na bo finan\u010dna konstrukcija, kak\u0161na bo vrednost tega projekta.\" V zvezi z Majo Makovec Bren\u010di\u010d, ministrico za \u0161olstvo, v Desus ne vidjo problemov. \"Desus ne bo podprl interpelacije. V na\u0161em programu se zavzemamo za javno \u0161olstvo, o\u010ditajo pa ji neuresni\u010devanje ustavne odlo\u010dbe, ki daje ve\u010djo te\u017eo zasebnemu \u0161olstvu. Na tem podro\u010dju imamo razli\u010dne odlo\u010dbe. V na\u0161em programu podpiramo javno \u0161olstvo. Zato ni nobenih mo\u017enosti, da bi podprli interpelacijo,\" pojasnjuje Erjavec. V zvezi z Milojko Kolar Celarc, ministrico za zdravje, pa v Desus opozarjajo, da ji predsednik vlade \u0161e vedno zaupa. Zato Desus poziva, naj","og_url":"https:\/\/hudo.com\/si\/aktualno\/upokojenski-poslanci-bodo-pogojno-zascitili-cerarjeve-ministre\/","og_site_name":"Hudo Slovenija","article_publisher":"https:\/\/www.facebook.com\/hudo.si","article_published_time":"2016-09-13T09:10:00+00:00","article_modified_time":"2016-09-14T06:46:14+00:00","og_image":[{"width":450,"height":300,"url":"https:\/\/hudo.com\/si\/wp-content\/uploads\/sites\/2\/2016\/09\/0630Erjavec9-300.jpg","type":"image\/jpeg"}],"author":"hudo","twitter_card":"summary_large_image","twitter_creator":"@hudo_si","twitter_site":"@hudo_si","twitter_misc":{"Written by":"hudo","Est. reading time":"2 minuti"},"schema":{"@context":"https:\/\/schema.org","@graph":[{"@type":"Article","@id":"https:\/\/hudo.com\/si\/aktualno\/upokojenski-poslanci-bodo-pogojno-zascitili-cerarjeve-ministre\/#article","isPartOf":{"@id":"https:\/\/hudo.com\/si\/aktualno\/upokojenski-poslanci-bodo-pogojno-zascitili-cerarjeve-ministre\/"},"author":{"name":"hudo","@id":"https:\/\/hudo.com\/si\/#\/schema\/person\/601cf3379633985b20f7e50f2bb47707"},"headline":"Upokojenski poslanci bodo pogojno za\u0161\u010ditili Cerarjeve ministre","datePublished":"2016-09-13T09:10:00+00:00","dateModified":"2016-09-14T06:46:14+00:00","mainEntityOfPage":{"@id":"https:\/\/hudo.com\/si\/aktualno\/upokojenski-poslanci-bodo-pogojno-zascitili-cerarjeve-ministre\/"},"wordCount":334,"publisher":{"@id":"https:\/\/hudo.com\/si\/#organization"},"articleSection":["Aktualno"],"inLanguage":"sl-SI"},{"@type":"WebPage","@id":"https:\/\/hudo.com\/si\/aktualno\/upokojenski-poslanci-bodo-pogojno-zascitili-cerarjeve-ministre\/","url":"https:\/\/hudo.com\/si\/aktualno\/upokojenski-poslanci-bodo-pogojno-zascitili-cerarjeve-ministre\/","name":"Upokojenski poslanci bodo pogojno za\u0161\u010ditili Cerarjeve ministre - Hudo Slovenija","isPartOf":{"@id":"https:\/\/hudo.com\/si\/#website"},"datePublished":"2016-09-13T09:10:00+00:00","dateModified":"2016-09-14T06:46:14+00:00","breadcrumb":{"@id":"https:\/\/hudo.com\/si\/aktualno\/upokojenski-poslanci-bodo-pogojno-zascitili-cerarjeve-ministre\/#breadcrumb"},"inLanguage":"sl-SI","potentialAction":[{"@type":"ReadAction","target":["https:\/\/hudo.com\/si\/aktualno\/upokojenski-poslanci-bodo-pogojno-zascitili-cerarjeve-ministre\/"]}]},{"@type":"BreadcrumbList","@id":"https:\/\/hudo.com\/si\/aktualno\/upokojenski-poslanci-bodo-pogojno-zascitili-cerarjeve-ministre\/#breadcrumb","itemListElement":[{"@type":"ListItem","position":1,"name":"Home","item":"https:\/\/hudo.com\/si\/"},{"@type":"ListItem","position":2,"name":"Upokojenski poslanci bodo pogojno za\u0161\u010ditili Cerarjeve ministre"}]},{"@type":"WebSite","@id":"https:\/\/hudo.com\/si\/#website","url":"https:\/\/hudo.com\/si\/","name":"Hudo Slovenija","description":"Vse novice iz Slovenije in sveta","publisher":{"@id":"https:\/\/hudo.com\/si\/#organization"},"potentialAction":[{"@type":"SearchAction","target":{"@type":"EntryPoint","urlTemplate":"https:\/\/hudo.com\/si\/?s={search_term_string}"},"query-input":"required name=search_term_string"}],"inLanguage":"sl-SI"},{"@type":"Organization","@id":"https:\/\/hudo.com\/si\/#organization","name":"VSN Media","url":"https:\/\/hudo.com\/si\/","logo":{"@type":"ImageObject","inLanguage":"sl-SI","@id":"https:\/\/hudo.com\/si\/#\/schema\/logo\/image\/","url":"https:\/\/hudo.com\/si\/wp-content\/uploads\/sites\/2\/2021\/03\/hudo-app-2.png","contentUrl":"https:\/\/hudo.com\/si\/wp-content\/uploads\/sites\/2\/2021\/03\/hudo-app-2.png","width":2185,"height":2167,"caption":"VSN Media"},"image":{"@id":"https:\/\/hudo.com\/si\/#\/schema\/logo\/image\/"},"sameAs":["https:\/\/www.facebook.com\/hudo.si","https:\/\/twitter.com\/hudo_si"]},{"@type":"Person","@id":"https:\/\/hudo.com\/si\/#\/schema\/person\/601cf3379633985b20f7e50f2bb47707","name":"hudo","image":{"@type":"ImageObject","inLanguage":"sl-SI","@id":"https:\/\/hudo.com\/si\/#\/schema\/person\/image\/","url":"https:\/\/secure.gravatar.com\/avatar\/c4ca25fa72cace7a696b52ff5db9e095?s=96&d=mm&r=g","contentUrl":"https:\/\/secure.gravatar.com\/avatar\/c4ca25fa72cace7a696b52ff5db9e095?s=96&d=mm&r=g","caption":"hudo"},"url":"https:\/\/hudo.com\/si\/author\/hudo\/"}]}},"amp_enabled":true,"_links":{"self":[{"href":"https:\/\/hudo.com\/si\/wp-json\/wp\/v2\/posts\/132271"}],"collection":[{"href":"https:\/\/hudo.com\/si\/wp-json\/wp\/v2\/posts"}],"about":[{"href":"https:\/\/hudo.com\/si\/wp-json\/wp\/v2\/types\/post"}],"author":[{"embeddable":true,"href":"https:\/\/hudo.com\/si\/wp-json\/wp\/v2\/users\/1"}],"replies":[{"embeddable":true,"href":"https:\/\/hudo.com\/si\/wp-json\/wp\/v2\/comments?post=132271"}],"version-history":[{"count":1,"href":"https:\/\/hudo.com\/si\/wp-json\/wp\/v2\/posts\/132271\/revisions"}],"predecessor-version":[{"id":132407,"href":"https:\/\/hudo.com\/si\/wp-json\/wp\/v2\/posts\/132271\/revisions\/132407"}],"wp:attachment":[{"href":"https:\/\/hudo.com\/si\/wp-json\/wp\/v2\/media?parent=132271"}],"wp:term":[{"taxonomy":"category","embeddable":true,"href":"https:\/\/hudo.com\/si\/wp-json\/wp\/v2\/categories?post=132271"},{"taxonomy":"post_tag","embeddable":true,"href":"https:\/\/hudo.com\/si\/wp-json\/wp\/v2\/tags?post=132271"},{"taxonomy":"source","embeddable":true,"href":"https:\/\/hudo.com\/si\/wp-json\/wp\/v2\/source?post=132271"},{"taxonomy":"supertag","embeddable":true,"href":"https:\/\/hudo.com\/si\/wp-json\/wp\/v2\/supertag?post=132271"}],"curies":[{"name":"wp","href":"https:\/\/api.w.org\/{rel}","templated":true}]}}