{"id":13278,"date":"2016-03-31T17:08:00","date_gmt":"2016-03-31T16:08:00","guid":{"rendered":"http:\/\/master.hudo.com\/si\/2016\/03\/31\/v-prometni-nesreci-pri-slovenski-bistrici-umrl-motorist\/"},"modified":"2016-04-01T10:34:45","modified_gmt":"2016-04-01T09:34:45","slug":"v-prometni-nesreci-pri-slovenski-bistrici-umrl-motorist","status":"publish","type":"post","link":"https:\/\/hudo.com\/si\/aktualno\/v-prometni-nesreci-pri-slovenski-bistrici-umrl-motorist\/","title":{"rendered":"V prometni nesre\u010di pri Slovenski Bistrici umrl motorist"},"content":{"rendered":"<p>Kategorija: Kronika Thu, 31 Mar 2016 19:08:00 +0200  Maribor &#8211; Na regionalni cesti Slovenska Bistrica-Oplotnica se je nekaj \u010dez 15. uro zgodila prometna nesre\u010da, v kateri je \u017eivljenje izgubil motorist. Kot so zapisali na Policijski upravi Maribor, sta tr\u010dila voznik tovornega vozila in motorist, slednji pa je podlegel po\u0161kodbam. Kot so \u0161e zapisali na policiji, je regionalna cesta Slovenska Bistrica-Oplotnica zaradi prometne nesre\u010de zaprta.<\/p>\n","protected":false},"excerpt":{"rendered":"<p>Kategorija: Kronika Thu, 31 Mar 2016 19:08:00 +0200  Maribor &#8211; Na regionalni cesti Slovenska Bistrica-Oplotnica se je nekaj \u010dez 15. uro zgodila prometna nesre\u010da, v kateri je \u017eivljenje izgubil motorist. Kot so zapisali na Policijski upravi Maribor, sta tr\u010dila voznik tovornega vozila in motorist, slednji pa je podlegel po\u0161kodbam. Kot so \u0161e zapisali na policiji, je regionalna cesta Slovenska Bistrica-Oplotnica zaradi prometne nesre\u010de zaprta.<\/p>\n","protected":false},"author":1,"featured_media":0,"comment_status":"closed","ping_status":"closed","sticky":false,"template":"","format":"standard","meta":{"footnotes":""},"categories":[1179],"tags":[],"source":[4511],"supertag":[],"acf":[],"yoast_head":"<!-- This site is optimized with the Yoast SEO plugin v21.3 - https:\/\/yoast.com\/wordpress\/plugins\/seo\/ -->\n<title>V prometni nesre\u010di pri Slovenski Bistrici umrl motorist - Hudo Slovenija<\/title>\n<meta name=\"robots\" content=\"index, follow, max-snippet:-1, max-image-preview:large, max-video-preview:-1\" \/>\n<link rel=\"canonical\" href=\"https:\/\/hudo.com\/si\/aktualno\/v-prometni-nesreci-pri-slovenski-bistrici-umrl-motorist\/\" \/>\n<meta property=\"og:locale\" content=\"sl_SI\" \/>\n<meta property=\"og:type\" content=\"article\" \/>\n<meta property=\"og:title\" content=\"V prometni nesre\u010di pri Slovenski Bistrici umrl motorist - Hudo Slovenija\" \/>\n<meta property=\"og:description\" content=\"Kategorija: Kronika Thu, 31 Mar 2016 19:08:00 +0200 Maribor - Na regionalni cesti Slovenska Bistrica-Oplotnica se je nekaj \u010dez 15. uro zgodila prometna nesre\u010da, v kateri je \u017eivljenje izgubil motorist. Kot so zapisali na Policijski upravi Maribor, sta tr\u010dila voznik tovornega vozila in motorist, slednji pa je podlegel po\u0161kodbam. Kot so \u0161e zapisali na policiji, je regionalna cesta Slovenska Bistrica-Oplotnica zaradi prometne nesre\u010de zaprta.\" \/>\n<meta property=\"og:url\" content=\"https:\/\/hudo.com\/si\/aktualno\/v-prometni-nesreci-pri-slovenski-bistrici-umrl-motorist\/\" \/>\n<meta property=\"og:site_name\" content=\"Hudo Slovenija\" \/>\n<meta property=\"article:publisher\" content=\"https:\/\/www.facebook.com\/hudo.si\" \/>\n<meta property=\"article:published_time\" content=\"2016-03-31T16:08:00+00:00\" \/>\n<meta property=\"article:modified_time\" content=\"2016-04-01T09:34:45+00:00\" \/>\n<meta property=\"og:image\" content=\"https:\/\/hudo.com\/si\/wp-content\/uploads\/sites\/2\/2016\/04\/480x290_djvu_2078755_vivka_fon-sencur-nesreca.jpeg\" \/>\n\t<meta property=\"og:image:width\" content=\"480\" \/>\n\t<meta property=\"og:image:height\" content=\"290\" \/>\n\t<meta property=\"og:image:type\" content=\"image\/jpeg\" \/>\n<meta name=\"author\" content=\"hudo\" \/>\n<meta name=\"twitter:card\" content=\"summary_large_image\" \/>\n<meta name=\"twitter:creator\" content=\"@hudo_si\" \/>\n<meta name=\"twitter:site\" content=\"@hudo_si\" \/>\n<meta name=\"twitter:label1\" content=\"Written by\" \/>\n\t<meta name=\"twitter:data1\" content=\"hudo\" \/>\n<script type=\"application\/ld+json\" class=\"yoast-schema-graph\">{\"@context\":\"https:\/\/schema.org\",\"@graph\":[{\"@type\":\"Article\",\"@id\":\"https:\/\/hudo.com\/si\/aktualno\/v-prometni-nesreci-pri-slovenski-bistrici-umrl-motorist\/#article\",\"isPartOf\":{\"@id\":\"https:\/\/hudo.com\/si\/aktualno\/v-prometni-nesreci-pri-slovenski-bistrici-umrl-motorist\/\"},\"author\":{\"name\":\"hudo\",\"@id\":\"https:\/\/hudo.com\/si\/#\/schema\/person\/601cf3379633985b20f7e50f2bb47707\"},\"headline\":\"V prometni nesre\u010di pri Slovenski Bistrici umrl motorist\",\"datePublished\":\"2016-03-31T16:08:00+00:00\",\"dateModified\":\"2016-04-01T09:34:45+00:00\",\"mainEntityOfPage\":{\"@id\":\"https:\/\/hudo.com\/si\/aktualno\/v-prometni-nesreci-pri-slovenski-bistrici-umrl-motorist\/\"},\"wordCount\":72,\"publisher\":{\"@id\":\"https:\/\/hudo.com\/si\/#organization\"},\"articleSection\":[\"Aktualno\"],\"inLanguage\":\"sl-SI\"},{\"@type\":\"WebPage\",\"@id\":\"https:\/\/hudo.com\/si\/aktualno\/v-prometni-nesreci-pri-slovenski-bistrici-umrl-motorist\/\",\"url\":\"https:\/\/hudo.com\/si\/aktualno\/v-prometni-nesreci-pri-slovenski-bistrici-umrl-motorist\/\",\"name\":\"V prometni nesre\u010di pri Slovenski Bistrici umrl motorist - Hudo Slovenija\",\"isPartOf\":{\"@id\":\"https:\/\/hudo.com\/si\/#website\"},\"datePublished\":\"2016-03-31T16:08:00+00:00\",\"dateModified\":\"2016-04-01T09:34:45+00:00\",\"breadcrumb\":{\"@id\":\"https:\/\/hudo.com\/si\/aktualno\/v-prometni-nesreci-pri-slovenski-bistrici-umrl-motorist\/#breadcrumb\"},\"inLanguage\":\"sl-SI\",\"potentialAction\":[{\"@type\":\"ReadAction\",\"target\":[\"https:\/\/hudo.com\/si\/aktualno\/v-prometni-nesreci-pri-slovenski-bistrici-umrl-motorist\/\"]}]},{\"@type\":\"BreadcrumbList\",\"@id\":\"https:\/\/hudo.com\/si\/aktualno\/v-prometni-nesreci-pri-slovenski-bistrici-umrl-motorist\/#breadcrumb\",\"itemListElement\":[{\"@type\":\"ListItem\",\"position\":1,\"name\":\"Home\",\"item\":\"https:\/\/hudo.com\/si\/\"},{\"@type\":\"ListItem\",\"position\":2,\"name\":\"V prometni nesre\u010di pri Slovenski Bistrici umrl motorist\"}]},{\"@type\":\"WebSite\",\"@id\":\"https:\/\/hudo.com\/si\/#website\",\"url\":\"https:\/\/hudo.com\/si\/\",\"name\":\"Hudo Slovenija\",\"description\":\"Vse novice iz Slovenije in sveta\",\"publisher\":{\"@id\":\"https:\/\/hudo.com\/si\/#organization\"},\"potentialAction\":[{\"@type\":\"SearchAction\",\"target\":{\"@type\":\"EntryPoint\",\"urlTemplate\":\"https:\/\/hudo.com\/si\/?s={search_term_string}\"},\"query-input\":\"required name=search_term_string\"}],\"inLanguage\":\"sl-SI\"},{\"@type\":\"Organization\",\"@id\":\"https:\/\/hudo.com\/si\/#organization\",\"name\":\"VSN Media\",\"url\":\"https:\/\/hudo.com\/si\/\",\"logo\":{\"@type\":\"ImageObject\",\"inLanguage\":\"sl-SI\",\"@id\":\"https:\/\/hudo.com\/si\/#\/schema\/logo\/image\/\",\"url\":\"https:\/\/hudo.com\/si\/wp-content\/uploads\/sites\/2\/2021\/03\/hudo-app-2.png\",\"contentUrl\":\"https:\/\/hudo.com\/si\/wp-content\/uploads\/sites\/2\/2021\/03\/hudo-app-2.png\",\"width\":2185,\"height\":2167,\"caption\":\"VSN Media\"},\"image\":{\"@id\":\"https:\/\/hudo.com\/si\/#\/schema\/logo\/image\/\"},\"sameAs\":[\"https:\/\/www.facebook.com\/hudo.si\",\"https:\/\/twitter.com\/hudo_si\"]},{\"@type\":\"Person\",\"@id\":\"https:\/\/hudo.com\/si\/#\/schema\/person\/601cf3379633985b20f7e50f2bb47707\",\"name\":\"hudo\",\"image\":{\"@type\":\"ImageObject\",\"inLanguage\":\"sl-SI\",\"@id\":\"https:\/\/hudo.com\/si\/#\/schema\/person\/image\/\",\"url\":\"https:\/\/secure.gravatar.com\/avatar\/c4ca25fa72cace7a696b52ff5db9e095?s=96&d=mm&r=g\",\"contentUrl\":\"https:\/\/secure.gravatar.com\/avatar\/c4ca25fa72cace7a696b52ff5db9e095?s=96&d=mm&r=g\",\"caption\":\"hudo\"},\"url\":\"https:\/\/hudo.com\/si\/author\/hudo\/\"}]}<\/script>\n<!-- \/ Yoast SEO plugin. -->","yoast_head_json":{"title":"V prometni nesre\u010di pri Slovenski Bistrici umrl motorist - Hudo Slovenija","robots":{"index":"index","follow":"follow","max-snippet":"max-snippet:-1","max-image-preview":"max-image-preview:large","max-video-preview":"max-video-preview:-1"},"canonical":"https:\/\/hudo.com\/si\/aktualno\/v-prometni-nesreci-pri-slovenski-bistrici-umrl-motorist\/","og_locale":"sl_SI","og_type":"article","og_title":"V prometni nesre\u010di pri Slovenski Bistrici umrl motorist - Hudo Slovenija","og_description":"Kategorija: Kronika Thu, 31 Mar 2016 19:08:00 +0200 Maribor - Na regionalni cesti Slovenska Bistrica-Oplotnica se je nekaj \u010dez 15. uro zgodila prometna nesre\u010da, v kateri je \u017eivljenje izgubil motorist. Kot so zapisali na Policijski upravi Maribor, sta tr\u010dila voznik tovornega vozila in motorist, slednji pa je podlegel po\u0161kodbam. Kot so \u0161e zapisali na policiji, je regionalna cesta Slovenska Bistrica-Oplotnica zaradi prometne nesre\u010de zaprta.","og_url":"https:\/\/hudo.com\/si\/aktualno\/v-prometni-nesreci-pri-slovenski-bistrici-umrl-motorist\/","og_site_name":"Hudo Slovenija","article_publisher":"https:\/\/www.facebook.com\/hudo.si","article_published_time":"2016-03-31T16:08:00+00:00","article_modified_time":"2016-04-01T09:34:45+00:00","og_image":[{"width":480,"height":290,"url":"https:\/\/hudo.com\/si\/wp-content\/uploads\/sites\/2\/2016\/04\/480x290_djvu_2078755_vivka_fon-sencur-nesreca.jpeg","type":"image\/jpeg"}],"author":"hudo","twitter_card":"summary_large_image","twitter_creator":"@hudo_si","twitter_site":"@hudo_si","twitter_misc":{"Written by":"hudo"},"schema":{"@context":"https:\/\/schema.org","@graph":[{"@type":"Article","@id":"https:\/\/hudo.com\/si\/aktualno\/v-prometni-nesreci-pri-slovenski-bistrici-umrl-motorist\/#article","isPartOf":{"@id":"https:\/\/hudo.com\/si\/aktualno\/v-prometni-nesreci-pri-slovenski-bistrici-umrl-motorist\/"},"author":{"name":"hudo","@id":"https:\/\/hudo.com\/si\/#\/schema\/person\/601cf3379633985b20f7e50f2bb47707"},"headline":"V prometni nesre\u010di pri Slovenski Bistrici umrl motorist","datePublished":"2016-03-31T16:08:00+00:00","dateModified":"2016-04-01T09:34:45+00:00","mainEntityOfPage":{"@id":"https:\/\/hudo.com\/si\/aktualno\/v-prometni-nesreci-pri-slovenski-bistrici-umrl-motorist\/"},"wordCount":72,"publisher":{"@id":"https:\/\/hudo.com\/si\/#organization"},"articleSection":["Aktualno"],"inLanguage":"sl-SI"},{"@type":"WebPage","@id":"https:\/\/hudo.com\/si\/aktualno\/v-prometni-nesreci-pri-slovenski-bistrici-umrl-motorist\/","url":"https:\/\/hudo.com\/si\/aktualno\/v-prometni-nesreci-pri-slovenski-bistrici-umrl-motorist\/","name":"V prometni nesre\u010di pri Slovenski Bistrici umrl motorist - Hudo Slovenija","isPartOf":{"@id":"https:\/\/hudo.com\/si\/#website"},"datePublished":"2016-03-31T16:08:00+00:00","dateModified":"2016-04-01T09:34:45+00:00","breadcrumb":{"@id":"https:\/\/hudo.com\/si\/aktualno\/v-prometni-nesreci-pri-slovenski-bistrici-umrl-motorist\/#breadcrumb"},"inLanguage":"sl-SI","potentialAction":[{"@type":"ReadAction","target":["https:\/\/hudo.com\/si\/aktualno\/v-prometni-nesreci-pri-slovenski-bistrici-umrl-motorist\/"]}]},{"@type":"BreadcrumbList","@id":"https:\/\/hudo.com\/si\/aktualno\/v-prometni-nesreci-pri-slovenski-bistrici-umrl-motorist\/#breadcrumb","itemListElement":[{"@type":"ListItem","position":1,"name":"Home","item":"https:\/\/hudo.com\/si\/"},{"@type":"ListItem","position":2,"name":"V prometni nesre\u010di pri Slovenski Bistrici umrl motorist"}]},{"@type":"WebSite","@id":"https:\/\/hudo.com\/si\/#website","url":"https:\/\/hudo.com\/si\/","name":"Hudo Slovenija","description":"Vse novice iz Slovenije in sveta","publisher":{"@id":"https:\/\/hudo.com\/si\/#organization"},"potentialAction":[{"@type":"SearchAction","target":{"@type":"EntryPoint","urlTemplate":"https:\/\/hudo.com\/si\/?s={search_term_string}"},"query-input":"required name=search_term_string"}],"inLanguage":"sl-SI"},{"@type":"Organization","@id":"https:\/\/hudo.com\/si\/#organization","name":"VSN Media","url":"https:\/\/hudo.com\/si\/","logo":{"@type":"ImageObject","inLanguage":"sl-SI","@id":"https:\/\/hudo.com\/si\/#\/schema\/logo\/image\/","url":"https:\/\/hudo.com\/si\/wp-content\/uploads\/sites\/2\/2021\/03\/hudo-app-2.png","contentUrl":"https:\/\/hudo.com\/si\/wp-content\/uploads\/sites\/2\/2021\/03\/hudo-app-2.png","width":2185,"height":2167,"caption":"VSN Media"},"image":{"@id":"https:\/\/hudo.com\/si\/#\/schema\/logo\/image\/"},"sameAs":["https:\/\/www.facebook.com\/hudo.si","https:\/\/twitter.com\/hudo_si"]},{"@type":"Person","@id":"https:\/\/hudo.com\/si\/#\/schema\/person\/601cf3379633985b20f7e50f2bb47707","name":"hudo","image":{"@type":"ImageObject","inLanguage":"sl-SI","@id":"https:\/\/hudo.com\/si\/#\/schema\/person\/image\/","url":"https:\/\/secure.gravatar.com\/avatar\/c4ca25fa72cace7a696b52ff5db9e095?s=96&d=mm&r=g","contentUrl":"https:\/\/secure.gravatar.com\/avatar\/c4ca25fa72cace7a696b52ff5db9e095?s=96&d=mm&r=g","caption":"hudo"},"url":"https:\/\/hudo.com\/si\/author\/hudo\/"}]}},"amp_enabled":true,"_links":{"self":[{"href":"https:\/\/hudo.com\/si\/wp-json\/wp\/v2\/posts\/13278"}],"collection":[{"href":"https:\/\/hudo.com\/si\/wp-json\/wp\/v2\/posts"}],"about":[{"href":"https:\/\/hudo.com\/si\/wp-json\/wp\/v2\/types\/post"}],"author":[{"embeddable":true,"href":"https:\/\/hudo.com\/si\/wp-json\/wp\/v2\/users\/1"}],"replies":[{"embeddable":true,"href":"https:\/\/hudo.com\/si\/wp-json\/wp\/v2\/comments?post=13278"}],"version-history":[{"count":1,"href":"https:\/\/hudo.com\/si\/wp-json\/wp\/v2\/posts\/13278\/revisions"}],"predecessor-version":[{"id":16684,"href":"https:\/\/hudo.com\/si\/wp-json\/wp\/v2\/posts\/13278\/revisions\/16684"}],"wp:attachment":[{"href":"https:\/\/hudo.com\/si\/wp-json\/wp\/v2\/media?parent=13278"}],"wp:term":[{"taxonomy":"category","embeddable":true,"href":"https:\/\/hudo.com\/si\/wp-json\/wp\/v2\/categories?post=13278"},{"taxonomy":"post_tag","embeddable":true,"href":"https:\/\/hudo.com\/si\/wp-json\/wp\/v2\/tags?post=13278"},{"taxonomy":"source","embeddable":true,"href":"https:\/\/hudo.com\/si\/wp-json\/wp\/v2\/source?post=13278"},{"taxonomy":"supertag","embeddable":true,"href":"https:\/\/hudo.com\/si\/wp-json\/wp\/v2\/supertag?post=13278"}],"curies":[{"name":"wp","href":"https:\/\/api.w.org\/{rel}","templated":true}]}}