{"id":133249,"date":"2016-09-15T05:09:00","date_gmt":"2016-09-15T03:09:00","guid":{"rendered":"http:\/\/hudo.com\/si\/2016\/09\/15\/sumljivo-smrt-v-kamniskih-alpah-policija-obravnava-kot-kaznivo-dejanje\/"},"modified":"2016-09-16T01:57:06","modified_gmt":"2016-09-15T23:57:06","slug":"sumljivo-smrt-v-kamniskih-alpah-policija-obravnava-kot-kaznivo-dejanje","status":"publish","type":"post","link":"https:\/\/hudo.com\/si\/aktualno\/sumljivo-smrt-v-kamniskih-alpah-policija-obravnava-kot-kaznivo-dejanje\/","title":{"rendered":"Sumljivo smrt v Kamni\u0161kih Alpah policija obravnava kot kaznivo dejanje"},"content":{"rendered":"<p>Kategorija: Kronika Thu, 15 Sep 2016 07:09:00 +0200  Ljubljana &#8211; Okoli 13. ure se je v Kamni\u0161kih Alpah zgodila nesre\u010da, v kateri je ena oseba umrla, ena pa je po\u0161kodovana. Gorska re\u0161evalna slu\u017eba je 27-letnega ponesre\u010denca prepeljala v dolino. Po do sedaj zbranih informacijah policije je 27-letna po\u0161kodovana oseba osumljena kaznivega dejanja zoper \u017eivljenje in telo. Policisti so 27-letniku odvzeli prostost, ogled kraja dejanja pa bodo nadaljevali zjutraj. Dodatnih informacij policija ni razkrila, je pa na portalu Uprave RS za za\u0161\u010dito in re\u0161evanje zapisano, da sta se ob 12.55 na poti na Srebrno sedlo v ob\u010dini Kamnik po\u0161kodovala dva planinca. Eden od njiju je padel v globel in umrl na kraju nesre\u010de.<\/p>\n","protected":false},"excerpt":{"rendered":"<p>Kategorija: Kronika Thu, 15 Sep 2016 07:09:00 +0200  Ljubljana &#8211; Okoli 13. ure se je v Kamni\u0161kih Alpah zgodila nesre\u010da, v kateri je ena oseba umrla, ena pa je po\u0161kodovana. Gorska re\u0161evalna slu\u017eba je 27-letnega ponesre\u010denca prepeljala v dolino. Po do sedaj zbranih informacijah policije je 27-letna po\u0161kodovana oseba osumljena kaznivega dejanja zoper \u017eivljenje in telo. Policisti so 27-letniku odvzeli prostost, ogled kraja dejanja pa bodo nadaljevali zjutraj. Dodatnih informacij policija ni razkrila, je pa na portalu Uprave RS za za\u0161\u010dito in re\u0161evanje zapisano, da sta se ob 12.55 na poti na Srebrno sedlo v ob\u010dini Kamnik po\u0161kodovala dva planinca. Eden od njiju je padel v globel in umrl na kraju nesre\u010de.<\/p>\n","protected":false},"author":1,"featured_media":0,"comment_status":"closed","ping_status":"closed","sticky":false,"template":"","format":"standard","meta":{"footnotes":""},"categories":[1179],"tags":[],"source":[1703],"supertag":[],"acf":[],"yoast_head":"<!-- This site is optimized with the Yoast SEO plugin v21.3 - https:\/\/yoast.com\/wordpress\/plugins\/seo\/ -->\n<title>Sumljivo smrt v Kamni\u0161kih Alpah policija obravnava kot kaznivo dejanje - Hudo Slovenija<\/title>\n<meta name=\"robots\" content=\"index, follow, max-snippet:-1, max-image-preview:large, max-video-preview:-1\" \/>\n<link rel=\"canonical\" href=\"https:\/\/hudo.com\/si\/aktualno\/sumljivo-smrt-v-kamniskih-alpah-policija-obravnava-kot-kaznivo-dejanje\/\" \/>\n<meta property=\"og:locale\" content=\"sl_SI\" \/>\n<meta property=\"og:type\" content=\"article\" \/>\n<meta property=\"og:title\" content=\"Sumljivo smrt v Kamni\u0161kih Alpah policija obravnava kot kaznivo dejanje - Hudo Slovenija\" \/>\n<meta property=\"og:description\" content=\"Kategorija: Kronika Thu, 15 Sep 2016 07:09:00 +0200 Ljubljana - Okoli 13. ure se je v Kamni\u0161kih Alpah zgodila nesre\u010da, v kateri je ena oseba umrla, ena pa je po\u0161kodovana. Gorska re\u0161evalna slu\u017eba je 27-letnega ponesre\u010denca prepeljala v dolino. Po do sedaj zbranih informacijah policije je 27-letna po\u0161kodovana oseba osumljena kaznivega dejanja zoper \u017eivljenje in telo. Policisti so 27-letniku odvzeli prostost, ogled kraja dejanja pa bodo nadaljevali zjutraj. Dodatnih informacij policija ni razkrila, je pa na portalu Uprave RS za za\u0161\u010dito in re\u0161evanje zapisano, da sta se ob 12.55 na poti na Srebrno sedlo v ob\u010dini Kamnik po\u0161kodovala dva planinca. Eden od njiju je padel v globel in umrl na kraju nesre\u010de.\" \/>\n<meta property=\"og:url\" content=\"https:\/\/hudo.com\/si\/aktualno\/sumljivo-smrt-v-kamniskih-alpah-policija-obravnava-kot-kaznivo-dejanje\/\" \/>\n<meta property=\"og:site_name\" content=\"Hudo Slovenija\" \/>\n<meta property=\"article:publisher\" content=\"https:\/\/www.facebook.com\/hudo.si\" \/>\n<meta property=\"article:published_time\" content=\"2016-09-15T03:09:00+00:00\" \/>\n<meta property=\"article:modified_time\" content=\"2016-09-15T23:57:06+00:00\" \/>\n<meta property=\"og:image\" content=\"https:\/\/hudo.com\/si\/wp-content\/uploads\/sites\/2\/2016\/09\/480x290_11831812_10207146983730619_7171421372072816931_n20-20Kopija.jpeg\" \/>\n\t<meta property=\"og:image:width\" content=\"480\" \/>\n\t<meta property=\"og:image:height\" content=\"290\" \/>\n\t<meta property=\"og:image:type\" content=\"image\/jpeg\" \/>\n<meta name=\"author\" content=\"hudo\" \/>\n<meta name=\"twitter:card\" content=\"summary_large_image\" \/>\n<meta name=\"twitter:creator\" content=\"@hudo_si\" \/>\n<meta name=\"twitter:site\" content=\"@hudo_si\" \/>\n<meta name=\"twitter:label1\" content=\"Written by\" \/>\n\t<meta name=\"twitter:data1\" content=\"hudo\" \/>\n\t<meta name=\"twitter:label2\" content=\"Est. reading time\" \/>\n\t<meta name=\"twitter:data2\" content=\"1 minuta\" \/>\n<script type=\"application\/ld+json\" class=\"yoast-schema-graph\">{\"@context\":\"https:\/\/schema.org\",\"@graph\":[{\"@type\":\"Article\",\"@id\":\"https:\/\/hudo.com\/si\/aktualno\/sumljivo-smrt-v-kamniskih-alpah-policija-obravnava-kot-kaznivo-dejanje\/#article\",\"isPartOf\":{\"@id\":\"https:\/\/hudo.com\/si\/aktualno\/sumljivo-smrt-v-kamniskih-alpah-policija-obravnava-kot-kaznivo-dejanje\/\"},\"author\":{\"name\":\"hudo\",\"@id\":\"https:\/\/hudo.com\/si\/#\/schema\/person\/601cf3379633985b20f7e50f2bb47707\"},\"headline\":\"Sumljivo smrt v Kamni\u0161kih Alpah policija obravnava kot kaznivo dejanje\",\"datePublished\":\"2016-09-15T03:09:00+00:00\",\"dateModified\":\"2016-09-15T23:57:06+00:00\",\"mainEntityOfPage\":{\"@id\":\"https:\/\/hudo.com\/si\/aktualno\/sumljivo-smrt-v-kamniskih-alpah-policija-obravnava-kot-kaznivo-dejanje\/\"},\"wordCount\":129,\"publisher\":{\"@id\":\"https:\/\/hudo.com\/si\/#organization\"},\"articleSection\":[\"Aktualno\"],\"inLanguage\":\"sl-SI\"},{\"@type\":\"WebPage\",\"@id\":\"https:\/\/hudo.com\/si\/aktualno\/sumljivo-smrt-v-kamniskih-alpah-policija-obravnava-kot-kaznivo-dejanje\/\",\"url\":\"https:\/\/hudo.com\/si\/aktualno\/sumljivo-smrt-v-kamniskih-alpah-policija-obravnava-kot-kaznivo-dejanje\/\",\"name\":\"Sumljivo smrt v Kamni\u0161kih Alpah policija obravnava kot kaznivo dejanje - Hudo Slovenija\",\"isPartOf\":{\"@id\":\"https:\/\/hudo.com\/si\/#website\"},\"datePublished\":\"2016-09-15T03:09:00+00:00\",\"dateModified\":\"2016-09-15T23:57:06+00:00\",\"breadcrumb\":{\"@id\":\"https:\/\/hudo.com\/si\/aktualno\/sumljivo-smrt-v-kamniskih-alpah-policija-obravnava-kot-kaznivo-dejanje\/#breadcrumb\"},\"inLanguage\":\"sl-SI\",\"potentialAction\":[{\"@type\":\"ReadAction\",\"target\":[\"https:\/\/hudo.com\/si\/aktualno\/sumljivo-smrt-v-kamniskih-alpah-policija-obravnava-kot-kaznivo-dejanje\/\"]}]},{\"@type\":\"BreadcrumbList\",\"@id\":\"https:\/\/hudo.com\/si\/aktualno\/sumljivo-smrt-v-kamniskih-alpah-policija-obravnava-kot-kaznivo-dejanje\/#breadcrumb\",\"itemListElement\":[{\"@type\":\"ListItem\",\"position\":1,\"name\":\"Home\",\"item\":\"https:\/\/hudo.com\/si\/\"},{\"@type\":\"ListItem\",\"position\":2,\"name\":\"Sumljivo smrt v Kamni\u0161kih Alpah policija obravnava kot kaznivo dejanje\"}]},{\"@type\":\"WebSite\",\"@id\":\"https:\/\/hudo.com\/si\/#website\",\"url\":\"https:\/\/hudo.com\/si\/\",\"name\":\"Hudo Slovenija\",\"description\":\"Vse novice iz Slovenije in sveta\",\"publisher\":{\"@id\":\"https:\/\/hudo.com\/si\/#organization\"},\"potentialAction\":[{\"@type\":\"SearchAction\",\"target\":{\"@type\":\"EntryPoint\",\"urlTemplate\":\"https:\/\/hudo.com\/si\/?s={search_term_string}\"},\"query-input\":\"required name=search_term_string\"}],\"inLanguage\":\"sl-SI\"},{\"@type\":\"Organization\",\"@id\":\"https:\/\/hudo.com\/si\/#organization\",\"name\":\"VSN Media\",\"url\":\"https:\/\/hudo.com\/si\/\",\"logo\":{\"@type\":\"ImageObject\",\"inLanguage\":\"sl-SI\",\"@id\":\"https:\/\/hudo.com\/si\/#\/schema\/logo\/image\/\",\"url\":\"https:\/\/hudo.com\/si\/wp-content\/uploads\/sites\/2\/2021\/03\/hudo-app-2.png\",\"contentUrl\":\"https:\/\/hudo.com\/si\/wp-content\/uploads\/sites\/2\/2021\/03\/hudo-app-2.png\",\"width\":2185,\"height\":2167,\"caption\":\"VSN Media\"},\"image\":{\"@id\":\"https:\/\/hudo.com\/si\/#\/schema\/logo\/image\/\"},\"sameAs\":[\"https:\/\/www.facebook.com\/hudo.si\",\"https:\/\/twitter.com\/hudo_si\"]},{\"@type\":\"Person\",\"@id\":\"https:\/\/hudo.com\/si\/#\/schema\/person\/601cf3379633985b20f7e50f2bb47707\",\"name\":\"hudo\",\"image\":{\"@type\":\"ImageObject\",\"inLanguage\":\"sl-SI\",\"@id\":\"https:\/\/hudo.com\/si\/#\/schema\/person\/image\/\",\"url\":\"https:\/\/secure.gravatar.com\/avatar\/c4ca25fa72cace7a696b52ff5db9e095?s=96&d=mm&r=g\",\"contentUrl\":\"https:\/\/secure.gravatar.com\/avatar\/c4ca25fa72cace7a696b52ff5db9e095?s=96&d=mm&r=g\",\"caption\":\"hudo\"},\"url\":\"https:\/\/hudo.com\/si\/author\/hudo\/\"}]}<\/script>\n<!-- \/ Yoast SEO plugin. -->","yoast_head_json":{"title":"Sumljivo smrt v Kamni\u0161kih Alpah policija obravnava kot kaznivo dejanje - Hudo Slovenija","robots":{"index":"index","follow":"follow","max-snippet":"max-snippet:-1","max-image-preview":"max-image-preview:large","max-video-preview":"max-video-preview:-1"},"canonical":"https:\/\/hudo.com\/si\/aktualno\/sumljivo-smrt-v-kamniskih-alpah-policija-obravnava-kot-kaznivo-dejanje\/","og_locale":"sl_SI","og_type":"article","og_title":"Sumljivo smrt v Kamni\u0161kih Alpah policija obravnava kot kaznivo dejanje - Hudo Slovenija","og_description":"Kategorija: Kronika Thu, 15 Sep 2016 07:09:00 +0200 Ljubljana - Okoli 13. ure se je v Kamni\u0161kih Alpah zgodila nesre\u010da, v kateri je ena oseba umrla, ena pa je po\u0161kodovana. Gorska re\u0161evalna slu\u017eba je 27-letnega ponesre\u010denca prepeljala v dolino. Po do sedaj zbranih informacijah policije je 27-letna po\u0161kodovana oseba osumljena kaznivega dejanja zoper \u017eivljenje in telo. Policisti so 27-letniku odvzeli prostost, ogled kraja dejanja pa bodo nadaljevali zjutraj. Dodatnih informacij policija ni razkrila, je pa na portalu Uprave RS za za\u0161\u010dito in re\u0161evanje zapisano, da sta se ob 12.55 na poti na Srebrno sedlo v ob\u010dini Kamnik po\u0161kodovala dva planinca. Eden od njiju je padel v globel in umrl na kraju nesre\u010de.","og_url":"https:\/\/hudo.com\/si\/aktualno\/sumljivo-smrt-v-kamniskih-alpah-policija-obravnava-kot-kaznivo-dejanje\/","og_site_name":"Hudo Slovenija","article_publisher":"https:\/\/www.facebook.com\/hudo.si","article_published_time":"2016-09-15T03:09:00+00:00","article_modified_time":"2016-09-15T23:57:06+00:00","og_image":[{"width":480,"height":290,"url":"https:\/\/hudo.com\/si\/wp-content\/uploads\/sites\/2\/2016\/09\/480x290_11831812_10207146983730619_7171421372072816931_n20-20Kopija.jpeg","type":"image\/jpeg"}],"author":"hudo","twitter_card":"summary_large_image","twitter_creator":"@hudo_si","twitter_site":"@hudo_si","twitter_misc":{"Written by":"hudo","Est. reading time":"1 minuta"},"schema":{"@context":"https:\/\/schema.org","@graph":[{"@type":"Article","@id":"https:\/\/hudo.com\/si\/aktualno\/sumljivo-smrt-v-kamniskih-alpah-policija-obravnava-kot-kaznivo-dejanje\/#article","isPartOf":{"@id":"https:\/\/hudo.com\/si\/aktualno\/sumljivo-smrt-v-kamniskih-alpah-policija-obravnava-kot-kaznivo-dejanje\/"},"author":{"name":"hudo","@id":"https:\/\/hudo.com\/si\/#\/schema\/person\/601cf3379633985b20f7e50f2bb47707"},"headline":"Sumljivo smrt v Kamni\u0161kih Alpah policija obravnava kot kaznivo dejanje","datePublished":"2016-09-15T03:09:00+00:00","dateModified":"2016-09-15T23:57:06+00:00","mainEntityOfPage":{"@id":"https:\/\/hudo.com\/si\/aktualno\/sumljivo-smrt-v-kamniskih-alpah-policija-obravnava-kot-kaznivo-dejanje\/"},"wordCount":129,"publisher":{"@id":"https:\/\/hudo.com\/si\/#organization"},"articleSection":["Aktualno"],"inLanguage":"sl-SI"},{"@type":"WebPage","@id":"https:\/\/hudo.com\/si\/aktualno\/sumljivo-smrt-v-kamniskih-alpah-policija-obravnava-kot-kaznivo-dejanje\/","url":"https:\/\/hudo.com\/si\/aktualno\/sumljivo-smrt-v-kamniskih-alpah-policija-obravnava-kot-kaznivo-dejanje\/","name":"Sumljivo smrt v Kamni\u0161kih Alpah policija obravnava kot kaznivo dejanje - Hudo Slovenija","isPartOf":{"@id":"https:\/\/hudo.com\/si\/#website"},"datePublished":"2016-09-15T03:09:00+00:00","dateModified":"2016-09-15T23:57:06+00:00","breadcrumb":{"@id":"https:\/\/hudo.com\/si\/aktualno\/sumljivo-smrt-v-kamniskih-alpah-policija-obravnava-kot-kaznivo-dejanje\/#breadcrumb"},"inLanguage":"sl-SI","potentialAction":[{"@type":"ReadAction","target":["https:\/\/hudo.com\/si\/aktualno\/sumljivo-smrt-v-kamniskih-alpah-policija-obravnava-kot-kaznivo-dejanje\/"]}]},{"@type":"BreadcrumbList","@id":"https:\/\/hudo.com\/si\/aktualno\/sumljivo-smrt-v-kamniskih-alpah-policija-obravnava-kot-kaznivo-dejanje\/#breadcrumb","itemListElement":[{"@type":"ListItem","position":1,"name":"Home","item":"https:\/\/hudo.com\/si\/"},{"@type":"ListItem","position":2,"name":"Sumljivo smrt v Kamni\u0161kih Alpah policija obravnava kot kaznivo dejanje"}]},{"@type":"WebSite","@id":"https:\/\/hudo.com\/si\/#website","url":"https:\/\/hudo.com\/si\/","name":"Hudo Slovenija","description":"Vse novice iz Slovenije in sveta","publisher":{"@id":"https:\/\/hudo.com\/si\/#organization"},"potentialAction":[{"@type":"SearchAction","target":{"@type":"EntryPoint","urlTemplate":"https:\/\/hudo.com\/si\/?s={search_term_string}"},"query-input":"required name=search_term_string"}],"inLanguage":"sl-SI"},{"@type":"Organization","@id":"https:\/\/hudo.com\/si\/#organization","name":"VSN Media","url":"https:\/\/hudo.com\/si\/","logo":{"@type":"ImageObject","inLanguage":"sl-SI","@id":"https:\/\/hudo.com\/si\/#\/schema\/logo\/image\/","url":"https:\/\/hudo.com\/si\/wp-content\/uploads\/sites\/2\/2021\/03\/hudo-app-2.png","contentUrl":"https:\/\/hudo.com\/si\/wp-content\/uploads\/sites\/2\/2021\/03\/hudo-app-2.png","width":2185,"height":2167,"caption":"VSN Media"},"image":{"@id":"https:\/\/hudo.com\/si\/#\/schema\/logo\/image\/"},"sameAs":["https:\/\/www.facebook.com\/hudo.si","https:\/\/twitter.com\/hudo_si"]},{"@type":"Person","@id":"https:\/\/hudo.com\/si\/#\/schema\/person\/601cf3379633985b20f7e50f2bb47707","name":"hudo","image":{"@type":"ImageObject","inLanguage":"sl-SI","@id":"https:\/\/hudo.com\/si\/#\/schema\/person\/image\/","url":"https:\/\/secure.gravatar.com\/avatar\/c4ca25fa72cace7a696b52ff5db9e095?s=96&d=mm&r=g","contentUrl":"https:\/\/secure.gravatar.com\/avatar\/c4ca25fa72cace7a696b52ff5db9e095?s=96&d=mm&r=g","caption":"hudo"},"url":"https:\/\/hudo.com\/si\/author\/hudo\/"}]}},"amp_enabled":true,"_links":{"self":[{"href":"https:\/\/hudo.com\/si\/wp-json\/wp\/v2\/posts\/133249"}],"collection":[{"href":"https:\/\/hudo.com\/si\/wp-json\/wp\/v2\/posts"}],"about":[{"href":"https:\/\/hudo.com\/si\/wp-json\/wp\/v2\/types\/post"}],"author":[{"embeddable":true,"href":"https:\/\/hudo.com\/si\/wp-json\/wp\/v2\/users\/1"}],"replies":[{"embeddable":true,"href":"https:\/\/hudo.com\/si\/wp-json\/wp\/v2\/comments?post=133249"}],"version-history":[{"count":1,"href":"https:\/\/hudo.com\/si\/wp-json\/wp\/v2\/posts\/133249\/revisions"}],"predecessor-version":[{"id":133713,"href":"https:\/\/hudo.com\/si\/wp-json\/wp\/v2\/posts\/133249\/revisions\/133713"}],"wp:attachment":[{"href":"https:\/\/hudo.com\/si\/wp-json\/wp\/v2\/media?parent=133249"}],"wp:term":[{"taxonomy":"category","embeddable":true,"href":"https:\/\/hudo.com\/si\/wp-json\/wp\/v2\/categories?post=133249"},{"taxonomy":"post_tag","embeddable":true,"href":"https:\/\/hudo.com\/si\/wp-json\/wp\/v2\/tags?post=133249"},{"taxonomy":"source","embeddable":true,"href":"https:\/\/hudo.com\/si\/wp-json\/wp\/v2\/source?post=133249"},{"taxonomy":"supertag","embeddable":true,"href":"https:\/\/hudo.com\/si\/wp-json\/wp\/v2\/supertag?post=133249"}],"curies":[{"name":"wp","href":"https:\/\/api.w.org\/{rel}","templated":true}]}}