{"id":133262,"date":"2016-09-15T04:39:00","date_gmt":"2016-09-15T02:39:00","guid":{"rendered":"http:\/\/hudo.com\/si\/2016\/09\/15\/danes-pod-slovensko-zastavo-fabcic-in-jeralic\/"},"modified":"2016-09-15T04:39:00","modified_gmt":"2016-09-15T02:39:00","slug":"danes-pod-slovensko-zastavo-fabcic-in-jeralic","status":"publish","type":"post","link":"https:\/\/hudo.com\/si\/aktualno\/danes-pod-slovensko-zastavo-fabcic-in-jeralic\/","title":{"rendered":"Danes pod slovensko zastavo Fab\u010di\u010d in Jerali\u010d"},"content":{"rendered":"<p>Kategorija: OI 2016 Thu, 15 Sep 2016 06:39:00 +0200  Rio de Janeiro &#8211; Slovenski parakajaka\u0161 Dejan Fab\u010di\u010d se je na paraolimpijskih igrah v Riu prebil skozi kvalifikacijsko in polfinalno sito in se uvrstil v dana\u0161nji finale A v kategoriji KL2. V prvi predtekmovalni skupini je bil s \u010dasom 48,131 tretji in mu je spodletelo neposredno napredovanje v finale, kamor sta se uvrstila dva najhitrej\u0161a, moral je torej \u0161e enkrat v \u010doln in se pomeriti v polfinalu, v katerem je bil med \u010detverico, ki si je zagotovila dana\u0161nji nastop, s \u010dasom 48,633 drugi. Ugnal ga je zgolj Italijan Federico Mancarella. \u00bbDan se je za\u010del zelo lepo. Ko sem zjutraj pri\u0161el do \u010dolna, je bila na njem pikapolonica. Rekel sem si, da mora to pomeniti nekaj posebnega. Dve vo\u017enji sta bili kar naporni, med njima je bila zgolj ena ura razmika, ko\u00a0&#8230;<\/p>\n","protected":false},"excerpt":{"rendered":"<p>Kategorija: OI 2016 Thu, 15 Sep 2016 06:39:00 +0200  Rio de Janeiro &#8211; Slovenski parakajaka\u0161 Dejan Fab\u010di\u010d se je na paraolimpijskih igrah v Riu prebil skozi kvalifikacijsko in polfinalno sito in se uvrstil v dana\u0161nji finale A v kategoriji KL2. V prvi predtekmovalni skupini je bil s \u010dasom 48,131 tretji in mu je spodletelo neposredno napredovanje v finale, kamor sta se uvrstila dva najhitrej\u0161a, moral je torej \u0161e enkrat v \u010doln in se pomeriti v polfinalu, v katerem je bil med \u010detverico, ki si je zagotovila dana\u0161nji nastop, s \u010dasom 48,633 drugi. Ugnal ga je zgolj Italijan Federico Mancarella. \u00bbDan se je za\u010del zelo lepo. Ko sem zjutraj pri\u0161el do \u010dolna, je bila na njem pikapolonica. Rekel sem si, da mora to pomeniti nekaj posebnega. Dve vo\u017enji sta bili kar naporni, med njima je bila zgolj ena ura razmika, ko\u00a0&#8230;<\/p>\n","protected":false},"author":1,"featured_media":0,"comment_status":"closed","ping_status":"closed","sticky":false,"template":"","format":"standard","meta":{"footnotes":""},"categories":[1179],"tags":[],"source":[1703],"supertag":[],"acf":[],"yoast_head":"<!-- This site is optimized with the Yoast SEO plugin v21.3 - https:\/\/yoast.com\/wordpress\/plugins\/seo\/ -->\n<title>Danes pod slovensko zastavo Fab\u010di\u010d in Jerali\u010d - Hudo Slovenija<\/title>\n<meta name=\"robots\" content=\"index, follow, max-snippet:-1, max-image-preview:large, max-video-preview:-1\" \/>\n<link rel=\"canonical\" href=\"https:\/\/hudo.com\/si\/aktualno\/danes-pod-slovensko-zastavo-fabcic-in-jeralic\/\" \/>\n<meta property=\"og:locale\" content=\"sl_SI\" \/>\n<meta property=\"og:type\" content=\"article\" \/>\n<meta property=\"og:title\" content=\"Danes pod slovensko zastavo Fab\u010di\u010d in Jerali\u010d - Hudo Slovenija\" \/>\n<meta property=\"og:description\" content=\"Kategorija: OI 2016 Thu, 15 Sep 2016 06:39:00 +0200 Rio de Janeiro - Slovenski parakajaka\u0161 Dejan Fab\u010di\u010d se je na paraolimpijskih igrah v Riu prebil skozi kvalifikacijsko in polfinalno sito in se uvrstil v dana\u0161nji finale A v kategoriji KL2. V prvi predtekmovalni skupini je bil s \u010dasom 48,131 tretji in mu je spodletelo neposredno napredovanje v finale, kamor sta se uvrstila dva najhitrej\u0161a, moral je torej \u0161e enkrat v \u010doln in se pomeriti v polfinalu, v katerem je bil med \u010detverico, ki si je zagotovila dana\u0161nji nastop, s \u010dasom 48,633 drugi. Ugnal ga je zgolj Italijan Federico Mancarella. \u00bbDan se je za\u010del zelo lepo. Ko sem zjutraj pri\u0161el do \u010dolna, je bila na njem pikapolonica. Rekel sem si, da mora to pomeniti nekaj posebnega. Dve vo\u017enji sta bili kar naporni, med njima je bila zgolj ena ura razmika, ko\u00a0...\" \/>\n<meta property=\"og:url\" content=\"https:\/\/hudo.com\/si\/aktualno\/danes-pod-slovensko-zastavo-fabcic-in-jeralic\/\" \/>\n<meta property=\"og:site_name\" content=\"Hudo Slovenija\" \/>\n<meta property=\"article:publisher\" content=\"https:\/\/www.facebook.com\/hudo.si\" \/>\n<meta property=\"article:published_time\" content=\"2016-09-15T02:39:00+00:00\" \/>\n<meta property=\"og:image\" content=\"https:\/\/hudo.com\/si\/wp-content\/uploads\/sites\/2\/2016\/09\/480x290_djvu_2388483_janezp_ponikvar-paraolimpijske-igre.jpeg\" \/>\n\t<meta property=\"og:image:width\" content=\"480\" \/>\n\t<meta property=\"og:image:height\" content=\"290\" \/>\n\t<meta property=\"og:image:type\" content=\"image\/jpeg\" \/>\n<meta name=\"author\" content=\"hudo\" \/>\n<meta name=\"twitter:card\" content=\"summary_large_image\" \/>\n<meta name=\"twitter:creator\" content=\"@hudo_si\" \/>\n<meta name=\"twitter:site\" content=\"@hudo_si\" \/>\n<meta name=\"twitter:label1\" content=\"Written by\" \/>\n\t<meta name=\"twitter:data1\" content=\"hudo\" \/>\n\t<meta name=\"twitter:label2\" content=\"Est. reading time\" \/>\n\t<meta name=\"twitter:data2\" content=\"1 minuta\" \/>\n<script type=\"application\/ld+json\" class=\"yoast-schema-graph\">{\"@context\":\"https:\/\/schema.org\",\"@graph\":[{\"@type\":\"Article\",\"@id\":\"https:\/\/hudo.com\/si\/aktualno\/danes-pod-slovensko-zastavo-fabcic-in-jeralic\/#article\",\"isPartOf\":{\"@id\":\"https:\/\/hudo.com\/si\/aktualno\/danes-pod-slovensko-zastavo-fabcic-in-jeralic\/\"},\"author\":{\"name\":\"hudo\",\"@id\":\"https:\/\/hudo.com\/si\/#\/schema\/person\/601cf3379633985b20f7e50f2bb47707\"},\"headline\":\"Danes pod slovensko zastavo Fab\u010di\u010d in Jerali\u010d\",\"datePublished\":\"2016-09-15T02:39:00+00:00\",\"dateModified\":\"2016-09-15T02:39:00+00:00\",\"mainEntityOfPage\":{\"@id\":\"https:\/\/hudo.com\/si\/aktualno\/danes-pod-slovensko-zastavo-fabcic-in-jeralic\/\"},\"wordCount\":148,\"publisher\":{\"@id\":\"https:\/\/hudo.com\/si\/#organization\"},\"articleSection\":[\"Aktualno\"],\"inLanguage\":\"sl-SI\"},{\"@type\":\"WebPage\",\"@id\":\"https:\/\/hudo.com\/si\/aktualno\/danes-pod-slovensko-zastavo-fabcic-in-jeralic\/\",\"url\":\"https:\/\/hudo.com\/si\/aktualno\/danes-pod-slovensko-zastavo-fabcic-in-jeralic\/\",\"name\":\"Danes pod slovensko zastavo Fab\u010di\u010d in Jerali\u010d - Hudo Slovenija\",\"isPartOf\":{\"@id\":\"https:\/\/hudo.com\/si\/#website\"},\"datePublished\":\"2016-09-15T02:39:00+00:00\",\"dateModified\":\"2016-09-15T02:39:00+00:00\",\"breadcrumb\":{\"@id\":\"https:\/\/hudo.com\/si\/aktualno\/danes-pod-slovensko-zastavo-fabcic-in-jeralic\/#breadcrumb\"},\"inLanguage\":\"sl-SI\",\"potentialAction\":[{\"@type\":\"ReadAction\",\"target\":[\"https:\/\/hudo.com\/si\/aktualno\/danes-pod-slovensko-zastavo-fabcic-in-jeralic\/\"]}]},{\"@type\":\"BreadcrumbList\",\"@id\":\"https:\/\/hudo.com\/si\/aktualno\/danes-pod-slovensko-zastavo-fabcic-in-jeralic\/#breadcrumb\",\"itemListElement\":[{\"@type\":\"ListItem\",\"position\":1,\"name\":\"Home\",\"item\":\"https:\/\/hudo.com\/si\/\"},{\"@type\":\"ListItem\",\"position\":2,\"name\":\"Danes pod slovensko zastavo Fab\u010di\u010d in Jerali\u010d\"}]},{\"@type\":\"WebSite\",\"@id\":\"https:\/\/hudo.com\/si\/#website\",\"url\":\"https:\/\/hudo.com\/si\/\",\"name\":\"Hudo Slovenija\",\"description\":\"Vse novice iz Slovenije in sveta\",\"publisher\":{\"@id\":\"https:\/\/hudo.com\/si\/#organization\"},\"potentialAction\":[{\"@type\":\"SearchAction\",\"target\":{\"@type\":\"EntryPoint\",\"urlTemplate\":\"https:\/\/hudo.com\/si\/?s={search_term_string}\"},\"query-input\":\"required name=search_term_string\"}],\"inLanguage\":\"sl-SI\"},{\"@type\":\"Organization\",\"@id\":\"https:\/\/hudo.com\/si\/#organization\",\"name\":\"VSN Media\",\"url\":\"https:\/\/hudo.com\/si\/\",\"logo\":{\"@type\":\"ImageObject\",\"inLanguage\":\"sl-SI\",\"@id\":\"https:\/\/hudo.com\/si\/#\/schema\/logo\/image\/\",\"url\":\"https:\/\/hudo.com\/si\/wp-content\/uploads\/sites\/2\/2021\/03\/hudo-app-2.png\",\"contentUrl\":\"https:\/\/hudo.com\/si\/wp-content\/uploads\/sites\/2\/2021\/03\/hudo-app-2.png\",\"width\":2185,\"height\":2167,\"caption\":\"VSN Media\"},\"image\":{\"@id\":\"https:\/\/hudo.com\/si\/#\/schema\/logo\/image\/\"},\"sameAs\":[\"https:\/\/www.facebook.com\/hudo.si\",\"https:\/\/twitter.com\/hudo_si\"]},{\"@type\":\"Person\",\"@id\":\"https:\/\/hudo.com\/si\/#\/schema\/person\/601cf3379633985b20f7e50f2bb47707\",\"name\":\"hudo\",\"image\":{\"@type\":\"ImageObject\",\"inLanguage\":\"sl-SI\",\"@id\":\"https:\/\/hudo.com\/si\/#\/schema\/person\/image\/\",\"url\":\"https:\/\/secure.gravatar.com\/avatar\/c4ca25fa72cace7a696b52ff5db9e095?s=96&d=mm&r=g\",\"contentUrl\":\"https:\/\/secure.gravatar.com\/avatar\/c4ca25fa72cace7a696b52ff5db9e095?s=96&d=mm&r=g\",\"caption\":\"hudo\"},\"url\":\"https:\/\/hudo.com\/si\/author\/hudo\/\"}]}<\/script>\n<!-- \/ Yoast SEO plugin. -->","yoast_head_json":{"title":"Danes pod slovensko zastavo Fab\u010di\u010d in Jerali\u010d - Hudo Slovenija","robots":{"index":"index","follow":"follow","max-snippet":"max-snippet:-1","max-image-preview":"max-image-preview:large","max-video-preview":"max-video-preview:-1"},"canonical":"https:\/\/hudo.com\/si\/aktualno\/danes-pod-slovensko-zastavo-fabcic-in-jeralic\/","og_locale":"sl_SI","og_type":"article","og_title":"Danes pod slovensko zastavo Fab\u010di\u010d in Jerali\u010d - Hudo Slovenija","og_description":"Kategorija: OI 2016 Thu, 15 Sep 2016 06:39:00 +0200 Rio de Janeiro - Slovenski parakajaka\u0161 Dejan Fab\u010di\u010d se je na paraolimpijskih igrah v Riu prebil skozi kvalifikacijsko in polfinalno sito in se uvrstil v dana\u0161nji finale A v kategoriji KL2. V prvi predtekmovalni skupini je bil s \u010dasom 48,131 tretji in mu je spodletelo neposredno napredovanje v finale, kamor sta se uvrstila dva najhitrej\u0161a, moral je torej \u0161e enkrat v \u010doln in se pomeriti v polfinalu, v katerem je bil med \u010detverico, ki si je zagotovila dana\u0161nji nastop, s \u010dasom 48,633 drugi. Ugnal ga je zgolj Italijan Federico Mancarella. \u00bbDan se je za\u010del zelo lepo. Ko sem zjutraj pri\u0161el do \u010dolna, je bila na njem pikapolonica. Rekel sem si, da mora to pomeniti nekaj posebnega. Dve vo\u017enji sta bili kar naporni, med njima je bila zgolj ena ura razmika, ko\u00a0...","og_url":"https:\/\/hudo.com\/si\/aktualno\/danes-pod-slovensko-zastavo-fabcic-in-jeralic\/","og_site_name":"Hudo Slovenija","article_publisher":"https:\/\/www.facebook.com\/hudo.si","article_published_time":"2016-09-15T02:39:00+00:00","og_image":[{"width":480,"height":290,"url":"https:\/\/hudo.com\/si\/wp-content\/uploads\/sites\/2\/2016\/09\/480x290_djvu_2388483_janezp_ponikvar-paraolimpijske-igre.jpeg","type":"image\/jpeg"}],"author":"hudo","twitter_card":"summary_large_image","twitter_creator":"@hudo_si","twitter_site":"@hudo_si","twitter_misc":{"Written by":"hudo","Est. reading time":"1 minuta"},"schema":{"@context":"https:\/\/schema.org","@graph":[{"@type":"Article","@id":"https:\/\/hudo.com\/si\/aktualno\/danes-pod-slovensko-zastavo-fabcic-in-jeralic\/#article","isPartOf":{"@id":"https:\/\/hudo.com\/si\/aktualno\/danes-pod-slovensko-zastavo-fabcic-in-jeralic\/"},"author":{"name":"hudo","@id":"https:\/\/hudo.com\/si\/#\/schema\/person\/601cf3379633985b20f7e50f2bb47707"},"headline":"Danes pod slovensko zastavo Fab\u010di\u010d in Jerali\u010d","datePublished":"2016-09-15T02:39:00+00:00","dateModified":"2016-09-15T02:39:00+00:00","mainEntityOfPage":{"@id":"https:\/\/hudo.com\/si\/aktualno\/danes-pod-slovensko-zastavo-fabcic-in-jeralic\/"},"wordCount":148,"publisher":{"@id":"https:\/\/hudo.com\/si\/#organization"},"articleSection":["Aktualno"],"inLanguage":"sl-SI"},{"@type":"WebPage","@id":"https:\/\/hudo.com\/si\/aktualno\/danes-pod-slovensko-zastavo-fabcic-in-jeralic\/","url":"https:\/\/hudo.com\/si\/aktualno\/danes-pod-slovensko-zastavo-fabcic-in-jeralic\/","name":"Danes pod slovensko zastavo Fab\u010di\u010d in Jerali\u010d - Hudo Slovenija","isPartOf":{"@id":"https:\/\/hudo.com\/si\/#website"},"datePublished":"2016-09-15T02:39:00+00:00","dateModified":"2016-09-15T02:39:00+00:00","breadcrumb":{"@id":"https:\/\/hudo.com\/si\/aktualno\/danes-pod-slovensko-zastavo-fabcic-in-jeralic\/#breadcrumb"},"inLanguage":"sl-SI","potentialAction":[{"@type":"ReadAction","target":["https:\/\/hudo.com\/si\/aktualno\/danes-pod-slovensko-zastavo-fabcic-in-jeralic\/"]}]},{"@type":"BreadcrumbList","@id":"https:\/\/hudo.com\/si\/aktualno\/danes-pod-slovensko-zastavo-fabcic-in-jeralic\/#breadcrumb","itemListElement":[{"@type":"ListItem","position":1,"name":"Home","item":"https:\/\/hudo.com\/si\/"},{"@type":"ListItem","position":2,"name":"Danes pod slovensko zastavo Fab\u010di\u010d in Jerali\u010d"}]},{"@type":"WebSite","@id":"https:\/\/hudo.com\/si\/#website","url":"https:\/\/hudo.com\/si\/","name":"Hudo Slovenija","description":"Vse novice iz Slovenije in sveta","publisher":{"@id":"https:\/\/hudo.com\/si\/#organization"},"potentialAction":[{"@type":"SearchAction","target":{"@type":"EntryPoint","urlTemplate":"https:\/\/hudo.com\/si\/?s={search_term_string}"},"query-input":"required name=search_term_string"}],"inLanguage":"sl-SI"},{"@type":"Organization","@id":"https:\/\/hudo.com\/si\/#organization","name":"VSN Media","url":"https:\/\/hudo.com\/si\/","logo":{"@type":"ImageObject","inLanguage":"sl-SI","@id":"https:\/\/hudo.com\/si\/#\/schema\/logo\/image\/","url":"https:\/\/hudo.com\/si\/wp-content\/uploads\/sites\/2\/2021\/03\/hudo-app-2.png","contentUrl":"https:\/\/hudo.com\/si\/wp-content\/uploads\/sites\/2\/2021\/03\/hudo-app-2.png","width":2185,"height":2167,"caption":"VSN Media"},"image":{"@id":"https:\/\/hudo.com\/si\/#\/schema\/logo\/image\/"},"sameAs":["https:\/\/www.facebook.com\/hudo.si","https:\/\/twitter.com\/hudo_si"]},{"@type":"Person","@id":"https:\/\/hudo.com\/si\/#\/schema\/person\/601cf3379633985b20f7e50f2bb47707","name":"hudo","image":{"@type":"ImageObject","inLanguage":"sl-SI","@id":"https:\/\/hudo.com\/si\/#\/schema\/person\/image\/","url":"https:\/\/secure.gravatar.com\/avatar\/c4ca25fa72cace7a696b52ff5db9e095?s=96&d=mm&r=g","contentUrl":"https:\/\/secure.gravatar.com\/avatar\/c4ca25fa72cace7a696b52ff5db9e095?s=96&d=mm&r=g","caption":"hudo"},"url":"https:\/\/hudo.com\/si\/author\/hudo\/"}]}},"amp_enabled":true,"_links":{"self":[{"href":"https:\/\/hudo.com\/si\/wp-json\/wp\/v2\/posts\/133262"}],"collection":[{"href":"https:\/\/hudo.com\/si\/wp-json\/wp\/v2\/posts"}],"about":[{"href":"https:\/\/hudo.com\/si\/wp-json\/wp\/v2\/types\/post"}],"author":[{"embeddable":true,"href":"https:\/\/hudo.com\/si\/wp-json\/wp\/v2\/users\/1"}],"replies":[{"embeddable":true,"href":"https:\/\/hudo.com\/si\/wp-json\/wp\/v2\/comments?post=133262"}],"version-history":[{"count":0,"href":"https:\/\/hudo.com\/si\/wp-json\/wp\/v2\/posts\/133262\/revisions"}],"wp:attachment":[{"href":"https:\/\/hudo.com\/si\/wp-json\/wp\/v2\/media?parent=133262"}],"wp:term":[{"taxonomy":"category","embeddable":true,"href":"https:\/\/hudo.com\/si\/wp-json\/wp\/v2\/categories?post=133262"},{"taxonomy":"post_tag","embeddable":true,"href":"https:\/\/hudo.com\/si\/wp-json\/wp\/v2\/tags?post=133262"},{"taxonomy":"source","embeddable":true,"href":"https:\/\/hudo.com\/si\/wp-json\/wp\/v2\/source?post=133262"},{"taxonomy":"supertag","embeddable":true,"href":"https:\/\/hudo.com\/si\/wp-json\/wp\/v2\/supertag?post=133262"}],"curies":[{"name":"wp","href":"https:\/\/api.w.org\/{rel}","templated":true}]}}