{"id":133264,"date":"2016-09-15T04:14:00","date_gmt":"2016-09-15T02:14:00","guid":{"rendered":"http:\/\/hudo.com\/si\/2016\/09\/15\/gill-ne-vem-kako-je-ceferinu-podpora-tako-poskocila\/"},"modified":"2016-09-16T01:57:38","modified_gmt":"2016-09-15T23:57:38","slug":"gill-ne-vem-kako-je-ceferinu-podpora-tako-poskocila","status":"publish","type":"post","link":"https:\/\/hudo.com\/si\/aktualno\/gill-ne-vem-kako-je-ceferinu-podpora-tako-poskocila\/","title":{"rendered":"Gill: Ne vem, kako je \u010ceferinu podpora tako posko\u010dila"},"content":{"rendered":"<p>Kategorija: Nogomet Thu, 15 Sep 2016 06:14:00 +0200  Atene &#8211; Protikandidat novope\u010denega predsednika Evropske nogometne zveze (UEFA) Aleksandra \u010ceferina, Nizozemec Michael van Praag, je na v\u010deraj\u0161njem izrednem volilnem kongresu v Atenah prepri\u010dal le 13 od 55 zvez, ena od dr\u017eav, ki mu je vnaprej javno obljubila podporo, je bila tudi Anglija. Enemu glavnih mo\u017e tamkaj\u0161nje zveze (FA) Davidu Gillu ni jasno, od kod tolik\u0161na podpora \u010ceferinu. \u00bbNe vem, kako mu je podpora tako posko\u010dila, toda to je \u010dar volilnega procesa. Postavil se je v ring s podporo lastne zveze, o\u010ditno je imel tudi zelo dobro programsko kampanjo, v kateri je ve\u010dino prepri\u010dal, da je sposoben obljubljeno tudi uresni\u010diti. Obiskal je zveze in predsednike prepri\u010dal, da je pravi za vodenje UEFA. Vpra\u0161ati se gre tudi, zakaj so nekateri spremenili svojo odlo\u010ditev in niso volili Michaela, temve\u010d Aleksandra,\u00ab je skomignil z\u00a0&#8230;<\/p>\n","protected":false},"excerpt":{"rendered":"<p>Kategorija: Nogomet Thu, 15 Sep 2016 06:14:00 +0200  Atene &#8211; Protikandidat novope\u010denega predsednika Evropske nogometne zveze (UEFA) Aleksandra \u010ceferina, Nizozemec Michael van Praag, je na v\u010deraj\u0161njem izrednem volilnem kongresu v Atenah prepri\u010dal le 13 od 55 zvez, ena od dr\u017eav, ki mu je vnaprej javno obljubila podporo, je bila tudi Anglija. Enemu glavnih mo\u017e tamkaj\u0161nje zveze (FA) Davidu Gillu ni jasno, od kod tolik\u0161na podpora \u010ceferinu. \u00bbNe vem, kako mu je podpora tako posko\u010dila, toda to je \u010dar volilnega procesa. Postavil se je v ring s podporo lastne zveze, o\u010ditno je imel tudi zelo dobro programsko kampanjo, v kateri je ve\u010dino prepri\u010dal, da je sposoben obljubljeno tudi uresni\u010diti. Obiskal je zveze in predsednike prepri\u010dal, da je pravi za vodenje UEFA. Vpra\u0161ati se gre tudi, zakaj so nekateri spremenili svojo odlo\u010ditev in niso volili Michaela, temve\u010d Aleksandra,\u00ab je skomignil z\u00a0&#8230;<\/p>\n","protected":false},"author":1,"featured_media":0,"comment_status":"closed","ping_status":"closed","sticky":false,"template":"","format":"standard","meta":{"footnotes":""},"categories":[1179],"tags":[],"source":[1703],"supertag":[],"acf":[],"yoast_head":"<!-- This site is optimized with the Yoast SEO plugin v21.3 - https:\/\/yoast.com\/wordpress\/plugins\/seo\/ -->\n<title>Gill: Ne vem, kako je \u010ceferinu podpora tako posko\u010dila - Hudo Slovenija<\/title>\n<meta name=\"robots\" content=\"index, follow, max-snippet:-1, max-image-preview:large, max-video-preview:-1\" \/>\n<link rel=\"canonical\" href=\"https:\/\/hudo.com\/si\/aktualno\/gill-ne-vem-kako-je-ceferinu-podpora-tako-poskocila\/\" \/>\n<meta property=\"og:locale\" content=\"sl_SI\" \/>\n<meta property=\"og:type\" content=\"article\" \/>\n<meta property=\"og:title\" content=\"Gill: Ne vem, kako je \u010ceferinu podpora tako posko\u010dila - Hudo Slovenija\" \/>\n<meta property=\"og:description\" content=\"Kategorija: Nogomet Thu, 15 Sep 2016 06:14:00 +0200 Atene - Protikandidat novope\u010denega predsednika Evropske nogometne zveze (UEFA) Aleksandra \u010ceferina, Nizozemec Michael van Praag, je na v\u010deraj\u0161njem izrednem volilnem kongresu v Atenah prepri\u010dal le 13 od 55 zvez, ena od dr\u017eav, ki mu je vnaprej javno obljubila podporo, je bila tudi Anglija. Enemu glavnih mo\u017e tamkaj\u0161nje zveze (FA) Davidu Gillu ni jasno, od kod tolik\u0161na podpora \u010ceferinu. \u00bbNe vem, kako mu je podpora tako posko\u010dila, toda to je \u010dar volilnega procesa. Postavil se je v ring s podporo lastne zveze, o\u010ditno je imel tudi zelo dobro programsko kampanjo, v kateri je ve\u010dino prepri\u010dal, da je sposoben obljubljeno tudi uresni\u010diti. Obiskal je zveze in predsednike prepri\u010dal, da je pravi za vodenje UEFA. Vpra\u0161ati se gre tudi, zakaj so nekateri spremenili svojo odlo\u010ditev in niso volili Michaela, temve\u010d Aleksandra,\u00ab je skomignil z\u00a0...\" \/>\n<meta property=\"og:url\" content=\"https:\/\/hudo.com\/si\/aktualno\/gill-ne-vem-kako-je-ceferinu-podpora-tako-poskocila\/\" \/>\n<meta property=\"og:site_name\" content=\"Hudo Slovenija\" \/>\n<meta property=\"article:publisher\" content=\"https:\/\/www.facebook.com\/hudo.si\" \/>\n<meta property=\"article:published_time\" content=\"2016-09-15T02:14:00+00:00\" \/>\n<meta property=\"article:modified_time\" content=\"2016-09-15T23:57:38+00:00\" \/>\n<meta property=\"og:image\" content=\"https:\/\/hudo.com\/si\/wp-content\/uploads\/sites\/2\/2016\/09\/480x290_AP_Pictures-20160914113719-21559100.jpeg\" \/>\n\t<meta property=\"og:image:width\" content=\"480\" \/>\n\t<meta property=\"og:image:height\" content=\"290\" \/>\n\t<meta property=\"og:image:type\" content=\"image\/jpeg\" \/>\n<meta name=\"author\" content=\"hudo\" \/>\n<meta name=\"twitter:card\" content=\"summary_large_image\" \/>\n<meta name=\"twitter:creator\" content=\"@hudo_si\" \/>\n<meta name=\"twitter:site\" content=\"@hudo_si\" \/>\n<meta name=\"twitter:label1\" content=\"Written by\" \/>\n\t<meta name=\"twitter:data1\" content=\"hudo\" \/>\n\t<meta name=\"twitter:label2\" content=\"Est. reading time\" \/>\n\t<meta name=\"twitter:data2\" content=\"1 minuta\" \/>\n<script type=\"application\/ld+json\" class=\"yoast-schema-graph\">{\"@context\":\"https:\/\/schema.org\",\"@graph\":[{\"@type\":\"Article\",\"@id\":\"https:\/\/hudo.com\/si\/aktualno\/gill-ne-vem-kako-je-ceferinu-podpora-tako-poskocila\/#article\",\"isPartOf\":{\"@id\":\"https:\/\/hudo.com\/si\/aktualno\/gill-ne-vem-kako-je-ceferinu-podpora-tako-poskocila\/\"},\"author\":{\"name\":\"hudo\",\"@id\":\"https:\/\/hudo.com\/si\/#\/schema\/person\/601cf3379633985b20f7e50f2bb47707\"},\"headline\":\"Gill: Ne vem, kako je \u010ceferinu podpora tako posko\u010dila\",\"datePublished\":\"2016-09-15T02:14:00+00:00\",\"dateModified\":\"2016-09-15T23:57:38+00:00\",\"mainEntityOfPage\":{\"@id\":\"https:\/\/hudo.com\/si\/aktualno\/gill-ne-vem-kako-je-ceferinu-podpora-tako-poskocila\/\"},\"wordCount\":158,\"publisher\":{\"@id\":\"https:\/\/hudo.com\/si\/#organization\"},\"articleSection\":[\"Aktualno\"],\"inLanguage\":\"sl-SI\"},{\"@type\":\"WebPage\",\"@id\":\"https:\/\/hudo.com\/si\/aktualno\/gill-ne-vem-kako-je-ceferinu-podpora-tako-poskocila\/\",\"url\":\"https:\/\/hudo.com\/si\/aktualno\/gill-ne-vem-kako-je-ceferinu-podpora-tako-poskocila\/\",\"name\":\"Gill: Ne vem, kako je \u010ceferinu podpora tako posko\u010dila - Hudo Slovenija\",\"isPartOf\":{\"@id\":\"https:\/\/hudo.com\/si\/#website\"},\"datePublished\":\"2016-09-15T02:14:00+00:00\",\"dateModified\":\"2016-09-15T23:57:38+00:00\",\"breadcrumb\":{\"@id\":\"https:\/\/hudo.com\/si\/aktualno\/gill-ne-vem-kako-je-ceferinu-podpora-tako-poskocila\/#breadcrumb\"},\"inLanguage\":\"sl-SI\",\"potentialAction\":[{\"@type\":\"ReadAction\",\"target\":[\"https:\/\/hudo.com\/si\/aktualno\/gill-ne-vem-kako-je-ceferinu-podpora-tako-poskocila\/\"]}]},{\"@type\":\"BreadcrumbList\",\"@id\":\"https:\/\/hudo.com\/si\/aktualno\/gill-ne-vem-kako-je-ceferinu-podpora-tako-poskocila\/#breadcrumb\",\"itemListElement\":[{\"@type\":\"ListItem\",\"position\":1,\"name\":\"Home\",\"item\":\"https:\/\/hudo.com\/si\/\"},{\"@type\":\"ListItem\",\"position\":2,\"name\":\"Gill: Ne vem, kako je \u010ceferinu podpora tako posko\u010dila\"}]},{\"@type\":\"WebSite\",\"@id\":\"https:\/\/hudo.com\/si\/#website\",\"url\":\"https:\/\/hudo.com\/si\/\",\"name\":\"Hudo Slovenija\",\"description\":\"Vse novice iz Slovenije in sveta\",\"publisher\":{\"@id\":\"https:\/\/hudo.com\/si\/#organization\"},\"potentialAction\":[{\"@type\":\"SearchAction\",\"target\":{\"@type\":\"EntryPoint\",\"urlTemplate\":\"https:\/\/hudo.com\/si\/?s={search_term_string}\"},\"query-input\":\"required name=search_term_string\"}],\"inLanguage\":\"sl-SI\"},{\"@type\":\"Organization\",\"@id\":\"https:\/\/hudo.com\/si\/#organization\",\"name\":\"VSN Media\",\"url\":\"https:\/\/hudo.com\/si\/\",\"logo\":{\"@type\":\"ImageObject\",\"inLanguage\":\"sl-SI\",\"@id\":\"https:\/\/hudo.com\/si\/#\/schema\/logo\/image\/\",\"url\":\"https:\/\/hudo.com\/si\/wp-content\/uploads\/sites\/2\/2021\/03\/hudo-app-2.png\",\"contentUrl\":\"https:\/\/hudo.com\/si\/wp-content\/uploads\/sites\/2\/2021\/03\/hudo-app-2.png\",\"width\":2185,\"height\":2167,\"caption\":\"VSN Media\"},\"image\":{\"@id\":\"https:\/\/hudo.com\/si\/#\/schema\/logo\/image\/\"},\"sameAs\":[\"https:\/\/www.facebook.com\/hudo.si\",\"https:\/\/twitter.com\/hudo_si\"]},{\"@type\":\"Person\",\"@id\":\"https:\/\/hudo.com\/si\/#\/schema\/person\/601cf3379633985b20f7e50f2bb47707\",\"name\":\"hudo\",\"image\":{\"@type\":\"ImageObject\",\"inLanguage\":\"sl-SI\",\"@id\":\"https:\/\/hudo.com\/si\/#\/schema\/person\/image\/\",\"url\":\"https:\/\/secure.gravatar.com\/avatar\/c4ca25fa72cace7a696b52ff5db9e095?s=96&d=mm&r=g\",\"contentUrl\":\"https:\/\/secure.gravatar.com\/avatar\/c4ca25fa72cace7a696b52ff5db9e095?s=96&d=mm&r=g\",\"caption\":\"hudo\"},\"url\":\"https:\/\/hudo.com\/si\/author\/hudo\/\"}]}<\/script>\n<!-- \/ Yoast SEO plugin. -->","yoast_head_json":{"title":"Gill: Ne vem, kako je \u010ceferinu podpora tako posko\u010dila - Hudo Slovenija","robots":{"index":"index","follow":"follow","max-snippet":"max-snippet:-1","max-image-preview":"max-image-preview:large","max-video-preview":"max-video-preview:-1"},"canonical":"https:\/\/hudo.com\/si\/aktualno\/gill-ne-vem-kako-je-ceferinu-podpora-tako-poskocila\/","og_locale":"sl_SI","og_type":"article","og_title":"Gill: Ne vem, kako je \u010ceferinu podpora tako posko\u010dila - Hudo Slovenija","og_description":"Kategorija: Nogomet Thu, 15 Sep 2016 06:14:00 +0200 Atene - Protikandidat novope\u010denega predsednika Evropske nogometne zveze (UEFA) Aleksandra \u010ceferina, Nizozemec Michael van Praag, je na v\u010deraj\u0161njem izrednem volilnem kongresu v Atenah prepri\u010dal le 13 od 55 zvez, ena od dr\u017eav, ki mu je vnaprej javno obljubila podporo, je bila tudi Anglija. Enemu glavnih mo\u017e tamkaj\u0161nje zveze (FA) Davidu Gillu ni jasno, od kod tolik\u0161na podpora \u010ceferinu. \u00bbNe vem, kako mu je podpora tako posko\u010dila, toda to je \u010dar volilnega procesa. Postavil se je v ring s podporo lastne zveze, o\u010ditno je imel tudi zelo dobro programsko kampanjo, v kateri je ve\u010dino prepri\u010dal, da je sposoben obljubljeno tudi uresni\u010diti. Obiskal je zveze in predsednike prepri\u010dal, da je pravi za vodenje UEFA. Vpra\u0161ati se gre tudi, zakaj so nekateri spremenili svojo odlo\u010ditev in niso volili Michaela, temve\u010d Aleksandra,\u00ab je skomignil z\u00a0...","og_url":"https:\/\/hudo.com\/si\/aktualno\/gill-ne-vem-kako-je-ceferinu-podpora-tako-poskocila\/","og_site_name":"Hudo Slovenija","article_publisher":"https:\/\/www.facebook.com\/hudo.si","article_published_time":"2016-09-15T02:14:00+00:00","article_modified_time":"2016-09-15T23:57:38+00:00","og_image":[{"width":480,"height":290,"url":"https:\/\/hudo.com\/si\/wp-content\/uploads\/sites\/2\/2016\/09\/480x290_AP_Pictures-20160914113719-21559100.jpeg","type":"image\/jpeg"}],"author":"hudo","twitter_card":"summary_large_image","twitter_creator":"@hudo_si","twitter_site":"@hudo_si","twitter_misc":{"Written by":"hudo","Est. reading time":"1 minuta"},"schema":{"@context":"https:\/\/schema.org","@graph":[{"@type":"Article","@id":"https:\/\/hudo.com\/si\/aktualno\/gill-ne-vem-kako-je-ceferinu-podpora-tako-poskocila\/#article","isPartOf":{"@id":"https:\/\/hudo.com\/si\/aktualno\/gill-ne-vem-kako-je-ceferinu-podpora-tako-poskocila\/"},"author":{"name":"hudo","@id":"https:\/\/hudo.com\/si\/#\/schema\/person\/601cf3379633985b20f7e50f2bb47707"},"headline":"Gill: Ne vem, kako je \u010ceferinu podpora tako posko\u010dila","datePublished":"2016-09-15T02:14:00+00:00","dateModified":"2016-09-15T23:57:38+00:00","mainEntityOfPage":{"@id":"https:\/\/hudo.com\/si\/aktualno\/gill-ne-vem-kako-je-ceferinu-podpora-tako-poskocila\/"},"wordCount":158,"publisher":{"@id":"https:\/\/hudo.com\/si\/#organization"},"articleSection":["Aktualno"],"inLanguage":"sl-SI"},{"@type":"WebPage","@id":"https:\/\/hudo.com\/si\/aktualno\/gill-ne-vem-kako-je-ceferinu-podpora-tako-poskocila\/","url":"https:\/\/hudo.com\/si\/aktualno\/gill-ne-vem-kako-je-ceferinu-podpora-tako-poskocila\/","name":"Gill: Ne vem, kako je \u010ceferinu podpora tako posko\u010dila - Hudo Slovenija","isPartOf":{"@id":"https:\/\/hudo.com\/si\/#website"},"datePublished":"2016-09-15T02:14:00+00:00","dateModified":"2016-09-15T23:57:38+00:00","breadcrumb":{"@id":"https:\/\/hudo.com\/si\/aktualno\/gill-ne-vem-kako-je-ceferinu-podpora-tako-poskocila\/#breadcrumb"},"inLanguage":"sl-SI","potentialAction":[{"@type":"ReadAction","target":["https:\/\/hudo.com\/si\/aktualno\/gill-ne-vem-kako-je-ceferinu-podpora-tako-poskocila\/"]}]},{"@type":"BreadcrumbList","@id":"https:\/\/hudo.com\/si\/aktualno\/gill-ne-vem-kako-je-ceferinu-podpora-tako-poskocila\/#breadcrumb","itemListElement":[{"@type":"ListItem","position":1,"name":"Home","item":"https:\/\/hudo.com\/si\/"},{"@type":"ListItem","position":2,"name":"Gill: Ne vem, kako je \u010ceferinu podpora tako posko\u010dila"}]},{"@type":"WebSite","@id":"https:\/\/hudo.com\/si\/#website","url":"https:\/\/hudo.com\/si\/","name":"Hudo Slovenija","description":"Vse novice iz Slovenije in sveta","publisher":{"@id":"https:\/\/hudo.com\/si\/#organization"},"potentialAction":[{"@type":"SearchAction","target":{"@type":"EntryPoint","urlTemplate":"https:\/\/hudo.com\/si\/?s={search_term_string}"},"query-input":"required name=search_term_string"}],"inLanguage":"sl-SI"},{"@type":"Organization","@id":"https:\/\/hudo.com\/si\/#organization","name":"VSN Media","url":"https:\/\/hudo.com\/si\/","logo":{"@type":"ImageObject","inLanguage":"sl-SI","@id":"https:\/\/hudo.com\/si\/#\/schema\/logo\/image\/","url":"https:\/\/hudo.com\/si\/wp-content\/uploads\/sites\/2\/2021\/03\/hudo-app-2.png","contentUrl":"https:\/\/hudo.com\/si\/wp-content\/uploads\/sites\/2\/2021\/03\/hudo-app-2.png","width":2185,"height":2167,"caption":"VSN Media"},"image":{"@id":"https:\/\/hudo.com\/si\/#\/schema\/logo\/image\/"},"sameAs":["https:\/\/www.facebook.com\/hudo.si","https:\/\/twitter.com\/hudo_si"]},{"@type":"Person","@id":"https:\/\/hudo.com\/si\/#\/schema\/person\/601cf3379633985b20f7e50f2bb47707","name":"hudo","image":{"@type":"ImageObject","inLanguage":"sl-SI","@id":"https:\/\/hudo.com\/si\/#\/schema\/person\/image\/","url":"https:\/\/secure.gravatar.com\/avatar\/c4ca25fa72cace7a696b52ff5db9e095?s=96&d=mm&r=g","contentUrl":"https:\/\/secure.gravatar.com\/avatar\/c4ca25fa72cace7a696b52ff5db9e095?s=96&d=mm&r=g","caption":"hudo"},"url":"https:\/\/hudo.com\/si\/author\/hudo\/"}]}},"amp_enabled":true,"_links":{"self":[{"href":"https:\/\/hudo.com\/si\/wp-json\/wp\/v2\/posts\/133264"}],"collection":[{"href":"https:\/\/hudo.com\/si\/wp-json\/wp\/v2\/posts"}],"about":[{"href":"https:\/\/hudo.com\/si\/wp-json\/wp\/v2\/types\/post"}],"author":[{"embeddable":true,"href":"https:\/\/hudo.com\/si\/wp-json\/wp\/v2\/users\/1"}],"replies":[{"embeddable":true,"href":"https:\/\/hudo.com\/si\/wp-json\/wp\/v2\/comments?post=133264"}],"version-history":[{"count":1,"href":"https:\/\/hudo.com\/si\/wp-json\/wp\/v2\/posts\/133264\/revisions"}],"predecessor-version":[{"id":133537,"href":"https:\/\/hudo.com\/si\/wp-json\/wp\/v2\/posts\/133264\/revisions\/133537"}],"wp:attachment":[{"href":"https:\/\/hudo.com\/si\/wp-json\/wp\/v2\/media?parent=133264"}],"wp:term":[{"taxonomy":"category","embeddable":true,"href":"https:\/\/hudo.com\/si\/wp-json\/wp\/v2\/categories?post=133264"},{"taxonomy":"post_tag","embeddable":true,"href":"https:\/\/hudo.com\/si\/wp-json\/wp\/v2\/tags?post=133264"},{"taxonomy":"source","embeddable":true,"href":"https:\/\/hudo.com\/si\/wp-json\/wp\/v2\/source?post=133264"},{"taxonomy":"supertag","embeddable":true,"href":"https:\/\/hudo.com\/si\/wp-json\/wp\/v2\/supertag?post=133264"}],"curies":[{"name":"wp","href":"https:\/\/api.w.org\/{rel}","templated":true}]}}