{"id":133283,"date":"2016-09-15T04:02:00","date_gmt":"2016-09-15T02:02:00","guid":{"rendered":"http:\/\/hudo.com\/si\/2016\/09\/15\/jelincic-bi-tozilcu-danes-zaupal-credo-ovac\/"},"modified":"2016-09-16T08:31:18","modified_gmt":"2016-09-16T06:31:18","slug":"jelincic-bi-tozilcu-danes-zaupal-credo-ovac","status":"publish","type":"post","link":"https:\/\/hudo.com\/si\/aktualno\/jelincic-bi-tozilcu-danes-zaupal-credo-ovac\/","title":{"rendered":"Jelin\u010di\u010d bi to\u017eilcu danes zaupal \u010dredo ovac"},"content":{"rendered":"<p>Okro\u017eno sodi\u0161\u010de v Ljubljani je nekdanjega poslanca SNS Zmaga Jelin\u010di\u010da Plemenitega oprostilo obto\u017eb, da je raz\u017ealil to\u017eilca Jo\u017eeta Leva\u0161i\u010da. To\u017eilca so maja leta 2006 zmotile Jelin\u010di\u010deve besede, da Leva\u0161i\u010du \u201cne bi dal \u010duvati treh ovac, ker bi se bal, da bo dve izgubil\u201d.<\/p>\n","protected":false},"excerpt":{"rendered":"<p>Okro\u017eno sodi\u0161\u010de v Ljubljani je nekdanjega poslanca SNS Zmaga Jelin\u010di\u010da Plemenitega oprostilo obto\u017eb, da je raz\u017ealil to\u017eilca Jo\u017eeta Leva\u0161i\u010da. To\u017eilca so maja leta 2006 zmotile Jelin\u010di\u010deve besede, da Leva\u0161i\u010du \u201cne bi dal \u010duvati treh ovac, ker bi se bal, da bo dve izgubil\u201d.<\/p>\n","protected":false},"author":1,"featured_media":0,"comment_status":"closed","ping_status":"closed","sticky":false,"template":"","format":"standard","meta":{"footnotes":""},"categories":[1179],"tags":[],"source":[1707],"supertag":[],"acf":[],"yoast_head":"<!-- This site is optimized with the Yoast SEO plugin v21.3 - https:\/\/yoast.com\/wordpress\/plugins\/seo\/ -->\n<title>Jelin\u010di\u010d bi to\u017eilcu danes zaupal \u010dredo ovac - Hudo Slovenija<\/title>\n<meta name=\"robots\" content=\"index, follow, max-snippet:-1, max-image-preview:large, max-video-preview:-1\" \/>\n<link rel=\"canonical\" href=\"https:\/\/hudo.com\/si\/aktualno\/jelincic-bi-tozilcu-danes-zaupal-credo-ovac\/\" \/>\n<meta property=\"og:locale\" content=\"sl_SI\" \/>\n<meta property=\"og:type\" content=\"article\" \/>\n<meta property=\"og:title\" content=\"Jelin\u010di\u010d bi to\u017eilcu danes zaupal \u010dredo ovac - Hudo Slovenija\" \/>\n<meta property=\"og:description\" content=\"Okro\u017eno sodi\u0161\u010de v Ljubljani je nekdanjega poslanca SNS Zmaga Jelin\u010di\u010da Plemenitega oprostilo obto\u017eb, da je raz\u017ealil to\u017eilca Jo\u017eeta Leva\u0161i\u010da. To\u017eilca so maja leta 2006 zmotile Jelin\u010di\u010deve besede, da Leva\u0161i\u010du \u201cne bi dal \u010duvati treh ovac, ker bi se bal, da bo dve izgubil\u201d.\" \/>\n<meta property=\"og:url\" content=\"https:\/\/hudo.com\/si\/aktualno\/jelincic-bi-tozilcu-danes-zaupal-credo-ovac\/\" \/>\n<meta property=\"og:site_name\" content=\"Hudo Slovenija\" \/>\n<meta property=\"article:publisher\" content=\"https:\/\/www.facebook.com\/hudo.si\" \/>\n<meta property=\"article:published_time\" content=\"2016-09-15T02:02:00+00:00\" \/>\n<meta property=\"article:modified_time\" content=\"2016-09-16T06:31:18+00:00\" \/>\n<meta property=\"og:image\" content=\"https:\/\/hudo.com\/si\/wp-content\/uploads\/sites\/2\/2016\/09\/215-levasic11z.jpg\" \/>\n\t<meta property=\"og:image:width\" content=\"620\" \/>\n\t<meta property=\"og:image:height\" content=\"531\" \/>\n\t<meta property=\"og:image:type\" content=\"image\/jpeg\" \/>\n<meta name=\"author\" content=\"hudo\" \/>\n<meta name=\"twitter:card\" content=\"summary_large_image\" \/>\n<meta name=\"twitter:creator\" content=\"@hudo_si\" \/>\n<meta name=\"twitter:site\" content=\"@hudo_si\" \/>\n<meta name=\"twitter:label1\" content=\"Written by\" \/>\n\t<meta name=\"twitter:data1\" content=\"hudo\" \/>\n<script type=\"application\/ld+json\" class=\"yoast-schema-graph\">{\"@context\":\"https:\/\/schema.org\",\"@graph\":[{\"@type\":\"Article\",\"@id\":\"https:\/\/hudo.com\/si\/aktualno\/jelincic-bi-tozilcu-danes-zaupal-credo-ovac\/#article\",\"isPartOf\":{\"@id\":\"https:\/\/hudo.com\/si\/aktualno\/jelincic-bi-tozilcu-danes-zaupal-credo-ovac\/\"},\"author\":{\"name\":\"hudo\",\"@id\":\"https:\/\/hudo.com\/si\/#\/schema\/person\/601cf3379633985b20f7e50f2bb47707\"},\"headline\":\"Jelin\u010di\u010d bi to\u017eilcu danes zaupal \u010dredo ovac\",\"datePublished\":\"2016-09-15T02:02:00+00:00\",\"dateModified\":\"2016-09-16T06:31:18+00:00\",\"mainEntityOfPage\":{\"@id\":\"https:\/\/hudo.com\/si\/aktualno\/jelincic-bi-tozilcu-danes-zaupal-credo-ovac\/\"},\"wordCount\":66,\"publisher\":{\"@id\":\"https:\/\/hudo.com\/si\/#organization\"},\"articleSection\":[\"Aktualno\"],\"inLanguage\":\"sl-SI\"},{\"@type\":\"WebPage\",\"@id\":\"https:\/\/hudo.com\/si\/aktualno\/jelincic-bi-tozilcu-danes-zaupal-credo-ovac\/\",\"url\":\"https:\/\/hudo.com\/si\/aktualno\/jelincic-bi-tozilcu-danes-zaupal-credo-ovac\/\",\"name\":\"Jelin\u010di\u010d bi to\u017eilcu danes zaupal \u010dredo ovac - Hudo Slovenija\",\"isPartOf\":{\"@id\":\"https:\/\/hudo.com\/si\/#website\"},\"datePublished\":\"2016-09-15T02:02:00+00:00\",\"dateModified\":\"2016-09-16T06:31:18+00:00\",\"breadcrumb\":{\"@id\":\"https:\/\/hudo.com\/si\/aktualno\/jelincic-bi-tozilcu-danes-zaupal-credo-ovac\/#breadcrumb\"},\"inLanguage\":\"sl-SI\",\"potentialAction\":[{\"@type\":\"ReadAction\",\"target\":[\"https:\/\/hudo.com\/si\/aktualno\/jelincic-bi-tozilcu-danes-zaupal-credo-ovac\/\"]}]},{\"@type\":\"BreadcrumbList\",\"@id\":\"https:\/\/hudo.com\/si\/aktualno\/jelincic-bi-tozilcu-danes-zaupal-credo-ovac\/#breadcrumb\",\"itemListElement\":[{\"@type\":\"ListItem\",\"position\":1,\"name\":\"Home\",\"item\":\"https:\/\/hudo.com\/si\/\"},{\"@type\":\"ListItem\",\"position\":2,\"name\":\"Jelin\u010di\u010d bi to\u017eilcu danes zaupal \u010dredo ovac\"}]},{\"@type\":\"WebSite\",\"@id\":\"https:\/\/hudo.com\/si\/#website\",\"url\":\"https:\/\/hudo.com\/si\/\",\"name\":\"Hudo Slovenija\",\"description\":\"Vse novice iz Slovenije in sveta\",\"publisher\":{\"@id\":\"https:\/\/hudo.com\/si\/#organization\"},\"potentialAction\":[{\"@type\":\"SearchAction\",\"target\":{\"@type\":\"EntryPoint\",\"urlTemplate\":\"https:\/\/hudo.com\/si\/?s={search_term_string}\"},\"query-input\":\"required name=search_term_string\"}],\"inLanguage\":\"sl-SI\"},{\"@type\":\"Organization\",\"@id\":\"https:\/\/hudo.com\/si\/#organization\",\"name\":\"VSN Media\",\"url\":\"https:\/\/hudo.com\/si\/\",\"logo\":{\"@type\":\"ImageObject\",\"inLanguage\":\"sl-SI\",\"@id\":\"https:\/\/hudo.com\/si\/#\/schema\/logo\/image\/\",\"url\":\"https:\/\/hudo.com\/si\/wp-content\/uploads\/sites\/2\/2021\/03\/hudo-app-2.png\",\"contentUrl\":\"https:\/\/hudo.com\/si\/wp-content\/uploads\/sites\/2\/2021\/03\/hudo-app-2.png\",\"width\":2185,\"height\":2167,\"caption\":\"VSN Media\"},\"image\":{\"@id\":\"https:\/\/hudo.com\/si\/#\/schema\/logo\/image\/\"},\"sameAs\":[\"https:\/\/www.facebook.com\/hudo.si\",\"https:\/\/twitter.com\/hudo_si\"]},{\"@type\":\"Person\",\"@id\":\"https:\/\/hudo.com\/si\/#\/schema\/person\/601cf3379633985b20f7e50f2bb47707\",\"name\":\"hudo\",\"image\":{\"@type\":\"ImageObject\",\"inLanguage\":\"sl-SI\",\"@id\":\"https:\/\/hudo.com\/si\/#\/schema\/person\/image\/\",\"url\":\"https:\/\/secure.gravatar.com\/avatar\/c4ca25fa72cace7a696b52ff5db9e095?s=96&d=mm&r=g\",\"contentUrl\":\"https:\/\/secure.gravatar.com\/avatar\/c4ca25fa72cace7a696b52ff5db9e095?s=96&d=mm&r=g\",\"caption\":\"hudo\"},\"url\":\"https:\/\/hudo.com\/si\/author\/hudo\/\"}]}<\/script>\n<!-- \/ Yoast SEO plugin. -->","yoast_head_json":{"title":"Jelin\u010di\u010d bi to\u017eilcu danes zaupal \u010dredo ovac - Hudo Slovenija","robots":{"index":"index","follow":"follow","max-snippet":"max-snippet:-1","max-image-preview":"max-image-preview:large","max-video-preview":"max-video-preview:-1"},"canonical":"https:\/\/hudo.com\/si\/aktualno\/jelincic-bi-tozilcu-danes-zaupal-credo-ovac\/","og_locale":"sl_SI","og_type":"article","og_title":"Jelin\u010di\u010d bi to\u017eilcu danes zaupal \u010dredo ovac - Hudo Slovenija","og_description":"Okro\u017eno sodi\u0161\u010de v Ljubljani je nekdanjega poslanca SNS Zmaga Jelin\u010di\u010da Plemenitega oprostilo obto\u017eb, da je raz\u017ealil to\u017eilca Jo\u017eeta Leva\u0161i\u010da. To\u017eilca so maja leta 2006 zmotile Jelin\u010di\u010deve besede, da Leva\u0161i\u010du \u201cne bi dal \u010duvati treh ovac, ker bi se bal, da bo dve izgubil\u201d.","og_url":"https:\/\/hudo.com\/si\/aktualno\/jelincic-bi-tozilcu-danes-zaupal-credo-ovac\/","og_site_name":"Hudo Slovenija","article_publisher":"https:\/\/www.facebook.com\/hudo.si","article_published_time":"2016-09-15T02:02:00+00:00","article_modified_time":"2016-09-16T06:31:18+00:00","og_image":[{"width":620,"height":531,"url":"https:\/\/hudo.com\/si\/wp-content\/uploads\/sites\/2\/2016\/09\/215-levasic11z.jpg","type":"image\/jpeg"}],"author":"hudo","twitter_card":"summary_large_image","twitter_creator":"@hudo_si","twitter_site":"@hudo_si","twitter_misc":{"Written by":"hudo"},"schema":{"@context":"https:\/\/schema.org","@graph":[{"@type":"Article","@id":"https:\/\/hudo.com\/si\/aktualno\/jelincic-bi-tozilcu-danes-zaupal-credo-ovac\/#article","isPartOf":{"@id":"https:\/\/hudo.com\/si\/aktualno\/jelincic-bi-tozilcu-danes-zaupal-credo-ovac\/"},"author":{"name":"hudo","@id":"https:\/\/hudo.com\/si\/#\/schema\/person\/601cf3379633985b20f7e50f2bb47707"},"headline":"Jelin\u010di\u010d bi to\u017eilcu danes zaupal \u010dredo ovac","datePublished":"2016-09-15T02:02:00+00:00","dateModified":"2016-09-16T06:31:18+00:00","mainEntityOfPage":{"@id":"https:\/\/hudo.com\/si\/aktualno\/jelincic-bi-tozilcu-danes-zaupal-credo-ovac\/"},"wordCount":66,"publisher":{"@id":"https:\/\/hudo.com\/si\/#organization"},"articleSection":["Aktualno"],"inLanguage":"sl-SI"},{"@type":"WebPage","@id":"https:\/\/hudo.com\/si\/aktualno\/jelincic-bi-tozilcu-danes-zaupal-credo-ovac\/","url":"https:\/\/hudo.com\/si\/aktualno\/jelincic-bi-tozilcu-danes-zaupal-credo-ovac\/","name":"Jelin\u010di\u010d bi to\u017eilcu danes zaupal \u010dredo ovac - Hudo Slovenija","isPartOf":{"@id":"https:\/\/hudo.com\/si\/#website"},"datePublished":"2016-09-15T02:02:00+00:00","dateModified":"2016-09-16T06:31:18+00:00","breadcrumb":{"@id":"https:\/\/hudo.com\/si\/aktualno\/jelincic-bi-tozilcu-danes-zaupal-credo-ovac\/#breadcrumb"},"inLanguage":"sl-SI","potentialAction":[{"@type":"ReadAction","target":["https:\/\/hudo.com\/si\/aktualno\/jelincic-bi-tozilcu-danes-zaupal-credo-ovac\/"]}]},{"@type":"BreadcrumbList","@id":"https:\/\/hudo.com\/si\/aktualno\/jelincic-bi-tozilcu-danes-zaupal-credo-ovac\/#breadcrumb","itemListElement":[{"@type":"ListItem","position":1,"name":"Home","item":"https:\/\/hudo.com\/si\/"},{"@type":"ListItem","position":2,"name":"Jelin\u010di\u010d bi to\u017eilcu danes zaupal \u010dredo ovac"}]},{"@type":"WebSite","@id":"https:\/\/hudo.com\/si\/#website","url":"https:\/\/hudo.com\/si\/","name":"Hudo Slovenija","description":"Vse novice iz Slovenije in sveta","publisher":{"@id":"https:\/\/hudo.com\/si\/#organization"},"potentialAction":[{"@type":"SearchAction","target":{"@type":"EntryPoint","urlTemplate":"https:\/\/hudo.com\/si\/?s={search_term_string}"},"query-input":"required name=search_term_string"}],"inLanguage":"sl-SI"},{"@type":"Organization","@id":"https:\/\/hudo.com\/si\/#organization","name":"VSN Media","url":"https:\/\/hudo.com\/si\/","logo":{"@type":"ImageObject","inLanguage":"sl-SI","@id":"https:\/\/hudo.com\/si\/#\/schema\/logo\/image\/","url":"https:\/\/hudo.com\/si\/wp-content\/uploads\/sites\/2\/2021\/03\/hudo-app-2.png","contentUrl":"https:\/\/hudo.com\/si\/wp-content\/uploads\/sites\/2\/2021\/03\/hudo-app-2.png","width":2185,"height":2167,"caption":"VSN Media"},"image":{"@id":"https:\/\/hudo.com\/si\/#\/schema\/logo\/image\/"},"sameAs":["https:\/\/www.facebook.com\/hudo.si","https:\/\/twitter.com\/hudo_si"]},{"@type":"Person","@id":"https:\/\/hudo.com\/si\/#\/schema\/person\/601cf3379633985b20f7e50f2bb47707","name":"hudo","image":{"@type":"ImageObject","inLanguage":"sl-SI","@id":"https:\/\/hudo.com\/si\/#\/schema\/person\/image\/","url":"https:\/\/secure.gravatar.com\/avatar\/c4ca25fa72cace7a696b52ff5db9e095?s=96&d=mm&r=g","contentUrl":"https:\/\/secure.gravatar.com\/avatar\/c4ca25fa72cace7a696b52ff5db9e095?s=96&d=mm&r=g","caption":"hudo"},"url":"https:\/\/hudo.com\/si\/author\/hudo\/"}]}},"amp_enabled":true,"_links":{"self":[{"href":"https:\/\/hudo.com\/si\/wp-json\/wp\/v2\/posts\/133283"}],"collection":[{"href":"https:\/\/hudo.com\/si\/wp-json\/wp\/v2\/posts"}],"about":[{"href":"https:\/\/hudo.com\/si\/wp-json\/wp\/v2\/types\/post"}],"author":[{"embeddable":true,"href":"https:\/\/hudo.com\/si\/wp-json\/wp\/v2\/users\/1"}],"replies":[{"embeddable":true,"href":"https:\/\/hudo.com\/si\/wp-json\/wp\/v2\/comments?post=133283"}],"version-history":[{"count":1,"href":"https:\/\/hudo.com\/si\/wp-json\/wp\/v2\/posts\/133283\/revisions"}],"predecessor-version":[{"id":133545,"href":"https:\/\/hudo.com\/si\/wp-json\/wp\/v2\/posts\/133283\/revisions\/133545"}],"wp:attachment":[{"href":"https:\/\/hudo.com\/si\/wp-json\/wp\/v2\/media?parent=133283"}],"wp:term":[{"taxonomy":"category","embeddable":true,"href":"https:\/\/hudo.com\/si\/wp-json\/wp\/v2\/categories?post=133283"},{"taxonomy":"post_tag","embeddable":true,"href":"https:\/\/hudo.com\/si\/wp-json\/wp\/v2\/tags?post=133283"},{"taxonomy":"source","embeddable":true,"href":"https:\/\/hudo.com\/si\/wp-json\/wp\/v2\/source?post=133283"},{"taxonomy":"supertag","embeddable":true,"href":"https:\/\/hudo.com\/si\/wp-json\/wp\/v2\/supertag?post=133283"}],"curies":[{"name":"wp","href":"https:\/\/api.w.org\/{rel}","templated":true}]}}