{"id":13334,"date":"2016-03-31T11:36:16","date_gmt":"2016-03-31T10:36:16","guid":{"rendered":"http:\/\/master.hudo.com\/si\/2016\/03\/31\/otroka-najprej-ostala-brez-matere-ki-jo-je-zadavil-partner-sedaj-pa-so-ju-od-dedka-in-babice-premestili-v-rejnistvo-2\/"},"modified":"2016-04-01T10:35:23","modified_gmt":"2016-04-01T09:35:23","slug":"otroka-najprej-ostala-brez-matere-ki-jo-je-zadavil-partner-sedaj-pa-so-ju-od-dedka-in-babice-premestili-v-rejnistvo-2","status":"publish","type":"post","link":"https:\/\/hudo.com\/si\/aktualno\/otroka-najprej-ostala-brez-matere-ki-jo-je-zadavil-partner-sedaj-pa-so-ju-od-dedka-in-babice-premestili-v-rejnistvo-2\/","title":{"rendered":"Otroka najprej ostala brez matere, ki jo je zadavil partner, sedaj pa so ju od dedka in babice premestili v rejni\u0161tvo"},"content":{"rendered":"<p>Tri in pet let stara otroka sta lani decembra pre\u017eivela hudo tragedijo. Njuna mati je umrla, ker jo je zadavil njen partner. Po materini smrti sta de\u010dka \u017eivela pri starih star\u0161ih, \u017ee hodila v tamkaj\u0161nji vrtec, sedaj pa so ju v CSD Velenje premestili k neznanim rejnikom. Socialni delavec Franc Donko je jasen:\u00a0&#8221;Stari star\u0161i so<\/p>\n","protected":false},"excerpt":{"rendered":"<p>Tri in pet let stara otroka sta lani decembra pre\u017eivela hudo tragedijo. Njuna mati je umrla, ker jo je zadavil njen partner. Po materini smrti sta de\u010dka \u017eivela pri starih star\u0161ih, \u017ee hodila v tamkaj\u0161nji vrtec, sedaj pa so ju v CSD Velenje premestili k neznanim rejnikom. Socialni delavec Franc Donko je jasen:\u00a0&#8221;Stari star\u0161i so<\/p>\n","protected":false},"author":1,"featured_media":0,"comment_status":"closed","ping_status":"closed","sticky":false,"template":"","format":"standard","meta":{"footnotes":""},"categories":[1179],"tags":[],"source":[1710],"supertag":[],"acf":[],"yoast_head":"<!-- This site is optimized with the Yoast SEO plugin v21.3 - https:\/\/yoast.com\/wordpress\/plugins\/seo\/ -->\n<title>Otroka najprej ostala brez matere, ki jo je zadavil partner, sedaj pa so ju od dedka in babice premestili v rejni\u0161tvo - Hudo Slovenija<\/title>\n<meta name=\"robots\" content=\"index, follow, max-snippet:-1, max-image-preview:large, max-video-preview:-1\" \/>\n<link rel=\"canonical\" href=\"https:\/\/hudo.com\/si\/aktualno\/otroka-najprej-ostala-brez-matere-ki-jo-je-zadavil-partner-sedaj-pa-so-ju-od-dedka-in-babice-premestili-v-rejnistvo-2\/\" \/>\n<meta property=\"og:locale\" content=\"sl_SI\" \/>\n<meta property=\"og:type\" content=\"article\" \/>\n<meta property=\"og:title\" content=\"Otroka najprej ostala brez matere, ki jo je zadavil partner, sedaj pa so ju od dedka in babice premestili v rejni\u0161tvo - Hudo Slovenija\" \/>\n<meta property=\"og:description\" content=\"Tri in pet let stara otroka sta lani decembra pre\u017eivela hudo tragedijo. Njuna mati je umrla, ker jo je zadavil njen partner. Po materini smrti sta de\u010dka \u017eivela pri starih star\u0161ih, \u017ee hodila v tamkaj\u0161nji vrtec, sedaj pa so ju v CSD Velenje premestili k neznanim rejnikom. Socialni delavec Franc Donko je jasen:\u00a0&#8221;Stari star\u0161i so\" \/>\n<meta property=\"og:url\" content=\"https:\/\/hudo.com\/si\/aktualno\/otroka-najprej-ostala-brez-matere-ki-jo-je-zadavil-partner-sedaj-pa-so-ju-od-dedka-in-babice-premestili-v-rejnistvo-2\/\" \/>\n<meta property=\"og:site_name\" content=\"Hudo Slovenija\" \/>\n<meta property=\"article:publisher\" content=\"https:\/\/www.facebook.com\/hudo.si\" \/>\n<meta property=\"article:published_time\" content=\"2016-03-31T10:36:16+00:00\" \/>\n<meta property=\"article:modified_time\" content=\"2016-04-01T09:35:23+00:00\" \/>\n<meta property=\"og:image\" content=\"https:\/\/hudo.com\/si\/wp-content\/uploads\/sites\/2\/2016\/04\/otroka-najprej-ostala-brez-matere-ki-jo-je-zadavil-partner-sedaj-pa-so-ju-od-dedka-in-babice-premestili-v-rejnistvo-01-1024x683.jpg\" \/>\n\t<meta property=\"og:image:width\" content=\"1024\" \/>\n\t<meta property=\"og:image:height\" content=\"683\" \/>\n\t<meta property=\"og:image:type\" content=\"image\/jpeg\" \/>\n<meta name=\"author\" content=\"hudo\" \/>\n<meta name=\"twitter:card\" content=\"summary_large_image\" \/>\n<meta name=\"twitter:creator\" content=\"@hudo_si\" \/>\n<meta name=\"twitter:site\" content=\"@hudo_si\" \/>\n<meta name=\"twitter:label1\" content=\"Written by\" \/>\n\t<meta name=\"twitter:data1\" content=\"hudo\" \/>\n<script type=\"application\/ld+json\" class=\"yoast-schema-graph\">{\"@context\":\"https:\/\/schema.org\",\"@graph\":[{\"@type\":\"Article\",\"@id\":\"https:\/\/hudo.com\/si\/aktualno\/otroka-najprej-ostala-brez-matere-ki-jo-je-zadavil-partner-sedaj-pa-so-ju-od-dedka-in-babice-premestili-v-rejnistvo-2\/#article\",\"isPartOf\":{\"@id\":\"https:\/\/hudo.com\/si\/aktualno\/otroka-najprej-ostala-brez-matere-ki-jo-je-zadavil-partner-sedaj-pa-so-ju-od-dedka-in-babice-premestili-v-rejnistvo-2\/\"},\"author\":{\"name\":\"hudo\",\"@id\":\"https:\/\/hudo.com\/si\/#\/schema\/person\/601cf3379633985b20f7e50f2bb47707\"},\"headline\":\"Otroka najprej ostala brez matere, ki jo je zadavil partner, sedaj pa so ju od dedka in babice premestili v rejni\u0161tvo\",\"datePublished\":\"2016-03-31T10:36:16+00:00\",\"dateModified\":\"2016-04-01T09:35:23+00:00\",\"mainEntityOfPage\":{\"@id\":\"https:\/\/hudo.com\/si\/aktualno\/otroka-najprej-ostala-brez-matere-ki-jo-je-zadavil-partner-sedaj-pa-so-ju-od-dedka-in-babice-premestili-v-rejnistvo-2\/\"},\"wordCount\":83,\"publisher\":{\"@id\":\"https:\/\/hudo.com\/si\/#organization\"},\"articleSection\":[\"Aktualno\"],\"inLanguage\":\"sl-SI\"},{\"@type\":\"WebPage\",\"@id\":\"https:\/\/hudo.com\/si\/aktualno\/otroka-najprej-ostala-brez-matere-ki-jo-je-zadavil-partner-sedaj-pa-so-ju-od-dedka-in-babice-premestili-v-rejnistvo-2\/\",\"url\":\"https:\/\/hudo.com\/si\/aktualno\/otroka-najprej-ostala-brez-matere-ki-jo-je-zadavil-partner-sedaj-pa-so-ju-od-dedka-in-babice-premestili-v-rejnistvo-2\/\",\"name\":\"Otroka najprej ostala brez matere, ki jo je zadavil partner, sedaj pa so ju od dedka in babice premestili v rejni\u0161tvo - Hudo Slovenija\",\"isPartOf\":{\"@id\":\"https:\/\/hudo.com\/si\/#website\"},\"datePublished\":\"2016-03-31T10:36:16+00:00\",\"dateModified\":\"2016-04-01T09:35:23+00:00\",\"breadcrumb\":{\"@id\":\"https:\/\/hudo.com\/si\/aktualno\/otroka-najprej-ostala-brez-matere-ki-jo-je-zadavil-partner-sedaj-pa-so-ju-od-dedka-in-babice-premestili-v-rejnistvo-2\/#breadcrumb\"},\"inLanguage\":\"sl-SI\",\"potentialAction\":[{\"@type\":\"ReadAction\",\"target\":[\"https:\/\/hudo.com\/si\/aktualno\/otroka-najprej-ostala-brez-matere-ki-jo-je-zadavil-partner-sedaj-pa-so-ju-od-dedka-in-babice-premestili-v-rejnistvo-2\/\"]}]},{\"@type\":\"BreadcrumbList\",\"@id\":\"https:\/\/hudo.com\/si\/aktualno\/otroka-najprej-ostala-brez-matere-ki-jo-je-zadavil-partner-sedaj-pa-so-ju-od-dedka-in-babice-premestili-v-rejnistvo-2\/#breadcrumb\",\"itemListElement\":[{\"@type\":\"ListItem\",\"position\":1,\"name\":\"Home\",\"item\":\"https:\/\/hudo.com\/si\/\"},{\"@type\":\"ListItem\",\"position\":2,\"name\":\"Otroka najprej ostala brez matere, ki jo je zadavil partner, sedaj pa so ju od dedka in babice premestili v rejni\u0161tvo\"}]},{\"@type\":\"WebSite\",\"@id\":\"https:\/\/hudo.com\/si\/#website\",\"url\":\"https:\/\/hudo.com\/si\/\",\"name\":\"Hudo Slovenija\",\"description\":\"Vse novice iz Slovenije in sveta\",\"publisher\":{\"@id\":\"https:\/\/hudo.com\/si\/#organization\"},\"potentialAction\":[{\"@type\":\"SearchAction\",\"target\":{\"@type\":\"EntryPoint\",\"urlTemplate\":\"https:\/\/hudo.com\/si\/?s={search_term_string}\"},\"query-input\":\"required name=search_term_string\"}],\"inLanguage\":\"sl-SI\"},{\"@type\":\"Organization\",\"@id\":\"https:\/\/hudo.com\/si\/#organization\",\"name\":\"VSN Media\",\"url\":\"https:\/\/hudo.com\/si\/\",\"logo\":{\"@type\":\"ImageObject\",\"inLanguage\":\"sl-SI\",\"@id\":\"https:\/\/hudo.com\/si\/#\/schema\/logo\/image\/\",\"url\":\"https:\/\/hudo.com\/si\/wp-content\/uploads\/sites\/2\/2021\/03\/hudo-app-2.png\",\"contentUrl\":\"https:\/\/hudo.com\/si\/wp-content\/uploads\/sites\/2\/2021\/03\/hudo-app-2.png\",\"width\":2185,\"height\":2167,\"caption\":\"VSN Media\"},\"image\":{\"@id\":\"https:\/\/hudo.com\/si\/#\/schema\/logo\/image\/\"},\"sameAs\":[\"https:\/\/www.facebook.com\/hudo.si\",\"https:\/\/twitter.com\/hudo_si\"]},{\"@type\":\"Person\",\"@id\":\"https:\/\/hudo.com\/si\/#\/schema\/person\/601cf3379633985b20f7e50f2bb47707\",\"name\":\"hudo\",\"image\":{\"@type\":\"ImageObject\",\"inLanguage\":\"sl-SI\",\"@id\":\"https:\/\/hudo.com\/si\/#\/schema\/person\/image\/\",\"url\":\"https:\/\/secure.gravatar.com\/avatar\/c4ca25fa72cace7a696b52ff5db9e095?s=96&d=mm&r=g\",\"contentUrl\":\"https:\/\/secure.gravatar.com\/avatar\/c4ca25fa72cace7a696b52ff5db9e095?s=96&d=mm&r=g\",\"caption\":\"hudo\"},\"url\":\"https:\/\/hudo.com\/si\/author\/hudo\/\"}]}<\/script>\n<!-- \/ Yoast SEO plugin. -->","yoast_head_json":{"title":"Otroka najprej ostala brez matere, ki jo je zadavil partner, sedaj pa so ju od dedka in babice premestili v rejni\u0161tvo - Hudo Slovenija","robots":{"index":"index","follow":"follow","max-snippet":"max-snippet:-1","max-image-preview":"max-image-preview:large","max-video-preview":"max-video-preview:-1"},"canonical":"https:\/\/hudo.com\/si\/aktualno\/otroka-najprej-ostala-brez-matere-ki-jo-je-zadavil-partner-sedaj-pa-so-ju-od-dedka-in-babice-premestili-v-rejnistvo-2\/","og_locale":"sl_SI","og_type":"article","og_title":"Otroka najprej ostala brez matere, ki jo je zadavil partner, sedaj pa so ju od dedka in babice premestili v rejni\u0161tvo - Hudo Slovenija","og_description":"Tri in pet let stara otroka sta lani decembra pre\u017eivela hudo tragedijo. Njuna mati je umrla, ker jo je zadavil njen partner. Po materini smrti sta de\u010dka \u017eivela pri starih star\u0161ih, \u017ee hodila v tamkaj\u0161nji vrtec, sedaj pa so ju v CSD Velenje premestili k neznanim rejnikom. Socialni delavec Franc Donko je jasen:\u00a0&#8221;Stari star\u0161i so","og_url":"https:\/\/hudo.com\/si\/aktualno\/otroka-najprej-ostala-brez-matere-ki-jo-je-zadavil-partner-sedaj-pa-so-ju-od-dedka-in-babice-premestili-v-rejnistvo-2\/","og_site_name":"Hudo Slovenija","article_publisher":"https:\/\/www.facebook.com\/hudo.si","article_published_time":"2016-03-31T10:36:16+00:00","article_modified_time":"2016-04-01T09:35:23+00:00","og_image":[{"width":1024,"height":683,"url":"https:\/\/hudo.com\/si\/wp-content\/uploads\/sites\/2\/2016\/04\/otroka-najprej-ostala-brez-matere-ki-jo-je-zadavil-partner-sedaj-pa-so-ju-od-dedka-in-babice-premestili-v-rejnistvo-01-1024x683.jpg","type":"image\/jpeg"}],"author":"hudo","twitter_card":"summary_large_image","twitter_creator":"@hudo_si","twitter_site":"@hudo_si","twitter_misc":{"Written by":"hudo"},"schema":{"@context":"https:\/\/schema.org","@graph":[{"@type":"Article","@id":"https:\/\/hudo.com\/si\/aktualno\/otroka-najprej-ostala-brez-matere-ki-jo-je-zadavil-partner-sedaj-pa-so-ju-od-dedka-in-babice-premestili-v-rejnistvo-2\/#article","isPartOf":{"@id":"https:\/\/hudo.com\/si\/aktualno\/otroka-najprej-ostala-brez-matere-ki-jo-je-zadavil-partner-sedaj-pa-so-ju-od-dedka-in-babice-premestili-v-rejnistvo-2\/"},"author":{"name":"hudo","@id":"https:\/\/hudo.com\/si\/#\/schema\/person\/601cf3379633985b20f7e50f2bb47707"},"headline":"Otroka najprej ostala brez matere, ki jo je zadavil partner, sedaj pa so ju od dedka in babice premestili v rejni\u0161tvo","datePublished":"2016-03-31T10:36:16+00:00","dateModified":"2016-04-01T09:35:23+00:00","mainEntityOfPage":{"@id":"https:\/\/hudo.com\/si\/aktualno\/otroka-najprej-ostala-brez-matere-ki-jo-je-zadavil-partner-sedaj-pa-so-ju-od-dedka-in-babice-premestili-v-rejnistvo-2\/"},"wordCount":83,"publisher":{"@id":"https:\/\/hudo.com\/si\/#organization"},"articleSection":["Aktualno"],"inLanguage":"sl-SI"},{"@type":"WebPage","@id":"https:\/\/hudo.com\/si\/aktualno\/otroka-najprej-ostala-brez-matere-ki-jo-je-zadavil-partner-sedaj-pa-so-ju-od-dedka-in-babice-premestili-v-rejnistvo-2\/","url":"https:\/\/hudo.com\/si\/aktualno\/otroka-najprej-ostala-brez-matere-ki-jo-je-zadavil-partner-sedaj-pa-so-ju-od-dedka-in-babice-premestili-v-rejnistvo-2\/","name":"Otroka najprej ostala brez matere, ki jo je zadavil partner, sedaj pa so ju od dedka in babice premestili v rejni\u0161tvo - Hudo Slovenija","isPartOf":{"@id":"https:\/\/hudo.com\/si\/#website"},"datePublished":"2016-03-31T10:36:16+00:00","dateModified":"2016-04-01T09:35:23+00:00","breadcrumb":{"@id":"https:\/\/hudo.com\/si\/aktualno\/otroka-najprej-ostala-brez-matere-ki-jo-je-zadavil-partner-sedaj-pa-so-ju-od-dedka-in-babice-premestili-v-rejnistvo-2\/#breadcrumb"},"inLanguage":"sl-SI","potentialAction":[{"@type":"ReadAction","target":["https:\/\/hudo.com\/si\/aktualno\/otroka-najprej-ostala-brez-matere-ki-jo-je-zadavil-partner-sedaj-pa-so-ju-od-dedka-in-babice-premestili-v-rejnistvo-2\/"]}]},{"@type":"BreadcrumbList","@id":"https:\/\/hudo.com\/si\/aktualno\/otroka-najprej-ostala-brez-matere-ki-jo-je-zadavil-partner-sedaj-pa-so-ju-od-dedka-in-babice-premestili-v-rejnistvo-2\/#breadcrumb","itemListElement":[{"@type":"ListItem","position":1,"name":"Home","item":"https:\/\/hudo.com\/si\/"},{"@type":"ListItem","position":2,"name":"Otroka najprej ostala brez matere, ki jo je zadavil partner, sedaj pa so ju od dedka in babice premestili v rejni\u0161tvo"}]},{"@type":"WebSite","@id":"https:\/\/hudo.com\/si\/#website","url":"https:\/\/hudo.com\/si\/","name":"Hudo Slovenija","description":"Vse novice iz Slovenije in sveta","publisher":{"@id":"https:\/\/hudo.com\/si\/#organization"},"potentialAction":[{"@type":"SearchAction","target":{"@type":"EntryPoint","urlTemplate":"https:\/\/hudo.com\/si\/?s={search_term_string}"},"query-input":"required name=search_term_string"}],"inLanguage":"sl-SI"},{"@type":"Organization","@id":"https:\/\/hudo.com\/si\/#organization","name":"VSN Media","url":"https:\/\/hudo.com\/si\/","logo":{"@type":"ImageObject","inLanguage":"sl-SI","@id":"https:\/\/hudo.com\/si\/#\/schema\/logo\/image\/","url":"https:\/\/hudo.com\/si\/wp-content\/uploads\/sites\/2\/2021\/03\/hudo-app-2.png","contentUrl":"https:\/\/hudo.com\/si\/wp-content\/uploads\/sites\/2\/2021\/03\/hudo-app-2.png","width":2185,"height":2167,"caption":"VSN Media"},"image":{"@id":"https:\/\/hudo.com\/si\/#\/schema\/logo\/image\/"},"sameAs":["https:\/\/www.facebook.com\/hudo.si","https:\/\/twitter.com\/hudo_si"]},{"@type":"Person","@id":"https:\/\/hudo.com\/si\/#\/schema\/person\/601cf3379633985b20f7e50f2bb47707","name":"hudo","image":{"@type":"ImageObject","inLanguage":"sl-SI","@id":"https:\/\/hudo.com\/si\/#\/schema\/person\/image\/","url":"https:\/\/secure.gravatar.com\/avatar\/c4ca25fa72cace7a696b52ff5db9e095?s=96&d=mm&r=g","contentUrl":"https:\/\/secure.gravatar.com\/avatar\/c4ca25fa72cace7a696b52ff5db9e095?s=96&d=mm&r=g","caption":"hudo"},"url":"https:\/\/hudo.com\/si\/author\/hudo\/"}]}},"amp_enabled":true,"_links":{"self":[{"href":"https:\/\/hudo.com\/si\/wp-json\/wp\/v2\/posts\/13334"}],"collection":[{"href":"https:\/\/hudo.com\/si\/wp-json\/wp\/v2\/posts"}],"about":[{"href":"https:\/\/hudo.com\/si\/wp-json\/wp\/v2\/types\/post"}],"author":[{"embeddable":true,"href":"https:\/\/hudo.com\/si\/wp-json\/wp\/v2\/users\/1"}],"replies":[{"embeddable":true,"href":"https:\/\/hudo.com\/si\/wp-json\/wp\/v2\/comments?post=13334"}],"version-history":[{"count":1,"href":"https:\/\/hudo.com\/si\/wp-json\/wp\/v2\/posts\/13334\/revisions"}],"predecessor-version":[{"id":16687,"href":"https:\/\/hudo.com\/si\/wp-json\/wp\/v2\/posts\/13334\/revisions\/16687"}],"wp:attachment":[{"href":"https:\/\/hudo.com\/si\/wp-json\/wp\/v2\/media?parent=13334"}],"wp:term":[{"taxonomy":"category","embeddable":true,"href":"https:\/\/hudo.com\/si\/wp-json\/wp\/v2\/categories?post=13334"},{"taxonomy":"post_tag","embeddable":true,"href":"https:\/\/hudo.com\/si\/wp-json\/wp\/v2\/tags?post=13334"},{"taxonomy":"source","embeddable":true,"href":"https:\/\/hudo.com\/si\/wp-json\/wp\/v2\/source?post=13334"},{"taxonomy":"supertag","embeddable":true,"href":"https:\/\/hudo.com\/si\/wp-json\/wp\/v2\/supertag?post=13334"}],"curies":[{"name":"wp","href":"https:\/\/api.w.org\/{rel}","templated":true}]}}