{"id":135743,"date":"2016-09-19T08:00:00","date_gmt":"2016-09-19T06:00:00","guid":{"rendered":"http:\/\/hudo.com\/si\/2016\/09\/19\/evropski-nered-tirade-protekcionizma\/"},"modified":"2016-09-19T08:00:00","modified_gmt":"2016-09-19T06:00:00","slug":"evropski-nered-tirade-protekcionizma","status":"publish","type":"post","link":"https:\/\/hudo.com\/si\/aktualno\/evropski-nered-tirade-protekcionizma\/","title":{"rendered":"Evropski (ne)red: Tirade protekcionizma"},"content":{"rendered":"<p>Kategorija: Kolumne Mon, 19 Sep 2016 10:00:00 +0200  Prizadevanje za svobodno trgovino je v evropskem DNK. Gospodarsko prepletanje po koncu vojne naj bi na dolgi rok prepre\u010devalo spopade med dr\u017eavami. Tudi na svetovnem odru je Evropska unija kot najve\u010dji gospodarski blok zavezana liberalni trgovinski politiki in odpiranju trgov. Staro pravilo, da bolj svobodna trgovina pove\u010duje blaginjo vseh vpletenih, je na stari celini o\u010ditno na preizku\u0161nji: na cestah evropskih mest mno\u017eice protestirajo proti sporazumoma z ZDA (TTIP) in Kanado (Ceta). Donaldu Trumpu in Marine Le Pen se v populisti\u010dnih protekcionisti\u010dnih tiradah pridru\u017eujejo sindikalisti, okoljevarstveniki, levi\u010darske skupine. V Nem\u010diji, ki ima kot velika izvoznica orja\u0161ke koristi od svobodne trgovine, je organizirana mo\u010dna in medijsko odmevna fronta skoraj profesionalnih nasprotnikov sporazumov. Podleganje pritisku je stra\u0161ljivo. Politiki, ki zagovarjajo sporazume, z argumenti sploh no\u010dejo nastopiti javno, ker se bojijo lin\u010da v medijih in\u00a0&#8230;<\/p>\n","protected":false},"excerpt":{"rendered":"<p>Kategorija: Kolumne Mon, 19 Sep 2016 10:00:00 +0200  Prizadevanje za svobodno trgovino je v evropskem DNK. Gospodarsko prepletanje po koncu vojne naj bi na dolgi rok prepre\u010devalo spopade med dr\u017eavami. Tudi na svetovnem odru je Evropska unija kot najve\u010dji gospodarski blok zavezana liberalni trgovinski politiki in odpiranju trgov. Staro pravilo, da bolj svobodna trgovina pove\u010duje blaginjo vseh vpletenih, je na stari celini o\u010ditno na preizku\u0161nji: na cestah evropskih mest mno\u017eice protestirajo proti sporazumoma z ZDA (TTIP) in Kanado (Ceta). Donaldu Trumpu in Marine Le Pen se v populisti\u010dnih protekcionisti\u010dnih tiradah pridru\u017eujejo sindikalisti, okoljevarstveniki, levi\u010darske skupine. V Nem\u010diji, ki ima kot velika izvoznica orja\u0161ke koristi od svobodne trgovine, je organizirana mo\u010dna in medijsko odmevna fronta skoraj profesionalnih nasprotnikov sporazumov. Podleganje pritisku je stra\u0161ljivo. Politiki, ki zagovarjajo sporazume, z argumenti sploh no\u010dejo nastopiti javno, ker se bojijo lin\u010da v medijih in\u00a0&#8230;<\/p>\n","protected":false},"author":1,"featured_media":0,"comment_status":"closed","ping_status":"closed","sticky":false,"template":"","format":"standard","meta":{"footnotes":""},"categories":[1179],"tags":[],"source":[1703],"supertag":[],"acf":[],"yoast_head":"<!-- This site is optimized with the Yoast SEO plugin v21.3 - https:\/\/yoast.com\/wordpress\/plugins\/seo\/ -->\n<title>Evropski (ne)red: Tirade protekcionizma - Hudo Slovenija<\/title>\n<meta name=\"robots\" content=\"index, follow, max-snippet:-1, max-image-preview:large, max-video-preview:-1\" \/>\n<link rel=\"canonical\" href=\"https:\/\/hudo.com\/si\/aktualno\/evropski-nered-tirade-protekcionizma\/\" \/>\n<meta property=\"og:locale\" content=\"sl_SI\" \/>\n<meta property=\"og:type\" content=\"article\" \/>\n<meta property=\"og:title\" content=\"Evropski (ne)red: Tirade protekcionizma - Hudo Slovenija\" \/>\n<meta property=\"og:description\" content=\"Kategorija: Kolumne Mon, 19 Sep 2016 10:00:00 +0200 Prizadevanje za svobodno trgovino je v evropskem DNK. Gospodarsko prepletanje po koncu vojne naj bi na dolgi rok prepre\u010devalo spopade med dr\u017eavami. Tudi na svetovnem odru je Evropska unija kot najve\u010dji gospodarski blok zavezana liberalni trgovinski politiki in odpiranju trgov. Staro pravilo, da bolj svobodna trgovina pove\u010duje blaginjo vseh vpletenih, je na stari celini o\u010ditno na preizku\u0161nji: na cestah evropskih mest mno\u017eice protestirajo proti sporazumoma z ZDA (TTIP) in Kanado (Ceta). Donaldu Trumpu in Marine Le Pen se v populisti\u010dnih protekcionisti\u010dnih tiradah pridru\u017eujejo sindikalisti, okoljevarstveniki, levi\u010darske skupine. V Nem\u010diji, ki ima kot velika izvoznica orja\u0161ke koristi od svobodne trgovine, je organizirana mo\u010dna in medijsko odmevna fronta skoraj profesionalnih nasprotnikov sporazumov. Podleganje pritisku je stra\u0161ljivo. Politiki, ki zagovarjajo sporazume, z argumenti sploh no\u010dejo nastopiti javno, ker se bojijo lin\u010da v medijih in\u00a0...\" \/>\n<meta property=\"og:url\" content=\"https:\/\/hudo.com\/si\/aktualno\/evropski-nered-tirade-protekcionizma\/\" \/>\n<meta property=\"og:site_name\" content=\"Hudo Slovenija\" \/>\n<meta property=\"article:publisher\" content=\"https:\/\/www.facebook.com\/hudo.si\" \/>\n<meta property=\"article:published_time\" content=\"2016-09-19T06:00:00+00:00\" \/>\n<meta property=\"og:image\" content=\"https:\/\/hudo.com\/si\/wp-content\/uploads\/sites\/2\/2016\/09\/480x290_AFP_Photo-20160916094232-39454100.jpeg\" \/>\n\t<meta property=\"og:image:width\" content=\"480\" \/>\n\t<meta property=\"og:image:height\" content=\"290\" \/>\n\t<meta property=\"og:image:type\" content=\"image\/jpeg\" \/>\n<meta name=\"author\" content=\"hudo\" \/>\n<meta name=\"twitter:card\" content=\"summary_large_image\" \/>\n<meta name=\"twitter:creator\" content=\"@hudo_si\" \/>\n<meta name=\"twitter:site\" content=\"@hudo_si\" \/>\n<meta name=\"twitter:label1\" content=\"Written by\" \/>\n\t<meta name=\"twitter:data1\" content=\"hudo\" \/>\n\t<meta name=\"twitter:label2\" content=\"Est. reading time\" \/>\n\t<meta name=\"twitter:data2\" content=\"1 minuta\" \/>\n<script type=\"application\/ld+json\" class=\"yoast-schema-graph\">{\"@context\":\"https:\/\/schema.org\",\"@graph\":[{\"@type\":\"Article\",\"@id\":\"https:\/\/hudo.com\/si\/aktualno\/evropski-nered-tirade-protekcionizma\/#article\",\"isPartOf\":{\"@id\":\"https:\/\/hudo.com\/si\/aktualno\/evropski-nered-tirade-protekcionizma\/\"},\"author\":{\"name\":\"hudo\",\"@id\":\"https:\/\/hudo.com\/si\/#\/schema\/person\/601cf3379633985b20f7e50f2bb47707\"},\"headline\":\"Evropski (ne)red: Tirade protekcionizma\",\"datePublished\":\"2016-09-19T06:00:00+00:00\",\"dateModified\":\"2016-09-19T06:00:00+00:00\",\"mainEntityOfPage\":{\"@id\":\"https:\/\/hudo.com\/si\/aktualno\/evropski-nered-tirade-protekcionizma\/\"},\"wordCount\":157,\"publisher\":{\"@id\":\"https:\/\/hudo.com\/si\/#organization\"},\"articleSection\":[\"Aktualno\"],\"inLanguage\":\"sl-SI\"},{\"@type\":\"WebPage\",\"@id\":\"https:\/\/hudo.com\/si\/aktualno\/evropski-nered-tirade-protekcionizma\/\",\"url\":\"https:\/\/hudo.com\/si\/aktualno\/evropski-nered-tirade-protekcionizma\/\",\"name\":\"Evropski (ne)red: Tirade protekcionizma - Hudo Slovenija\",\"isPartOf\":{\"@id\":\"https:\/\/hudo.com\/si\/#website\"},\"datePublished\":\"2016-09-19T06:00:00+00:00\",\"dateModified\":\"2016-09-19T06:00:00+00:00\",\"breadcrumb\":{\"@id\":\"https:\/\/hudo.com\/si\/aktualno\/evropski-nered-tirade-protekcionizma\/#breadcrumb\"},\"inLanguage\":\"sl-SI\",\"potentialAction\":[{\"@type\":\"ReadAction\",\"target\":[\"https:\/\/hudo.com\/si\/aktualno\/evropski-nered-tirade-protekcionizma\/\"]}]},{\"@type\":\"BreadcrumbList\",\"@id\":\"https:\/\/hudo.com\/si\/aktualno\/evropski-nered-tirade-protekcionizma\/#breadcrumb\",\"itemListElement\":[{\"@type\":\"ListItem\",\"position\":1,\"name\":\"Home\",\"item\":\"https:\/\/hudo.com\/si\/\"},{\"@type\":\"ListItem\",\"position\":2,\"name\":\"Evropski (ne)red: Tirade protekcionizma\"}]},{\"@type\":\"WebSite\",\"@id\":\"https:\/\/hudo.com\/si\/#website\",\"url\":\"https:\/\/hudo.com\/si\/\",\"name\":\"Hudo Slovenija\",\"description\":\"Vse novice iz Slovenije in sveta\",\"publisher\":{\"@id\":\"https:\/\/hudo.com\/si\/#organization\"},\"potentialAction\":[{\"@type\":\"SearchAction\",\"target\":{\"@type\":\"EntryPoint\",\"urlTemplate\":\"https:\/\/hudo.com\/si\/?s={search_term_string}\"},\"query-input\":\"required name=search_term_string\"}],\"inLanguage\":\"sl-SI\"},{\"@type\":\"Organization\",\"@id\":\"https:\/\/hudo.com\/si\/#organization\",\"name\":\"VSN Media\",\"url\":\"https:\/\/hudo.com\/si\/\",\"logo\":{\"@type\":\"ImageObject\",\"inLanguage\":\"sl-SI\",\"@id\":\"https:\/\/hudo.com\/si\/#\/schema\/logo\/image\/\",\"url\":\"https:\/\/hudo.com\/si\/wp-content\/uploads\/sites\/2\/2021\/03\/hudo-app-2.png\",\"contentUrl\":\"https:\/\/hudo.com\/si\/wp-content\/uploads\/sites\/2\/2021\/03\/hudo-app-2.png\",\"width\":2185,\"height\":2167,\"caption\":\"VSN Media\"},\"image\":{\"@id\":\"https:\/\/hudo.com\/si\/#\/schema\/logo\/image\/\"},\"sameAs\":[\"https:\/\/www.facebook.com\/hudo.si\",\"https:\/\/twitter.com\/hudo_si\"]},{\"@type\":\"Person\",\"@id\":\"https:\/\/hudo.com\/si\/#\/schema\/person\/601cf3379633985b20f7e50f2bb47707\",\"name\":\"hudo\",\"image\":{\"@type\":\"ImageObject\",\"inLanguage\":\"sl-SI\",\"@id\":\"https:\/\/hudo.com\/si\/#\/schema\/person\/image\/\",\"url\":\"https:\/\/secure.gravatar.com\/avatar\/c4ca25fa72cace7a696b52ff5db9e095?s=96&d=mm&r=g\",\"contentUrl\":\"https:\/\/secure.gravatar.com\/avatar\/c4ca25fa72cace7a696b52ff5db9e095?s=96&d=mm&r=g\",\"caption\":\"hudo\"},\"url\":\"https:\/\/hudo.com\/si\/author\/hudo\/\"}]}<\/script>\n<!-- \/ Yoast SEO plugin. -->","yoast_head_json":{"title":"Evropski (ne)red: Tirade protekcionizma - Hudo Slovenija","robots":{"index":"index","follow":"follow","max-snippet":"max-snippet:-1","max-image-preview":"max-image-preview:large","max-video-preview":"max-video-preview:-1"},"canonical":"https:\/\/hudo.com\/si\/aktualno\/evropski-nered-tirade-protekcionizma\/","og_locale":"sl_SI","og_type":"article","og_title":"Evropski (ne)red: Tirade protekcionizma - Hudo Slovenija","og_description":"Kategorija: Kolumne Mon, 19 Sep 2016 10:00:00 +0200 Prizadevanje za svobodno trgovino je v evropskem DNK. Gospodarsko prepletanje po koncu vojne naj bi na dolgi rok prepre\u010devalo spopade med dr\u017eavami. Tudi na svetovnem odru je Evropska unija kot najve\u010dji gospodarski blok zavezana liberalni trgovinski politiki in odpiranju trgov. Staro pravilo, da bolj svobodna trgovina pove\u010duje blaginjo vseh vpletenih, je na stari celini o\u010ditno na preizku\u0161nji: na cestah evropskih mest mno\u017eice protestirajo proti sporazumoma z ZDA (TTIP) in Kanado (Ceta). Donaldu Trumpu in Marine Le Pen se v populisti\u010dnih protekcionisti\u010dnih tiradah pridru\u017eujejo sindikalisti, okoljevarstveniki, levi\u010darske skupine. V Nem\u010diji, ki ima kot velika izvoznica orja\u0161ke koristi od svobodne trgovine, je organizirana mo\u010dna in medijsko odmevna fronta skoraj profesionalnih nasprotnikov sporazumov. Podleganje pritisku je stra\u0161ljivo. Politiki, ki zagovarjajo sporazume, z argumenti sploh no\u010dejo nastopiti javno, ker se bojijo lin\u010da v medijih in\u00a0...","og_url":"https:\/\/hudo.com\/si\/aktualno\/evropski-nered-tirade-protekcionizma\/","og_site_name":"Hudo Slovenija","article_publisher":"https:\/\/www.facebook.com\/hudo.si","article_published_time":"2016-09-19T06:00:00+00:00","og_image":[{"width":480,"height":290,"url":"https:\/\/hudo.com\/si\/wp-content\/uploads\/sites\/2\/2016\/09\/480x290_AFP_Photo-20160916094232-39454100.jpeg","type":"image\/jpeg"}],"author":"hudo","twitter_card":"summary_large_image","twitter_creator":"@hudo_si","twitter_site":"@hudo_si","twitter_misc":{"Written by":"hudo","Est. reading time":"1 minuta"},"schema":{"@context":"https:\/\/schema.org","@graph":[{"@type":"Article","@id":"https:\/\/hudo.com\/si\/aktualno\/evropski-nered-tirade-protekcionizma\/#article","isPartOf":{"@id":"https:\/\/hudo.com\/si\/aktualno\/evropski-nered-tirade-protekcionizma\/"},"author":{"name":"hudo","@id":"https:\/\/hudo.com\/si\/#\/schema\/person\/601cf3379633985b20f7e50f2bb47707"},"headline":"Evropski (ne)red: Tirade protekcionizma","datePublished":"2016-09-19T06:00:00+00:00","dateModified":"2016-09-19T06:00:00+00:00","mainEntityOfPage":{"@id":"https:\/\/hudo.com\/si\/aktualno\/evropski-nered-tirade-protekcionizma\/"},"wordCount":157,"publisher":{"@id":"https:\/\/hudo.com\/si\/#organization"},"articleSection":["Aktualno"],"inLanguage":"sl-SI"},{"@type":"WebPage","@id":"https:\/\/hudo.com\/si\/aktualno\/evropski-nered-tirade-protekcionizma\/","url":"https:\/\/hudo.com\/si\/aktualno\/evropski-nered-tirade-protekcionizma\/","name":"Evropski (ne)red: Tirade protekcionizma - Hudo Slovenija","isPartOf":{"@id":"https:\/\/hudo.com\/si\/#website"},"datePublished":"2016-09-19T06:00:00+00:00","dateModified":"2016-09-19T06:00:00+00:00","breadcrumb":{"@id":"https:\/\/hudo.com\/si\/aktualno\/evropski-nered-tirade-protekcionizma\/#breadcrumb"},"inLanguage":"sl-SI","potentialAction":[{"@type":"ReadAction","target":["https:\/\/hudo.com\/si\/aktualno\/evropski-nered-tirade-protekcionizma\/"]}]},{"@type":"BreadcrumbList","@id":"https:\/\/hudo.com\/si\/aktualno\/evropski-nered-tirade-protekcionizma\/#breadcrumb","itemListElement":[{"@type":"ListItem","position":1,"name":"Home","item":"https:\/\/hudo.com\/si\/"},{"@type":"ListItem","position":2,"name":"Evropski (ne)red: Tirade protekcionizma"}]},{"@type":"WebSite","@id":"https:\/\/hudo.com\/si\/#website","url":"https:\/\/hudo.com\/si\/","name":"Hudo Slovenija","description":"Vse novice iz Slovenije in sveta","publisher":{"@id":"https:\/\/hudo.com\/si\/#organization"},"potentialAction":[{"@type":"SearchAction","target":{"@type":"EntryPoint","urlTemplate":"https:\/\/hudo.com\/si\/?s={search_term_string}"},"query-input":"required name=search_term_string"}],"inLanguage":"sl-SI"},{"@type":"Organization","@id":"https:\/\/hudo.com\/si\/#organization","name":"VSN Media","url":"https:\/\/hudo.com\/si\/","logo":{"@type":"ImageObject","inLanguage":"sl-SI","@id":"https:\/\/hudo.com\/si\/#\/schema\/logo\/image\/","url":"https:\/\/hudo.com\/si\/wp-content\/uploads\/sites\/2\/2021\/03\/hudo-app-2.png","contentUrl":"https:\/\/hudo.com\/si\/wp-content\/uploads\/sites\/2\/2021\/03\/hudo-app-2.png","width":2185,"height":2167,"caption":"VSN Media"},"image":{"@id":"https:\/\/hudo.com\/si\/#\/schema\/logo\/image\/"},"sameAs":["https:\/\/www.facebook.com\/hudo.si","https:\/\/twitter.com\/hudo_si"]},{"@type":"Person","@id":"https:\/\/hudo.com\/si\/#\/schema\/person\/601cf3379633985b20f7e50f2bb47707","name":"hudo","image":{"@type":"ImageObject","inLanguage":"sl-SI","@id":"https:\/\/hudo.com\/si\/#\/schema\/person\/image\/","url":"https:\/\/secure.gravatar.com\/avatar\/c4ca25fa72cace7a696b52ff5db9e095?s=96&d=mm&r=g","contentUrl":"https:\/\/secure.gravatar.com\/avatar\/c4ca25fa72cace7a696b52ff5db9e095?s=96&d=mm&r=g","caption":"hudo"},"url":"https:\/\/hudo.com\/si\/author\/hudo\/"}]}},"amp_enabled":true,"_links":{"self":[{"href":"https:\/\/hudo.com\/si\/wp-json\/wp\/v2\/posts\/135743"}],"collection":[{"href":"https:\/\/hudo.com\/si\/wp-json\/wp\/v2\/posts"}],"about":[{"href":"https:\/\/hudo.com\/si\/wp-json\/wp\/v2\/types\/post"}],"author":[{"embeddable":true,"href":"https:\/\/hudo.com\/si\/wp-json\/wp\/v2\/users\/1"}],"replies":[{"embeddable":true,"href":"https:\/\/hudo.com\/si\/wp-json\/wp\/v2\/comments?post=135743"}],"version-history":[{"count":0,"href":"https:\/\/hudo.com\/si\/wp-json\/wp\/v2\/posts\/135743\/revisions"}],"wp:attachment":[{"href":"https:\/\/hudo.com\/si\/wp-json\/wp\/v2\/media?parent=135743"}],"wp:term":[{"taxonomy":"category","embeddable":true,"href":"https:\/\/hudo.com\/si\/wp-json\/wp\/v2\/categories?post=135743"},{"taxonomy":"post_tag","embeddable":true,"href":"https:\/\/hudo.com\/si\/wp-json\/wp\/v2\/tags?post=135743"},{"taxonomy":"source","embeddable":true,"href":"https:\/\/hudo.com\/si\/wp-json\/wp\/v2\/source?post=135743"},{"taxonomy":"supertag","embeddable":true,"href":"https:\/\/hudo.com\/si\/wp-json\/wp\/v2\/supertag?post=135743"}],"curies":[{"name":"wp","href":"https:\/\/api.w.org\/{rel}","templated":true}]}}