{"id":135747,"date":"2016-09-19T08:00:00","date_gmt":"2016-09-19T06:00:00","guid":{"rendered":"http:\/\/hudo.com\/si\/2016\/09\/19\/pred-nacionalno-rtv-ostro-varcevanje\/"},"modified":"2016-09-20T01:51:42","modified_gmt":"2016-09-19T23:51:42","slug":"pred-nacionalno-rtv-ostro-varcevanje","status":"publish","type":"post","link":"https:\/\/hudo.com\/si\/aktualno\/pred-nacionalno-rtv-ostro-varcevanje\/","title":{"rendered":"Pred nacionalno RTV ostro var\u010devanje"},"content":{"rendered":"<p>Kategorija: Slovenija Mon, 19 Sep 2016 10:00:00 +0200  Ljubljana \u2013 Na nacionalki ni miru. Od spomladi nimajo vodstva, ki bi lahko sprejemalo strate\u0161ke odlo\u010ditve, poleti pa so zaznali \u0161e milijonski izpad prihodka iz ogla\u0161evanja. Na seji programskega sveta se bodo pogovarjali, kako bo morebitno var\u010devanje vplivalo na program. Direktorica TV Slovenija Ljerka Bizilj je zaposlenim namre\u010d sporo\u010dila, da bo treba za deset odstotkov zni\u017eati stro\u0161ke, kar bi v informativnem programu, denimo, pomenilo, da bi imeli na voljo 200.000 evrov manj. Tak\u0161no zmanj\u0161anje stro\u0161kov bi po nekaterih ocenah v informativnem programu pomenilo ukinitev ene oddaje. Tega ni mogo\u010de narediti zaradi programskega na\u010drta, vsekakor pa bi tak\u0161no var\u010devanje pomenilo ni\u017eje honorarje in prekinitev nekaterih pogodb. Manj ljudi pa pomeni tudi manj vsebin. \u00bbTokrat je bilo predvideno var\u010devanje res ostro, enostranski ukrep bi lahko mo\u010dno \u0161kodoval programu in zaposlenim, zato smo\u00a0&#8230;<\/p>\n","protected":false},"excerpt":{"rendered":"<p>Kategorija: Slovenija Mon, 19 Sep 2016 10:00:00 +0200  Ljubljana \u2013 Na nacionalki ni miru. Od spomladi nimajo vodstva, ki bi lahko sprejemalo strate\u0161ke odlo\u010ditve, poleti pa so zaznali \u0161e milijonski izpad prihodka iz ogla\u0161evanja. Na seji programskega sveta se bodo pogovarjali, kako bo morebitno var\u010devanje vplivalo na program. Direktorica TV Slovenija Ljerka Bizilj je zaposlenim namre\u010d sporo\u010dila, da bo treba za deset odstotkov zni\u017eati stro\u0161ke, kar bi v informativnem programu, denimo, pomenilo, da bi imeli na voljo 200.000 evrov manj. Tak\u0161no zmanj\u0161anje stro\u0161kov bi po nekaterih ocenah v informativnem programu pomenilo ukinitev ene oddaje. Tega ni mogo\u010de narediti zaradi programskega na\u010drta, vsekakor pa bi tak\u0161no var\u010devanje pomenilo ni\u017eje honorarje in prekinitev nekaterih pogodb. Manj ljudi pa pomeni tudi manj vsebin. \u00bbTokrat je bilo predvideno var\u010devanje res ostro, enostranski ukrep bi lahko mo\u010dno \u0161kodoval programu in zaposlenim, zato smo\u00a0&#8230;<\/p>\n","protected":false},"author":1,"featured_media":0,"comment_status":"closed","ping_status":"closed","sticky":false,"template":"","format":"standard","meta":{"footnotes":""},"categories":[1179],"tags":[],"source":[1703],"supertag":[],"acf":[],"yoast_head":"<!-- This site is optimized with the Yoast SEO plugin v21.3 - https:\/\/yoast.com\/wordpress\/plugins\/seo\/ -->\n<title>Pred nacionalno RTV ostro var\u010devanje - Hudo Slovenija<\/title>\n<meta name=\"robots\" content=\"index, follow, max-snippet:-1, max-image-preview:large, max-video-preview:-1\" \/>\n<link rel=\"canonical\" href=\"https:\/\/hudo.com\/si\/aktualno\/pred-nacionalno-rtv-ostro-varcevanje\/\" \/>\n<meta property=\"og:locale\" content=\"sl_SI\" \/>\n<meta property=\"og:type\" content=\"article\" \/>\n<meta property=\"og:title\" content=\"Pred nacionalno RTV ostro var\u010devanje - Hudo Slovenija\" \/>\n<meta property=\"og:description\" content=\"Kategorija: Slovenija Mon, 19 Sep 2016 10:00:00 +0200 Ljubljana \u2013 Na nacionalki ni miru. Od spomladi nimajo vodstva, ki bi lahko sprejemalo strate\u0161ke odlo\u010ditve, poleti pa so zaznali \u0161e milijonski izpad prihodka iz ogla\u0161evanja. Na seji programskega sveta se bodo pogovarjali, kako bo morebitno var\u010devanje vplivalo na program. Direktorica TV Slovenija Ljerka Bizilj je zaposlenim namre\u010d sporo\u010dila, da bo treba za deset odstotkov zni\u017eati stro\u0161ke, kar bi v informativnem programu, denimo, pomenilo, da bi imeli na voljo 200.000 evrov manj. Tak\u0161no zmanj\u0161anje stro\u0161kov bi po nekaterih ocenah v informativnem programu pomenilo ukinitev ene oddaje. Tega ni mogo\u010de narediti zaradi programskega na\u010drta, vsekakor pa bi tak\u0161no var\u010devanje pomenilo ni\u017eje honorarje in prekinitev nekaterih pogodb. Manj ljudi pa pomeni tudi manj vsebin. \u00bbTokrat je bilo predvideno var\u010devanje res ostro, enostranski ukrep bi lahko mo\u010dno \u0161kodoval programu in zaposlenim, zato smo\u00a0...\" \/>\n<meta property=\"og:url\" content=\"https:\/\/hudo.com\/si\/aktualno\/pred-nacionalno-rtv-ostro-varcevanje\/\" \/>\n<meta property=\"og:site_name\" content=\"Hudo Slovenija\" \/>\n<meta property=\"article:publisher\" content=\"https:\/\/www.facebook.com\/hudo.si\" \/>\n<meta property=\"article:published_time\" content=\"2016-09-19T06:00:00+00:00\" \/>\n<meta property=\"article:modified_time\" content=\"2016-09-19T23:51:42+00:00\" \/>\n<meta property=\"og:image\" content=\"https:\/\/hudo.com\/si\/wp-content\/uploads\/sites\/2\/2016\/09\/480x290_3_stran__djvu_2238802_krok__hires0.jpeg\" \/>\n\t<meta property=\"og:image:width\" content=\"480\" \/>\n\t<meta property=\"og:image:height\" content=\"290\" \/>\n\t<meta property=\"og:image:type\" content=\"image\/jpeg\" \/>\n<meta name=\"author\" content=\"hudo\" \/>\n<meta name=\"twitter:card\" content=\"summary_large_image\" \/>\n<meta name=\"twitter:creator\" content=\"@hudo_si\" \/>\n<meta name=\"twitter:site\" content=\"@hudo_si\" \/>\n<meta name=\"twitter:label1\" content=\"Written by\" \/>\n\t<meta name=\"twitter:data1\" content=\"hudo\" \/>\n\t<meta name=\"twitter:label2\" content=\"Est. reading time\" \/>\n\t<meta name=\"twitter:data2\" content=\"1 minuta\" \/>\n<script type=\"application\/ld+json\" class=\"yoast-schema-graph\">{\"@context\":\"https:\/\/schema.org\",\"@graph\":[{\"@type\":\"Article\",\"@id\":\"https:\/\/hudo.com\/si\/aktualno\/pred-nacionalno-rtv-ostro-varcevanje\/#article\",\"isPartOf\":{\"@id\":\"https:\/\/hudo.com\/si\/aktualno\/pred-nacionalno-rtv-ostro-varcevanje\/\"},\"author\":{\"name\":\"hudo\",\"@id\":\"https:\/\/hudo.com\/si\/#\/schema\/person\/601cf3379633985b20f7e50f2bb47707\"},\"headline\":\"Pred nacionalno RTV ostro var\u010devanje\",\"datePublished\":\"2016-09-19T06:00:00+00:00\",\"dateModified\":\"2016-09-19T23:51:42+00:00\",\"mainEntityOfPage\":{\"@id\":\"https:\/\/hudo.com\/si\/aktualno\/pred-nacionalno-rtv-ostro-varcevanje\/\"},\"wordCount\":155,\"publisher\":{\"@id\":\"https:\/\/hudo.com\/si\/#organization\"},\"articleSection\":[\"Aktualno\"],\"inLanguage\":\"sl-SI\"},{\"@type\":\"WebPage\",\"@id\":\"https:\/\/hudo.com\/si\/aktualno\/pred-nacionalno-rtv-ostro-varcevanje\/\",\"url\":\"https:\/\/hudo.com\/si\/aktualno\/pred-nacionalno-rtv-ostro-varcevanje\/\",\"name\":\"Pred nacionalno RTV ostro var\u010devanje - Hudo Slovenija\",\"isPartOf\":{\"@id\":\"https:\/\/hudo.com\/si\/#website\"},\"datePublished\":\"2016-09-19T06:00:00+00:00\",\"dateModified\":\"2016-09-19T23:51:42+00:00\",\"breadcrumb\":{\"@id\":\"https:\/\/hudo.com\/si\/aktualno\/pred-nacionalno-rtv-ostro-varcevanje\/#breadcrumb\"},\"inLanguage\":\"sl-SI\",\"potentialAction\":[{\"@type\":\"ReadAction\",\"target\":[\"https:\/\/hudo.com\/si\/aktualno\/pred-nacionalno-rtv-ostro-varcevanje\/\"]}]},{\"@type\":\"BreadcrumbList\",\"@id\":\"https:\/\/hudo.com\/si\/aktualno\/pred-nacionalno-rtv-ostro-varcevanje\/#breadcrumb\",\"itemListElement\":[{\"@type\":\"ListItem\",\"position\":1,\"name\":\"Home\",\"item\":\"https:\/\/hudo.com\/si\/\"},{\"@type\":\"ListItem\",\"position\":2,\"name\":\"Pred nacionalno RTV ostro var\u010devanje\"}]},{\"@type\":\"WebSite\",\"@id\":\"https:\/\/hudo.com\/si\/#website\",\"url\":\"https:\/\/hudo.com\/si\/\",\"name\":\"Hudo Slovenija\",\"description\":\"Vse novice iz Slovenije in sveta\",\"publisher\":{\"@id\":\"https:\/\/hudo.com\/si\/#organization\"},\"potentialAction\":[{\"@type\":\"SearchAction\",\"target\":{\"@type\":\"EntryPoint\",\"urlTemplate\":\"https:\/\/hudo.com\/si\/?s={search_term_string}\"},\"query-input\":\"required name=search_term_string\"}],\"inLanguage\":\"sl-SI\"},{\"@type\":\"Organization\",\"@id\":\"https:\/\/hudo.com\/si\/#organization\",\"name\":\"VSN Media\",\"url\":\"https:\/\/hudo.com\/si\/\",\"logo\":{\"@type\":\"ImageObject\",\"inLanguage\":\"sl-SI\",\"@id\":\"https:\/\/hudo.com\/si\/#\/schema\/logo\/image\/\",\"url\":\"https:\/\/hudo.com\/si\/wp-content\/uploads\/sites\/2\/2021\/03\/hudo-app-2.png\",\"contentUrl\":\"https:\/\/hudo.com\/si\/wp-content\/uploads\/sites\/2\/2021\/03\/hudo-app-2.png\",\"width\":2185,\"height\":2167,\"caption\":\"VSN Media\"},\"image\":{\"@id\":\"https:\/\/hudo.com\/si\/#\/schema\/logo\/image\/\"},\"sameAs\":[\"https:\/\/www.facebook.com\/hudo.si\",\"https:\/\/twitter.com\/hudo_si\"]},{\"@type\":\"Person\",\"@id\":\"https:\/\/hudo.com\/si\/#\/schema\/person\/601cf3379633985b20f7e50f2bb47707\",\"name\":\"hudo\",\"image\":{\"@type\":\"ImageObject\",\"inLanguage\":\"sl-SI\",\"@id\":\"https:\/\/hudo.com\/si\/#\/schema\/person\/image\/\",\"url\":\"https:\/\/secure.gravatar.com\/avatar\/c4ca25fa72cace7a696b52ff5db9e095?s=96&d=mm&r=g\",\"contentUrl\":\"https:\/\/secure.gravatar.com\/avatar\/c4ca25fa72cace7a696b52ff5db9e095?s=96&d=mm&r=g\",\"caption\":\"hudo\"},\"url\":\"https:\/\/hudo.com\/si\/author\/hudo\/\"}]}<\/script>\n<!-- \/ Yoast SEO plugin. -->","yoast_head_json":{"title":"Pred nacionalno RTV ostro var\u010devanje - Hudo Slovenija","robots":{"index":"index","follow":"follow","max-snippet":"max-snippet:-1","max-image-preview":"max-image-preview:large","max-video-preview":"max-video-preview:-1"},"canonical":"https:\/\/hudo.com\/si\/aktualno\/pred-nacionalno-rtv-ostro-varcevanje\/","og_locale":"sl_SI","og_type":"article","og_title":"Pred nacionalno RTV ostro var\u010devanje - Hudo Slovenija","og_description":"Kategorija: Slovenija Mon, 19 Sep 2016 10:00:00 +0200 Ljubljana \u2013 Na nacionalki ni miru. Od spomladi nimajo vodstva, ki bi lahko sprejemalo strate\u0161ke odlo\u010ditve, poleti pa so zaznali \u0161e milijonski izpad prihodka iz ogla\u0161evanja. Na seji programskega sveta se bodo pogovarjali, kako bo morebitno var\u010devanje vplivalo na program. Direktorica TV Slovenija Ljerka Bizilj je zaposlenim namre\u010d sporo\u010dila, da bo treba za deset odstotkov zni\u017eati stro\u0161ke, kar bi v informativnem programu, denimo, pomenilo, da bi imeli na voljo 200.000 evrov manj. Tak\u0161no zmanj\u0161anje stro\u0161kov bi po nekaterih ocenah v informativnem programu pomenilo ukinitev ene oddaje. Tega ni mogo\u010de narediti zaradi programskega na\u010drta, vsekakor pa bi tak\u0161no var\u010devanje pomenilo ni\u017eje honorarje in prekinitev nekaterih pogodb. Manj ljudi pa pomeni tudi manj vsebin. \u00bbTokrat je bilo predvideno var\u010devanje res ostro, enostranski ukrep bi lahko mo\u010dno \u0161kodoval programu in zaposlenim, zato smo\u00a0...","og_url":"https:\/\/hudo.com\/si\/aktualno\/pred-nacionalno-rtv-ostro-varcevanje\/","og_site_name":"Hudo Slovenija","article_publisher":"https:\/\/www.facebook.com\/hudo.si","article_published_time":"2016-09-19T06:00:00+00:00","article_modified_time":"2016-09-19T23:51:42+00:00","og_image":[{"width":480,"height":290,"url":"https:\/\/hudo.com\/si\/wp-content\/uploads\/sites\/2\/2016\/09\/480x290_3_stran__djvu_2238802_krok__hires0.jpeg","type":"image\/jpeg"}],"author":"hudo","twitter_card":"summary_large_image","twitter_creator":"@hudo_si","twitter_site":"@hudo_si","twitter_misc":{"Written by":"hudo","Est. reading time":"1 minuta"},"schema":{"@context":"https:\/\/schema.org","@graph":[{"@type":"Article","@id":"https:\/\/hudo.com\/si\/aktualno\/pred-nacionalno-rtv-ostro-varcevanje\/#article","isPartOf":{"@id":"https:\/\/hudo.com\/si\/aktualno\/pred-nacionalno-rtv-ostro-varcevanje\/"},"author":{"name":"hudo","@id":"https:\/\/hudo.com\/si\/#\/schema\/person\/601cf3379633985b20f7e50f2bb47707"},"headline":"Pred nacionalno RTV ostro var\u010devanje","datePublished":"2016-09-19T06:00:00+00:00","dateModified":"2016-09-19T23:51:42+00:00","mainEntityOfPage":{"@id":"https:\/\/hudo.com\/si\/aktualno\/pred-nacionalno-rtv-ostro-varcevanje\/"},"wordCount":155,"publisher":{"@id":"https:\/\/hudo.com\/si\/#organization"},"articleSection":["Aktualno"],"inLanguage":"sl-SI"},{"@type":"WebPage","@id":"https:\/\/hudo.com\/si\/aktualno\/pred-nacionalno-rtv-ostro-varcevanje\/","url":"https:\/\/hudo.com\/si\/aktualno\/pred-nacionalno-rtv-ostro-varcevanje\/","name":"Pred nacionalno RTV ostro var\u010devanje - Hudo Slovenija","isPartOf":{"@id":"https:\/\/hudo.com\/si\/#website"},"datePublished":"2016-09-19T06:00:00+00:00","dateModified":"2016-09-19T23:51:42+00:00","breadcrumb":{"@id":"https:\/\/hudo.com\/si\/aktualno\/pred-nacionalno-rtv-ostro-varcevanje\/#breadcrumb"},"inLanguage":"sl-SI","potentialAction":[{"@type":"ReadAction","target":["https:\/\/hudo.com\/si\/aktualno\/pred-nacionalno-rtv-ostro-varcevanje\/"]}]},{"@type":"BreadcrumbList","@id":"https:\/\/hudo.com\/si\/aktualno\/pred-nacionalno-rtv-ostro-varcevanje\/#breadcrumb","itemListElement":[{"@type":"ListItem","position":1,"name":"Home","item":"https:\/\/hudo.com\/si\/"},{"@type":"ListItem","position":2,"name":"Pred nacionalno RTV ostro var\u010devanje"}]},{"@type":"WebSite","@id":"https:\/\/hudo.com\/si\/#website","url":"https:\/\/hudo.com\/si\/","name":"Hudo Slovenija","description":"Vse novice iz Slovenije in sveta","publisher":{"@id":"https:\/\/hudo.com\/si\/#organization"},"potentialAction":[{"@type":"SearchAction","target":{"@type":"EntryPoint","urlTemplate":"https:\/\/hudo.com\/si\/?s={search_term_string}"},"query-input":"required name=search_term_string"}],"inLanguage":"sl-SI"},{"@type":"Organization","@id":"https:\/\/hudo.com\/si\/#organization","name":"VSN Media","url":"https:\/\/hudo.com\/si\/","logo":{"@type":"ImageObject","inLanguage":"sl-SI","@id":"https:\/\/hudo.com\/si\/#\/schema\/logo\/image\/","url":"https:\/\/hudo.com\/si\/wp-content\/uploads\/sites\/2\/2021\/03\/hudo-app-2.png","contentUrl":"https:\/\/hudo.com\/si\/wp-content\/uploads\/sites\/2\/2021\/03\/hudo-app-2.png","width":2185,"height":2167,"caption":"VSN Media"},"image":{"@id":"https:\/\/hudo.com\/si\/#\/schema\/logo\/image\/"},"sameAs":["https:\/\/www.facebook.com\/hudo.si","https:\/\/twitter.com\/hudo_si"]},{"@type":"Person","@id":"https:\/\/hudo.com\/si\/#\/schema\/person\/601cf3379633985b20f7e50f2bb47707","name":"hudo","image":{"@type":"ImageObject","inLanguage":"sl-SI","@id":"https:\/\/hudo.com\/si\/#\/schema\/person\/image\/","url":"https:\/\/secure.gravatar.com\/avatar\/c4ca25fa72cace7a696b52ff5db9e095?s=96&d=mm&r=g","contentUrl":"https:\/\/secure.gravatar.com\/avatar\/c4ca25fa72cace7a696b52ff5db9e095?s=96&d=mm&r=g","caption":"hudo"},"url":"https:\/\/hudo.com\/si\/author\/hudo\/"}]}},"amp_enabled":true,"_links":{"self":[{"href":"https:\/\/hudo.com\/si\/wp-json\/wp\/v2\/posts\/135747"}],"collection":[{"href":"https:\/\/hudo.com\/si\/wp-json\/wp\/v2\/posts"}],"about":[{"href":"https:\/\/hudo.com\/si\/wp-json\/wp\/v2\/types\/post"}],"author":[{"embeddable":true,"href":"https:\/\/hudo.com\/si\/wp-json\/wp\/v2\/users\/1"}],"replies":[{"embeddable":true,"href":"https:\/\/hudo.com\/si\/wp-json\/wp\/v2\/comments?post=135747"}],"version-history":[{"count":1,"href":"https:\/\/hudo.com\/si\/wp-json\/wp\/v2\/posts\/135747\/revisions"}],"predecessor-version":[{"id":136045,"href":"https:\/\/hudo.com\/si\/wp-json\/wp\/v2\/posts\/135747\/revisions\/136045"}],"wp:attachment":[{"href":"https:\/\/hudo.com\/si\/wp-json\/wp\/v2\/media?parent=135747"}],"wp:term":[{"taxonomy":"category","embeddable":true,"href":"https:\/\/hudo.com\/si\/wp-json\/wp\/v2\/categories?post=135747"},{"taxonomy":"post_tag","embeddable":true,"href":"https:\/\/hudo.com\/si\/wp-json\/wp\/v2\/tags?post=135747"},{"taxonomy":"source","embeddable":true,"href":"https:\/\/hudo.com\/si\/wp-json\/wp\/v2\/source?post=135747"},{"taxonomy":"supertag","embeddable":true,"href":"https:\/\/hudo.com\/si\/wp-json\/wp\/v2\/supertag?post=135747"}],"curies":[{"name":"wp","href":"https:\/\/api.w.org\/{rel}","templated":true}]}}