{"id":136694,"date":"2016-09-20T08:18:12","date_gmt":"2016-09-20T06:18:12","guid":{"rendered":"http:\/\/hudo.com\/si\/2016\/09\/20\/velik-pozar-v-begunskem-centru-na-lezbosu-le-ukrotili\/"},"modified":"2016-09-21T05:26:23","modified_gmt":"2016-09-21T03:26:23","slug":"velik-pozar-v-begunskem-centru-na-lezbosu-le-ukrotili","status":"publish","type":"post","link":"https:\/\/hudo.com\/si\/aktualno\/velik-pozar-v-begunskem-centru-na-lezbosu-le-ukrotili\/","title":{"rendered":"Velik po\u017ear v begunskem centru na Lezbosu le ukrotili"},"content":{"rendered":"<p>Gasilcem je uspelo ukrotiti velik po\u017ear v begunskem centru Moria na Lezbosu, ki pa je zdaj mo\u010dno po\u0161kodovan. Zgorela je ve\u010d kot polovica centra, poro\u010da nem\u0161ka tiskovna agencija dpa, ki se sklicuje na gr\u0161ke vire. Po\u017ear so najverjetneje zanetili migranti sami, zaradi ognja pa je iz centra pobegnilo ve\u010d tiso\u010d ljudi.<\/p>\n","protected":false},"excerpt":{"rendered":"<p>Gasilcem je uspelo ukrotiti velik po\u017ear v begunskem centru Moria na Lezbosu, ki pa je zdaj mo\u010dno po\u0161kodovan. Zgorela je ve\u010d kot polovica centra, poro\u010da nem\u0161ka tiskovna agencija dpa, ki se sklicuje na gr\u0161ke vire. Po\u017ear so najverjetneje zanetili migranti sami, zaradi ognja pa je iz centra pobegnilo ve\u010d tiso\u010d ljudi.<\/p>\n","protected":false},"author":1,"featured_media":0,"comment_status":"closed","ping_status":"closed","sticky":false,"template":"","format":"standard","meta":{"footnotes":""},"categories":[1179],"tags":[],"source":[1707],"supertag":[],"acf":[],"yoast_head":"<!-- This site is optimized with the Yoast SEO plugin v21.3 - https:\/\/yoast.com\/wordpress\/plugins\/seo\/ -->\n<title>Velik po\u017ear v begunskem centru na Lezbosu le ukrotili - Hudo Slovenija<\/title>\n<meta name=\"robots\" content=\"index, follow, max-snippet:-1, max-image-preview:large, max-video-preview:-1\" \/>\n<link rel=\"canonical\" href=\"https:\/\/hudo.com\/si\/aktualno\/velik-pozar-v-begunskem-centru-na-lezbosu-le-ukrotili\/\" \/>\n<meta property=\"og:locale\" content=\"sl_SI\" \/>\n<meta property=\"og:type\" content=\"article\" \/>\n<meta property=\"og:title\" content=\"Velik po\u017ear v begunskem centru na Lezbosu le ukrotili - Hudo Slovenija\" \/>\n<meta property=\"og:description\" content=\"Gasilcem je uspelo ukrotiti velik po\u017ear v begunskem centru Moria na Lezbosu, ki pa je zdaj mo\u010dno po\u0161kodovan. Zgorela je ve\u010d kot polovica centra, poro\u010da nem\u0161ka tiskovna agencija dpa, ki se sklicuje na gr\u0161ke vire. Po\u017ear so najverjetneje zanetili migranti sami, zaradi ognja pa je iz centra pobegnilo ve\u010d tiso\u010d ljudi.\" \/>\n<meta property=\"og:url\" content=\"https:\/\/hudo.com\/si\/aktualno\/velik-pozar-v-begunskem-centru-na-lezbosu-le-ukrotili\/\" \/>\n<meta property=\"og:site_name\" content=\"Hudo Slovenija\" \/>\n<meta property=\"article:publisher\" content=\"https:\/\/www.facebook.com\/hudo.si\" \/>\n<meta property=\"article:published_time\" content=\"2016-09-20T06:18:12+00:00\" \/>\n<meta property=\"article:modified_time\" content=\"2016-09-21T03:26:23+00:00\" \/>\n<meta property=\"og:image\" content=\"https:\/\/hudo.com\/si\/wp-content\/uploads\/sites\/2\/2016\/09\/1789-ogenj.jpg\" \/>\n\t<meta property=\"og:image:width\" content=\"465\" \/>\n\t<meta property=\"og:image:height\" content=\"620\" \/>\n\t<meta property=\"og:image:type\" content=\"image\/jpeg\" \/>\n<meta name=\"author\" content=\"hudo\" \/>\n<meta name=\"twitter:card\" content=\"summary_large_image\" \/>\n<meta name=\"twitter:creator\" content=\"@hudo_si\" \/>\n<meta name=\"twitter:site\" content=\"@hudo_si\" \/>\n<meta name=\"twitter:label1\" content=\"Written by\" \/>\n\t<meta name=\"twitter:data1\" content=\"hudo\" \/>\n<script type=\"application\/ld+json\" class=\"yoast-schema-graph\">{\"@context\":\"https:\/\/schema.org\",\"@graph\":[{\"@type\":\"Article\",\"@id\":\"https:\/\/hudo.com\/si\/aktualno\/velik-pozar-v-begunskem-centru-na-lezbosu-le-ukrotili\/#article\",\"isPartOf\":{\"@id\":\"https:\/\/hudo.com\/si\/aktualno\/velik-pozar-v-begunskem-centru-na-lezbosu-le-ukrotili\/\"},\"author\":{\"name\":\"hudo\",\"@id\":\"https:\/\/hudo.com\/si\/#\/schema\/person\/601cf3379633985b20f7e50f2bb47707\"},\"headline\":\"Velik po\u017ear v begunskem centru na Lezbosu le ukrotili\",\"datePublished\":\"2016-09-20T06:18:12+00:00\",\"dateModified\":\"2016-09-21T03:26:23+00:00\",\"mainEntityOfPage\":{\"@id\":\"https:\/\/hudo.com\/si\/aktualno\/velik-pozar-v-begunskem-centru-na-lezbosu-le-ukrotili\/\"},\"wordCount\":68,\"publisher\":{\"@id\":\"https:\/\/hudo.com\/si\/#organization\"},\"articleSection\":[\"Aktualno\"],\"inLanguage\":\"sl-SI\"},{\"@type\":\"WebPage\",\"@id\":\"https:\/\/hudo.com\/si\/aktualno\/velik-pozar-v-begunskem-centru-na-lezbosu-le-ukrotili\/\",\"url\":\"https:\/\/hudo.com\/si\/aktualno\/velik-pozar-v-begunskem-centru-na-lezbosu-le-ukrotili\/\",\"name\":\"Velik po\u017ear v begunskem centru na Lezbosu le ukrotili - Hudo Slovenija\",\"isPartOf\":{\"@id\":\"https:\/\/hudo.com\/si\/#website\"},\"datePublished\":\"2016-09-20T06:18:12+00:00\",\"dateModified\":\"2016-09-21T03:26:23+00:00\",\"breadcrumb\":{\"@id\":\"https:\/\/hudo.com\/si\/aktualno\/velik-pozar-v-begunskem-centru-na-lezbosu-le-ukrotili\/#breadcrumb\"},\"inLanguage\":\"sl-SI\",\"potentialAction\":[{\"@type\":\"ReadAction\",\"target\":[\"https:\/\/hudo.com\/si\/aktualno\/velik-pozar-v-begunskem-centru-na-lezbosu-le-ukrotili\/\"]}]},{\"@type\":\"BreadcrumbList\",\"@id\":\"https:\/\/hudo.com\/si\/aktualno\/velik-pozar-v-begunskem-centru-na-lezbosu-le-ukrotili\/#breadcrumb\",\"itemListElement\":[{\"@type\":\"ListItem\",\"position\":1,\"name\":\"Home\",\"item\":\"https:\/\/hudo.com\/si\/\"},{\"@type\":\"ListItem\",\"position\":2,\"name\":\"Velik po\u017ear v begunskem centru na Lezbosu le ukrotili\"}]},{\"@type\":\"WebSite\",\"@id\":\"https:\/\/hudo.com\/si\/#website\",\"url\":\"https:\/\/hudo.com\/si\/\",\"name\":\"Hudo Slovenija\",\"description\":\"Vse novice iz Slovenije in sveta\",\"publisher\":{\"@id\":\"https:\/\/hudo.com\/si\/#organization\"},\"potentialAction\":[{\"@type\":\"SearchAction\",\"target\":{\"@type\":\"EntryPoint\",\"urlTemplate\":\"https:\/\/hudo.com\/si\/?s={search_term_string}\"},\"query-input\":\"required name=search_term_string\"}],\"inLanguage\":\"sl-SI\"},{\"@type\":\"Organization\",\"@id\":\"https:\/\/hudo.com\/si\/#organization\",\"name\":\"VSN Media\",\"url\":\"https:\/\/hudo.com\/si\/\",\"logo\":{\"@type\":\"ImageObject\",\"inLanguage\":\"sl-SI\",\"@id\":\"https:\/\/hudo.com\/si\/#\/schema\/logo\/image\/\",\"url\":\"https:\/\/hudo.com\/si\/wp-content\/uploads\/sites\/2\/2021\/03\/hudo-app-2.png\",\"contentUrl\":\"https:\/\/hudo.com\/si\/wp-content\/uploads\/sites\/2\/2021\/03\/hudo-app-2.png\",\"width\":2185,\"height\":2167,\"caption\":\"VSN Media\"},\"image\":{\"@id\":\"https:\/\/hudo.com\/si\/#\/schema\/logo\/image\/\"},\"sameAs\":[\"https:\/\/www.facebook.com\/hudo.si\",\"https:\/\/twitter.com\/hudo_si\"]},{\"@type\":\"Person\",\"@id\":\"https:\/\/hudo.com\/si\/#\/schema\/person\/601cf3379633985b20f7e50f2bb47707\",\"name\":\"hudo\",\"image\":{\"@type\":\"ImageObject\",\"inLanguage\":\"sl-SI\",\"@id\":\"https:\/\/hudo.com\/si\/#\/schema\/person\/image\/\",\"url\":\"https:\/\/secure.gravatar.com\/avatar\/c4ca25fa72cace7a696b52ff5db9e095?s=96&d=mm&r=g\",\"contentUrl\":\"https:\/\/secure.gravatar.com\/avatar\/c4ca25fa72cace7a696b52ff5db9e095?s=96&d=mm&r=g\",\"caption\":\"hudo\"},\"url\":\"https:\/\/hudo.com\/si\/author\/hudo\/\"}]}<\/script>\n<!-- \/ Yoast SEO plugin. -->","yoast_head_json":{"title":"Velik po\u017ear v begunskem centru na Lezbosu le ukrotili - Hudo Slovenija","robots":{"index":"index","follow":"follow","max-snippet":"max-snippet:-1","max-image-preview":"max-image-preview:large","max-video-preview":"max-video-preview:-1"},"canonical":"https:\/\/hudo.com\/si\/aktualno\/velik-pozar-v-begunskem-centru-na-lezbosu-le-ukrotili\/","og_locale":"sl_SI","og_type":"article","og_title":"Velik po\u017ear v begunskem centru na Lezbosu le ukrotili - Hudo Slovenija","og_description":"Gasilcem je uspelo ukrotiti velik po\u017ear v begunskem centru Moria na Lezbosu, ki pa je zdaj mo\u010dno po\u0161kodovan. Zgorela je ve\u010d kot polovica centra, poro\u010da nem\u0161ka tiskovna agencija dpa, ki se sklicuje na gr\u0161ke vire. Po\u017ear so najverjetneje zanetili migranti sami, zaradi ognja pa je iz centra pobegnilo ve\u010d tiso\u010d ljudi.","og_url":"https:\/\/hudo.com\/si\/aktualno\/velik-pozar-v-begunskem-centru-na-lezbosu-le-ukrotili\/","og_site_name":"Hudo Slovenija","article_publisher":"https:\/\/www.facebook.com\/hudo.si","article_published_time":"2016-09-20T06:18:12+00:00","article_modified_time":"2016-09-21T03:26:23+00:00","og_image":[{"width":465,"height":620,"url":"https:\/\/hudo.com\/si\/wp-content\/uploads\/sites\/2\/2016\/09\/1789-ogenj.jpg","type":"image\/jpeg"}],"author":"hudo","twitter_card":"summary_large_image","twitter_creator":"@hudo_si","twitter_site":"@hudo_si","twitter_misc":{"Written by":"hudo"},"schema":{"@context":"https:\/\/schema.org","@graph":[{"@type":"Article","@id":"https:\/\/hudo.com\/si\/aktualno\/velik-pozar-v-begunskem-centru-na-lezbosu-le-ukrotili\/#article","isPartOf":{"@id":"https:\/\/hudo.com\/si\/aktualno\/velik-pozar-v-begunskem-centru-na-lezbosu-le-ukrotili\/"},"author":{"name":"hudo","@id":"https:\/\/hudo.com\/si\/#\/schema\/person\/601cf3379633985b20f7e50f2bb47707"},"headline":"Velik po\u017ear v begunskem centru na Lezbosu le ukrotili","datePublished":"2016-09-20T06:18:12+00:00","dateModified":"2016-09-21T03:26:23+00:00","mainEntityOfPage":{"@id":"https:\/\/hudo.com\/si\/aktualno\/velik-pozar-v-begunskem-centru-na-lezbosu-le-ukrotili\/"},"wordCount":68,"publisher":{"@id":"https:\/\/hudo.com\/si\/#organization"},"articleSection":["Aktualno"],"inLanguage":"sl-SI"},{"@type":"WebPage","@id":"https:\/\/hudo.com\/si\/aktualno\/velik-pozar-v-begunskem-centru-na-lezbosu-le-ukrotili\/","url":"https:\/\/hudo.com\/si\/aktualno\/velik-pozar-v-begunskem-centru-na-lezbosu-le-ukrotili\/","name":"Velik po\u017ear v begunskem centru na Lezbosu le ukrotili - Hudo Slovenija","isPartOf":{"@id":"https:\/\/hudo.com\/si\/#website"},"datePublished":"2016-09-20T06:18:12+00:00","dateModified":"2016-09-21T03:26:23+00:00","breadcrumb":{"@id":"https:\/\/hudo.com\/si\/aktualno\/velik-pozar-v-begunskem-centru-na-lezbosu-le-ukrotili\/#breadcrumb"},"inLanguage":"sl-SI","potentialAction":[{"@type":"ReadAction","target":["https:\/\/hudo.com\/si\/aktualno\/velik-pozar-v-begunskem-centru-na-lezbosu-le-ukrotili\/"]}]},{"@type":"BreadcrumbList","@id":"https:\/\/hudo.com\/si\/aktualno\/velik-pozar-v-begunskem-centru-na-lezbosu-le-ukrotili\/#breadcrumb","itemListElement":[{"@type":"ListItem","position":1,"name":"Home","item":"https:\/\/hudo.com\/si\/"},{"@type":"ListItem","position":2,"name":"Velik po\u017ear v begunskem centru na Lezbosu le ukrotili"}]},{"@type":"WebSite","@id":"https:\/\/hudo.com\/si\/#website","url":"https:\/\/hudo.com\/si\/","name":"Hudo Slovenija","description":"Vse novice iz Slovenije in sveta","publisher":{"@id":"https:\/\/hudo.com\/si\/#organization"},"potentialAction":[{"@type":"SearchAction","target":{"@type":"EntryPoint","urlTemplate":"https:\/\/hudo.com\/si\/?s={search_term_string}"},"query-input":"required name=search_term_string"}],"inLanguage":"sl-SI"},{"@type":"Organization","@id":"https:\/\/hudo.com\/si\/#organization","name":"VSN Media","url":"https:\/\/hudo.com\/si\/","logo":{"@type":"ImageObject","inLanguage":"sl-SI","@id":"https:\/\/hudo.com\/si\/#\/schema\/logo\/image\/","url":"https:\/\/hudo.com\/si\/wp-content\/uploads\/sites\/2\/2021\/03\/hudo-app-2.png","contentUrl":"https:\/\/hudo.com\/si\/wp-content\/uploads\/sites\/2\/2021\/03\/hudo-app-2.png","width":2185,"height":2167,"caption":"VSN Media"},"image":{"@id":"https:\/\/hudo.com\/si\/#\/schema\/logo\/image\/"},"sameAs":["https:\/\/www.facebook.com\/hudo.si","https:\/\/twitter.com\/hudo_si"]},{"@type":"Person","@id":"https:\/\/hudo.com\/si\/#\/schema\/person\/601cf3379633985b20f7e50f2bb47707","name":"hudo","image":{"@type":"ImageObject","inLanguage":"sl-SI","@id":"https:\/\/hudo.com\/si\/#\/schema\/person\/image\/","url":"https:\/\/secure.gravatar.com\/avatar\/c4ca25fa72cace7a696b52ff5db9e095?s=96&d=mm&r=g","contentUrl":"https:\/\/secure.gravatar.com\/avatar\/c4ca25fa72cace7a696b52ff5db9e095?s=96&d=mm&r=g","caption":"hudo"},"url":"https:\/\/hudo.com\/si\/author\/hudo\/"}]}},"amp_enabled":true,"_links":{"self":[{"href":"https:\/\/hudo.com\/si\/wp-json\/wp\/v2\/posts\/136694"}],"collection":[{"href":"https:\/\/hudo.com\/si\/wp-json\/wp\/v2\/posts"}],"about":[{"href":"https:\/\/hudo.com\/si\/wp-json\/wp\/v2\/types\/post"}],"author":[{"embeddable":true,"href":"https:\/\/hudo.com\/si\/wp-json\/wp\/v2\/users\/1"}],"replies":[{"embeddable":true,"href":"https:\/\/hudo.com\/si\/wp-json\/wp\/v2\/comments?post=136694"}],"version-history":[{"count":1,"href":"https:\/\/hudo.com\/si\/wp-json\/wp\/v2\/posts\/136694\/revisions"}],"predecessor-version":[{"id":136994,"href":"https:\/\/hudo.com\/si\/wp-json\/wp\/v2\/posts\/136694\/revisions\/136994"}],"wp:attachment":[{"href":"https:\/\/hudo.com\/si\/wp-json\/wp\/v2\/media?parent=136694"}],"wp:term":[{"taxonomy":"category","embeddable":true,"href":"https:\/\/hudo.com\/si\/wp-json\/wp\/v2\/categories?post=136694"},{"taxonomy":"post_tag","embeddable":true,"href":"https:\/\/hudo.com\/si\/wp-json\/wp\/v2\/tags?post=136694"},{"taxonomy":"source","embeddable":true,"href":"https:\/\/hudo.com\/si\/wp-json\/wp\/v2\/source?post=136694"},{"taxonomy":"supertag","embeddable":true,"href":"https:\/\/hudo.com\/si\/wp-json\/wp\/v2\/supertag?post=136694"}],"curies":[{"name":"wp","href":"https:\/\/api.w.org\/{rel}","templated":true}]}}