{"id":136847,"date":"2016-09-20T19:30:00","date_gmt":"2016-09-20T17:30:00","guid":{"rendered":"http:\/\/hudo.com\/si\/2016\/09\/20\/ce-bi-lahko-bi-zavrtela-cas-nazaj\/"},"modified":"2016-09-21T10:36:58","modified_gmt":"2016-09-21T08:36:58","slug":"ce-bi-lahko-bi-zavrtela-cas-nazaj","status":"publish","type":"post","link":"https:\/\/hudo.com\/si\/aktualno\/ce-bi-lahko-bi-zavrtela-cas-nazaj\/","title":{"rendered":"\u010ce bi lahko, bi zavrtela \u010das nazaj"},"content":{"rendered":"<p>Kategorija: Evropa Tue, 20 Sep 2016 21:30:00 +0200  Berlin \u2013 Zaradi begunske krize\u00ad si kanclerka \u017eeli, da bi lahko zavrtela \u010das nazaj. Po volilnih katastrofah za njeno CDU v Mecklenburgu &#8211; Predpomorjanskem in Berlinu posku\u0161a Angela Merkel omiliti \u0161kodo, a \u0161e vedno no\u010de preve\u010d prizadeti svoje verodostojnosti. Kr\u0161\u010danskodemokratska kanclerka, ki ji mnogi pripisujejo odgovornost za najhuj\u0161o begunsko krizo po drugi svetovni vojni, je svoj razvpiti \u00bbzmogli bomo\u00ab \u017ee pred nekaj dnevi ozna\u010dila za prazno frazo, ki je najraje ne bi ve\u010d ponavljala. \u0160e naprej je prepri\u010dana, da je Nem\u010dija mo\u010dna dr\u017eava, ta stavek pa se ji danes zdi precenjen, saj so se nekateri zaradi njega po\u010dutili izzvane. \u00bbSeveda ni bil mi\u0161ljen tako,\u00ab je povedala. Po nedeljskih de\u017eelnih volitvah v Berlinu, na katerih je njena stranka znova bila pora\u017eenka, Angela Merkel nadaljuje svoje delno posipanje s pepelom. \u00bbSem voditeljica\u00a0&#8230;<\/p>\n","protected":false},"excerpt":{"rendered":"<p>Kategorija: Evropa Tue, 20 Sep 2016 21:30:00 +0200  Berlin \u2013 Zaradi begunske krize\u00ad si kanclerka \u017eeli, da bi lahko zavrtela \u010das nazaj. Po volilnih katastrofah za njeno CDU v Mecklenburgu &#8211; Predpomorjanskem in Berlinu posku\u0161a Angela Merkel omiliti \u0161kodo, a \u0161e vedno no\u010de preve\u010d prizadeti svoje verodostojnosti. Kr\u0161\u010danskodemokratska kanclerka, ki ji mnogi pripisujejo odgovornost za najhuj\u0161o begunsko krizo po drugi svetovni vojni, je svoj razvpiti \u00bbzmogli bomo\u00ab \u017ee pred nekaj dnevi ozna\u010dila za prazno frazo, ki je najraje ne bi ve\u010d ponavljala. \u0160e naprej je prepri\u010dana, da je Nem\u010dija mo\u010dna dr\u017eava, ta stavek pa se ji danes zdi precenjen, saj so se nekateri zaradi njega po\u010dutili izzvane. \u00bbSeveda ni bil mi\u0161ljen tako,\u00ab je povedala. Po nedeljskih de\u017eelnih volitvah v Berlinu, na katerih je njena stranka znova bila pora\u017eenka, Angela Merkel nadaljuje svoje delno posipanje s pepelom. \u00bbSem voditeljica\u00a0&#8230;<\/p>\n","protected":false},"author":1,"featured_media":0,"comment_status":"closed","ping_status":"closed","sticky":false,"template":"","format":"standard","meta":{"footnotes":""},"categories":[1179],"tags":[],"source":[1703],"supertag":[],"acf":[],"yoast_head":"<!-- This site is optimized with the Yoast SEO plugin v21.3 - https:\/\/yoast.com\/wordpress\/plugins\/seo\/ -->\n<title>\u010ce bi lahko, bi zavrtela \u010das nazaj - Hudo Slovenija<\/title>\n<meta name=\"robots\" content=\"index, follow, max-snippet:-1, max-image-preview:large, max-video-preview:-1\" \/>\n<link rel=\"canonical\" href=\"https:\/\/hudo.com\/si\/aktualno\/ce-bi-lahko-bi-zavrtela-cas-nazaj\/\" \/>\n<meta property=\"og:locale\" content=\"sl_SI\" \/>\n<meta property=\"og:type\" content=\"article\" \/>\n<meta property=\"og:title\" content=\"\u010ce bi lahko, bi zavrtela \u010das nazaj - Hudo Slovenija\" \/>\n<meta property=\"og:description\" content=\"Kategorija: Evropa Tue, 20 Sep 2016 21:30:00 +0200 Berlin \u2013 Zaradi begunske krize\u00ad si kanclerka \u017eeli, da bi lahko zavrtela \u010das nazaj. Po volilnih katastrofah za njeno CDU v Mecklenburgu - Predpomorjanskem in Berlinu posku\u0161a Angela Merkel omiliti \u0161kodo, a \u0161e vedno no\u010de preve\u010d prizadeti svoje verodostojnosti. Kr\u0161\u010danskodemokratska kanclerka, ki ji mnogi pripisujejo odgovornost za najhuj\u0161o begunsko krizo po drugi svetovni vojni, je svoj razvpiti \u00bbzmogli bomo\u00ab \u017ee pred nekaj dnevi ozna\u010dila za prazno frazo, ki je najraje ne bi ve\u010d ponavljala. \u0160e naprej je prepri\u010dana, da je Nem\u010dija mo\u010dna dr\u017eava, ta stavek pa se ji danes zdi precenjen, saj so se nekateri zaradi njega po\u010dutili izzvane. \u00bbSeveda ni bil mi\u0161ljen tako,\u00ab je povedala. Po nedeljskih de\u017eelnih volitvah v Berlinu, na katerih je njena stranka znova bila pora\u017eenka, Angela Merkel nadaljuje svoje delno posipanje s pepelom. \u00bbSem voditeljica\u00a0...\" \/>\n<meta property=\"og:url\" content=\"https:\/\/hudo.com\/si\/aktualno\/ce-bi-lahko-bi-zavrtela-cas-nazaj\/\" \/>\n<meta property=\"og:site_name\" content=\"Hudo Slovenija\" \/>\n<meta property=\"article:publisher\" content=\"https:\/\/www.facebook.com\/hudo.si\" \/>\n<meta property=\"article:published_time\" content=\"2016-09-20T17:30:00+00:00\" \/>\n<meta property=\"article:modified_time\" content=\"2016-09-21T08:36:58+00:00\" \/>\n<meta property=\"og:image\" content=\"https:\/\/hudo.com\/si\/wp-content\/uploads\/sites\/2\/2016\/09\/480x290_Reuters_Pictures-20160919141807-24310000.jpeg\" \/>\n\t<meta property=\"og:image:width\" content=\"480\" \/>\n\t<meta property=\"og:image:height\" content=\"290\" \/>\n\t<meta property=\"og:image:type\" content=\"image\/jpeg\" \/>\n<meta name=\"author\" content=\"hudo\" \/>\n<meta name=\"twitter:card\" content=\"summary_large_image\" \/>\n<meta name=\"twitter:creator\" content=\"@hudo_si\" \/>\n<meta name=\"twitter:site\" content=\"@hudo_si\" \/>\n<meta name=\"twitter:label1\" content=\"Written by\" \/>\n\t<meta name=\"twitter:data1\" content=\"hudo\" \/>\n\t<meta name=\"twitter:label2\" content=\"Est. reading time\" \/>\n\t<meta name=\"twitter:data2\" content=\"1 minuta\" \/>\n<script type=\"application\/ld+json\" class=\"yoast-schema-graph\">{\"@context\":\"https:\/\/schema.org\",\"@graph\":[{\"@type\":\"Article\",\"@id\":\"https:\/\/hudo.com\/si\/aktualno\/ce-bi-lahko-bi-zavrtela-cas-nazaj\/#article\",\"isPartOf\":{\"@id\":\"https:\/\/hudo.com\/si\/aktualno\/ce-bi-lahko-bi-zavrtela-cas-nazaj\/\"},\"author\":{\"name\":\"hudo\",\"@id\":\"https:\/\/hudo.com\/si\/#\/schema\/person\/601cf3379633985b20f7e50f2bb47707\"},\"headline\":\"\u010ce bi lahko, bi zavrtela \u010das nazaj\",\"datePublished\":\"2016-09-20T17:30:00+00:00\",\"dateModified\":\"2016-09-21T08:36:58+00:00\",\"mainEntityOfPage\":{\"@id\":\"https:\/\/hudo.com\/si\/aktualno\/ce-bi-lahko-bi-zavrtela-cas-nazaj\/\"},\"wordCount\":153,\"publisher\":{\"@id\":\"https:\/\/hudo.com\/si\/#organization\"},\"articleSection\":[\"Aktualno\"],\"inLanguage\":\"sl-SI\"},{\"@type\":\"WebPage\",\"@id\":\"https:\/\/hudo.com\/si\/aktualno\/ce-bi-lahko-bi-zavrtela-cas-nazaj\/\",\"url\":\"https:\/\/hudo.com\/si\/aktualno\/ce-bi-lahko-bi-zavrtela-cas-nazaj\/\",\"name\":\"\u010ce bi lahko, bi zavrtela \u010das nazaj - Hudo Slovenija\",\"isPartOf\":{\"@id\":\"https:\/\/hudo.com\/si\/#website\"},\"datePublished\":\"2016-09-20T17:30:00+00:00\",\"dateModified\":\"2016-09-21T08:36:58+00:00\",\"breadcrumb\":{\"@id\":\"https:\/\/hudo.com\/si\/aktualno\/ce-bi-lahko-bi-zavrtela-cas-nazaj\/#breadcrumb\"},\"inLanguage\":\"sl-SI\",\"potentialAction\":[{\"@type\":\"ReadAction\",\"target\":[\"https:\/\/hudo.com\/si\/aktualno\/ce-bi-lahko-bi-zavrtela-cas-nazaj\/\"]}]},{\"@type\":\"BreadcrumbList\",\"@id\":\"https:\/\/hudo.com\/si\/aktualno\/ce-bi-lahko-bi-zavrtela-cas-nazaj\/#breadcrumb\",\"itemListElement\":[{\"@type\":\"ListItem\",\"position\":1,\"name\":\"Home\",\"item\":\"https:\/\/hudo.com\/si\/\"},{\"@type\":\"ListItem\",\"position\":2,\"name\":\"\u010ce bi lahko, bi zavrtela \u010das nazaj\"}]},{\"@type\":\"WebSite\",\"@id\":\"https:\/\/hudo.com\/si\/#website\",\"url\":\"https:\/\/hudo.com\/si\/\",\"name\":\"Hudo Slovenija\",\"description\":\"Vse novice iz Slovenije in sveta\",\"publisher\":{\"@id\":\"https:\/\/hudo.com\/si\/#organization\"},\"potentialAction\":[{\"@type\":\"SearchAction\",\"target\":{\"@type\":\"EntryPoint\",\"urlTemplate\":\"https:\/\/hudo.com\/si\/?s={search_term_string}\"},\"query-input\":\"required name=search_term_string\"}],\"inLanguage\":\"sl-SI\"},{\"@type\":\"Organization\",\"@id\":\"https:\/\/hudo.com\/si\/#organization\",\"name\":\"VSN Media\",\"url\":\"https:\/\/hudo.com\/si\/\",\"logo\":{\"@type\":\"ImageObject\",\"inLanguage\":\"sl-SI\",\"@id\":\"https:\/\/hudo.com\/si\/#\/schema\/logo\/image\/\",\"url\":\"https:\/\/hudo.com\/si\/wp-content\/uploads\/sites\/2\/2021\/03\/hudo-app-2.png\",\"contentUrl\":\"https:\/\/hudo.com\/si\/wp-content\/uploads\/sites\/2\/2021\/03\/hudo-app-2.png\",\"width\":2185,\"height\":2167,\"caption\":\"VSN Media\"},\"image\":{\"@id\":\"https:\/\/hudo.com\/si\/#\/schema\/logo\/image\/\"},\"sameAs\":[\"https:\/\/www.facebook.com\/hudo.si\",\"https:\/\/twitter.com\/hudo_si\"]},{\"@type\":\"Person\",\"@id\":\"https:\/\/hudo.com\/si\/#\/schema\/person\/601cf3379633985b20f7e50f2bb47707\",\"name\":\"hudo\",\"image\":{\"@type\":\"ImageObject\",\"inLanguage\":\"sl-SI\",\"@id\":\"https:\/\/hudo.com\/si\/#\/schema\/person\/image\/\",\"url\":\"https:\/\/secure.gravatar.com\/avatar\/c4ca25fa72cace7a696b52ff5db9e095?s=96&d=mm&r=g\",\"contentUrl\":\"https:\/\/secure.gravatar.com\/avatar\/c4ca25fa72cace7a696b52ff5db9e095?s=96&d=mm&r=g\",\"caption\":\"hudo\"},\"url\":\"https:\/\/hudo.com\/si\/author\/hudo\/\"}]}<\/script>\n<!-- \/ Yoast SEO plugin. -->","yoast_head_json":{"title":"\u010ce bi lahko, bi zavrtela \u010das nazaj - Hudo Slovenija","robots":{"index":"index","follow":"follow","max-snippet":"max-snippet:-1","max-image-preview":"max-image-preview:large","max-video-preview":"max-video-preview:-1"},"canonical":"https:\/\/hudo.com\/si\/aktualno\/ce-bi-lahko-bi-zavrtela-cas-nazaj\/","og_locale":"sl_SI","og_type":"article","og_title":"\u010ce bi lahko, bi zavrtela \u010das nazaj - Hudo Slovenija","og_description":"Kategorija: Evropa Tue, 20 Sep 2016 21:30:00 +0200 Berlin \u2013 Zaradi begunske krize\u00ad si kanclerka \u017eeli, da bi lahko zavrtela \u010das nazaj. Po volilnih katastrofah za njeno CDU v Mecklenburgu - Predpomorjanskem in Berlinu posku\u0161a Angela Merkel omiliti \u0161kodo, a \u0161e vedno no\u010de preve\u010d prizadeti svoje verodostojnosti. Kr\u0161\u010danskodemokratska kanclerka, ki ji mnogi pripisujejo odgovornost za najhuj\u0161o begunsko krizo po drugi svetovni vojni, je svoj razvpiti \u00bbzmogli bomo\u00ab \u017ee pred nekaj dnevi ozna\u010dila za prazno frazo, ki je najraje ne bi ve\u010d ponavljala. \u0160e naprej je prepri\u010dana, da je Nem\u010dija mo\u010dna dr\u017eava, ta stavek pa se ji danes zdi precenjen, saj so se nekateri zaradi njega po\u010dutili izzvane. \u00bbSeveda ni bil mi\u0161ljen tako,\u00ab je povedala. Po nedeljskih de\u017eelnih volitvah v Berlinu, na katerih je njena stranka znova bila pora\u017eenka, Angela Merkel nadaljuje svoje delno posipanje s pepelom. \u00bbSem voditeljica\u00a0...","og_url":"https:\/\/hudo.com\/si\/aktualno\/ce-bi-lahko-bi-zavrtela-cas-nazaj\/","og_site_name":"Hudo Slovenija","article_publisher":"https:\/\/www.facebook.com\/hudo.si","article_published_time":"2016-09-20T17:30:00+00:00","article_modified_time":"2016-09-21T08:36:58+00:00","og_image":[{"width":480,"height":290,"url":"https:\/\/hudo.com\/si\/wp-content\/uploads\/sites\/2\/2016\/09\/480x290_Reuters_Pictures-20160919141807-24310000.jpeg","type":"image\/jpeg"}],"author":"hudo","twitter_card":"summary_large_image","twitter_creator":"@hudo_si","twitter_site":"@hudo_si","twitter_misc":{"Written by":"hudo","Est. reading time":"1 minuta"},"schema":{"@context":"https:\/\/schema.org","@graph":[{"@type":"Article","@id":"https:\/\/hudo.com\/si\/aktualno\/ce-bi-lahko-bi-zavrtela-cas-nazaj\/#article","isPartOf":{"@id":"https:\/\/hudo.com\/si\/aktualno\/ce-bi-lahko-bi-zavrtela-cas-nazaj\/"},"author":{"name":"hudo","@id":"https:\/\/hudo.com\/si\/#\/schema\/person\/601cf3379633985b20f7e50f2bb47707"},"headline":"\u010ce bi lahko, bi zavrtela \u010das nazaj","datePublished":"2016-09-20T17:30:00+00:00","dateModified":"2016-09-21T08:36:58+00:00","mainEntityOfPage":{"@id":"https:\/\/hudo.com\/si\/aktualno\/ce-bi-lahko-bi-zavrtela-cas-nazaj\/"},"wordCount":153,"publisher":{"@id":"https:\/\/hudo.com\/si\/#organization"},"articleSection":["Aktualno"],"inLanguage":"sl-SI"},{"@type":"WebPage","@id":"https:\/\/hudo.com\/si\/aktualno\/ce-bi-lahko-bi-zavrtela-cas-nazaj\/","url":"https:\/\/hudo.com\/si\/aktualno\/ce-bi-lahko-bi-zavrtela-cas-nazaj\/","name":"\u010ce bi lahko, bi zavrtela \u010das nazaj - Hudo Slovenija","isPartOf":{"@id":"https:\/\/hudo.com\/si\/#website"},"datePublished":"2016-09-20T17:30:00+00:00","dateModified":"2016-09-21T08:36:58+00:00","breadcrumb":{"@id":"https:\/\/hudo.com\/si\/aktualno\/ce-bi-lahko-bi-zavrtela-cas-nazaj\/#breadcrumb"},"inLanguage":"sl-SI","potentialAction":[{"@type":"ReadAction","target":["https:\/\/hudo.com\/si\/aktualno\/ce-bi-lahko-bi-zavrtela-cas-nazaj\/"]}]},{"@type":"BreadcrumbList","@id":"https:\/\/hudo.com\/si\/aktualno\/ce-bi-lahko-bi-zavrtela-cas-nazaj\/#breadcrumb","itemListElement":[{"@type":"ListItem","position":1,"name":"Home","item":"https:\/\/hudo.com\/si\/"},{"@type":"ListItem","position":2,"name":"\u010ce bi lahko, bi zavrtela \u010das nazaj"}]},{"@type":"WebSite","@id":"https:\/\/hudo.com\/si\/#website","url":"https:\/\/hudo.com\/si\/","name":"Hudo Slovenija","description":"Vse novice iz Slovenije in sveta","publisher":{"@id":"https:\/\/hudo.com\/si\/#organization"},"potentialAction":[{"@type":"SearchAction","target":{"@type":"EntryPoint","urlTemplate":"https:\/\/hudo.com\/si\/?s={search_term_string}"},"query-input":"required name=search_term_string"}],"inLanguage":"sl-SI"},{"@type":"Organization","@id":"https:\/\/hudo.com\/si\/#organization","name":"VSN Media","url":"https:\/\/hudo.com\/si\/","logo":{"@type":"ImageObject","inLanguage":"sl-SI","@id":"https:\/\/hudo.com\/si\/#\/schema\/logo\/image\/","url":"https:\/\/hudo.com\/si\/wp-content\/uploads\/sites\/2\/2021\/03\/hudo-app-2.png","contentUrl":"https:\/\/hudo.com\/si\/wp-content\/uploads\/sites\/2\/2021\/03\/hudo-app-2.png","width":2185,"height":2167,"caption":"VSN Media"},"image":{"@id":"https:\/\/hudo.com\/si\/#\/schema\/logo\/image\/"},"sameAs":["https:\/\/www.facebook.com\/hudo.si","https:\/\/twitter.com\/hudo_si"]},{"@type":"Person","@id":"https:\/\/hudo.com\/si\/#\/schema\/person\/601cf3379633985b20f7e50f2bb47707","name":"hudo","image":{"@type":"ImageObject","inLanguage":"sl-SI","@id":"https:\/\/hudo.com\/si\/#\/schema\/person\/image\/","url":"https:\/\/secure.gravatar.com\/avatar\/c4ca25fa72cace7a696b52ff5db9e095?s=96&d=mm&r=g","contentUrl":"https:\/\/secure.gravatar.com\/avatar\/c4ca25fa72cace7a696b52ff5db9e095?s=96&d=mm&r=g","caption":"hudo"},"url":"https:\/\/hudo.com\/si\/author\/hudo\/"}]}},"amp_enabled":true,"_links":{"self":[{"href":"https:\/\/hudo.com\/si\/wp-json\/wp\/v2\/posts\/136847"}],"collection":[{"href":"https:\/\/hudo.com\/si\/wp-json\/wp\/v2\/posts"}],"about":[{"href":"https:\/\/hudo.com\/si\/wp-json\/wp\/v2\/types\/post"}],"author":[{"embeddable":true,"href":"https:\/\/hudo.com\/si\/wp-json\/wp\/v2\/users\/1"}],"replies":[{"embeddable":true,"href":"https:\/\/hudo.com\/si\/wp-json\/wp\/v2\/comments?post=136847"}],"version-history":[{"count":1,"href":"https:\/\/hudo.com\/si\/wp-json\/wp\/v2\/posts\/136847\/revisions"}],"predecessor-version":[{"id":136852,"href":"https:\/\/hudo.com\/si\/wp-json\/wp\/v2\/posts\/136847\/revisions\/136852"}],"wp:attachment":[{"href":"https:\/\/hudo.com\/si\/wp-json\/wp\/v2\/media?parent=136847"}],"wp:term":[{"taxonomy":"category","embeddable":true,"href":"https:\/\/hudo.com\/si\/wp-json\/wp\/v2\/categories?post=136847"},{"taxonomy":"post_tag","embeddable":true,"href":"https:\/\/hudo.com\/si\/wp-json\/wp\/v2\/tags?post=136847"},{"taxonomy":"source","embeddable":true,"href":"https:\/\/hudo.com\/si\/wp-json\/wp\/v2\/source?post=136847"},{"taxonomy":"supertag","embeddable":true,"href":"https:\/\/hudo.com\/si\/wp-json\/wp\/v2\/supertag?post=136847"}],"curies":[{"name":"wp","href":"https:\/\/api.w.org\/{rel}","templated":true}]}}