{"id":136857,"date":"2016-09-20T18:46:09","date_gmt":"2016-09-20T16:46:09","guid":{"rendered":"http:\/\/hudo.com\/si\/2016\/09\/20\/bo-moral-nekdanji-vidni-clan-stranke-sd-v-zapor\/"},"modified":"2016-09-21T22:22:57","modified_gmt":"2016-09-21T20:22:57","slug":"bo-moral-nekdanji-vidni-clan-stranke-sd-v-zapor","status":"publish","type":"post","link":"https:\/\/hudo.com\/si\/aktualno\/bo-moral-nekdanji-vidni-clan-stranke-sd-v-zapor\/","title":{"rendered":"Bo moral nekdanji vidni \u010dlan stranke SD v zapor?"},"content":{"rendered":"<p>Sodni postopek proti direktorju \u0160tudentske organizacije Univerze na Primorskem Sebastjanu Koklu po\u010dasi dobiva epilog, poro\u010da RTV. Niso pa povedali, da je Kokl nekdanji vidni \u010dlan stranke SD, prav tako niso razjasnili drugih okoli\u0161\u010din, ki so mo\u010dno povezane s stranko SD. Sebastjan Kokl\u00a0je \u017ee vrsto let direktor \u0160tudentske organizacijo Univerze na Primorskem in obto\u017een ponarejanja statuta<\/p>\n","protected":false},"excerpt":{"rendered":"<p>Sodni postopek proti direktorju \u0160tudentske organizacije Univerze na Primorskem Sebastjanu Koklu po\u010dasi dobiva epilog, poro\u010da RTV. Niso pa povedali, da je Kokl nekdanji vidni \u010dlan stranke SD, prav tako niso razjasnili drugih okoli\u0161\u010din, ki so mo\u010dno povezane s stranko SD. Sebastjan Kokl\u00a0je \u017ee vrsto let direktor \u0160tudentske organizacijo Univerze na Primorskem in obto\u017een ponarejanja statuta<\/p>\n","protected":false},"author":1,"featured_media":0,"comment_status":"closed","ping_status":"closed","sticky":false,"template":"","format":"standard","meta":{"footnotes":""},"categories":[1179],"tags":[],"source":[1710],"supertag":[],"acf":[],"yoast_head":"<!-- This site is optimized with the Yoast SEO plugin v21.3 - https:\/\/yoast.com\/wordpress\/plugins\/seo\/ -->\n<title>Bo moral nekdanji vidni \u010dlan stranke SD v zapor? - Hudo Slovenija<\/title>\n<meta name=\"robots\" content=\"index, follow, max-snippet:-1, max-image-preview:large, max-video-preview:-1\" \/>\n<link rel=\"canonical\" href=\"https:\/\/hudo.com\/si\/aktualno\/bo-moral-nekdanji-vidni-clan-stranke-sd-v-zapor\/\" \/>\n<meta property=\"og:locale\" content=\"sl_SI\" \/>\n<meta property=\"og:type\" content=\"article\" \/>\n<meta property=\"og:title\" content=\"Bo moral nekdanji vidni \u010dlan stranke SD v zapor? - Hudo Slovenija\" \/>\n<meta property=\"og:description\" content=\"Sodni postopek proti direktorju \u0160tudentske organizacije Univerze na Primorskem Sebastjanu Koklu po\u010dasi dobiva epilog, poro\u010da RTV. Niso pa povedali, da je Kokl nekdanji vidni \u010dlan stranke SD, prav tako niso razjasnili drugih okoli\u0161\u010din, ki so mo\u010dno povezane s stranko SD. Sebastjan Kokl\u00a0je \u017ee vrsto let direktor \u0160tudentske organizacijo Univerze na Primorskem in obto\u017een ponarejanja statuta\" \/>\n<meta property=\"og:url\" content=\"https:\/\/hudo.com\/si\/aktualno\/bo-moral-nekdanji-vidni-clan-stranke-sd-v-zapor\/\" \/>\n<meta property=\"og:site_name\" content=\"Hudo Slovenija\" \/>\n<meta property=\"article:publisher\" content=\"https:\/\/www.facebook.com\/hudo.si\" \/>\n<meta property=\"article:published_time\" content=\"2016-09-20T16:46:09+00:00\" \/>\n<meta property=\"article:modified_time\" content=\"2016-09-21T20:22:57+00:00\" \/>\n<meta property=\"og:image\" content=\"https:\/\/hudo.com\/si\/wp-content\/uploads\/sites\/2\/2016\/09\/bo-moral-nekdanji-vidni-clan-stranke-sd-v-zapor-01.jpg\" \/>\n\t<meta property=\"og:image:width\" content=\"640\" \/>\n\t<meta property=\"og:image:height\" content=\"480\" \/>\n\t<meta property=\"og:image:type\" content=\"image\/jpeg\" \/>\n<meta name=\"author\" content=\"hudo\" \/>\n<meta name=\"twitter:card\" content=\"summary_large_image\" \/>\n<meta name=\"twitter:creator\" content=\"@hudo_si\" \/>\n<meta name=\"twitter:site\" content=\"@hudo_si\" \/>\n<meta name=\"twitter:label1\" content=\"Written by\" \/>\n\t<meta name=\"twitter:data1\" content=\"hudo\" \/>\n<script type=\"application\/ld+json\" class=\"yoast-schema-graph\">{\"@context\":\"https:\/\/schema.org\",\"@graph\":[{\"@type\":\"Article\",\"@id\":\"https:\/\/hudo.com\/si\/aktualno\/bo-moral-nekdanji-vidni-clan-stranke-sd-v-zapor\/#article\",\"isPartOf\":{\"@id\":\"https:\/\/hudo.com\/si\/aktualno\/bo-moral-nekdanji-vidni-clan-stranke-sd-v-zapor\/\"},\"author\":{\"name\":\"hudo\",\"@id\":\"https:\/\/hudo.com\/si\/#\/schema\/person\/601cf3379633985b20f7e50f2bb47707\"},\"headline\":\"Bo moral nekdanji vidni \u010dlan stranke SD v zapor?\",\"datePublished\":\"2016-09-20T16:46:09+00:00\",\"dateModified\":\"2016-09-21T20:22:57+00:00\",\"mainEntityOfPage\":{\"@id\":\"https:\/\/hudo.com\/si\/aktualno\/bo-moral-nekdanji-vidni-clan-stranke-sd-v-zapor\/\"},\"wordCount\":70,\"publisher\":{\"@id\":\"https:\/\/hudo.com\/si\/#organization\"},\"articleSection\":[\"Aktualno\"],\"inLanguage\":\"sl-SI\"},{\"@type\":\"WebPage\",\"@id\":\"https:\/\/hudo.com\/si\/aktualno\/bo-moral-nekdanji-vidni-clan-stranke-sd-v-zapor\/\",\"url\":\"https:\/\/hudo.com\/si\/aktualno\/bo-moral-nekdanji-vidni-clan-stranke-sd-v-zapor\/\",\"name\":\"Bo moral nekdanji vidni \u010dlan stranke SD v zapor? - Hudo Slovenija\",\"isPartOf\":{\"@id\":\"https:\/\/hudo.com\/si\/#website\"},\"datePublished\":\"2016-09-20T16:46:09+00:00\",\"dateModified\":\"2016-09-21T20:22:57+00:00\",\"breadcrumb\":{\"@id\":\"https:\/\/hudo.com\/si\/aktualno\/bo-moral-nekdanji-vidni-clan-stranke-sd-v-zapor\/#breadcrumb\"},\"inLanguage\":\"sl-SI\",\"potentialAction\":[{\"@type\":\"ReadAction\",\"target\":[\"https:\/\/hudo.com\/si\/aktualno\/bo-moral-nekdanji-vidni-clan-stranke-sd-v-zapor\/\"]}]},{\"@type\":\"BreadcrumbList\",\"@id\":\"https:\/\/hudo.com\/si\/aktualno\/bo-moral-nekdanji-vidni-clan-stranke-sd-v-zapor\/#breadcrumb\",\"itemListElement\":[{\"@type\":\"ListItem\",\"position\":1,\"name\":\"Home\",\"item\":\"https:\/\/hudo.com\/si\/\"},{\"@type\":\"ListItem\",\"position\":2,\"name\":\"Bo moral nekdanji vidni \u010dlan stranke SD v zapor?\"}]},{\"@type\":\"WebSite\",\"@id\":\"https:\/\/hudo.com\/si\/#website\",\"url\":\"https:\/\/hudo.com\/si\/\",\"name\":\"Hudo Slovenija\",\"description\":\"Vse novice iz Slovenije in sveta\",\"publisher\":{\"@id\":\"https:\/\/hudo.com\/si\/#organization\"},\"potentialAction\":[{\"@type\":\"SearchAction\",\"target\":{\"@type\":\"EntryPoint\",\"urlTemplate\":\"https:\/\/hudo.com\/si\/?s={search_term_string}\"},\"query-input\":\"required name=search_term_string\"}],\"inLanguage\":\"sl-SI\"},{\"@type\":\"Organization\",\"@id\":\"https:\/\/hudo.com\/si\/#organization\",\"name\":\"VSN Media\",\"url\":\"https:\/\/hudo.com\/si\/\",\"logo\":{\"@type\":\"ImageObject\",\"inLanguage\":\"sl-SI\",\"@id\":\"https:\/\/hudo.com\/si\/#\/schema\/logo\/image\/\",\"url\":\"https:\/\/hudo.com\/si\/wp-content\/uploads\/sites\/2\/2021\/03\/hudo-app-2.png\",\"contentUrl\":\"https:\/\/hudo.com\/si\/wp-content\/uploads\/sites\/2\/2021\/03\/hudo-app-2.png\",\"width\":2185,\"height\":2167,\"caption\":\"VSN Media\"},\"image\":{\"@id\":\"https:\/\/hudo.com\/si\/#\/schema\/logo\/image\/\"},\"sameAs\":[\"https:\/\/www.facebook.com\/hudo.si\",\"https:\/\/twitter.com\/hudo_si\"]},{\"@type\":\"Person\",\"@id\":\"https:\/\/hudo.com\/si\/#\/schema\/person\/601cf3379633985b20f7e50f2bb47707\",\"name\":\"hudo\",\"image\":{\"@type\":\"ImageObject\",\"inLanguage\":\"sl-SI\",\"@id\":\"https:\/\/hudo.com\/si\/#\/schema\/person\/image\/\",\"url\":\"https:\/\/secure.gravatar.com\/avatar\/c4ca25fa72cace7a696b52ff5db9e095?s=96&d=mm&r=g\",\"contentUrl\":\"https:\/\/secure.gravatar.com\/avatar\/c4ca25fa72cace7a696b52ff5db9e095?s=96&d=mm&r=g\",\"caption\":\"hudo\"},\"url\":\"https:\/\/hudo.com\/si\/author\/hudo\/\"}]}<\/script>\n<!-- \/ Yoast SEO plugin. -->","yoast_head_json":{"title":"Bo moral nekdanji vidni \u010dlan stranke SD v zapor? - Hudo Slovenija","robots":{"index":"index","follow":"follow","max-snippet":"max-snippet:-1","max-image-preview":"max-image-preview:large","max-video-preview":"max-video-preview:-1"},"canonical":"https:\/\/hudo.com\/si\/aktualno\/bo-moral-nekdanji-vidni-clan-stranke-sd-v-zapor\/","og_locale":"sl_SI","og_type":"article","og_title":"Bo moral nekdanji vidni \u010dlan stranke SD v zapor? - Hudo Slovenija","og_description":"Sodni postopek proti direktorju \u0160tudentske organizacije Univerze na Primorskem Sebastjanu Koklu po\u010dasi dobiva epilog, poro\u010da RTV. Niso pa povedali, da je Kokl nekdanji vidni \u010dlan stranke SD, prav tako niso razjasnili drugih okoli\u0161\u010din, ki so mo\u010dno povezane s stranko SD. Sebastjan Kokl\u00a0je \u017ee vrsto let direktor \u0160tudentske organizacijo Univerze na Primorskem in obto\u017een ponarejanja statuta","og_url":"https:\/\/hudo.com\/si\/aktualno\/bo-moral-nekdanji-vidni-clan-stranke-sd-v-zapor\/","og_site_name":"Hudo Slovenija","article_publisher":"https:\/\/www.facebook.com\/hudo.si","article_published_time":"2016-09-20T16:46:09+00:00","article_modified_time":"2016-09-21T20:22:57+00:00","og_image":[{"width":640,"height":480,"url":"https:\/\/hudo.com\/si\/wp-content\/uploads\/sites\/2\/2016\/09\/bo-moral-nekdanji-vidni-clan-stranke-sd-v-zapor-01.jpg","type":"image\/jpeg"}],"author":"hudo","twitter_card":"summary_large_image","twitter_creator":"@hudo_si","twitter_site":"@hudo_si","twitter_misc":{"Written by":"hudo"},"schema":{"@context":"https:\/\/schema.org","@graph":[{"@type":"Article","@id":"https:\/\/hudo.com\/si\/aktualno\/bo-moral-nekdanji-vidni-clan-stranke-sd-v-zapor\/#article","isPartOf":{"@id":"https:\/\/hudo.com\/si\/aktualno\/bo-moral-nekdanji-vidni-clan-stranke-sd-v-zapor\/"},"author":{"name":"hudo","@id":"https:\/\/hudo.com\/si\/#\/schema\/person\/601cf3379633985b20f7e50f2bb47707"},"headline":"Bo moral nekdanji vidni \u010dlan stranke SD v zapor?","datePublished":"2016-09-20T16:46:09+00:00","dateModified":"2016-09-21T20:22:57+00:00","mainEntityOfPage":{"@id":"https:\/\/hudo.com\/si\/aktualno\/bo-moral-nekdanji-vidni-clan-stranke-sd-v-zapor\/"},"wordCount":70,"publisher":{"@id":"https:\/\/hudo.com\/si\/#organization"},"articleSection":["Aktualno"],"inLanguage":"sl-SI"},{"@type":"WebPage","@id":"https:\/\/hudo.com\/si\/aktualno\/bo-moral-nekdanji-vidni-clan-stranke-sd-v-zapor\/","url":"https:\/\/hudo.com\/si\/aktualno\/bo-moral-nekdanji-vidni-clan-stranke-sd-v-zapor\/","name":"Bo moral nekdanji vidni \u010dlan stranke SD v zapor? - Hudo Slovenija","isPartOf":{"@id":"https:\/\/hudo.com\/si\/#website"},"datePublished":"2016-09-20T16:46:09+00:00","dateModified":"2016-09-21T20:22:57+00:00","breadcrumb":{"@id":"https:\/\/hudo.com\/si\/aktualno\/bo-moral-nekdanji-vidni-clan-stranke-sd-v-zapor\/#breadcrumb"},"inLanguage":"sl-SI","potentialAction":[{"@type":"ReadAction","target":["https:\/\/hudo.com\/si\/aktualno\/bo-moral-nekdanji-vidni-clan-stranke-sd-v-zapor\/"]}]},{"@type":"BreadcrumbList","@id":"https:\/\/hudo.com\/si\/aktualno\/bo-moral-nekdanji-vidni-clan-stranke-sd-v-zapor\/#breadcrumb","itemListElement":[{"@type":"ListItem","position":1,"name":"Home","item":"https:\/\/hudo.com\/si\/"},{"@type":"ListItem","position":2,"name":"Bo moral nekdanji vidni \u010dlan stranke SD v zapor?"}]},{"@type":"WebSite","@id":"https:\/\/hudo.com\/si\/#website","url":"https:\/\/hudo.com\/si\/","name":"Hudo Slovenija","description":"Vse novice iz Slovenije in sveta","publisher":{"@id":"https:\/\/hudo.com\/si\/#organization"},"potentialAction":[{"@type":"SearchAction","target":{"@type":"EntryPoint","urlTemplate":"https:\/\/hudo.com\/si\/?s={search_term_string}"},"query-input":"required name=search_term_string"}],"inLanguage":"sl-SI"},{"@type":"Organization","@id":"https:\/\/hudo.com\/si\/#organization","name":"VSN Media","url":"https:\/\/hudo.com\/si\/","logo":{"@type":"ImageObject","inLanguage":"sl-SI","@id":"https:\/\/hudo.com\/si\/#\/schema\/logo\/image\/","url":"https:\/\/hudo.com\/si\/wp-content\/uploads\/sites\/2\/2021\/03\/hudo-app-2.png","contentUrl":"https:\/\/hudo.com\/si\/wp-content\/uploads\/sites\/2\/2021\/03\/hudo-app-2.png","width":2185,"height":2167,"caption":"VSN Media"},"image":{"@id":"https:\/\/hudo.com\/si\/#\/schema\/logo\/image\/"},"sameAs":["https:\/\/www.facebook.com\/hudo.si","https:\/\/twitter.com\/hudo_si"]},{"@type":"Person","@id":"https:\/\/hudo.com\/si\/#\/schema\/person\/601cf3379633985b20f7e50f2bb47707","name":"hudo","image":{"@type":"ImageObject","inLanguage":"sl-SI","@id":"https:\/\/hudo.com\/si\/#\/schema\/person\/image\/","url":"https:\/\/secure.gravatar.com\/avatar\/c4ca25fa72cace7a696b52ff5db9e095?s=96&d=mm&r=g","contentUrl":"https:\/\/secure.gravatar.com\/avatar\/c4ca25fa72cace7a696b52ff5db9e095?s=96&d=mm&r=g","caption":"hudo"},"url":"https:\/\/hudo.com\/si\/author\/hudo\/"}]}},"amp_enabled":true,"_links":{"self":[{"href":"https:\/\/hudo.com\/si\/wp-json\/wp\/v2\/posts\/136857"}],"collection":[{"href":"https:\/\/hudo.com\/si\/wp-json\/wp\/v2\/posts"}],"about":[{"href":"https:\/\/hudo.com\/si\/wp-json\/wp\/v2\/types\/post"}],"author":[{"embeddable":true,"href":"https:\/\/hudo.com\/si\/wp-json\/wp\/v2\/users\/1"}],"replies":[{"embeddable":true,"href":"https:\/\/hudo.com\/si\/wp-json\/wp\/v2\/comments?post=136857"}],"version-history":[{"count":1,"href":"https:\/\/hudo.com\/si\/wp-json\/wp\/v2\/posts\/136857\/revisions"}],"predecessor-version":[{"id":136862,"href":"https:\/\/hudo.com\/si\/wp-json\/wp\/v2\/posts\/136857\/revisions\/136862"}],"wp:attachment":[{"href":"https:\/\/hudo.com\/si\/wp-json\/wp\/v2\/media?parent=136857"}],"wp:term":[{"taxonomy":"category","embeddable":true,"href":"https:\/\/hudo.com\/si\/wp-json\/wp\/v2\/categories?post=136857"},{"taxonomy":"post_tag","embeddable":true,"href":"https:\/\/hudo.com\/si\/wp-json\/wp\/v2\/tags?post=136857"},{"taxonomy":"source","embeddable":true,"href":"https:\/\/hudo.com\/si\/wp-json\/wp\/v2\/source?post=136857"},{"taxonomy":"supertag","embeddable":true,"href":"https:\/\/hudo.com\/si\/wp-json\/wp\/v2\/supertag?post=136857"}],"curies":[{"name":"wp","href":"https:\/\/api.w.org\/{rel}","templated":true}]}}