{"id":136860,"date":"2016-09-20T18:20:00","date_gmt":"2016-09-20T16:20:00","guid":{"rendered":"http:\/\/hudo.com\/si\/2016\/09\/20\/kljub-protestom-ceta-tik-pred-sprejetjem\/"},"modified":"2016-09-20T22:18:01","modified_gmt":"2016-09-20T20:18:01","slug":"kljub-protestom-ceta-tik-pred-sprejetjem","status":"publish","type":"post","link":"https:\/\/hudo.com\/si\/aktualno\/kljub-protestom-ceta-tik-pred-sprejetjem\/","title":{"rendered":"Kljub protestom Ceta tik pred sprejetjem"},"content":{"rendered":"<p>Kategorija: Evropa Tue, 20 Sep 2016 20:20:00 +0200  Bruselj \u2013 Bolj ko se pribli\u017euje odlo\u010ditev, ve\u010d je na napetosti. V bruseljski evropski \u010detrti je ve\u010d tiso\u010d ljudi protestiralo proti trgovinskima sporazumoma s Kanado (Ceta) in ZDA (TTIP), ki so v njihovih o\u010deh velika nevarnost za Evropo.\u00bbKot trojanskemu konju bodo dovolili poslovnim lobijem vstop v samo srce demokracije,\u00ab so v razglasu bentili organizatorji protesta. Pred pala\u010dama evropske komisije in sveta EU so postavili orja\u0161ki maketi konjev. Uslu\u017ebenci bli\u017enjih institucij EU so morali zapustiti pisarne pred koncem delovnika in kon\u010dati delo doma. Podobno kot na drugih demonstracijah po Evropi so protestniki zatrjevali, da bosta sporazuma, ki da koristita le multinacionalkam, spodkopala socialne, okoljske in zdravstvene standarde. Evropo naj bi preplavili zdravju \u0161kodljiva \u017eivila in kozmetika. \u00bbSmo pred popolno polomijo, pravo katastrofo. Multinacionalke nam bodo pisale zakonodajo, ki jo bodo\u00a0&#8230;<\/p>\n","protected":false},"excerpt":{"rendered":"<p>Kategorija: Evropa Tue, 20 Sep 2016 20:20:00 +0200  Bruselj \u2013 Bolj ko se pribli\u017euje odlo\u010ditev, ve\u010d je na napetosti. V bruseljski evropski \u010detrti je ve\u010d tiso\u010d ljudi protestiralo proti trgovinskima sporazumoma s Kanado (Ceta) in ZDA (TTIP), ki so v njihovih o\u010deh velika nevarnost za Evropo.\u00bbKot trojanskemu konju bodo dovolili poslovnim lobijem vstop v samo srce demokracije,\u00ab so v razglasu bentili organizatorji protesta. Pred pala\u010dama evropske komisije in sveta EU so postavili orja\u0161ki maketi konjev. Uslu\u017ebenci bli\u017enjih institucij EU so morali zapustiti pisarne pred koncem delovnika in kon\u010dati delo doma. Podobno kot na drugih demonstracijah po Evropi so protestniki zatrjevali, da bosta sporazuma, ki da koristita le multinacionalkam, spodkopala socialne, okoljske in zdravstvene standarde. Evropo naj bi preplavili zdravju \u0161kodljiva \u017eivila in kozmetika. \u00bbSmo pred popolno polomijo, pravo katastrofo. Multinacionalke nam bodo pisale zakonodajo, ki jo bodo\u00a0&#8230;<\/p>\n","protected":false},"author":1,"featured_media":0,"comment_status":"closed","ping_status":"closed","sticky":false,"template":"","format":"standard","meta":{"footnotes":""},"categories":[1179],"tags":[],"source":[1703],"supertag":[],"acf":[],"yoast_head":"<!-- This site is optimized with the Yoast SEO plugin v21.3 - https:\/\/yoast.com\/wordpress\/plugins\/seo\/ -->\n<title>Kljub protestom Ceta tik pred sprejetjem - Hudo Slovenija<\/title>\n<meta name=\"robots\" content=\"index, follow, max-snippet:-1, max-image-preview:large, max-video-preview:-1\" \/>\n<link rel=\"canonical\" href=\"https:\/\/hudo.com\/si\/aktualno\/kljub-protestom-ceta-tik-pred-sprejetjem\/\" \/>\n<meta property=\"og:locale\" content=\"sl_SI\" \/>\n<meta property=\"og:type\" content=\"article\" \/>\n<meta property=\"og:title\" content=\"Kljub protestom Ceta tik pred sprejetjem - Hudo Slovenija\" \/>\n<meta property=\"og:description\" content=\"Kategorija: Evropa Tue, 20 Sep 2016 20:20:00 +0200 Bruselj \u2013 Bolj ko se pribli\u017euje odlo\u010ditev, ve\u010d je na napetosti. V bruseljski evropski \u010detrti je ve\u010d tiso\u010d ljudi protestiralo proti trgovinskima sporazumoma s Kanado (Ceta) in ZDA (TTIP), ki so v njihovih o\u010deh velika nevarnost za Evropo.\u00bbKot trojanskemu konju bodo dovolili poslovnim lobijem vstop v samo srce demokracije,\u00ab so v razglasu bentili organizatorji protesta. Pred pala\u010dama evropske komisije in sveta EU so postavili orja\u0161ki maketi konjev. Uslu\u017ebenci bli\u017enjih institucij EU so morali zapustiti pisarne pred koncem delovnika in kon\u010dati delo doma. Podobno kot na drugih demonstracijah po Evropi so protestniki zatrjevali, da bosta sporazuma, ki da koristita le multinacionalkam, spodkopala socialne, okoljske in zdravstvene standarde. Evropo naj bi preplavili zdravju \u0161kodljiva \u017eivila in kozmetika. \u00bbSmo pred popolno polomijo, pravo katastrofo. Multinacionalke nam bodo pisale zakonodajo, ki jo bodo\u00a0...\" \/>\n<meta property=\"og:url\" content=\"https:\/\/hudo.com\/si\/aktualno\/kljub-protestom-ceta-tik-pred-sprejetjem\/\" \/>\n<meta property=\"og:site_name\" content=\"Hudo Slovenija\" \/>\n<meta property=\"article:publisher\" content=\"https:\/\/www.facebook.com\/hudo.si\" \/>\n<meta property=\"article:published_time\" content=\"2016-09-20T16:20:00+00:00\" \/>\n<meta property=\"article:modified_time\" content=\"2016-09-20T20:18:01+00:00\" \/>\n<meta property=\"og:image\" content=\"https:\/\/hudo.com\/si\/wp-content\/uploads\/sites\/2\/2016\/09\/480x290_3_stran__AFP_Photo_20160920_hires1.jpeg\" \/>\n\t<meta property=\"og:image:width\" content=\"480\" \/>\n\t<meta property=\"og:image:height\" content=\"290\" \/>\n\t<meta property=\"og:image:type\" content=\"image\/jpeg\" \/>\n<meta name=\"author\" content=\"hudo\" \/>\n<meta name=\"twitter:card\" content=\"summary_large_image\" \/>\n<meta name=\"twitter:creator\" content=\"@hudo_si\" \/>\n<meta name=\"twitter:site\" content=\"@hudo_si\" \/>\n<meta name=\"twitter:label1\" content=\"Written by\" \/>\n\t<meta name=\"twitter:data1\" content=\"hudo\" \/>\n\t<meta name=\"twitter:label2\" content=\"Est. reading time\" \/>\n\t<meta name=\"twitter:data2\" content=\"1 minuta\" \/>\n<script type=\"application\/ld+json\" class=\"yoast-schema-graph\">{\"@context\":\"https:\/\/schema.org\",\"@graph\":[{\"@type\":\"Article\",\"@id\":\"https:\/\/hudo.com\/si\/aktualno\/kljub-protestom-ceta-tik-pred-sprejetjem\/#article\",\"isPartOf\":{\"@id\":\"https:\/\/hudo.com\/si\/aktualno\/kljub-protestom-ceta-tik-pred-sprejetjem\/\"},\"author\":{\"name\":\"hudo\",\"@id\":\"https:\/\/hudo.com\/si\/#\/schema\/person\/601cf3379633985b20f7e50f2bb47707\"},\"headline\":\"Kljub protestom Ceta tik pred sprejetjem\",\"datePublished\":\"2016-09-20T16:20:00+00:00\",\"dateModified\":\"2016-09-20T20:18:01+00:00\",\"mainEntityOfPage\":{\"@id\":\"https:\/\/hudo.com\/si\/aktualno\/kljub-protestom-ceta-tik-pred-sprejetjem\/\"},\"wordCount\":147,\"publisher\":{\"@id\":\"https:\/\/hudo.com\/si\/#organization\"},\"articleSection\":[\"Aktualno\"],\"inLanguage\":\"sl-SI\"},{\"@type\":\"WebPage\",\"@id\":\"https:\/\/hudo.com\/si\/aktualno\/kljub-protestom-ceta-tik-pred-sprejetjem\/\",\"url\":\"https:\/\/hudo.com\/si\/aktualno\/kljub-protestom-ceta-tik-pred-sprejetjem\/\",\"name\":\"Kljub protestom Ceta tik pred sprejetjem - Hudo Slovenija\",\"isPartOf\":{\"@id\":\"https:\/\/hudo.com\/si\/#website\"},\"datePublished\":\"2016-09-20T16:20:00+00:00\",\"dateModified\":\"2016-09-20T20:18:01+00:00\",\"breadcrumb\":{\"@id\":\"https:\/\/hudo.com\/si\/aktualno\/kljub-protestom-ceta-tik-pred-sprejetjem\/#breadcrumb\"},\"inLanguage\":\"sl-SI\",\"potentialAction\":[{\"@type\":\"ReadAction\",\"target\":[\"https:\/\/hudo.com\/si\/aktualno\/kljub-protestom-ceta-tik-pred-sprejetjem\/\"]}]},{\"@type\":\"BreadcrumbList\",\"@id\":\"https:\/\/hudo.com\/si\/aktualno\/kljub-protestom-ceta-tik-pred-sprejetjem\/#breadcrumb\",\"itemListElement\":[{\"@type\":\"ListItem\",\"position\":1,\"name\":\"Home\",\"item\":\"https:\/\/hudo.com\/si\/\"},{\"@type\":\"ListItem\",\"position\":2,\"name\":\"Kljub protestom Ceta tik pred sprejetjem\"}]},{\"@type\":\"WebSite\",\"@id\":\"https:\/\/hudo.com\/si\/#website\",\"url\":\"https:\/\/hudo.com\/si\/\",\"name\":\"Hudo Slovenija\",\"description\":\"Vse novice iz Slovenije in sveta\",\"publisher\":{\"@id\":\"https:\/\/hudo.com\/si\/#organization\"},\"potentialAction\":[{\"@type\":\"SearchAction\",\"target\":{\"@type\":\"EntryPoint\",\"urlTemplate\":\"https:\/\/hudo.com\/si\/?s={search_term_string}\"},\"query-input\":\"required name=search_term_string\"}],\"inLanguage\":\"sl-SI\"},{\"@type\":\"Organization\",\"@id\":\"https:\/\/hudo.com\/si\/#organization\",\"name\":\"VSN Media\",\"url\":\"https:\/\/hudo.com\/si\/\",\"logo\":{\"@type\":\"ImageObject\",\"inLanguage\":\"sl-SI\",\"@id\":\"https:\/\/hudo.com\/si\/#\/schema\/logo\/image\/\",\"url\":\"https:\/\/hudo.com\/si\/wp-content\/uploads\/sites\/2\/2021\/03\/hudo-app-2.png\",\"contentUrl\":\"https:\/\/hudo.com\/si\/wp-content\/uploads\/sites\/2\/2021\/03\/hudo-app-2.png\",\"width\":2185,\"height\":2167,\"caption\":\"VSN Media\"},\"image\":{\"@id\":\"https:\/\/hudo.com\/si\/#\/schema\/logo\/image\/\"},\"sameAs\":[\"https:\/\/www.facebook.com\/hudo.si\",\"https:\/\/twitter.com\/hudo_si\"]},{\"@type\":\"Person\",\"@id\":\"https:\/\/hudo.com\/si\/#\/schema\/person\/601cf3379633985b20f7e50f2bb47707\",\"name\":\"hudo\",\"image\":{\"@type\":\"ImageObject\",\"inLanguage\":\"sl-SI\",\"@id\":\"https:\/\/hudo.com\/si\/#\/schema\/person\/image\/\",\"url\":\"https:\/\/secure.gravatar.com\/avatar\/c4ca25fa72cace7a696b52ff5db9e095?s=96&d=mm&r=g\",\"contentUrl\":\"https:\/\/secure.gravatar.com\/avatar\/c4ca25fa72cace7a696b52ff5db9e095?s=96&d=mm&r=g\",\"caption\":\"hudo\"},\"url\":\"https:\/\/hudo.com\/si\/author\/hudo\/\"}]}<\/script>\n<!-- \/ Yoast SEO plugin. -->","yoast_head_json":{"title":"Kljub protestom Ceta tik pred sprejetjem - Hudo Slovenija","robots":{"index":"index","follow":"follow","max-snippet":"max-snippet:-1","max-image-preview":"max-image-preview:large","max-video-preview":"max-video-preview:-1"},"canonical":"https:\/\/hudo.com\/si\/aktualno\/kljub-protestom-ceta-tik-pred-sprejetjem\/","og_locale":"sl_SI","og_type":"article","og_title":"Kljub protestom Ceta tik pred sprejetjem - Hudo Slovenija","og_description":"Kategorija: Evropa Tue, 20 Sep 2016 20:20:00 +0200 Bruselj \u2013 Bolj ko se pribli\u017euje odlo\u010ditev, ve\u010d je na napetosti. V bruseljski evropski \u010detrti je ve\u010d tiso\u010d ljudi protestiralo proti trgovinskima sporazumoma s Kanado (Ceta) in ZDA (TTIP), ki so v njihovih o\u010deh velika nevarnost za Evropo.\u00bbKot trojanskemu konju bodo dovolili poslovnim lobijem vstop v samo srce demokracije,\u00ab so v razglasu bentili organizatorji protesta. Pred pala\u010dama evropske komisije in sveta EU so postavili orja\u0161ki maketi konjev. Uslu\u017ebenci bli\u017enjih institucij EU so morali zapustiti pisarne pred koncem delovnika in kon\u010dati delo doma. Podobno kot na drugih demonstracijah po Evropi so protestniki zatrjevali, da bosta sporazuma, ki da koristita le multinacionalkam, spodkopala socialne, okoljske in zdravstvene standarde. Evropo naj bi preplavili zdravju \u0161kodljiva \u017eivila in kozmetika. \u00bbSmo pred popolno polomijo, pravo katastrofo. Multinacionalke nam bodo pisale zakonodajo, ki jo bodo\u00a0...","og_url":"https:\/\/hudo.com\/si\/aktualno\/kljub-protestom-ceta-tik-pred-sprejetjem\/","og_site_name":"Hudo Slovenija","article_publisher":"https:\/\/www.facebook.com\/hudo.si","article_published_time":"2016-09-20T16:20:00+00:00","article_modified_time":"2016-09-20T20:18:01+00:00","og_image":[{"width":480,"height":290,"url":"https:\/\/hudo.com\/si\/wp-content\/uploads\/sites\/2\/2016\/09\/480x290_3_stran__AFP_Photo_20160920_hires1.jpeg","type":"image\/jpeg"}],"author":"hudo","twitter_card":"summary_large_image","twitter_creator":"@hudo_si","twitter_site":"@hudo_si","twitter_misc":{"Written by":"hudo","Est. reading time":"1 minuta"},"schema":{"@context":"https:\/\/schema.org","@graph":[{"@type":"Article","@id":"https:\/\/hudo.com\/si\/aktualno\/kljub-protestom-ceta-tik-pred-sprejetjem\/#article","isPartOf":{"@id":"https:\/\/hudo.com\/si\/aktualno\/kljub-protestom-ceta-tik-pred-sprejetjem\/"},"author":{"name":"hudo","@id":"https:\/\/hudo.com\/si\/#\/schema\/person\/601cf3379633985b20f7e50f2bb47707"},"headline":"Kljub protestom Ceta tik pred sprejetjem","datePublished":"2016-09-20T16:20:00+00:00","dateModified":"2016-09-20T20:18:01+00:00","mainEntityOfPage":{"@id":"https:\/\/hudo.com\/si\/aktualno\/kljub-protestom-ceta-tik-pred-sprejetjem\/"},"wordCount":147,"publisher":{"@id":"https:\/\/hudo.com\/si\/#organization"},"articleSection":["Aktualno"],"inLanguage":"sl-SI"},{"@type":"WebPage","@id":"https:\/\/hudo.com\/si\/aktualno\/kljub-protestom-ceta-tik-pred-sprejetjem\/","url":"https:\/\/hudo.com\/si\/aktualno\/kljub-protestom-ceta-tik-pred-sprejetjem\/","name":"Kljub protestom Ceta tik pred sprejetjem - Hudo Slovenija","isPartOf":{"@id":"https:\/\/hudo.com\/si\/#website"},"datePublished":"2016-09-20T16:20:00+00:00","dateModified":"2016-09-20T20:18:01+00:00","breadcrumb":{"@id":"https:\/\/hudo.com\/si\/aktualno\/kljub-protestom-ceta-tik-pred-sprejetjem\/#breadcrumb"},"inLanguage":"sl-SI","potentialAction":[{"@type":"ReadAction","target":["https:\/\/hudo.com\/si\/aktualno\/kljub-protestom-ceta-tik-pred-sprejetjem\/"]}]},{"@type":"BreadcrumbList","@id":"https:\/\/hudo.com\/si\/aktualno\/kljub-protestom-ceta-tik-pred-sprejetjem\/#breadcrumb","itemListElement":[{"@type":"ListItem","position":1,"name":"Home","item":"https:\/\/hudo.com\/si\/"},{"@type":"ListItem","position":2,"name":"Kljub protestom Ceta tik pred sprejetjem"}]},{"@type":"WebSite","@id":"https:\/\/hudo.com\/si\/#website","url":"https:\/\/hudo.com\/si\/","name":"Hudo Slovenija","description":"Vse novice iz Slovenije in sveta","publisher":{"@id":"https:\/\/hudo.com\/si\/#organization"},"potentialAction":[{"@type":"SearchAction","target":{"@type":"EntryPoint","urlTemplate":"https:\/\/hudo.com\/si\/?s={search_term_string}"},"query-input":"required name=search_term_string"}],"inLanguage":"sl-SI"},{"@type":"Organization","@id":"https:\/\/hudo.com\/si\/#organization","name":"VSN Media","url":"https:\/\/hudo.com\/si\/","logo":{"@type":"ImageObject","inLanguage":"sl-SI","@id":"https:\/\/hudo.com\/si\/#\/schema\/logo\/image\/","url":"https:\/\/hudo.com\/si\/wp-content\/uploads\/sites\/2\/2021\/03\/hudo-app-2.png","contentUrl":"https:\/\/hudo.com\/si\/wp-content\/uploads\/sites\/2\/2021\/03\/hudo-app-2.png","width":2185,"height":2167,"caption":"VSN Media"},"image":{"@id":"https:\/\/hudo.com\/si\/#\/schema\/logo\/image\/"},"sameAs":["https:\/\/www.facebook.com\/hudo.si","https:\/\/twitter.com\/hudo_si"]},{"@type":"Person","@id":"https:\/\/hudo.com\/si\/#\/schema\/person\/601cf3379633985b20f7e50f2bb47707","name":"hudo","image":{"@type":"ImageObject","inLanguage":"sl-SI","@id":"https:\/\/hudo.com\/si\/#\/schema\/person\/image\/","url":"https:\/\/secure.gravatar.com\/avatar\/c4ca25fa72cace7a696b52ff5db9e095?s=96&d=mm&r=g","contentUrl":"https:\/\/secure.gravatar.com\/avatar\/c4ca25fa72cace7a696b52ff5db9e095?s=96&d=mm&r=g","caption":"hudo"},"url":"https:\/\/hudo.com\/si\/author\/hudo\/"}]}},"amp_enabled":true,"_links":{"self":[{"href":"https:\/\/hudo.com\/si\/wp-json\/wp\/v2\/posts\/136860"}],"collection":[{"href":"https:\/\/hudo.com\/si\/wp-json\/wp\/v2\/posts"}],"about":[{"href":"https:\/\/hudo.com\/si\/wp-json\/wp\/v2\/types\/post"}],"author":[{"embeddable":true,"href":"https:\/\/hudo.com\/si\/wp-json\/wp\/v2\/users\/1"}],"replies":[{"embeddable":true,"href":"https:\/\/hudo.com\/si\/wp-json\/wp\/v2\/comments?post=136860"}],"version-history":[{"count":1,"href":"https:\/\/hudo.com\/si\/wp-json\/wp\/v2\/posts\/136860\/revisions"}],"predecessor-version":[{"id":136865,"href":"https:\/\/hudo.com\/si\/wp-json\/wp\/v2\/posts\/136860\/revisions\/136865"}],"wp:attachment":[{"href":"https:\/\/hudo.com\/si\/wp-json\/wp\/v2\/media?parent=136860"}],"wp:term":[{"taxonomy":"category","embeddable":true,"href":"https:\/\/hudo.com\/si\/wp-json\/wp\/v2\/categories?post=136860"},{"taxonomy":"post_tag","embeddable":true,"href":"https:\/\/hudo.com\/si\/wp-json\/wp\/v2\/tags?post=136860"},{"taxonomy":"source","embeddable":true,"href":"https:\/\/hudo.com\/si\/wp-json\/wp\/v2\/source?post=136860"},{"taxonomy":"supertag","embeddable":true,"href":"https:\/\/hudo.com\/si\/wp-json\/wp\/v2\/supertag?post=136860"}],"curies":[{"name":"wp","href":"https:\/\/api.w.org\/{rel}","templated":true}]}}