{"id":137208,"date":"2016-09-21T06:26:29","date_gmt":"2016-09-21T04:26:29","guid":{"rendered":"http:\/\/hudo.com\/si\/2016\/09\/21\/ameriski-mediji-turku-svetujejo-naj-ze-spakira-kovcke-pahor-pa-ga-se-vedno-hvali\/"},"modified":"2016-09-22T07:48:12","modified_gmt":"2016-09-22T05:48:12","slug":"ameriski-mediji-turku-svetujejo-naj-ze-spakira-kovcke-pahor-pa-ga-se-vedno-hvali","status":"publish","type":"post","link":"https:\/\/hudo.com\/si\/aktualno\/ameriski-mediji-turku-svetujejo-naj-ze-spakira-kovcke-pahor-pa-ga-se-vedno-hvali\/","title":{"rendered":"Ameri\u0161ki mediji T\u00fcrku svetujejo, naj \u017ee spakira kov\u010dke, Pahor pa ga \u0161e vedno hvali"},"content":{"rendered":"<p>Slovenski predsednik Borut Pahor je v\u010deraj v New Yorku, kjer se udele\u017euje splo\u0161ne razprave svetovnih voditeljev na 71. zasedanju Generalne skup\u0161\u010dine ZN, dejal, da je nekdanji predsednik Danilo T\u00fcrk verodostojen kandidat za generalnega sekretarja ZN, njegova kandidatura pa je prilo\u017enost za promocijo Slovenije. Pahor je T\u00fcrka hvalil kljub temu, da ta o\u010ditno nima ve\u010d mo\u017enosti za izvolitev in mu je \u010dasnik Wall Street Journal celo svetoval, naj skupaj z nekaterimi drugimi kandidati &#8220;spakira kov\u010dke&#8221;.<\/p>\n","protected":false},"excerpt":{"rendered":"<p>Slovenski predsednik Borut Pahor je v\u010deraj v New Yorku, kjer se udele\u017euje splo\u0161ne razprave svetovnih voditeljev na 71. zasedanju Generalne skup\u0161\u010dine ZN, dejal, da je nekdanji predsednik Danilo T\u00fcrk verodostojen kandidat za generalnega sekretarja ZN, njegova kandidatura pa je prilo\u017enost za promocijo Slovenije. Pahor je T\u00fcrka hvalil kljub temu, da ta o\u010ditno nima ve\u010d mo\u017enosti za izvolitev in mu je \u010dasnik Wall Street Journal celo svetoval, naj skupaj z nekaterimi drugimi kandidati &#8220;spakira kov\u010dke&#8221;.<\/p>\n","protected":false},"author":1,"featured_media":0,"comment_status":"closed","ping_status":"closed","sticky":false,"template":"","format":"standard","meta":{"footnotes":""},"categories":[1179],"tags":[],"source":[5113],"supertag":[],"acf":[],"yoast_head":"<!-- This site is optimized with the Yoast SEO plugin v21.3 - https:\/\/yoast.com\/wordpress\/plugins\/seo\/ -->\n<title>Ameri\u0161ki mediji T\u00fcrku svetujejo, naj \u017ee spakira kov\u010dke, Pahor pa ga \u0161e vedno hvali - Hudo Slovenija<\/title>\n<meta name=\"robots\" content=\"index, follow, max-snippet:-1, max-image-preview:large, max-video-preview:-1\" \/>\n<link rel=\"canonical\" href=\"https:\/\/hudo.com\/si\/aktualno\/ameriski-mediji-turku-svetujejo-naj-ze-spakira-kovcke-pahor-pa-ga-se-vedno-hvali\/\" \/>\n<meta property=\"og:locale\" content=\"sl_SI\" \/>\n<meta property=\"og:type\" content=\"article\" \/>\n<meta property=\"og:title\" content=\"Ameri\u0161ki mediji T\u00fcrku svetujejo, naj \u017ee spakira kov\u010dke, Pahor pa ga \u0161e vedno hvali - Hudo Slovenija\" \/>\n<meta property=\"og:description\" content=\"Slovenski predsednik Borut Pahor je v\u010deraj v New Yorku, kjer se udele\u017euje splo\u0161ne razprave svetovnih voditeljev na 71. zasedanju Generalne skup\u0161\u010dine ZN, dejal, da je nekdanji predsednik Danilo T\u00fcrk verodostojen kandidat za generalnega sekretarja ZN, njegova kandidatura pa je prilo\u017enost za promocijo Slovenije. Pahor je T\u00fcrka hvalil kljub temu, da ta o\u010ditno nima ve\u010d mo\u017enosti za izvolitev in mu je \u010dasnik Wall Street Journal celo svetoval, naj skupaj z nekaterimi drugimi kandidati &quot;spakira kov\u010dke&quot;.\" \/>\n<meta property=\"og:url\" content=\"https:\/\/hudo.com\/si\/aktualno\/ameriski-mediji-turku-svetujejo-naj-ze-spakira-kovcke-pahor-pa-ga-se-vedno-hvali\/\" \/>\n<meta property=\"og:site_name\" content=\"Hudo Slovenija\" \/>\n<meta property=\"article:publisher\" content=\"https:\/\/www.facebook.com\/hudo.si\" \/>\n<meta property=\"article:published_time\" content=\"2016-09-21T04:26:29+00:00\" \/>\n<meta property=\"article:modified_time\" content=\"2016-09-22T05:48:12+00:00\" \/>\n<meta property=\"og:image\" content=\"https:\/\/hudo.com\/si\/wp-content\/uploads\/sites\/2\/2016\/09\/pahor_turk_bobo_02.12.12.jpg\" \/>\n\t<meta property=\"og:image:width\" content=\"640\" \/>\n\t<meta property=\"og:image:height\" content=\"419\" \/>\n\t<meta property=\"og:image:type\" content=\"image\/jpeg\" \/>\n<meta name=\"author\" content=\"hudo\" \/>\n<meta name=\"twitter:card\" content=\"summary_large_image\" \/>\n<meta name=\"twitter:creator\" content=\"@hudo_si\" \/>\n<meta name=\"twitter:site\" content=\"@hudo_si\" \/>\n<meta name=\"twitter:label1\" content=\"Written by\" \/>\n\t<meta name=\"twitter:data1\" content=\"hudo\" \/>\n<script type=\"application\/ld+json\" class=\"yoast-schema-graph\">{\"@context\":\"https:\/\/schema.org\",\"@graph\":[{\"@type\":\"Article\",\"@id\":\"https:\/\/hudo.com\/si\/aktualno\/ameriski-mediji-turku-svetujejo-naj-ze-spakira-kovcke-pahor-pa-ga-se-vedno-hvali\/#article\",\"isPartOf\":{\"@id\":\"https:\/\/hudo.com\/si\/aktualno\/ameriski-mediji-turku-svetujejo-naj-ze-spakira-kovcke-pahor-pa-ga-se-vedno-hvali\/\"},\"author\":{\"name\":\"hudo\",\"@id\":\"https:\/\/hudo.com\/si\/#\/schema\/person\/601cf3379633985b20f7e50f2bb47707\"},\"headline\":\"Ameri\u0161ki mediji T\u00fcrku svetujejo, naj \u017ee spakira kov\u010dke, Pahor pa ga \u0161e vedno hvali\",\"datePublished\":\"2016-09-21T04:26:29+00:00\",\"dateModified\":\"2016-09-22T05:48:12+00:00\",\"mainEntityOfPage\":{\"@id\":\"https:\/\/hudo.com\/si\/aktualno\/ameriski-mediji-turku-svetujejo-naj-ze-spakira-kovcke-pahor-pa-ga-se-vedno-hvali\/\"},\"wordCount\":100,\"publisher\":{\"@id\":\"https:\/\/hudo.com\/si\/#organization\"},\"articleSection\":[\"Aktualno\"],\"inLanguage\":\"sl-SI\"},{\"@type\":\"WebPage\",\"@id\":\"https:\/\/hudo.com\/si\/aktualno\/ameriski-mediji-turku-svetujejo-naj-ze-spakira-kovcke-pahor-pa-ga-se-vedno-hvali\/\",\"url\":\"https:\/\/hudo.com\/si\/aktualno\/ameriski-mediji-turku-svetujejo-naj-ze-spakira-kovcke-pahor-pa-ga-se-vedno-hvali\/\",\"name\":\"Ameri\u0161ki mediji T\u00fcrku svetujejo, naj \u017ee spakira kov\u010dke, Pahor pa ga \u0161e vedno hvali - Hudo Slovenija\",\"isPartOf\":{\"@id\":\"https:\/\/hudo.com\/si\/#website\"},\"datePublished\":\"2016-09-21T04:26:29+00:00\",\"dateModified\":\"2016-09-22T05:48:12+00:00\",\"breadcrumb\":{\"@id\":\"https:\/\/hudo.com\/si\/aktualno\/ameriski-mediji-turku-svetujejo-naj-ze-spakira-kovcke-pahor-pa-ga-se-vedno-hvali\/#breadcrumb\"},\"inLanguage\":\"sl-SI\",\"potentialAction\":[{\"@type\":\"ReadAction\",\"target\":[\"https:\/\/hudo.com\/si\/aktualno\/ameriski-mediji-turku-svetujejo-naj-ze-spakira-kovcke-pahor-pa-ga-se-vedno-hvali\/\"]}]},{\"@type\":\"BreadcrumbList\",\"@id\":\"https:\/\/hudo.com\/si\/aktualno\/ameriski-mediji-turku-svetujejo-naj-ze-spakira-kovcke-pahor-pa-ga-se-vedno-hvali\/#breadcrumb\",\"itemListElement\":[{\"@type\":\"ListItem\",\"position\":1,\"name\":\"Home\",\"item\":\"https:\/\/hudo.com\/si\/\"},{\"@type\":\"ListItem\",\"position\":2,\"name\":\"Ameri\u0161ki mediji T\u00fcrku svetujejo, naj \u017ee spakira kov\u010dke, Pahor pa ga \u0161e vedno hvali\"}]},{\"@type\":\"WebSite\",\"@id\":\"https:\/\/hudo.com\/si\/#website\",\"url\":\"https:\/\/hudo.com\/si\/\",\"name\":\"Hudo Slovenija\",\"description\":\"Vse novice iz Slovenije in sveta\",\"publisher\":{\"@id\":\"https:\/\/hudo.com\/si\/#organization\"},\"potentialAction\":[{\"@type\":\"SearchAction\",\"target\":{\"@type\":\"EntryPoint\",\"urlTemplate\":\"https:\/\/hudo.com\/si\/?s={search_term_string}\"},\"query-input\":\"required name=search_term_string\"}],\"inLanguage\":\"sl-SI\"},{\"@type\":\"Organization\",\"@id\":\"https:\/\/hudo.com\/si\/#organization\",\"name\":\"VSN Media\",\"url\":\"https:\/\/hudo.com\/si\/\",\"logo\":{\"@type\":\"ImageObject\",\"inLanguage\":\"sl-SI\",\"@id\":\"https:\/\/hudo.com\/si\/#\/schema\/logo\/image\/\",\"url\":\"https:\/\/hudo.com\/si\/wp-content\/uploads\/sites\/2\/2021\/03\/hudo-app-2.png\",\"contentUrl\":\"https:\/\/hudo.com\/si\/wp-content\/uploads\/sites\/2\/2021\/03\/hudo-app-2.png\",\"width\":2185,\"height\":2167,\"caption\":\"VSN Media\"},\"image\":{\"@id\":\"https:\/\/hudo.com\/si\/#\/schema\/logo\/image\/\"},\"sameAs\":[\"https:\/\/www.facebook.com\/hudo.si\",\"https:\/\/twitter.com\/hudo_si\"]},{\"@type\":\"Person\",\"@id\":\"https:\/\/hudo.com\/si\/#\/schema\/person\/601cf3379633985b20f7e50f2bb47707\",\"name\":\"hudo\",\"image\":{\"@type\":\"ImageObject\",\"inLanguage\":\"sl-SI\",\"@id\":\"https:\/\/hudo.com\/si\/#\/schema\/person\/image\/\",\"url\":\"https:\/\/secure.gravatar.com\/avatar\/c4ca25fa72cace7a696b52ff5db9e095?s=96&d=mm&r=g\",\"contentUrl\":\"https:\/\/secure.gravatar.com\/avatar\/c4ca25fa72cace7a696b52ff5db9e095?s=96&d=mm&r=g\",\"caption\":\"hudo\"},\"url\":\"https:\/\/hudo.com\/si\/author\/hudo\/\"}]}<\/script>\n<!-- \/ Yoast SEO plugin. -->","yoast_head_json":{"title":"Ameri\u0161ki mediji T\u00fcrku svetujejo, naj \u017ee spakira kov\u010dke, Pahor pa ga \u0161e vedno hvali - Hudo Slovenija","robots":{"index":"index","follow":"follow","max-snippet":"max-snippet:-1","max-image-preview":"max-image-preview:large","max-video-preview":"max-video-preview:-1"},"canonical":"https:\/\/hudo.com\/si\/aktualno\/ameriski-mediji-turku-svetujejo-naj-ze-spakira-kovcke-pahor-pa-ga-se-vedno-hvali\/","og_locale":"sl_SI","og_type":"article","og_title":"Ameri\u0161ki mediji T\u00fcrku svetujejo, naj \u017ee spakira kov\u010dke, Pahor pa ga \u0161e vedno hvali - Hudo Slovenija","og_description":"Slovenski predsednik Borut Pahor je v\u010deraj v New Yorku, kjer se udele\u017euje splo\u0161ne razprave svetovnih voditeljev na 71. zasedanju Generalne skup\u0161\u010dine ZN, dejal, da je nekdanji predsednik Danilo T\u00fcrk verodostojen kandidat za generalnega sekretarja ZN, njegova kandidatura pa je prilo\u017enost za promocijo Slovenije. Pahor je T\u00fcrka hvalil kljub temu, da ta o\u010ditno nima ve\u010d mo\u017enosti za izvolitev in mu je \u010dasnik Wall Street Journal celo svetoval, naj skupaj z nekaterimi drugimi kandidati \"spakira kov\u010dke\".","og_url":"https:\/\/hudo.com\/si\/aktualno\/ameriski-mediji-turku-svetujejo-naj-ze-spakira-kovcke-pahor-pa-ga-se-vedno-hvali\/","og_site_name":"Hudo Slovenija","article_publisher":"https:\/\/www.facebook.com\/hudo.si","article_published_time":"2016-09-21T04:26:29+00:00","article_modified_time":"2016-09-22T05:48:12+00:00","og_image":[{"width":640,"height":419,"url":"https:\/\/hudo.com\/si\/wp-content\/uploads\/sites\/2\/2016\/09\/pahor_turk_bobo_02.12.12.jpg","type":"image\/jpeg"}],"author":"hudo","twitter_card":"summary_large_image","twitter_creator":"@hudo_si","twitter_site":"@hudo_si","twitter_misc":{"Written by":"hudo"},"schema":{"@context":"https:\/\/schema.org","@graph":[{"@type":"Article","@id":"https:\/\/hudo.com\/si\/aktualno\/ameriski-mediji-turku-svetujejo-naj-ze-spakira-kovcke-pahor-pa-ga-se-vedno-hvali\/#article","isPartOf":{"@id":"https:\/\/hudo.com\/si\/aktualno\/ameriski-mediji-turku-svetujejo-naj-ze-spakira-kovcke-pahor-pa-ga-se-vedno-hvali\/"},"author":{"name":"hudo","@id":"https:\/\/hudo.com\/si\/#\/schema\/person\/601cf3379633985b20f7e50f2bb47707"},"headline":"Ameri\u0161ki mediji T\u00fcrku svetujejo, naj \u017ee spakira kov\u010dke, Pahor pa ga \u0161e vedno hvali","datePublished":"2016-09-21T04:26:29+00:00","dateModified":"2016-09-22T05:48:12+00:00","mainEntityOfPage":{"@id":"https:\/\/hudo.com\/si\/aktualno\/ameriski-mediji-turku-svetujejo-naj-ze-spakira-kovcke-pahor-pa-ga-se-vedno-hvali\/"},"wordCount":100,"publisher":{"@id":"https:\/\/hudo.com\/si\/#organization"},"articleSection":["Aktualno"],"inLanguage":"sl-SI"},{"@type":"WebPage","@id":"https:\/\/hudo.com\/si\/aktualno\/ameriski-mediji-turku-svetujejo-naj-ze-spakira-kovcke-pahor-pa-ga-se-vedno-hvali\/","url":"https:\/\/hudo.com\/si\/aktualno\/ameriski-mediji-turku-svetujejo-naj-ze-spakira-kovcke-pahor-pa-ga-se-vedno-hvali\/","name":"Ameri\u0161ki mediji T\u00fcrku svetujejo, naj \u017ee spakira kov\u010dke, Pahor pa ga \u0161e vedno hvali - Hudo Slovenija","isPartOf":{"@id":"https:\/\/hudo.com\/si\/#website"},"datePublished":"2016-09-21T04:26:29+00:00","dateModified":"2016-09-22T05:48:12+00:00","breadcrumb":{"@id":"https:\/\/hudo.com\/si\/aktualno\/ameriski-mediji-turku-svetujejo-naj-ze-spakira-kovcke-pahor-pa-ga-se-vedno-hvali\/#breadcrumb"},"inLanguage":"sl-SI","potentialAction":[{"@type":"ReadAction","target":["https:\/\/hudo.com\/si\/aktualno\/ameriski-mediji-turku-svetujejo-naj-ze-spakira-kovcke-pahor-pa-ga-se-vedno-hvali\/"]}]},{"@type":"BreadcrumbList","@id":"https:\/\/hudo.com\/si\/aktualno\/ameriski-mediji-turku-svetujejo-naj-ze-spakira-kovcke-pahor-pa-ga-se-vedno-hvali\/#breadcrumb","itemListElement":[{"@type":"ListItem","position":1,"name":"Home","item":"https:\/\/hudo.com\/si\/"},{"@type":"ListItem","position":2,"name":"Ameri\u0161ki mediji T\u00fcrku svetujejo, naj \u017ee spakira kov\u010dke, Pahor pa ga \u0161e vedno hvali"}]},{"@type":"WebSite","@id":"https:\/\/hudo.com\/si\/#website","url":"https:\/\/hudo.com\/si\/","name":"Hudo Slovenija","description":"Vse novice iz Slovenije in sveta","publisher":{"@id":"https:\/\/hudo.com\/si\/#organization"},"potentialAction":[{"@type":"SearchAction","target":{"@type":"EntryPoint","urlTemplate":"https:\/\/hudo.com\/si\/?s={search_term_string}"},"query-input":"required name=search_term_string"}],"inLanguage":"sl-SI"},{"@type":"Organization","@id":"https:\/\/hudo.com\/si\/#organization","name":"VSN Media","url":"https:\/\/hudo.com\/si\/","logo":{"@type":"ImageObject","inLanguage":"sl-SI","@id":"https:\/\/hudo.com\/si\/#\/schema\/logo\/image\/","url":"https:\/\/hudo.com\/si\/wp-content\/uploads\/sites\/2\/2021\/03\/hudo-app-2.png","contentUrl":"https:\/\/hudo.com\/si\/wp-content\/uploads\/sites\/2\/2021\/03\/hudo-app-2.png","width":2185,"height":2167,"caption":"VSN Media"},"image":{"@id":"https:\/\/hudo.com\/si\/#\/schema\/logo\/image\/"},"sameAs":["https:\/\/www.facebook.com\/hudo.si","https:\/\/twitter.com\/hudo_si"]},{"@type":"Person","@id":"https:\/\/hudo.com\/si\/#\/schema\/person\/601cf3379633985b20f7e50f2bb47707","name":"hudo","image":{"@type":"ImageObject","inLanguage":"sl-SI","@id":"https:\/\/hudo.com\/si\/#\/schema\/person\/image\/","url":"https:\/\/secure.gravatar.com\/avatar\/c4ca25fa72cace7a696b52ff5db9e095?s=96&d=mm&r=g","contentUrl":"https:\/\/secure.gravatar.com\/avatar\/c4ca25fa72cace7a696b52ff5db9e095?s=96&d=mm&r=g","caption":"hudo"},"url":"https:\/\/hudo.com\/si\/author\/hudo\/"}]}},"amp_enabled":true,"_links":{"self":[{"href":"https:\/\/hudo.com\/si\/wp-json\/wp\/v2\/posts\/137208"}],"collection":[{"href":"https:\/\/hudo.com\/si\/wp-json\/wp\/v2\/posts"}],"about":[{"href":"https:\/\/hudo.com\/si\/wp-json\/wp\/v2\/types\/post"}],"author":[{"embeddable":true,"href":"https:\/\/hudo.com\/si\/wp-json\/wp\/v2\/users\/1"}],"replies":[{"embeddable":true,"href":"https:\/\/hudo.com\/si\/wp-json\/wp\/v2\/comments?post=137208"}],"version-history":[{"count":1,"href":"https:\/\/hudo.com\/si\/wp-json\/wp\/v2\/posts\/137208\/revisions"}],"predecessor-version":[{"id":137623,"href":"https:\/\/hudo.com\/si\/wp-json\/wp\/v2\/posts\/137208\/revisions\/137623"}],"wp:attachment":[{"href":"https:\/\/hudo.com\/si\/wp-json\/wp\/v2\/media?parent=137208"}],"wp:term":[{"taxonomy":"category","embeddable":true,"href":"https:\/\/hudo.com\/si\/wp-json\/wp\/v2\/categories?post=137208"},{"taxonomy":"post_tag","embeddable":true,"href":"https:\/\/hudo.com\/si\/wp-json\/wp\/v2\/tags?post=137208"},{"taxonomy":"source","embeddable":true,"href":"https:\/\/hudo.com\/si\/wp-json\/wp\/v2\/source?post=137208"},{"taxonomy":"supertag","embeddable":true,"href":"https:\/\/hudo.com\/si\/wp-json\/wp\/v2\/supertag?post=137208"}],"curies":[{"name":"wp","href":"https:\/\/api.w.org\/{rel}","templated":true}]}}