{"id":137214,"date":"2016-09-21T06:26:28","date_gmt":"2016-09-21T04:26:28","guid":{"rendered":"http:\/\/hudo.com\/si\/2016\/09\/21\/ob-dzungli-v-calaisu-zaceli-graditi-zid\/"},"modified":"2016-09-22T07:51:20","modified_gmt":"2016-09-22T05:51:20","slug":"ob-dzungli-v-calaisu-zaceli-graditi-zid","status":"publish","type":"post","link":"https:\/\/hudo.com\/si\/aktualno\/ob-dzungli-v-calaisu-zaceli-graditi-zid\/","title":{"rendered":"Ob &#8220;d\u017eungli&#8221; v Calaisu za\u010deli graditi zid"},"content":{"rendered":"<p>V Calaisu so v\u010deraj za\u010deli z gradbenimi deli za izgradnjo zidu, ki bo mestno pristani\u0161\u010de lo\u010deval od begunskega tabori\u0161\u010da. Migranti namre\u010d stalno posku\u0161ajo priti na tovornjake, ki vozijo proti Veliki Britaniji. Kilometer dolg in \u0161tiri metre visok zid bo nadaljevanje \u017ee obstoje\u010de ograje, name\u0161\u010dene na obeh straneh glavne ceste v pristani\u0161\u010de.<\/p>\n","protected":false},"excerpt":{"rendered":"<p>V Calaisu so v\u010deraj za\u010deli z gradbenimi deli za izgradnjo zidu, ki bo mestno pristani\u0161\u010de lo\u010deval od begunskega tabori\u0161\u010da. Migranti namre\u010d stalno posku\u0161ajo priti na tovornjake, ki vozijo proti Veliki Britaniji. Kilometer dolg in \u0161tiri metre visok zid bo nadaljevanje \u017ee obstoje\u010de ograje, name\u0161\u010dene na obeh straneh glavne ceste v pristani\u0161\u010de.<\/p>\n","protected":false},"author":1,"featured_media":0,"comment_status":"closed","ping_status":"closed","sticky":false,"template":"","format":"standard","meta":{"footnotes":""},"categories":[1179],"tags":[],"source":[5113],"supertag":[],"acf":[],"yoast_head":"<!-- This site is optimized with the Yoast SEO plugin v21.3 - https:\/\/yoast.com\/wordpress\/plugins\/seo\/ -->\n<title>Ob &quot;d\u017eungli&quot; v Calaisu za\u010deli graditi zid - Hudo Slovenija<\/title>\n<meta name=\"robots\" content=\"index, follow, max-snippet:-1, max-image-preview:large, max-video-preview:-1\" \/>\n<link rel=\"canonical\" href=\"https:\/\/hudo.com\/si\/aktualno\/ob-dzungli-v-calaisu-zaceli-graditi-zid\/\" \/>\n<meta property=\"og:locale\" content=\"sl_SI\" \/>\n<meta property=\"og:type\" content=\"article\" \/>\n<meta property=\"og:title\" content=\"Ob &quot;d\u017eungli&quot; v Calaisu za\u010deli graditi zid - Hudo Slovenija\" \/>\n<meta property=\"og:description\" content=\"V Calaisu so v\u010deraj za\u010deli z gradbenimi deli za izgradnjo zidu, ki bo mestno pristani\u0161\u010de lo\u010deval od begunskega tabori\u0161\u010da. Migranti namre\u010d stalno posku\u0161ajo priti na tovornjake, ki vozijo proti Veliki Britaniji. Kilometer dolg in \u0161tiri metre visok zid bo nadaljevanje \u017ee obstoje\u010de ograje, name\u0161\u010dene na obeh straneh glavne ceste v pristani\u0161\u010de.\" \/>\n<meta property=\"og:url\" content=\"https:\/\/hudo.com\/si\/aktualno\/ob-dzungli-v-calaisu-zaceli-graditi-zid\/\" \/>\n<meta property=\"og:site_name\" content=\"Hudo Slovenija\" \/>\n<meta property=\"article:publisher\" content=\"https:\/\/www.facebook.com\/hudo.si\" \/>\n<meta property=\"article:published_time\" content=\"2016-09-21T04:26:28+00:00\" \/>\n<meta property=\"article:modified_time\" content=\"2016-09-22T05:51:20+00:00\" \/>\n<meta property=\"og:image\" content=\"https:\/\/hudo.com\/si\/wp-content\/uploads\/sites\/2\/2016\/09\/migranti-francija-calais_ge_02.03.16.jpg\" \/>\n\t<meta property=\"og:image:width\" content=\"640\" \/>\n\t<meta property=\"og:image:height\" content=\"377\" \/>\n\t<meta property=\"og:image:type\" content=\"image\/jpeg\" \/>\n<meta name=\"author\" content=\"hudo\" \/>\n<meta name=\"twitter:card\" content=\"summary_large_image\" \/>\n<meta name=\"twitter:creator\" content=\"@hudo_si\" \/>\n<meta name=\"twitter:site\" content=\"@hudo_si\" \/>\n<meta name=\"twitter:label1\" content=\"Written by\" \/>\n\t<meta name=\"twitter:data1\" content=\"hudo\" \/>\n<script type=\"application\/ld+json\" class=\"yoast-schema-graph\">{\"@context\":\"https:\/\/schema.org\",\"@graph\":[{\"@type\":\"Article\",\"@id\":\"https:\/\/hudo.com\/si\/aktualno\/ob-dzungli-v-calaisu-zaceli-graditi-zid\/#article\",\"isPartOf\":{\"@id\":\"https:\/\/hudo.com\/si\/aktualno\/ob-dzungli-v-calaisu-zaceli-graditi-zid\/\"},\"author\":{\"name\":\"hudo\",\"@id\":\"https:\/\/hudo.com\/si\/#\/schema\/person\/601cf3379633985b20f7e50f2bb47707\"},\"headline\":\"Ob &#8220;d\u017eungli&#8221; v Calaisu za\u010deli graditi zid\",\"datePublished\":\"2016-09-21T04:26:28+00:00\",\"dateModified\":\"2016-09-22T05:51:20+00:00\",\"mainEntityOfPage\":{\"@id\":\"https:\/\/hudo.com\/si\/aktualno\/ob-dzungli-v-calaisu-zaceli-graditi-zid\/\"},\"wordCount\":69,\"publisher\":{\"@id\":\"https:\/\/hudo.com\/si\/#organization\"},\"articleSection\":[\"Aktualno\"],\"inLanguage\":\"sl-SI\"},{\"@type\":\"WebPage\",\"@id\":\"https:\/\/hudo.com\/si\/aktualno\/ob-dzungli-v-calaisu-zaceli-graditi-zid\/\",\"url\":\"https:\/\/hudo.com\/si\/aktualno\/ob-dzungli-v-calaisu-zaceli-graditi-zid\/\",\"name\":\"Ob \\\"d\u017eungli\\\" v Calaisu za\u010deli graditi zid - Hudo Slovenija\",\"isPartOf\":{\"@id\":\"https:\/\/hudo.com\/si\/#website\"},\"datePublished\":\"2016-09-21T04:26:28+00:00\",\"dateModified\":\"2016-09-22T05:51:20+00:00\",\"breadcrumb\":{\"@id\":\"https:\/\/hudo.com\/si\/aktualno\/ob-dzungli-v-calaisu-zaceli-graditi-zid\/#breadcrumb\"},\"inLanguage\":\"sl-SI\",\"potentialAction\":[{\"@type\":\"ReadAction\",\"target\":[\"https:\/\/hudo.com\/si\/aktualno\/ob-dzungli-v-calaisu-zaceli-graditi-zid\/\"]}]},{\"@type\":\"BreadcrumbList\",\"@id\":\"https:\/\/hudo.com\/si\/aktualno\/ob-dzungli-v-calaisu-zaceli-graditi-zid\/#breadcrumb\",\"itemListElement\":[{\"@type\":\"ListItem\",\"position\":1,\"name\":\"Home\",\"item\":\"https:\/\/hudo.com\/si\/\"},{\"@type\":\"ListItem\",\"position\":2,\"name\":\"Ob &#8220;d\u017eungli&#8221; v Calaisu za\u010deli graditi zid\"}]},{\"@type\":\"WebSite\",\"@id\":\"https:\/\/hudo.com\/si\/#website\",\"url\":\"https:\/\/hudo.com\/si\/\",\"name\":\"Hudo Slovenija\",\"description\":\"Vse novice iz Slovenije in sveta\",\"publisher\":{\"@id\":\"https:\/\/hudo.com\/si\/#organization\"},\"potentialAction\":[{\"@type\":\"SearchAction\",\"target\":{\"@type\":\"EntryPoint\",\"urlTemplate\":\"https:\/\/hudo.com\/si\/?s={search_term_string}\"},\"query-input\":\"required name=search_term_string\"}],\"inLanguage\":\"sl-SI\"},{\"@type\":\"Organization\",\"@id\":\"https:\/\/hudo.com\/si\/#organization\",\"name\":\"VSN Media\",\"url\":\"https:\/\/hudo.com\/si\/\",\"logo\":{\"@type\":\"ImageObject\",\"inLanguage\":\"sl-SI\",\"@id\":\"https:\/\/hudo.com\/si\/#\/schema\/logo\/image\/\",\"url\":\"https:\/\/hudo.com\/si\/wp-content\/uploads\/sites\/2\/2021\/03\/hudo-app-2.png\",\"contentUrl\":\"https:\/\/hudo.com\/si\/wp-content\/uploads\/sites\/2\/2021\/03\/hudo-app-2.png\",\"width\":2185,\"height\":2167,\"caption\":\"VSN Media\"},\"image\":{\"@id\":\"https:\/\/hudo.com\/si\/#\/schema\/logo\/image\/\"},\"sameAs\":[\"https:\/\/www.facebook.com\/hudo.si\",\"https:\/\/twitter.com\/hudo_si\"]},{\"@type\":\"Person\",\"@id\":\"https:\/\/hudo.com\/si\/#\/schema\/person\/601cf3379633985b20f7e50f2bb47707\",\"name\":\"hudo\",\"image\":{\"@type\":\"ImageObject\",\"inLanguage\":\"sl-SI\",\"@id\":\"https:\/\/hudo.com\/si\/#\/schema\/person\/image\/\",\"url\":\"https:\/\/secure.gravatar.com\/avatar\/c4ca25fa72cace7a696b52ff5db9e095?s=96&d=mm&r=g\",\"contentUrl\":\"https:\/\/secure.gravatar.com\/avatar\/c4ca25fa72cace7a696b52ff5db9e095?s=96&d=mm&r=g\",\"caption\":\"hudo\"},\"url\":\"https:\/\/hudo.com\/si\/author\/hudo\/\"}]}<\/script>\n<!-- \/ Yoast SEO plugin. -->","yoast_head_json":{"title":"Ob \"d\u017eungli\" v Calaisu za\u010deli graditi zid - Hudo Slovenija","robots":{"index":"index","follow":"follow","max-snippet":"max-snippet:-1","max-image-preview":"max-image-preview:large","max-video-preview":"max-video-preview:-1"},"canonical":"https:\/\/hudo.com\/si\/aktualno\/ob-dzungli-v-calaisu-zaceli-graditi-zid\/","og_locale":"sl_SI","og_type":"article","og_title":"Ob \"d\u017eungli\" v Calaisu za\u010deli graditi zid - Hudo Slovenija","og_description":"V Calaisu so v\u010deraj za\u010deli z gradbenimi deli za izgradnjo zidu, ki bo mestno pristani\u0161\u010de lo\u010deval od begunskega tabori\u0161\u010da. Migranti namre\u010d stalno posku\u0161ajo priti na tovornjake, ki vozijo proti Veliki Britaniji. Kilometer dolg in \u0161tiri metre visok zid bo nadaljevanje \u017ee obstoje\u010de ograje, name\u0161\u010dene na obeh straneh glavne ceste v pristani\u0161\u010de.","og_url":"https:\/\/hudo.com\/si\/aktualno\/ob-dzungli-v-calaisu-zaceli-graditi-zid\/","og_site_name":"Hudo Slovenija","article_publisher":"https:\/\/www.facebook.com\/hudo.si","article_published_time":"2016-09-21T04:26:28+00:00","article_modified_time":"2016-09-22T05:51:20+00:00","og_image":[{"width":640,"height":377,"url":"https:\/\/hudo.com\/si\/wp-content\/uploads\/sites\/2\/2016\/09\/migranti-francija-calais_ge_02.03.16.jpg","type":"image\/jpeg"}],"author":"hudo","twitter_card":"summary_large_image","twitter_creator":"@hudo_si","twitter_site":"@hudo_si","twitter_misc":{"Written by":"hudo"},"schema":{"@context":"https:\/\/schema.org","@graph":[{"@type":"Article","@id":"https:\/\/hudo.com\/si\/aktualno\/ob-dzungli-v-calaisu-zaceli-graditi-zid\/#article","isPartOf":{"@id":"https:\/\/hudo.com\/si\/aktualno\/ob-dzungli-v-calaisu-zaceli-graditi-zid\/"},"author":{"name":"hudo","@id":"https:\/\/hudo.com\/si\/#\/schema\/person\/601cf3379633985b20f7e50f2bb47707"},"headline":"Ob &#8220;d\u017eungli&#8221; v Calaisu za\u010deli graditi zid","datePublished":"2016-09-21T04:26:28+00:00","dateModified":"2016-09-22T05:51:20+00:00","mainEntityOfPage":{"@id":"https:\/\/hudo.com\/si\/aktualno\/ob-dzungli-v-calaisu-zaceli-graditi-zid\/"},"wordCount":69,"publisher":{"@id":"https:\/\/hudo.com\/si\/#organization"},"articleSection":["Aktualno"],"inLanguage":"sl-SI"},{"@type":"WebPage","@id":"https:\/\/hudo.com\/si\/aktualno\/ob-dzungli-v-calaisu-zaceli-graditi-zid\/","url":"https:\/\/hudo.com\/si\/aktualno\/ob-dzungli-v-calaisu-zaceli-graditi-zid\/","name":"Ob \"d\u017eungli\" v Calaisu za\u010deli graditi zid - Hudo Slovenija","isPartOf":{"@id":"https:\/\/hudo.com\/si\/#website"},"datePublished":"2016-09-21T04:26:28+00:00","dateModified":"2016-09-22T05:51:20+00:00","breadcrumb":{"@id":"https:\/\/hudo.com\/si\/aktualno\/ob-dzungli-v-calaisu-zaceli-graditi-zid\/#breadcrumb"},"inLanguage":"sl-SI","potentialAction":[{"@type":"ReadAction","target":["https:\/\/hudo.com\/si\/aktualno\/ob-dzungli-v-calaisu-zaceli-graditi-zid\/"]}]},{"@type":"BreadcrumbList","@id":"https:\/\/hudo.com\/si\/aktualno\/ob-dzungli-v-calaisu-zaceli-graditi-zid\/#breadcrumb","itemListElement":[{"@type":"ListItem","position":1,"name":"Home","item":"https:\/\/hudo.com\/si\/"},{"@type":"ListItem","position":2,"name":"Ob &#8220;d\u017eungli&#8221; v Calaisu za\u010deli graditi zid"}]},{"@type":"WebSite","@id":"https:\/\/hudo.com\/si\/#website","url":"https:\/\/hudo.com\/si\/","name":"Hudo Slovenija","description":"Vse novice iz Slovenije in sveta","publisher":{"@id":"https:\/\/hudo.com\/si\/#organization"},"potentialAction":[{"@type":"SearchAction","target":{"@type":"EntryPoint","urlTemplate":"https:\/\/hudo.com\/si\/?s={search_term_string}"},"query-input":"required name=search_term_string"}],"inLanguage":"sl-SI"},{"@type":"Organization","@id":"https:\/\/hudo.com\/si\/#organization","name":"VSN Media","url":"https:\/\/hudo.com\/si\/","logo":{"@type":"ImageObject","inLanguage":"sl-SI","@id":"https:\/\/hudo.com\/si\/#\/schema\/logo\/image\/","url":"https:\/\/hudo.com\/si\/wp-content\/uploads\/sites\/2\/2021\/03\/hudo-app-2.png","contentUrl":"https:\/\/hudo.com\/si\/wp-content\/uploads\/sites\/2\/2021\/03\/hudo-app-2.png","width":2185,"height":2167,"caption":"VSN Media"},"image":{"@id":"https:\/\/hudo.com\/si\/#\/schema\/logo\/image\/"},"sameAs":["https:\/\/www.facebook.com\/hudo.si","https:\/\/twitter.com\/hudo_si"]},{"@type":"Person","@id":"https:\/\/hudo.com\/si\/#\/schema\/person\/601cf3379633985b20f7e50f2bb47707","name":"hudo","image":{"@type":"ImageObject","inLanguage":"sl-SI","@id":"https:\/\/hudo.com\/si\/#\/schema\/person\/image\/","url":"https:\/\/secure.gravatar.com\/avatar\/c4ca25fa72cace7a696b52ff5db9e095?s=96&d=mm&r=g","contentUrl":"https:\/\/secure.gravatar.com\/avatar\/c4ca25fa72cace7a696b52ff5db9e095?s=96&d=mm&r=g","caption":"hudo"},"url":"https:\/\/hudo.com\/si\/author\/hudo\/"}]}},"amp_enabled":true,"_links":{"self":[{"href":"https:\/\/hudo.com\/si\/wp-json\/wp\/v2\/posts\/137214"}],"collection":[{"href":"https:\/\/hudo.com\/si\/wp-json\/wp\/v2\/posts"}],"about":[{"href":"https:\/\/hudo.com\/si\/wp-json\/wp\/v2\/types\/post"}],"author":[{"embeddable":true,"href":"https:\/\/hudo.com\/si\/wp-json\/wp\/v2\/users\/1"}],"replies":[{"embeddable":true,"href":"https:\/\/hudo.com\/si\/wp-json\/wp\/v2\/comments?post=137214"}],"version-history":[{"count":1,"href":"https:\/\/hudo.com\/si\/wp-json\/wp\/v2\/posts\/137214\/revisions"}],"predecessor-version":[{"id":137626,"href":"https:\/\/hudo.com\/si\/wp-json\/wp\/v2\/posts\/137214\/revisions\/137626"}],"wp:attachment":[{"href":"https:\/\/hudo.com\/si\/wp-json\/wp\/v2\/media?parent=137214"}],"wp:term":[{"taxonomy":"category","embeddable":true,"href":"https:\/\/hudo.com\/si\/wp-json\/wp\/v2\/categories?post=137214"},{"taxonomy":"post_tag","embeddable":true,"href":"https:\/\/hudo.com\/si\/wp-json\/wp\/v2\/tags?post=137214"},{"taxonomy":"source","embeddable":true,"href":"https:\/\/hudo.com\/si\/wp-json\/wp\/v2\/source?post=137214"},{"taxonomy":"supertag","embeddable":true,"href":"https:\/\/hudo.com\/si\/wp-json\/wp\/v2\/supertag?post=137214"}],"curies":[{"name":"wp","href":"https:\/\/api.w.org\/{rel}","templated":true}]}}