{"id":137307,"date":"2016-09-21T04:00:00","date_gmt":"2016-09-21T02:00:00","guid":{"rendered":"http:\/\/hudo.com\/si\/2016\/09\/21\/porazeni-sodniki\/"},"modified":"2016-09-21T10:28:29","modified_gmt":"2016-09-21T08:28:29","slug":"porazeni-sodniki","status":"publish","type":"post","link":"https:\/\/hudo.com\/si\/aktualno\/porazeni-sodniki\/","title":{"rendered":"Pora\u017eeni sodniki"},"content":{"rendered":"<p>Kategorija: Komentarji Wed, 21 Sep 2016 06:00:00 +0200  Nikoli ne bomo izvedeli, kak\u0161ni razlogi so pretehtali med \u010dlani sodnega sveta, ki so se izrekli, da ne bodo podprli nobenega od kandidatov za novega predsednika vrhovnega sodi\u0161\u010da. Javnosti so sporo\u010dili en stavek: neprepri\u010dljiv program obeh kandidatov in prav tak\u0161ni odgovori na dodatna vpra\u0161anja. Ni\u010d ve\u010d od tega ni izvedel (vsaj formalno ne) tudi pravosodni minister Goran Klemen\u010di\u010d, ki se je zato odlo\u010dil ustaviti postopek iskanja novega prvega \u010dloveka najvi\u0161jega sodi\u0161\u010da v dr\u017eavi. Na\u0161a zahteva, izhajajo\u010d iz zakona o dostopu do informacij javnega zna\u010daja, naj nam sodni svet posreduje dodatno utemeljitev svoje odlo\u010ditve, bo ostala zgolj na papirju. Zato ker je ni dodatno argumentiral in je niti ne bo. K temu ga zakon ne zavezuje. To seveda dr\u017ei. Kot dr\u017ei tudi to, da bi lahko pravosodni minister njegovo mnenje mirno ob\u0161el.\u00a0&#8230;<\/p>\n","protected":false},"excerpt":{"rendered":"<p>Kategorija: Komentarji Wed, 21 Sep 2016 06:00:00 +0200  Nikoli ne bomo izvedeli, kak\u0161ni razlogi so pretehtali med \u010dlani sodnega sveta, ki so se izrekli, da ne bodo podprli nobenega od kandidatov za novega predsednika vrhovnega sodi\u0161\u010da. Javnosti so sporo\u010dili en stavek: neprepri\u010dljiv program obeh kandidatov in prav tak\u0161ni odgovori na dodatna vpra\u0161anja. Ni\u010d ve\u010d od tega ni izvedel (vsaj formalno ne) tudi pravosodni minister Goran Klemen\u010di\u010d, ki se je zato odlo\u010dil ustaviti postopek iskanja novega prvega \u010dloveka najvi\u0161jega sodi\u0161\u010da v dr\u017eavi. Na\u0161a zahteva, izhajajo\u010d iz zakona o dostopu do informacij javnega zna\u010daja, naj nam sodni svet posreduje dodatno utemeljitev svoje odlo\u010ditve, bo ostala zgolj na papirju. Zato ker je ni dodatno argumentiral in je niti ne bo. K temu ga zakon ne zavezuje. To seveda dr\u017ei. Kot dr\u017ei tudi to, da bi lahko pravosodni minister njegovo mnenje mirno ob\u0161el.\u00a0&#8230;<\/p>\n","protected":false},"author":1,"featured_media":0,"comment_status":"closed","ping_status":"closed","sticky":false,"template":"","format":"standard","meta":{"footnotes":""},"categories":[1179],"tags":[],"source":[1703],"supertag":[],"acf":[],"yoast_head":"<!-- This site is optimized with the Yoast SEO plugin v21.3 - https:\/\/yoast.com\/wordpress\/plugins\/seo\/ -->\n<title>Pora\u017eeni sodniki - Hudo Slovenija<\/title>\n<meta name=\"robots\" content=\"index, follow, max-snippet:-1, max-image-preview:large, max-video-preview:-1\" \/>\n<link rel=\"canonical\" href=\"https:\/\/hudo.com\/si\/aktualno\/porazeni-sodniki\/\" \/>\n<meta property=\"og:locale\" content=\"sl_SI\" \/>\n<meta property=\"og:type\" content=\"article\" \/>\n<meta property=\"og:title\" content=\"Pora\u017eeni sodniki - Hudo Slovenija\" \/>\n<meta property=\"og:description\" content=\"Kategorija: Komentarji Wed, 21 Sep 2016 06:00:00 +0200 Nikoli ne bomo izvedeli, kak\u0161ni razlogi so pretehtali med \u010dlani sodnega sveta, ki so se izrekli, da ne bodo podprli nobenega od kandidatov za novega predsednika vrhovnega sodi\u0161\u010da. Javnosti so sporo\u010dili en stavek: neprepri\u010dljiv program obeh kandidatov in prav tak\u0161ni odgovori na dodatna vpra\u0161anja. Ni\u010d ve\u010d od tega ni izvedel (vsaj formalno ne) tudi pravosodni minister Goran Klemen\u010di\u010d, ki se je zato odlo\u010dil ustaviti postopek iskanja novega prvega \u010dloveka najvi\u0161jega sodi\u0161\u010da v dr\u017eavi. Na\u0161a zahteva, izhajajo\u010d iz zakona o dostopu do informacij javnega zna\u010daja, naj nam sodni svet posreduje dodatno utemeljitev svoje odlo\u010ditve, bo ostala zgolj na papirju. Zato ker je ni dodatno argumentiral in je niti ne bo. K temu ga zakon ne zavezuje. To seveda dr\u017ei. Kot dr\u017ei tudi to, da bi lahko pravosodni minister njegovo mnenje mirno ob\u0161el.\u00a0...\" \/>\n<meta property=\"og:url\" content=\"https:\/\/hudo.com\/si\/aktualno\/porazeni-sodniki\/\" \/>\n<meta property=\"og:site_name\" content=\"Hudo Slovenija\" \/>\n<meta property=\"article:publisher\" content=\"https:\/\/www.facebook.com\/hudo.si\" \/>\n<meta property=\"article:published_time\" content=\"2016-09-21T02:00:00+00:00\" \/>\n<meta property=\"article:modified_time\" content=\"2016-09-21T08:28:29+00:00\" \/>\n<meta property=\"og:image\" content=\"https:\/\/hudo.com\/si\/wp-content\/uploads\/sites\/2\/2016\/09\/480x290_djvu_1239221_popaj_uho-Sodisce-kladivo.jpeg\" \/>\n\t<meta property=\"og:image:width\" content=\"480\" \/>\n\t<meta property=\"og:image:height\" content=\"290\" \/>\n\t<meta property=\"og:image:type\" content=\"image\/jpeg\" \/>\n<meta name=\"author\" content=\"hudo\" \/>\n<meta name=\"twitter:card\" content=\"summary_large_image\" \/>\n<meta name=\"twitter:creator\" content=\"@hudo_si\" \/>\n<meta name=\"twitter:site\" content=\"@hudo_si\" \/>\n<meta name=\"twitter:label1\" content=\"Written by\" \/>\n\t<meta name=\"twitter:data1\" content=\"hudo\" \/>\n\t<meta name=\"twitter:label2\" content=\"Est. reading time\" \/>\n\t<meta name=\"twitter:data2\" content=\"1 minuta\" \/>\n<script type=\"application\/ld+json\" class=\"yoast-schema-graph\">{\"@context\":\"https:\/\/schema.org\",\"@graph\":[{\"@type\":\"Article\",\"@id\":\"https:\/\/hudo.com\/si\/aktualno\/porazeni-sodniki\/#article\",\"isPartOf\":{\"@id\":\"https:\/\/hudo.com\/si\/aktualno\/porazeni-sodniki\/\"},\"author\":{\"name\":\"hudo\",\"@id\":\"https:\/\/hudo.com\/si\/#\/schema\/person\/601cf3379633985b20f7e50f2bb47707\"},\"headline\":\"Pora\u017eeni sodniki\",\"datePublished\":\"2016-09-21T02:00:00+00:00\",\"dateModified\":\"2016-09-21T08:28:29+00:00\",\"mainEntityOfPage\":{\"@id\":\"https:\/\/hudo.com\/si\/aktualno\/porazeni-sodniki\/\"},\"wordCount\":155,\"publisher\":{\"@id\":\"https:\/\/hudo.com\/si\/#organization\"},\"articleSection\":[\"Aktualno\"],\"inLanguage\":\"sl-SI\"},{\"@type\":\"WebPage\",\"@id\":\"https:\/\/hudo.com\/si\/aktualno\/porazeni-sodniki\/\",\"url\":\"https:\/\/hudo.com\/si\/aktualno\/porazeni-sodniki\/\",\"name\":\"Pora\u017eeni sodniki - Hudo Slovenija\",\"isPartOf\":{\"@id\":\"https:\/\/hudo.com\/si\/#website\"},\"datePublished\":\"2016-09-21T02:00:00+00:00\",\"dateModified\":\"2016-09-21T08:28:29+00:00\",\"breadcrumb\":{\"@id\":\"https:\/\/hudo.com\/si\/aktualno\/porazeni-sodniki\/#breadcrumb\"},\"inLanguage\":\"sl-SI\",\"potentialAction\":[{\"@type\":\"ReadAction\",\"target\":[\"https:\/\/hudo.com\/si\/aktualno\/porazeni-sodniki\/\"]}]},{\"@type\":\"BreadcrumbList\",\"@id\":\"https:\/\/hudo.com\/si\/aktualno\/porazeni-sodniki\/#breadcrumb\",\"itemListElement\":[{\"@type\":\"ListItem\",\"position\":1,\"name\":\"Home\",\"item\":\"https:\/\/hudo.com\/si\/\"},{\"@type\":\"ListItem\",\"position\":2,\"name\":\"Pora\u017eeni sodniki\"}]},{\"@type\":\"WebSite\",\"@id\":\"https:\/\/hudo.com\/si\/#website\",\"url\":\"https:\/\/hudo.com\/si\/\",\"name\":\"Hudo Slovenija\",\"description\":\"Vse novice iz Slovenije in sveta\",\"publisher\":{\"@id\":\"https:\/\/hudo.com\/si\/#organization\"},\"potentialAction\":[{\"@type\":\"SearchAction\",\"target\":{\"@type\":\"EntryPoint\",\"urlTemplate\":\"https:\/\/hudo.com\/si\/?s={search_term_string}\"},\"query-input\":\"required name=search_term_string\"}],\"inLanguage\":\"sl-SI\"},{\"@type\":\"Organization\",\"@id\":\"https:\/\/hudo.com\/si\/#organization\",\"name\":\"VSN Media\",\"url\":\"https:\/\/hudo.com\/si\/\",\"logo\":{\"@type\":\"ImageObject\",\"inLanguage\":\"sl-SI\",\"@id\":\"https:\/\/hudo.com\/si\/#\/schema\/logo\/image\/\",\"url\":\"https:\/\/hudo.com\/si\/wp-content\/uploads\/sites\/2\/2021\/03\/hudo-app-2.png\",\"contentUrl\":\"https:\/\/hudo.com\/si\/wp-content\/uploads\/sites\/2\/2021\/03\/hudo-app-2.png\",\"width\":2185,\"height\":2167,\"caption\":\"VSN Media\"},\"image\":{\"@id\":\"https:\/\/hudo.com\/si\/#\/schema\/logo\/image\/\"},\"sameAs\":[\"https:\/\/www.facebook.com\/hudo.si\",\"https:\/\/twitter.com\/hudo_si\"]},{\"@type\":\"Person\",\"@id\":\"https:\/\/hudo.com\/si\/#\/schema\/person\/601cf3379633985b20f7e50f2bb47707\",\"name\":\"hudo\",\"image\":{\"@type\":\"ImageObject\",\"inLanguage\":\"sl-SI\",\"@id\":\"https:\/\/hudo.com\/si\/#\/schema\/person\/image\/\",\"url\":\"https:\/\/secure.gravatar.com\/avatar\/c4ca25fa72cace7a696b52ff5db9e095?s=96&d=mm&r=g\",\"contentUrl\":\"https:\/\/secure.gravatar.com\/avatar\/c4ca25fa72cace7a696b52ff5db9e095?s=96&d=mm&r=g\",\"caption\":\"hudo\"},\"url\":\"https:\/\/hudo.com\/si\/author\/hudo\/\"}]}<\/script>\n<!-- \/ Yoast SEO plugin. -->","yoast_head_json":{"title":"Pora\u017eeni sodniki - Hudo Slovenija","robots":{"index":"index","follow":"follow","max-snippet":"max-snippet:-1","max-image-preview":"max-image-preview:large","max-video-preview":"max-video-preview:-1"},"canonical":"https:\/\/hudo.com\/si\/aktualno\/porazeni-sodniki\/","og_locale":"sl_SI","og_type":"article","og_title":"Pora\u017eeni sodniki - Hudo Slovenija","og_description":"Kategorija: Komentarji Wed, 21 Sep 2016 06:00:00 +0200 Nikoli ne bomo izvedeli, kak\u0161ni razlogi so pretehtali med \u010dlani sodnega sveta, ki so se izrekli, da ne bodo podprli nobenega od kandidatov za novega predsednika vrhovnega sodi\u0161\u010da. Javnosti so sporo\u010dili en stavek: neprepri\u010dljiv program obeh kandidatov in prav tak\u0161ni odgovori na dodatna vpra\u0161anja. Ni\u010d ve\u010d od tega ni izvedel (vsaj formalno ne) tudi pravosodni minister Goran Klemen\u010di\u010d, ki se je zato odlo\u010dil ustaviti postopek iskanja novega prvega \u010dloveka najvi\u0161jega sodi\u0161\u010da v dr\u017eavi. Na\u0161a zahteva, izhajajo\u010d iz zakona o dostopu do informacij javnega zna\u010daja, naj nam sodni svet posreduje dodatno utemeljitev svoje odlo\u010ditve, bo ostala zgolj na papirju. Zato ker je ni dodatno argumentiral in je niti ne bo. K temu ga zakon ne zavezuje. To seveda dr\u017ei. Kot dr\u017ei tudi to, da bi lahko pravosodni minister njegovo mnenje mirno ob\u0161el.\u00a0...","og_url":"https:\/\/hudo.com\/si\/aktualno\/porazeni-sodniki\/","og_site_name":"Hudo Slovenija","article_publisher":"https:\/\/www.facebook.com\/hudo.si","article_published_time":"2016-09-21T02:00:00+00:00","article_modified_time":"2016-09-21T08:28:29+00:00","og_image":[{"width":480,"height":290,"url":"https:\/\/hudo.com\/si\/wp-content\/uploads\/sites\/2\/2016\/09\/480x290_djvu_1239221_popaj_uho-Sodisce-kladivo.jpeg","type":"image\/jpeg"}],"author":"hudo","twitter_card":"summary_large_image","twitter_creator":"@hudo_si","twitter_site":"@hudo_si","twitter_misc":{"Written by":"hudo","Est. reading time":"1 minuta"},"schema":{"@context":"https:\/\/schema.org","@graph":[{"@type":"Article","@id":"https:\/\/hudo.com\/si\/aktualno\/porazeni-sodniki\/#article","isPartOf":{"@id":"https:\/\/hudo.com\/si\/aktualno\/porazeni-sodniki\/"},"author":{"name":"hudo","@id":"https:\/\/hudo.com\/si\/#\/schema\/person\/601cf3379633985b20f7e50f2bb47707"},"headline":"Pora\u017eeni sodniki","datePublished":"2016-09-21T02:00:00+00:00","dateModified":"2016-09-21T08:28:29+00:00","mainEntityOfPage":{"@id":"https:\/\/hudo.com\/si\/aktualno\/porazeni-sodniki\/"},"wordCount":155,"publisher":{"@id":"https:\/\/hudo.com\/si\/#organization"},"articleSection":["Aktualno"],"inLanguage":"sl-SI"},{"@type":"WebPage","@id":"https:\/\/hudo.com\/si\/aktualno\/porazeni-sodniki\/","url":"https:\/\/hudo.com\/si\/aktualno\/porazeni-sodniki\/","name":"Pora\u017eeni sodniki - Hudo Slovenija","isPartOf":{"@id":"https:\/\/hudo.com\/si\/#website"},"datePublished":"2016-09-21T02:00:00+00:00","dateModified":"2016-09-21T08:28:29+00:00","breadcrumb":{"@id":"https:\/\/hudo.com\/si\/aktualno\/porazeni-sodniki\/#breadcrumb"},"inLanguage":"sl-SI","potentialAction":[{"@type":"ReadAction","target":["https:\/\/hudo.com\/si\/aktualno\/porazeni-sodniki\/"]}]},{"@type":"BreadcrumbList","@id":"https:\/\/hudo.com\/si\/aktualno\/porazeni-sodniki\/#breadcrumb","itemListElement":[{"@type":"ListItem","position":1,"name":"Home","item":"https:\/\/hudo.com\/si\/"},{"@type":"ListItem","position":2,"name":"Pora\u017eeni sodniki"}]},{"@type":"WebSite","@id":"https:\/\/hudo.com\/si\/#website","url":"https:\/\/hudo.com\/si\/","name":"Hudo Slovenija","description":"Vse novice iz Slovenije in sveta","publisher":{"@id":"https:\/\/hudo.com\/si\/#organization"},"potentialAction":[{"@type":"SearchAction","target":{"@type":"EntryPoint","urlTemplate":"https:\/\/hudo.com\/si\/?s={search_term_string}"},"query-input":"required name=search_term_string"}],"inLanguage":"sl-SI"},{"@type":"Organization","@id":"https:\/\/hudo.com\/si\/#organization","name":"VSN Media","url":"https:\/\/hudo.com\/si\/","logo":{"@type":"ImageObject","inLanguage":"sl-SI","@id":"https:\/\/hudo.com\/si\/#\/schema\/logo\/image\/","url":"https:\/\/hudo.com\/si\/wp-content\/uploads\/sites\/2\/2021\/03\/hudo-app-2.png","contentUrl":"https:\/\/hudo.com\/si\/wp-content\/uploads\/sites\/2\/2021\/03\/hudo-app-2.png","width":2185,"height":2167,"caption":"VSN Media"},"image":{"@id":"https:\/\/hudo.com\/si\/#\/schema\/logo\/image\/"},"sameAs":["https:\/\/www.facebook.com\/hudo.si","https:\/\/twitter.com\/hudo_si"]},{"@type":"Person","@id":"https:\/\/hudo.com\/si\/#\/schema\/person\/601cf3379633985b20f7e50f2bb47707","name":"hudo","image":{"@type":"ImageObject","inLanguage":"sl-SI","@id":"https:\/\/hudo.com\/si\/#\/schema\/person\/image\/","url":"https:\/\/secure.gravatar.com\/avatar\/c4ca25fa72cace7a696b52ff5db9e095?s=96&d=mm&r=g","contentUrl":"https:\/\/secure.gravatar.com\/avatar\/c4ca25fa72cace7a696b52ff5db9e095?s=96&d=mm&r=g","caption":"hudo"},"url":"https:\/\/hudo.com\/si\/author\/hudo\/"}]}},"amp_enabled":true,"_links":{"self":[{"href":"https:\/\/hudo.com\/si\/wp-json\/wp\/v2\/posts\/137307"}],"collection":[{"href":"https:\/\/hudo.com\/si\/wp-json\/wp\/v2\/posts"}],"about":[{"href":"https:\/\/hudo.com\/si\/wp-json\/wp\/v2\/types\/post"}],"author":[{"embeddable":true,"href":"https:\/\/hudo.com\/si\/wp-json\/wp\/v2\/users\/1"}],"replies":[{"embeddable":true,"href":"https:\/\/hudo.com\/si\/wp-json\/wp\/v2\/comments?post=137307"}],"version-history":[{"count":1,"href":"https:\/\/hudo.com\/si\/wp-json\/wp\/v2\/posts\/137307\/revisions"}],"predecessor-version":[{"id":137311,"href":"https:\/\/hudo.com\/si\/wp-json\/wp\/v2\/posts\/137307\/revisions\/137311"}],"wp:attachment":[{"href":"https:\/\/hudo.com\/si\/wp-json\/wp\/v2\/media?parent=137307"}],"wp:term":[{"taxonomy":"category","embeddable":true,"href":"https:\/\/hudo.com\/si\/wp-json\/wp\/v2\/categories?post=137307"},{"taxonomy":"post_tag","embeddable":true,"href":"https:\/\/hudo.com\/si\/wp-json\/wp\/v2\/tags?post=137307"},{"taxonomy":"source","embeddable":true,"href":"https:\/\/hudo.com\/si\/wp-json\/wp\/v2\/source?post=137307"},{"taxonomy":"supertag","embeddable":true,"href":"https:\/\/hudo.com\/si\/wp-json\/wp\/v2\/supertag?post=137307"}],"curies":[{"name":"wp","href":"https:\/\/api.w.org\/{rel}","templated":true}]}}