{"id":137450,"date":"2016-09-21T13:25:00","date_gmt":"2016-09-21T11:25:00","guid":{"rendered":"http:\/\/hudo.com\/si\/2016\/09\/21\/smrt-se-enega-temnopoltega-americana-sprozila-proteste-in-izgrede\/"},"modified":"2016-09-21T13:25:00","modified_gmt":"2016-09-21T11:25:00","slug":"smrt-se-enega-temnopoltega-americana-sprozila-proteste-in-izgrede","status":"publish","type":"post","link":"https:\/\/hudo.com\/si\/aktualno\/smrt-se-enega-temnopoltega-americana-sprozila-proteste-in-izgrede\/","title":{"rendered":"Smrt \u0161e enega temnopoltega Ameri\u010dana spro\u017eila proteste in izgrede"},"content":{"rendered":"<p>Kategorija: Globalno Wed, 21 Sep 2016 15:25:00 +0200  Charlotte &#8211; Keith Lemont Scott je postal zadnja temnopolta \u017ertev ameri\u0161ke policije, za katerega so mnogi prepri\u010dani, da je bil ubita zgolj zaradi barve polti. V torek pono\u010di je 43-letnega Lemont Scotta v kraju Charlotte v Severni Karolini ustrelil policist, potem ko so ga pomotoma zamenjali za osumljenca s policijskega seznama iskanih oseb. Kmalu zatem, ko so iz bolni\u0161nice sporo\u010dili, da je umrl, so sosesko zavzeli protestniki. Mirni protesti proti rasnemu policijskem nasilju, na katerih so odmevala \u017ee znana gesla \u00bbtemnopolta \u017eivljenja \u0161tejejo\u00ab in \u00bbbrez pravice ni miru\u00ab, so se po nekaj urah sprevrgli v izgrede. Policija je proti izgrednikom uporabila solzivec, ranjenih je bilo 12 policistov in nekaj protestnikov, poro\u010da francoska tiskovna agencija AFP. Na muhi najve\u010dkrat temnopolti \u00bbSkupnost si zaslu\u017ei odgovore, stekla bo polna preiskava,\u00ab je sporo\u010dila \u017eupanja Jennifer Robert, ki\u00a0&#8230;<\/p>\n","protected":false},"excerpt":{"rendered":"<p>Kategorija: Globalno Wed, 21 Sep 2016 15:25:00 +0200  Charlotte &#8211; Keith Lemont Scott je postal zadnja temnopolta \u017ertev ameri\u0161ke policije, za katerega so mnogi prepri\u010dani, da je bil ubita zgolj zaradi barve polti. V torek pono\u010di je 43-letnega Lemont Scotta v kraju Charlotte v Severni Karolini ustrelil policist, potem ko so ga pomotoma zamenjali za osumljenca s policijskega seznama iskanih oseb. Kmalu zatem, ko so iz bolni\u0161nice sporo\u010dili, da je umrl, so sosesko zavzeli protestniki. Mirni protesti proti rasnemu policijskem nasilju, na katerih so odmevala \u017ee znana gesla \u00bbtemnopolta \u017eivljenja \u0161tejejo\u00ab in \u00bbbrez pravice ni miru\u00ab, so se po nekaj urah sprevrgli v izgrede. Policija je proti izgrednikom uporabila solzivec, ranjenih je bilo 12 policistov in nekaj protestnikov, poro\u010da francoska tiskovna agencija AFP. Na muhi najve\u010dkrat temnopolti \u00bbSkupnost si zaslu\u017ei odgovore, stekla bo polna preiskava,\u00ab je sporo\u010dila \u017eupanja Jennifer Robert, ki\u00a0&#8230;<\/p>\n","protected":false},"author":1,"featured_media":0,"comment_status":"closed","ping_status":"closed","sticky":false,"template":"","format":"standard","meta":{"footnotes":""},"categories":[1179],"tags":[],"source":[1703],"supertag":[],"acf":[],"yoast_head":"<!-- This site is optimized with the Yoast SEO plugin v21.3 - https:\/\/yoast.com\/wordpress\/plugins\/seo\/ -->\n<title>Smrt \u0161e enega temnopoltega Ameri\u010dana spro\u017eila proteste in izgrede - Hudo Slovenija<\/title>\n<meta name=\"robots\" content=\"index, follow, max-snippet:-1, max-image-preview:large, max-video-preview:-1\" \/>\n<link rel=\"canonical\" href=\"https:\/\/hudo.com\/si\/aktualno\/smrt-se-enega-temnopoltega-americana-sprozila-proteste-in-izgrede\/\" \/>\n<meta property=\"og:locale\" content=\"sl_SI\" \/>\n<meta property=\"og:type\" content=\"article\" \/>\n<meta property=\"og:title\" content=\"Smrt \u0161e enega temnopoltega Ameri\u010dana spro\u017eila proteste in izgrede - Hudo Slovenija\" \/>\n<meta property=\"og:description\" content=\"Kategorija: Globalno Wed, 21 Sep 2016 15:25:00 +0200 Charlotte - Keith Lemont Scott je postal zadnja temnopolta \u017ertev ameri\u0161ke policije, za katerega so mnogi prepri\u010dani, da je bil ubita zgolj zaradi barve polti. V torek pono\u010di je 43-letnega Lemont Scotta v kraju Charlotte v Severni Karolini ustrelil policist, potem ko so ga pomotoma zamenjali za osumljenca s policijskega seznama iskanih oseb. Kmalu zatem, ko so iz bolni\u0161nice sporo\u010dili, da je umrl, so sosesko zavzeli protestniki. Mirni protesti proti rasnemu policijskem nasilju, na katerih so odmevala \u017ee znana gesla \u00bbtemnopolta \u017eivljenja \u0161tejejo\u00ab in \u00bbbrez pravice ni miru\u00ab, so se po nekaj urah sprevrgli v izgrede. Policija je proti izgrednikom uporabila solzivec, ranjenih je bilo 12 policistov in nekaj protestnikov, poro\u010da francoska tiskovna agencija AFP. Na muhi najve\u010dkrat temnopolti \u00bbSkupnost si zaslu\u017ei odgovore, stekla bo polna preiskava,\u00ab je sporo\u010dila \u017eupanja Jennifer Robert, ki\u00a0...\" \/>\n<meta property=\"og:url\" content=\"https:\/\/hudo.com\/si\/aktualno\/smrt-se-enega-temnopoltega-americana-sprozila-proteste-in-izgrede\/\" \/>\n<meta property=\"og:site_name\" content=\"Hudo Slovenija\" \/>\n<meta property=\"article:publisher\" content=\"https:\/\/www.facebook.com\/hudo.si\" \/>\n<meta property=\"article:published_time\" content=\"2016-09-21T11:25:00+00:00\" \/>\n<meta property=\"og:image\" content=\"https:\/\/hudo.com\/si\/wp-content\/uploads\/sites\/2\/2016\/09\/480x290_Reuters_Pictures-20160921075209-48589700.jpeg\" \/>\n\t<meta property=\"og:image:width\" content=\"480\" \/>\n\t<meta property=\"og:image:height\" content=\"290\" \/>\n\t<meta property=\"og:image:type\" content=\"image\/jpeg\" \/>\n<meta name=\"author\" content=\"hudo\" \/>\n<meta name=\"twitter:card\" content=\"summary_large_image\" \/>\n<meta name=\"twitter:creator\" content=\"@hudo_si\" \/>\n<meta name=\"twitter:site\" content=\"@hudo_si\" \/>\n<meta name=\"twitter:label1\" content=\"Written by\" \/>\n\t<meta name=\"twitter:data1\" content=\"hudo\" \/>\n\t<meta name=\"twitter:label2\" content=\"Est. reading time\" \/>\n\t<meta name=\"twitter:data2\" content=\"1 minuta\" \/>\n<script type=\"application\/ld+json\" class=\"yoast-schema-graph\">{\"@context\":\"https:\/\/schema.org\",\"@graph\":[{\"@type\":\"Article\",\"@id\":\"https:\/\/hudo.com\/si\/aktualno\/smrt-se-enega-temnopoltega-americana-sprozila-proteste-in-izgrede\/#article\",\"isPartOf\":{\"@id\":\"https:\/\/hudo.com\/si\/aktualno\/smrt-se-enega-temnopoltega-americana-sprozila-proteste-in-izgrede\/\"},\"author\":{\"name\":\"hudo\",\"@id\":\"https:\/\/hudo.com\/si\/#\/schema\/person\/601cf3379633985b20f7e50f2bb47707\"},\"headline\":\"Smrt \u0161e enega temnopoltega Ameri\u010dana spro\u017eila proteste in izgrede\",\"datePublished\":\"2016-09-21T11:25:00+00:00\",\"dateModified\":\"2016-09-21T11:25:00+00:00\",\"mainEntityOfPage\":{\"@id\":\"https:\/\/hudo.com\/si\/aktualno\/smrt-se-enega-temnopoltega-americana-sprozila-proteste-in-izgrede\/\"},\"wordCount\":156,\"publisher\":{\"@id\":\"https:\/\/hudo.com\/si\/#organization\"},\"articleSection\":[\"Aktualno\"],\"inLanguage\":\"sl-SI\"},{\"@type\":\"WebPage\",\"@id\":\"https:\/\/hudo.com\/si\/aktualno\/smrt-se-enega-temnopoltega-americana-sprozila-proteste-in-izgrede\/\",\"url\":\"https:\/\/hudo.com\/si\/aktualno\/smrt-se-enega-temnopoltega-americana-sprozila-proteste-in-izgrede\/\",\"name\":\"Smrt \u0161e enega temnopoltega Ameri\u010dana spro\u017eila proteste in izgrede - Hudo Slovenija\",\"isPartOf\":{\"@id\":\"https:\/\/hudo.com\/si\/#website\"},\"datePublished\":\"2016-09-21T11:25:00+00:00\",\"dateModified\":\"2016-09-21T11:25:00+00:00\",\"breadcrumb\":{\"@id\":\"https:\/\/hudo.com\/si\/aktualno\/smrt-se-enega-temnopoltega-americana-sprozila-proteste-in-izgrede\/#breadcrumb\"},\"inLanguage\":\"sl-SI\",\"potentialAction\":[{\"@type\":\"ReadAction\",\"target\":[\"https:\/\/hudo.com\/si\/aktualno\/smrt-se-enega-temnopoltega-americana-sprozila-proteste-in-izgrede\/\"]}]},{\"@type\":\"BreadcrumbList\",\"@id\":\"https:\/\/hudo.com\/si\/aktualno\/smrt-se-enega-temnopoltega-americana-sprozila-proteste-in-izgrede\/#breadcrumb\",\"itemListElement\":[{\"@type\":\"ListItem\",\"position\":1,\"name\":\"Home\",\"item\":\"https:\/\/hudo.com\/si\/\"},{\"@type\":\"ListItem\",\"position\":2,\"name\":\"Smrt \u0161e enega temnopoltega Ameri\u010dana spro\u017eila proteste in izgrede\"}]},{\"@type\":\"WebSite\",\"@id\":\"https:\/\/hudo.com\/si\/#website\",\"url\":\"https:\/\/hudo.com\/si\/\",\"name\":\"Hudo Slovenija\",\"description\":\"Vse novice iz Slovenije in sveta\",\"publisher\":{\"@id\":\"https:\/\/hudo.com\/si\/#organization\"},\"potentialAction\":[{\"@type\":\"SearchAction\",\"target\":{\"@type\":\"EntryPoint\",\"urlTemplate\":\"https:\/\/hudo.com\/si\/?s={search_term_string}\"},\"query-input\":\"required name=search_term_string\"}],\"inLanguage\":\"sl-SI\"},{\"@type\":\"Organization\",\"@id\":\"https:\/\/hudo.com\/si\/#organization\",\"name\":\"VSN Media\",\"url\":\"https:\/\/hudo.com\/si\/\",\"logo\":{\"@type\":\"ImageObject\",\"inLanguage\":\"sl-SI\",\"@id\":\"https:\/\/hudo.com\/si\/#\/schema\/logo\/image\/\",\"url\":\"https:\/\/hudo.com\/si\/wp-content\/uploads\/sites\/2\/2021\/03\/hudo-app-2.png\",\"contentUrl\":\"https:\/\/hudo.com\/si\/wp-content\/uploads\/sites\/2\/2021\/03\/hudo-app-2.png\",\"width\":2185,\"height\":2167,\"caption\":\"VSN Media\"},\"image\":{\"@id\":\"https:\/\/hudo.com\/si\/#\/schema\/logo\/image\/\"},\"sameAs\":[\"https:\/\/www.facebook.com\/hudo.si\",\"https:\/\/twitter.com\/hudo_si\"]},{\"@type\":\"Person\",\"@id\":\"https:\/\/hudo.com\/si\/#\/schema\/person\/601cf3379633985b20f7e50f2bb47707\",\"name\":\"hudo\",\"image\":{\"@type\":\"ImageObject\",\"inLanguage\":\"sl-SI\",\"@id\":\"https:\/\/hudo.com\/si\/#\/schema\/person\/image\/\",\"url\":\"https:\/\/secure.gravatar.com\/avatar\/c4ca25fa72cace7a696b52ff5db9e095?s=96&d=mm&r=g\",\"contentUrl\":\"https:\/\/secure.gravatar.com\/avatar\/c4ca25fa72cace7a696b52ff5db9e095?s=96&d=mm&r=g\",\"caption\":\"hudo\"},\"url\":\"https:\/\/hudo.com\/si\/author\/hudo\/\"}]}<\/script>\n<!-- \/ Yoast SEO plugin. -->","yoast_head_json":{"title":"Smrt \u0161e enega temnopoltega Ameri\u010dana spro\u017eila proteste in izgrede - Hudo Slovenija","robots":{"index":"index","follow":"follow","max-snippet":"max-snippet:-1","max-image-preview":"max-image-preview:large","max-video-preview":"max-video-preview:-1"},"canonical":"https:\/\/hudo.com\/si\/aktualno\/smrt-se-enega-temnopoltega-americana-sprozila-proteste-in-izgrede\/","og_locale":"sl_SI","og_type":"article","og_title":"Smrt \u0161e enega temnopoltega Ameri\u010dana spro\u017eila proteste in izgrede - Hudo Slovenija","og_description":"Kategorija: Globalno Wed, 21 Sep 2016 15:25:00 +0200 Charlotte - Keith Lemont Scott je postal zadnja temnopolta \u017ertev ameri\u0161ke policije, za katerega so mnogi prepri\u010dani, da je bil ubita zgolj zaradi barve polti. V torek pono\u010di je 43-letnega Lemont Scotta v kraju Charlotte v Severni Karolini ustrelil policist, potem ko so ga pomotoma zamenjali za osumljenca s policijskega seznama iskanih oseb. Kmalu zatem, ko so iz bolni\u0161nice sporo\u010dili, da je umrl, so sosesko zavzeli protestniki. Mirni protesti proti rasnemu policijskem nasilju, na katerih so odmevala \u017ee znana gesla \u00bbtemnopolta \u017eivljenja \u0161tejejo\u00ab in \u00bbbrez pravice ni miru\u00ab, so se po nekaj urah sprevrgli v izgrede. Policija je proti izgrednikom uporabila solzivec, ranjenih je bilo 12 policistov in nekaj protestnikov, poro\u010da francoska tiskovna agencija AFP. Na muhi najve\u010dkrat temnopolti \u00bbSkupnost si zaslu\u017ei odgovore, stekla bo polna preiskava,\u00ab je sporo\u010dila \u017eupanja Jennifer Robert, ki\u00a0...","og_url":"https:\/\/hudo.com\/si\/aktualno\/smrt-se-enega-temnopoltega-americana-sprozila-proteste-in-izgrede\/","og_site_name":"Hudo Slovenija","article_publisher":"https:\/\/www.facebook.com\/hudo.si","article_published_time":"2016-09-21T11:25:00+00:00","og_image":[{"width":480,"height":290,"url":"https:\/\/hudo.com\/si\/wp-content\/uploads\/sites\/2\/2016\/09\/480x290_Reuters_Pictures-20160921075209-48589700.jpeg","type":"image\/jpeg"}],"author":"hudo","twitter_card":"summary_large_image","twitter_creator":"@hudo_si","twitter_site":"@hudo_si","twitter_misc":{"Written by":"hudo","Est. reading time":"1 minuta"},"schema":{"@context":"https:\/\/schema.org","@graph":[{"@type":"Article","@id":"https:\/\/hudo.com\/si\/aktualno\/smrt-se-enega-temnopoltega-americana-sprozila-proteste-in-izgrede\/#article","isPartOf":{"@id":"https:\/\/hudo.com\/si\/aktualno\/smrt-se-enega-temnopoltega-americana-sprozila-proteste-in-izgrede\/"},"author":{"name":"hudo","@id":"https:\/\/hudo.com\/si\/#\/schema\/person\/601cf3379633985b20f7e50f2bb47707"},"headline":"Smrt \u0161e enega temnopoltega Ameri\u010dana spro\u017eila proteste in izgrede","datePublished":"2016-09-21T11:25:00+00:00","dateModified":"2016-09-21T11:25:00+00:00","mainEntityOfPage":{"@id":"https:\/\/hudo.com\/si\/aktualno\/smrt-se-enega-temnopoltega-americana-sprozila-proteste-in-izgrede\/"},"wordCount":156,"publisher":{"@id":"https:\/\/hudo.com\/si\/#organization"},"articleSection":["Aktualno"],"inLanguage":"sl-SI"},{"@type":"WebPage","@id":"https:\/\/hudo.com\/si\/aktualno\/smrt-se-enega-temnopoltega-americana-sprozila-proteste-in-izgrede\/","url":"https:\/\/hudo.com\/si\/aktualno\/smrt-se-enega-temnopoltega-americana-sprozila-proteste-in-izgrede\/","name":"Smrt \u0161e enega temnopoltega Ameri\u010dana spro\u017eila proteste in izgrede - Hudo Slovenija","isPartOf":{"@id":"https:\/\/hudo.com\/si\/#website"},"datePublished":"2016-09-21T11:25:00+00:00","dateModified":"2016-09-21T11:25:00+00:00","breadcrumb":{"@id":"https:\/\/hudo.com\/si\/aktualno\/smrt-se-enega-temnopoltega-americana-sprozila-proteste-in-izgrede\/#breadcrumb"},"inLanguage":"sl-SI","potentialAction":[{"@type":"ReadAction","target":["https:\/\/hudo.com\/si\/aktualno\/smrt-se-enega-temnopoltega-americana-sprozila-proteste-in-izgrede\/"]}]},{"@type":"BreadcrumbList","@id":"https:\/\/hudo.com\/si\/aktualno\/smrt-se-enega-temnopoltega-americana-sprozila-proteste-in-izgrede\/#breadcrumb","itemListElement":[{"@type":"ListItem","position":1,"name":"Home","item":"https:\/\/hudo.com\/si\/"},{"@type":"ListItem","position":2,"name":"Smrt \u0161e enega temnopoltega Ameri\u010dana spro\u017eila proteste in izgrede"}]},{"@type":"WebSite","@id":"https:\/\/hudo.com\/si\/#website","url":"https:\/\/hudo.com\/si\/","name":"Hudo Slovenija","description":"Vse novice iz Slovenije in sveta","publisher":{"@id":"https:\/\/hudo.com\/si\/#organization"},"potentialAction":[{"@type":"SearchAction","target":{"@type":"EntryPoint","urlTemplate":"https:\/\/hudo.com\/si\/?s={search_term_string}"},"query-input":"required name=search_term_string"}],"inLanguage":"sl-SI"},{"@type":"Organization","@id":"https:\/\/hudo.com\/si\/#organization","name":"VSN Media","url":"https:\/\/hudo.com\/si\/","logo":{"@type":"ImageObject","inLanguage":"sl-SI","@id":"https:\/\/hudo.com\/si\/#\/schema\/logo\/image\/","url":"https:\/\/hudo.com\/si\/wp-content\/uploads\/sites\/2\/2021\/03\/hudo-app-2.png","contentUrl":"https:\/\/hudo.com\/si\/wp-content\/uploads\/sites\/2\/2021\/03\/hudo-app-2.png","width":2185,"height":2167,"caption":"VSN Media"},"image":{"@id":"https:\/\/hudo.com\/si\/#\/schema\/logo\/image\/"},"sameAs":["https:\/\/www.facebook.com\/hudo.si","https:\/\/twitter.com\/hudo_si"]},{"@type":"Person","@id":"https:\/\/hudo.com\/si\/#\/schema\/person\/601cf3379633985b20f7e50f2bb47707","name":"hudo","image":{"@type":"ImageObject","inLanguage":"sl-SI","@id":"https:\/\/hudo.com\/si\/#\/schema\/person\/image\/","url":"https:\/\/secure.gravatar.com\/avatar\/c4ca25fa72cace7a696b52ff5db9e095?s=96&d=mm&r=g","contentUrl":"https:\/\/secure.gravatar.com\/avatar\/c4ca25fa72cace7a696b52ff5db9e095?s=96&d=mm&r=g","caption":"hudo"},"url":"https:\/\/hudo.com\/si\/author\/hudo\/"}]}},"amp_enabled":true,"_links":{"self":[{"href":"https:\/\/hudo.com\/si\/wp-json\/wp\/v2\/posts\/137450"}],"collection":[{"href":"https:\/\/hudo.com\/si\/wp-json\/wp\/v2\/posts"}],"about":[{"href":"https:\/\/hudo.com\/si\/wp-json\/wp\/v2\/types\/post"}],"author":[{"embeddable":true,"href":"https:\/\/hudo.com\/si\/wp-json\/wp\/v2\/users\/1"}],"replies":[{"embeddable":true,"href":"https:\/\/hudo.com\/si\/wp-json\/wp\/v2\/comments?post=137450"}],"version-history":[{"count":0,"href":"https:\/\/hudo.com\/si\/wp-json\/wp\/v2\/posts\/137450\/revisions"}],"wp:attachment":[{"href":"https:\/\/hudo.com\/si\/wp-json\/wp\/v2\/media?parent=137450"}],"wp:term":[{"taxonomy":"category","embeddable":true,"href":"https:\/\/hudo.com\/si\/wp-json\/wp\/v2\/categories?post=137450"},{"taxonomy":"post_tag","embeddable":true,"href":"https:\/\/hudo.com\/si\/wp-json\/wp\/v2\/tags?post=137450"},{"taxonomy":"source","embeddable":true,"href":"https:\/\/hudo.com\/si\/wp-json\/wp\/v2\/source?post=137450"},{"taxonomy":"supertag","embeddable":true,"href":"https:\/\/hudo.com\/si\/wp-json\/wp\/v2\/supertag?post=137450"}],"curies":[{"name":"wp","href":"https:\/\/api.w.org\/{rel}","templated":true}]}}